{"id":10387,"date":"2022-06-22T11:33:49","date_gmt":"2022-06-22T11:33:49","guid":{"rendered":"https:\/\/www.africa-press.net\/angola\/all-news\/guialo-reinforces-first-line-of-rapid-bucuresti"},"modified":"2022-06-22T12:46:58","modified_gmt":"2022-06-22T12:46:58","slug":"guialo-reinforces-first-line-of-rapid-bucuresti","status":"publish","type":"post","link":"https:\/\/www.africa-press.net\/angola\/all-news\/guialo-reinforces-first-line-of-rapid-bucuresti","title":{"rendered":"Guialo reinforces first line of Rapid Bucuresti"},"content":{"rendered":"<p><span style=\"color: #ff6600\"><strong>Africa-Press &#8211; Angola. <\/strong><\/span><b>Isabel Guialo \u201cBelinha\u201d, Angolan international, 32 years old, 1.71 meters, 71 kg, signed for Rapid Bucuresti of Romania, a contract valid for one season, after passing through CJF Fleury Loiret, in the 2020\/2021 season.<br \/>\n<\/b><br \/>\nThe center of 1\u00ba de Agosto and the National Team heads to Romania after the National Championship dispute, which Hu\u00edla hosts next month.<\/p>\n<p>Guialo defends that playing in Romania is yet another challenge that he embraces with boldness.<\/p>\n<p>&#8220;Like the others, in this new endeavor, I enter with the same determination. I will always give my best and I&#8217;m super happy, because for the first time I&#8217;m going to play in the Champions League of Europe&#8221;, underlined the player whose presentation in Rapid is scheduled for July 25th.<\/p>\n<p>Reaching other levels in the competitive chapter, winning individual and collective awards and helping the new team to obtain the best results in the different competitions are the player&#8217;s ambitions.<\/p>\n<p>Belinha adds his fourth experience abroad, after spells at Atl\u00e9tico Guardes in Spain in 2015, Kisv\u00e1rdia K\u00e9zilabda in Hungary (2018) and CJF Fleury Loiret in France in 2020.<\/p>\n<p>Isabel Guialo was named the most valuable player (MVP) of the last African Cup of Nations (CAN). The curriculum includes other achievements, highlighting the best scorer in Angola at the 2019 World Cup and best center at the CAN 2018.<\/p>\n<p>Albertina Kassoma, center, is another Angolan international who also played in the Romanian championship, like center Rome Hebo, at Dinamo Bucharest and center Gabriel Teca, at CS Minaur Baia Mare Handball in Romania.<\/p>\n<p><strong>For More News And Analysis About <a href=\"https:\/\/www.africa-press.net\/angola\">Angola<\/a> Follow <a href=\"https:\/\/www.africa-press.net\/\">Africa-Press<\/a><\/strong><\/p>\n","protected":false},"excerpt":{"rendered":"<p>Africa-Press &#8211; Angola. Isabel Guialo \u201cBelinha\u201d, Angolan international, 32 years old, 1.71 meters, 71 kg, signed for Rapid Bucuresti of Romania, a contract valid for one season, after passing through CJF Fleury Loiret, in the 2020\/2021 season. The center of 1\u00ba de Agosto and the National Team heads to Romania after the National Championship dispute, [&hellip;]<\/p>\n","protected":false},"author":84,"featured_media":10386,"comment_status":"open","ping_status":"open","sticky":false,"template":"","format":"standard","meta":{"footnotes":""},"categories":[2,8,17,16],"tags":[233,337,329],"class_list":["post-10387","post","type-post","status-publish","format-standard","has-post-thumbnail","hentry","category-all-news","category-homepage-english","category-sport","category-twitter","tag-africa-press","tag-africa-press-angola","tag-angola"],"yoast_head":"<!-- This site is optimized with the Yoast SEO Premium plugin v26.1 (Yoast SEO v27.0) - https:\/\/yoast.com\/product\/yoast-seo-premium-wordpress\/ -->\n<title>Guialo reinforces first line of Rapid Bucuresti - Angola<\/title>\n<meta name=\"description\" content=\"Isabel Guialo \u201cBelinha\u201d, Angolan international, 32 years old, 1.71 meters, 71 kg, signed for Rapid Bucuresti of Roman ...\" \/>\n<meta name=\"robots\" content=\"index, follow, max-snippet:-1, max-image-preview:large, max-video-preview:-1\" \/>\n<link rel=\"canonical\" href=\"https:\/\/www.africa-press.net\/angola\/all-news\/guialo-reinforces-first-line-of-rapid-bucuresti\" \/>\n<meta property=\"og:locale\" content=\"en_US\" \/>\n<meta property=\"og:type\" content=\"article\" \/>\n<meta property=\"og:title\" content=\"Guialo reinforces first line of Rapid Bucuresti\" \/>\n<meta property=\"og:description\" content=\"Isabel Guialo \u201cBelinha\u201d, Angolan international, 32 years old, 1.71 meters, 71 kg, signed for Rapid Bucuresti of Roman ...\" \/>\n<meta property=\"og:url\" content=\"https:\/\/www.africa-press.net\/angola\/all-news\/guialo-reinforces-first-line-of-rapid-bucuresti\" \/>\n<meta property=\"og:site_name\" content=\"Angola\" \/>\n<meta property=\"article:publisher\" content=\"https:\/\/www.facebook.com\/AfricaPressTunisiaa\" \/>\n<meta property=\"article:published_time\" content=\"2022-06-22T11:33:49+00:00\" \/>\n<meta property=\"article:modified_time\" content=\"2022-06-22T12:46:58+00:00\" \/>\n<meta property=\"og:image\" content=\"https:\/\/static.africa-press.net\/angola\/sites\/65\/2022\/06\/postQueueImg_37-62b30f10b5151.jpg\" \/>\n\t<meta property=\"og:image:width\" content=\"620\" \/>\n\t<meta property=\"og:image:height\" content=\"355\" \/>\n\t<meta property=\"og:image:type\" content=\"image\/jpeg\" \/>\n<meta name=\"author\" content=\"cfeditoren\" \/>\n<meta name=\"twitter:card\" content=\"summary_large_image\" \/>\n<meta name=\"twitter:label1\" content=\"Written by\" \/>\n\t<meta name=\"twitter:data1\" content=\"cfeditoren\" \/>\n\t<meta name=\"twitter:label2\" content=\"Est. reading time\" \/>\n\t<meta name=\"twitter:data2\" content=\"1 minute\" \/>\n<script type=\"application\/ld+json\" class=\"yoast-schema-graph\">{\"@context\":\"https:\/\/schema.org\",\"@graph\":[{\"@type\":\"Article\",\"@id\":\"https:\/\/www.africa-press.net\/angola\/all-news\/guialo-reinforces-first-line-of-rapid-bucuresti#article\",\"isPartOf\":{\"@id\":\"https:\/\/www.africa-press.net\/angola\/all-news\/guialo-reinforces-first-line-of-rapid-bucuresti\"},\"author\":{\"name\":\"cfeditoren\",\"@id\":\"https:\/\/www.africa-press.net\/angola\/#\/schema\/person\/068c7ab4e9634ae78ec5d54ec46598bb\"},\"headline\":\"Guialo reinforces first line of Rapid Bucuresti\",\"datePublished\":\"2022-06-22T11:33:49+00:00\",\"dateModified\":\"2022-06-22T12:46:58+00:00\",\"mainEntityOfPage\":{\"@id\":\"https:\/\/www.africa-press.net\/angola\/all-news\/guialo-reinforces-first-line-of-rapid-bucuresti\"},\"wordCount\":269,\"commentCount\":0,\"image\":{\"@id\":\"https:\/\/www.africa-press.net\/angola\/all-news\/guialo-reinforces-first-line-of-rapid-bucuresti#primaryimage\"},\"thumbnailUrl\":\"https:\/\/static.africa-press.net\/angola\/sites\/65\/2022\/06\/postQueueImg_37-62b30f10b5151.jpg\",\"keywords\":[\"Africa Press\",\"Africa Press-Angola\",\"Angola\"],\"articleSection\":[\"all news\",\"homepage-english\",\"sport\",\"twitter\"],\"inLanguage\":\"en-US\",\"potentialAction\":[{\"@type\":\"CommentAction\",\"name\":\"Comment\",\"target\":[\"https:\/\/www.africa-press.net\/angola\/all-news\/guialo-reinforces-first-line-of-rapid-bucuresti#respond\"]}]},{\"@type\":\"WebPage\",\"@id\":\"https:\/\/www.africa-press.net\/angola\/all-news\/guialo-reinforces-first-line-of-rapid-bucuresti\",\"url\":\"https:\/\/www.africa-press.net\/angola\/all-news\/guialo-reinforces-first-line-of-rapid-bucuresti\",\"name\":\"Guialo reinforces first line of Rapid Bucuresti - Angola\",\"isPartOf\":{\"@id\":\"https:\/\/www.africa-press.net\/angola\/#website\"},\"primaryImageOfPage\":{\"@id\":\"https:\/\/www.africa-press.net\/angola\/all-news\/guialo-reinforces-first-line-of-rapid-bucuresti#primaryimage\"},\"image\":{\"@id\":\"https:\/\/www.africa-press.net\/angola\/all-news\/guialo-reinforces-first-line-of-rapid-bucuresti#primaryimage\"},\"thumbnailUrl\":\"https:\/\/static.africa-press.net\/angola\/sites\/65\/2022\/06\/postQueueImg_37-62b30f10b5151.jpg\",\"datePublished\":\"2022-06-22T11:33:49+00:00\",\"dateModified\":\"2022-06-22T12:46:58+00:00\",\"author\":{\"@id\":\"https:\/\/www.africa-press.net\/angola\/#\/schema\/person\/068c7ab4e9634ae78ec5d54ec46598bb\"},\"description\":\"Isabel Guialo \u201cBelinha\u201d, Angolan international, 32 years old, 1.71 meters, 71 kg, signed for Rapid Bucuresti of Roman ...\",\"breadcrumb\":{\"@id\":\"https:\/\/www.africa-press.net\/angola\/all-news\/guialo-reinforces-first-line-of-rapid-bucuresti#breadcrumb\"},\"inLanguage\":\"en-US\",\"potentialAction\":[{\"@type\":\"ReadAction\",\"target\":[\"https:\/\/www.africa-press.net\/angola\/all-news\/guialo-reinforces-first-line-of-rapid-bucuresti\"]}]},{\"@type\":\"ImageObject\",\"inLanguage\":\"en-US\",\"@id\":\"https:\/\/www.africa-press.net\/angola\/all-news\/guialo-reinforces-first-line-of-rapid-bucuresti#primaryimage\",\"url\":\"https:\/\/static.africa-press.net\/angola\/sites\/65\/2022\/06\/postQueueImg_37-62b30f10b5151.jpg\",\"contentUrl\":\"https:\/\/static.africa-press.net\/angola\/sites\/65\/2022\/06\/postQueueImg_37-62b30f10b5151.jpg\",\"width\":620,\"height\":355,\"caption\":\"Guialo reinforces first line of Rapid Bucuresti\"},{\"@type\":\"BreadcrumbList\",\"@id\":\"https:\/\/www.africa-press.net\/angola\/all-news\/guialo-reinforces-first-line-of-rapid-bucuresti#breadcrumb\",\"itemListElement\":[{\"@type\":\"ListItem\",\"position\":1,\"name\":\"Home\",\"item\":\"https:\/\/www.africa-press.net\/angola\/\"},{\"@type\":\"ListItem\",\"position\":2,\"name\":\"Guialo reinforces first line of Rapid Bucuresti\"}]},{\"@type\":\"WebSite\",\"@id\":\"https:\/\/www.africa-press.net\/angola\/#website\",\"url\":\"https:\/\/www.africa-press.net\/angola\/\",\"name\":\"Angola\",\"description\":\"Just another Africa News Agency Sites site\",\"potentialAction\":[{\"@type\":\"SearchAction\",\"target\":{\"@type\":\"EntryPoint\",\"urlTemplate\":\"https:\/\/www.africa-press.net\/angola\/?s={search_term_string}\"},\"query-input\":{\"@type\":\"PropertyValueSpecification\",\"valueRequired\":true,\"valueName\":\"search_term_string\"}}],\"inLanguage\":\"en-US\"},{\"@type\":\"Person\",\"@id\":\"https:\/\/www.africa-press.net\/angola\/#\/schema\/person\/068c7ab4e9634ae78ec5d54ec46598bb\",\"name\":\"cfeditoren\",\"image\":{\"@type\":\"ImageObject\",\"inLanguage\":\"en-US\",\"@id\":\"https:\/\/www.africa-press.net\/angola\/#\/schema\/person\/image\/\",\"url\":\"https:\/\/secure.gravatar.com\/avatar\/7417380fa9e23b5c57fdbfdaf3fdf92ee478f759a084addda5faa3732853e74a?s=96&d=mm&r=g\",\"contentUrl\":\"https:\/\/secure.gravatar.com\/avatar\/7417380fa9e23b5c57fdbfdaf3fdf92ee478f759a084addda5faa3732853e74a?s=96&d=mm&r=g\",\"caption\":\"cfeditoren\"}}]}<\/script>\n<!-- \/ Yoast SEO Premium plugin. -->","yoast_head_json":{"title":"Guialo reinforces first line of Rapid Bucuresti - Angola","description":"Isabel Guialo \u201cBelinha\u201d, Angolan international, 32 years old, 1.71 meters, 71 kg, signed for Rapid Bucuresti of Roman ...","robots":{"index":"index","follow":"follow","max-snippet":"max-snippet:-1","max-image-preview":"max-image-preview:large","max-video-preview":"max-video-preview:-1"},"canonical":"https:\/\/www.africa-press.net\/angola\/all-news\/guialo-reinforces-first-line-of-rapid-bucuresti","og_locale":"en_US","og_type":"article","og_title":"Guialo reinforces first line of Rapid Bucuresti","og_description":"Isabel Guialo \u201cBelinha\u201d, Angolan international, 32 years old, 1.71 meters, 71 kg, signed for Rapid Bucuresti of Roman ...","og_url":"https:\/\/www.africa-press.net\/angola\/all-news\/guialo-reinforces-first-line-of-rapid-bucuresti","og_site_name":"Angola","article_publisher":"https:\/\/www.facebook.com\/AfricaPressTunisiaa","article_published_time":"2022-06-22T11:33:49+00:00","article_modified_time":"2022-06-22T12:46:58+00:00","og_image":[{"width":620,"height":355,"url":"https:\/\/static.africa-press.net\/angola\/sites\/65\/2022\/06\/postQueueImg_37-62b30f10b5151.jpg","type":"image\/jpeg"}],"author":"cfeditoren","twitter_card":"summary_large_image","twitter_misc":{"Written by":"cfeditoren","Est. reading time":"1 minute"},"schema":{"@context":"https:\/\/schema.org","@graph":[{"@type":"Article","@id":"https:\/\/www.africa-press.net\/angola\/all-news\/guialo-reinforces-first-line-of-rapid-bucuresti#article","isPartOf":{"@id":"https:\/\/www.africa-press.net\/angola\/all-news\/guialo-reinforces-first-line-of-rapid-bucuresti"},"author":{"name":"cfeditoren","@id":"https:\/\/www.africa-press.net\/angola\/#\/schema\/person\/068c7ab4e9634ae78ec5d54ec46598bb"},"headline":"Guialo reinforces first line of Rapid Bucuresti","datePublished":"2022-06-22T11:33:49+00:00","dateModified":"2022-06-22T12:46:58+00:00","mainEntityOfPage":{"@id":"https:\/\/www.africa-press.net\/angola\/all-news\/guialo-reinforces-first-line-of-rapid-bucuresti"},"wordCount":269,"commentCount":0,"image":{"@id":"https:\/\/www.africa-press.net\/angola\/all-news\/guialo-reinforces-first-line-of-rapid-bucuresti#primaryimage"},"thumbnailUrl":"https:\/\/static.africa-press.net\/angola\/sites\/65\/2022\/06\/postQueueImg_37-62b30f10b5151.jpg","keywords":["Africa Press","Africa Press-Angola","Angola"],"articleSection":["all news","homepage-english","sport","twitter"],"inLanguage":"en-US","potentialAction":[{"@type":"CommentAction","name":"Comment","target":["https:\/\/www.africa-press.net\/angola\/all-news\/guialo-reinforces-first-line-of-rapid-bucuresti#respond"]}]},{"@type":"WebPage","@id":"https:\/\/www.africa-press.net\/angola\/all-news\/guialo-reinforces-first-line-of-rapid-bucuresti","url":"https:\/\/www.africa-press.net\/angola\/all-news\/guialo-reinforces-first-line-of-rapid-bucuresti","name":"Guialo reinforces first line of Rapid Bucuresti - Angola","isPartOf":{"@id":"https:\/\/www.africa-press.net\/angola\/#website"},"primaryImageOfPage":{"@id":"https:\/\/www.africa-press.net\/angola\/all-news\/guialo-reinforces-first-line-of-rapid-bucuresti#primaryimage"},"image":{"@id":"https:\/\/www.africa-press.net\/angola\/all-news\/guialo-reinforces-first-line-of-rapid-bucuresti#primaryimage"},"thumbnailUrl":"https:\/\/static.africa-press.net\/angola\/sites\/65\/2022\/06\/postQueueImg_37-62b30f10b5151.jpg","datePublished":"2022-06-22T11:33:49+00:00","dateModified":"2022-06-22T12:46:58+00:00","author":{"@id":"https:\/\/www.africa-press.net\/angola\/#\/schema\/person\/068c7ab4e9634ae78ec5d54ec46598bb"},"description":"Isabel Guialo \u201cBelinha\u201d, Angolan international, 32 years old, 1.71 meters, 71 kg, signed for Rapid Bucuresti of Roman ...","breadcrumb":{"@id":"https:\/\/www.africa-press.net\/angola\/all-news\/guialo-reinforces-first-line-of-rapid-bucuresti#breadcrumb"},"inLanguage":"en-US","potentialAction":[{"@type":"ReadAction","target":["https:\/\/www.africa-press.net\/angola\/all-news\/guialo-reinforces-first-line-of-rapid-bucuresti"]}]},{"@type":"ImageObject","inLanguage":"en-US","@id":"https:\/\/www.africa-press.net\/angola\/all-news\/guialo-reinforces-first-line-of-rapid-bucuresti#primaryimage","url":"https:\/\/static.africa-press.net\/angola\/sites\/65\/2022\/06\/postQueueImg_37-62b30f10b5151.jpg","contentUrl":"https:\/\/static.africa-press.net\/angola\/sites\/65\/2022\/06\/postQueueImg_37-62b30f10b5151.jpg","width":620,"height":355,"caption":"Guialo reinforces first line of Rapid Bucuresti"},{"@type":"BreadcrumbList","@id":"https:\/\/www.africa-press.net\/angola\/all-news\/guialo-reinforces-first-line-of-rapid-bucuresti#breadcrumb","itemListElement":[{"@type":"ListItem","position":1,"name":"Home","item":"https:\/\/www.africa-press.net\/angola\/"},{"@type":"ListItem","position":2,"name":"Guialo reinforces first line of Rapid Bucuresti"}]},{"@type":"WebSite","@id":"https:\/\/www.africa-press.net\/angola\/#website","url":"https:\/\/www.africa-press.net\/angola\/","name":"Angola","description":"Just another Africa News Agency Sites site","potentialAction":[{"@type":"SearchAction","target":{"@type":"EntryPoint","urlTemplate":"https:\/\/www.africa-press.net\/angola\/?s={search_term_string}"},"query-input":{"@type":"PropertyValueSpecification","valueRequired":true,"valueName":"search_term_string"}}],"inLanguage":"en-US"},{"@type":"Person","@id":"https:\/\/www.africa-press.net\/angola\/#\/schema\/person\/068c7ab4e9634ae78ec5d54ec46598bb","name":"cfeditoren","image":{"@type":"ImageObject","inLanguage":"en-US","@id":"https:\/\/www.africa-press.net\/angola\/#\/schema\/person\/image\/","url":"https:\/\/secure.gravatar.com\/avatar\/7417380fa9e23b5c57fdbfdaf3fdf92ee478f759a084addda5faa3732853e74a?s=96&d=mm&r=g","contentUrl":"https:\/\/secure.gravatar.com\/avatar\/7417380fa9e23b5c57fdbfdaf3fdf92ee478f759a084addda5faa3732853e74a?s=96&d=mm&r=g","caption":"cfeditoren"}}]}},"_links":{"self":[{"href":"https:\/\/www.africa-press.net\/angola\/wp-json\/wp\/v2\/posts\/10387","targetHints":{"allow":["GET"]}}],"collection":[{"href":"https:\/\/www.africa-press.net\/angola\/wp-json\/wp\/v2\/posts"}],"about":[{"href":"https:\/\/www.africa-press.net\/angola\/wp-json\/wp\/v2\/types\/post"}],"author":[{"embeddable":true,"href":"https:\/\/www.africa-press.net\/angola\/wp-json\/wp\/v2\/users\/84"}],"replies":[{"embeddable":true,"href":"https:\/\/www.africa-press.net\/angola\/wp-json\/wp\/v2\/comments?post=10387"}],"version-history":[{"count":0,"href":"https:\/\/www.africa-press.net\/angola\/wp-json\/wp\/v2\/posts\/10387\/revisions"}],"wp:featuredmedia":[{"embeddable":true,"href":"https:\/\/www.africa-press.net\/angola\/wp-json\/wp\/v2\/media\/10386"}],"wp:attachment":[{"href":"https:\/\/www.africa-press.net\/angola\/wp-json\/wp\/v2\/media?parent=10387"}],"wp:term":[{"taxonomy":"category","embeddable":true,"href":"https:\/\/www.africa-press.net\/angola\/wp-json\/wp\/v2\/categories?post=10387"},{"taxonomy":"post_tag","embeddable":true,"href":"https:\/\/www.africa-press.net\/angola\/wp-json\/wp\/v2\/tags?post=10387"}],"curies":[{"name":"wp","href":"https:\/\/api.w.org\/{rel}","templated":true}]}}