{"id":13377,"date":"2022-08-08T09:06:38","date_gmt":"2022-08-08T09:06:38","guid":{"rendered":"https:\/\/www.africa-press.net\/angola\/all-news\/pr-expresses-willingness-to-strengthen-relations-with-cote-divoire"},"modified":"2022-08-08T09:17:38","modified_gmt":"2022-08-08T09:17:38","slug":"pr-expresses-willingness-to-strengthen-relations-with-cote-divoire","status":"publish","type":"post","link":"https:\/\/www.africa-press.net\/angola\/all-news\/pr-expresses-willingness-to-strengthen-relations-with-cote-divoire","title":{"rendered":"PR expresses willingness to strengthen relations with C\u00f4te d&#8217;Ivoire"},"content":{"rendered":"<p><span style=\"color: #ff6600\"><strong>Africa-Press &#8211; Angola. <\/strong><\/span><b>The President of the Republic, Jo\u00e3o Louren\u00e7o, yesterday expressed his willingness to continue strengthening the existing friendship and cooperation relations between Angola and C\u00f4te d&#8217;Ivoire, for the well-being of the population of both countries.<\/b><br \/>\nIn a congratulatory note on the celebration of the 62nd anniversary of the Independence of the Republic of C\u00f4te d&#8217;Ivoire, the Angolan Head of State writes that &#8220;on this date of transcendent significance&#8221; for this African country &#8220;I would like to praise the progress achieved in the various domains of social life , economic and political\u201d.<\/p>\n<p>Jo\u00e3o Louren\u00e7o also underlines the &#8220;tireless efforts in the search for stability and national reconciliation among the Ivorians&#8221;, addressing the President of the Republic of C\u00f4te d&#8217;Ivoire, Alassane Dramane Ouattara, &#8220;wishes for good health and prosperity for the people of C\u00f4te d&#8217;Ivoire\u201d.<\/p>\n<p>&#8220;On behalf of the people, the Angolan Executive and myself, I have the honor to congratulate the people, the Government of C\u00f4te d&#8217;Ivoire and Your Excellency, on the celebration of the 62nd anniversary of the Independence of the Republic of C\u00f4te d&#8217;Ivoire&#8221;, writes the Angolan President in the note to the press.<\/p>\n<p><strong>For More News And Analysis About <a href=\"https:\/\/www.africa-press.net\/angola\">Angola<\/a> Follow <a href=\"https:\/\/www.africa-press.net\/\">Africa-Press<\/a><\/strong><\/p>\n","protected":false},"excerpt":{"rendered":"<p>Africa-Press &#8211; Angola. The President of the Republic, Jo\u00e3o Louren\u00e7o, yesterday expressed his willingness to continue strengthening the existing friendship and cooperation relations between Angola and C\u00f4te d&#8217;Ivoire, for the well-being of the population of both countries. In a congratulatory note on the celebration of the 62nd anniversary of the Independence of the Republic of [&hellip;]<\/p>\n","protected":false},"author":84,"featured_media":13376,"comment_status":"open","ping_status":"open","sticky":false,"template":"","format":"standard","meta":{"footnotes":""},"categories":[2,8,12,16],"tags":[233,337,329],"class_list":["post-13377","post","type-post","status-publish","format-standard","has-post-thumbnail","hentry","category-all-news","category-homepage-english","category-policy","category-twitter","tag-africa-press","tag-africa-press-angola","tag-angola"],"yoast_head":"<!-- This site is optimized with the Yoast SEO Premium plugin v26.1 (Yoast SEO v27.0) - https:\/\/yoast.com\/product\/yoast-seo-premium-wordpress\/ -->\n<title>PR expresses willingness to strengthen relations with C\u00f4te d&#039;Ivoire - Angola<\/title>\n<meta name=\"description\" content=\"The President of the Republic, Jo\u00e3o Louren\u00e7o, yesterday expressed his willingness to continue strengthening the exist ...\" \/>\n<meta name=\"robots\" content=\"index, follow, max-snippet:-1, max-image-preview:large, max-video-preview:-1\" \/>\n<link rel=\"canonical\" href=\"https:\/\/www.africa-press.net\/angola\/all-news\/pr-expresses-willingness-to-strengthen-relations-with-cote-divoire\" \/>\n<meta property=\"og:locale\" content=\"en_US\" \/>\n<meta property=\"og:type\" content=\"article\" \/>\n<meta property=\"og:title\" content=\"PR expresses willingness to strengthen relations with C\u00f4te d&#039;Ivoire\" \/>\n<meta property=\"og:description\" content=\"The President of the Republic, Jo\u00e3o Louren\u00e7o, yesterday expressed his willingness to continue strengthening the exist ...\" \/>\n<meta property=\"og:url\" content=\"https:\/\/www.africa-press.net\/angola\/all-news\/pr-expresses-willingness-to-strengthen-relations-with-cote-divoire\" \/>\n<meta property=\"og:site_name\" content=\"Angola\" \/>\n<meta property=\"article:publisher\" content=\"https:\/\/www.facebook.com\/AfricaPressTunisiaa\" \/>\n<meta property=\"article:published_time\" content=\"2022-08-08T09:06:38+00:00\" \/>\n<meta property=\"article:modified_time\" content=\"2022-08-08T09:17:38+00:00\" \/>\n<meta property=\"og:image\" content=\"https:\/\/static.africa-press.net\/angola\/sites\/65\/2022\/08\/postQueueImg_1-62f0d4749de7d.jpg\" \/>\n\t<meta property=\"og:image:width\" content=\"620\" \/>\n\t<meta property=\"og:image:height\" content=\"334\" \/>\n\t<meta property=\"og:image:type\" content=\"image\/jpeg\" \/>\n<meta name=\"author\" content=\"cfeditoren\" \/>\n<meta name=\"twitter:card\" content=\"summary_large_image\" \/>\n<meta name=\"twitter:label1\" content=\"Written by\" \/>\n\t<meta name=\"twitter:data1\" content=\"cfeditoren\" \/>\n\t<meta name=\"twitter:label2\" content=\"Est. reading time\" \/>\n\t<meta name=\"twitter:data2\" content=\"1 minute\" \/>\n<script type=\"application\/ld+json\" class=\"yoast-schema-graph\">{\"@context\":\"https:\/\/schema.org\",\"@graph\":[{\"@type\":\"Article\",\"@id\":\"https:\/\/www.africa-press.net\/angola\/all-news\/pr-expresses-willingness-to-strengthen-relations-with-cote-divoire#article\",\"isPartOf\":{\"@id\":\"https:\/\/www.africa-press.net\/angola\/all-news\/pr-expresses-willingness-to-strengthen-relations-with-cote-divoire\"},\"author\":{\"name\":\"cfeditoren\",\"@id\":\"https:\/\/www.africa-press.net\/angola\/#\/schema\/person\/068c7ab4e9634ae78ec5d54ec46598bb\"},\"headline\":\"PR expresses willingness to strengthen relations with C\u00f4te d&#8217;Ivoire\",\"datePublished\":\"2022-08-08T09:06:38+00:00\",\"dateModified\":\"2022-08-08T09:17:38+00:00\",\"mainEntityOfPage\":{\"@id\":\"https:\/\/www.africa-press.net\/angola\/all-news\/pr-expresses-willingness-to-strengthen-relations-with-cote-divoire\"},\"wordCount\":222,\"commentCount\":0,\"image\":{\"@id\":\"https:\/\/www.africa-press.net\/angola\/all-news\/pr-expresses-willingness-to-strengthen-relations-with-cote-divoire#primaryimage\"},\"thumbnailUrl\":\"https:\/\/static.africa-press.net\/angola\/sites\/65\/2022\/08\/postQueueImg_1-62f0d4749de7d.jpg\",\"keywords\":[\"Africa Press\",\"Africa Press-Angola\",\"Angola\"],\"articleSection\":[\"all news\",\"homepage-english\",\"policy\",\"twitter\"],\"inLanguage\":\"en-US\",\"potentialAction\":[{\"@type\":\"CommentAction\",\"name\":\"Comment\",\"target\":[\"https:\/\/www.africa-press.net\/angola\/all-news\/pr-expresses-willingness-to-strengthen-relations-with-cote-divoire#respond\"]}]},{\"@type\":\"WebPage\",\"@id\":\"https:\/\/www.africa-press.net\/angola\/all-news\/pr-expresses-willingness-to-strengthen-relations-with-cote-divoire\",\"url\":\"https:\/\/www.africa-press.net\/angola\/all-news\/pr-expresses-willingness-to-strengthen-relations-with-cote-divoire\",\"name\":\"PR expresses willingness to strengthen relations with C\u00f4te d'Ivoire - Angola\",\"isPartOf\":{\"@id\":\"https:\/\/www.africa-press.net\/angola\/#website\"},\"primaryImageOfPage\":{\"@id\":\"https:\/\/www.africa-press.net\/angola\/all-news\/pr-expresses-willingness-to-strengthen-relations-with-cote-divoire#primaryimage\"},\"image\":{\"@id\":\"https:\/\/www.africa-press.net\/angola\/all-news\/pr-expresses-willingness-to-strengthen-relations-with-cote-divoire#primaryimage\"},\"thumbnailUrl\":\"https:\/\/static.africa-press.net\/angola\/sites\/65\/2022\/08\/postQueueImg_1-62f0d4749de7d.jpg\",\"datePublished\":\"2022-08-08T09:06:38+00:00\",\"dateModified\":\"2022-08-08T09:17:38+00:00\",\"author\":{\"@id\":\"https:\/\/www.africa-press.net\/angola\/#\/schema\/person\/068c7ab4e9634ae78ec5d54ec46598bb\"},\"description\":\"The President of the Republic, Jo\u00e3o Louren\u00e7o, yesterday expressed his willingness to continue strengthening the exist ...\",\"breadcrumb\":{\"@id\":\"https:\/\/www.africa-press.net\/angola\/all-news\/pr-expresses-willingness-to-strengthen-relations-with-cote-divoire#breadcrumb\"},\"inLanguage\":\"en-US\",\"potentialAction\":[{\"@type\":\"ReadAction\",\"target\":[\"https:\/\/www.africa-press.net\/angola\/all-news\/pr-expresses-willingness-to-strengthen-relations-with-cote-divoire\"]}]},{\"@type\":\"ImageObject\",\"inLanguage\":\"en-US\",\"@id\":\"https:\/\/www.africa-press.net\/angola\/all-news\/pr-expresses-willingness-to-strengthen-relations-with-cote-divoire#primaryimage\",\"url\":\"https:\/\/static.africa-press.net\/angola\/sites\/65\/2022\/08\/postQueueImg_1-62f0d4749de7d.jpg\",\"contentUrl\":\"https:\/\/static.africa-press.net\/angola\/sites\/65\/2022\/08\/postQueueImg_1-62f0d4749de7d.jpg\",\"width\":620,\"height\":334,\"caption\":\"PR expresses willingness to strengthen relations with C\u00f4te d'Ivoire\"},{\"@type\":\"BreadcrumbList\",\"@id\":\"https:\/\/www.africa-press.net\/angola\/all-news\/pr-expresses-willingness-to-strengthen-relations-with-cote-divoire#breadcrumb\",\"itemListElement\":[{\"@type\":\"ListItem\",\"position\":1,\"name\":\"Home\",\"item\":\"https:\/\/www.africa-press.net\/angola\/\"},{\"@type\":\"ListItem\",\"position\":2,\"name\":\"PR expresses willingness to strengthen relations with C\u00f4te d&#8217;Ivoire\"}]},{\"@type\":\"WebSite\",\"@id\":\"https:\/\/www.africa-press.net\/angola\/#website\",\"url\":\"https:\/\/www.africa-press.net\/angola\/\",\"name\":\"Angola\",\"description\":\"Just another Africa News Agency Sites site\",\"potentialAction\":[{\"@type\":\"SearchAction\",\"target\":{\"@type\":\"EntryPoint\",\"urlTemplate\":\"https:\/\/www.africa-press.net\/angola\/?s={search_term_string}\"},\"query-input\":{\"@type\":\"PropertyValueSpecification\",\"valueRequired\":true,\"valueName\":\"search_term_string\"}}],\"inLanguage\":\"en-US\"},{\"@type\":\"Person\",\"@id\":\"https:\/\/www.africa-press.net\/angola\/#\/schema\/person\/068c7ab4e9634ae78ec5d54ec46598bb\",\"name\":\"cfeditoren\",\"image\":{\"@type\":\"ImageObject\",\"inLanguage\":\"en-US\",\"@id\":\"https:\/\/www.africa-press.net\/angola\/#\/schema\/person\/image\/\",\"url\":\"https:\/\/secure.gravatar.com\/avatar\/7417380fa9e23b5c57fdbfdaf3fdf92ee478f759a084addda5faa3732853e74a?s=96&d=mm&r=g\",\"contentUrl\":\"https:\/\/secure.gravatar.com\/avatar\/7417380fa9e23b5c57fdbfdaf3fdf92ee478f759a084addda5faa3732853e74a?s=96&d=mm&r=g\",\"caption\":\"cfeditoren\"}}]}<\/script>\n<!-- \/ Yoast SEO Premium plugin. -->","yoast_head_json":{"title":"PR expresses willingness to strengthen relations with C\u00f4te d'Ivoire - Angola","description":"The President of the Republic, Jo\u00e3o Louren\u00e7o, yesterday expressed his willingness to continue strengthening the exist ...","robots":{"index":"index","follow":"follow","max-snippet":"max-snippet:-1","max-image-preview":"max-image-preview:large","max-video-preview":"max-video-preview:-1"},"canonical":"https:\/\/www.africa-press.net\/angola\/all-news\/pr-expresses-willingness-to-strengthen-relations-with-cote-divoire","og_locale":"en_US","og_type":"article","og_title":"PR expresses willingness to strengthen relations with C\u00f4te d'Ivoire","og_description":"The President of the Republic, Jo\u00e3o Louren\u00e7o, yesterday expressed his willingness to continue strengthening the exist ...","og_url":"https:\/\/www.africa-press.net\/angola\/all-news\/pr-expresses-willingness-to-strengthen-relations-with-cote-divoire","og_site_name":"Angola","article_publisher":"https:\/\/www.facebook.com\/AfricaPressTunisiaa","article_published_time":"2022-08-08T09:06:38+00:00","article_modified_time":"2022-08-08T09:17:38+00:00","og_image":[{"width":620,"height":334,"url":"https:\/\/static.africa-press.net\/angola\/sites\/65\/2022\/08\/postQueueImg_1-62f0d4749de7d.jpg","type":"image\/jpeg"}],"author":"cfeditoren","twitter_card":"summary_large_image","twitter_misc":{"Written by":"cfeditoren","Est. reading time":"1 minute"},"schema":{"@context":"https:\/\/schema.org","@graph":[{"@type":"Article","@id":"https:\/\/www.africa-press.net\/angola\/all-news\/pr-expresses-willingness-to-strengthen-relations-with-cote-divoire#article","isPartOf":{"@id":"https:\/\/www.africa-press.net\/angola\/all-news\/pr-expresses-willingness-to-strengthen-relations-with-cote-divoire"},"author":{"name":"cfeditoren","@id":"https:\/\/www.africa-press.net\/angola\/#\/schema\/person\/068c7ab4e9634ae78ec5d54ec46598bb"},"headline":"PR expresses willingness to strengthen relations with C\u00f4te d&#8217;Ivoire","datePublished":"2022-08-08T09:06:38+00:00","dateModified":"2022-08-08T09:17:38+00:00","mainEntityOfPage":{"@id":"https:\/\/www.africa-press.net\/angola\/all-news\/pr-expresses-willingness-to-strengthen-relations-with-cote-divoire"},"wordCount":222,"commentCount":0,"image":{"@id":"https:\/\/www.africa-press.net\/angola\/all-news\/pr-expresses-willingness-to-strengthen-relations-with-cote-divoire#primaryimage"},"thumbnailUrl":"https:\/\/static.africa-press.net\/angola\/sites\/65\/2022\/08\/postQueueImg_1-62f0d4749de7d.jpg","keywords":["Africa Press","Africa Press-Angola","Angola"],"articleSection":["all news","homepage-english","policy","twitter"],"inLanguage":"en-US","potentialAction":[{"@type":"CommentAction","name":"Comment","target":["https:\/\/www.africa-press.net\/angola\/all-news\/pr-expresses-willingness-to-strengthen-relations-with-cote-divoire#respond"]}]},{"@type":"WebPage","@id":"https:\/\/www.africa-press.net\/angola\/all-news\/pr-expresses-willingness-to-strengthen-relations-with-cote-divoire","url":"https:\/\/www.africa-press.net\/angola\/all-news\/pr-expresses-willingness-to-strengthen-relations-with-cote-divoire","name":"PR expresses willingness to strengthen relations with C\u00f4te d'Ivoire - Angola","isPartOf":{"@id":"https:\/\/www.africa-press.net\/angola\/#website"},"primaryImageOfPage":{"@id":"https:\/\/www.africa-press.net\/angola\/all-news\/pr-expresses-willingness-to-strengthen-relations-with-cote-divoire#primaryimage"},"image":{"@id":"https:\/\/www.africa-press.net\/angola\/all-news\/pr-expresses-willingness-to-strengthen-relations-with-cote-divoire#primaryimage"},"thumbnailUrl":"https:\/\/static.africa-press.net\/angola\/sites\/65\/2022\/08\/postQueueImg_1-62f0d4749de7d.jpg","datePublished":"2022-08-08T09:06:38+00:00","dateModified":"2022-08-08T09:17:38+00:00","author":{"@id":"https:\/\/www.africa-press.net\/angola\/#\/schema\/person\/068c7ab4e9634ae78ec5d54ec46598bb"},"description":"The President of the Republic, Jo\u00e3o Louren\u00e7o, yesterday expressed his willingness to continue strengthening the exist ...","breadcrumb":{"@id":"https:\/\/www.africa-press.net\/angola\/all-news\/pr-expresses-willingness-to-strengthen-relations-with-cote-divoire#breadcrumb"},"inLanguage":"en-US","potentialAction":[{"@type":"ReadAction","target":["https:\/\/www.africa-press.net\/angola\/all-news\/pr-expresses-willingness-to-strengthen-relations-with-cote-divoire"]}]},{"@type":"ImageObject","inLanguage":"en-US","@id":"https:\/\/www.africa-press.net\/angola\/all-news\/pr-expresses-willingness-to-strengthen-relations-with-cote-divoire#primaryimage","url":"https:\/\/static.africa-press.net\/angola\/sites\/65\/2022\/08\/postQueueImg_1-62f0d4749de7d.jpg","contentUrl":"https:\/\/static.africa-press.net\/angola\/sites\/65\/2022\/08\/postQueueImg_1-62f0d4749de7d.jpg","width":620,"height":334,"caption":"PR expresses willingness to strengthen relations with C\u00f4te d'Ivoire"},{"@type":"BreadcrumbList","@id":"https:\/\/www.africa-press.net\/angola\/all-news\/pr-expresses-willingness-to-strengthen-relations-with-cote-divoire#breadcrumb","itemListElement":[{"@type":"ListItem","position":1,"name":"Home","item":"https:\/\/www.africa-press.net\/angola\/"},{"@type":"ListItem","position":2,"name":"PR expresses willingness to strengthen relations with C\u00f4te d&#8217;Ivoire"}]},{"@type":"WebSite","@id":"https:\/\/www.africa-press.net\/angola\/#website","url":"https:\/\/www.africa-press.net\/angola\/","name":"Angola","description":"Just another Africa News Agency Sites site","potentialAction":[{"@type":"SearchAction","target":{"@type":"EntryPoint","urlTemplate":"https:\/\/www.africa-press.net\/angola\/?s={search_term_string}"},"query-input":{"@type":"PropertyValueSpecification","valueRequired":true,"valueName":"search_term_string"}}],"inLanguage":"en-US"},{"@type":"Person","@id":"https:\/\/www.africa-press.net\/angola\/#\/schema\/person\/068c7ab4e9634ae78ec5d54ec46598bb","name":"cfeditoren","image":{"@type":"ImageObject","inLanguage":"en-US","@id":"https:\/\/www.africa-press.net\/angola\/#\/schema\/person\/image\/","url":"https:\/\/secure.gravatar.com\/avatar\/7417380fa9e23b5c57fdbfdaf3fdf92ee478f759a084addda5faa3732853e74a?s=96&d=mm&r=g","contentUrl":"https:\/\/secure.gravatar.com\/avatar\/7417380fa9e23b5c57fdbfdaf3fdf92ee478f759a084addda5faa3732853e74a?s=96&d=mm&r=g","caption":"cfeditoren"}}]}},"_links":{"self":[{"href":"https:\/\/www.africa-press.net\/angola\/wp-json\/wp\/v2\/posts\/13377","targetHints":{"allow":["GET"]}}],"collection":[{"href":"https:\/\/www.africa-press.net\/angola\/wp-json\/wp\/v2\/posts"}],"about":[{"href":"https:\/\/www.africa-press.net\/angola\/wp-json\/wp\/v2\/types\/post"}],"author":[{"embeddable":true,"href":"https:\/\/www.africa-press.net\/angola\/wp-json\/wp\/v2\/users\/84"}],"replies":[{"embeddable":true,"href":"https:\/\/www.africa-press.net\/angola\/wp-json\/wp\/v2\/comments?post=13377"}],"version-history":[{"count":0,"href":"https:\/\/www.africa-press.net\/angola\/wp-json\/wp\/v2\/posts\/13377\/revisions"}],"wp:featuredmedia":[{"embeddable":true,"href":"https:\/\/www.africa-press.net\/angola\/wp-json\/wp\/v2\/media\/13376"}],"wp:attachment":[{"href":"https:\/\/www.africa-press.net\/angola\/wp-json\/wp\/v2\/media?parent=13377"}],"wp:term":[{"taxonomy":"category","embeddable":true,"href":"https:\/\/www.africa-press.net\/angola\/wp-json\/wp\/v2\/categories?post=13377"},{"taxonomy":"post_tag","embeddable":true,"href":"https:\/\/www.africa-press.net\/angola\/wp-json\/wp\/v2\/tags?post=13377"}],"curies":[{"name":"wp","href":"https:\/\/api.w.org\/{rel}","templated":true}]}}