{"id":13380,"date":"2022-08-08T09:13:40","date_gmt":"2022-08-08T09:13:40","guid":{"rendered":"https:\/\/www.africa-press.net\/angola\/all-news\/tete-antonio-in-the-peace-agreement-between-tchad-and-political-military-movements"},"modified":"2022-08-08T09:18:07","modified_gmt":"2022-08-08T09:18:07","slug":"tete-antonio-in-the-peace-agreement-between-tchad-and-political-military-movements","status":"publish","type":"post","link":"https:\/\/www.africa-press.net\/angola\/all-news\/tete-antonio-in-the-peace-agreement-between-tchad-and-political-military-movements","title":{"rendered":"T\u00e9te Ant\u00f3nio in the peace agreement between Tchad and Political-Military Movements"},"content":{"rendered":"<p><span style=\"color: #ff6600\"><strong>Africa-Press &#8211; Angola. <\/strong><\/span><b>The Minister of Foreign Affairs, T\u00e9te Ant\u00f3nio, is already in Qatar, mandated by President Jo\u00e3o Louren\u00e7o, to represent the country at the signing ceremony of the Peace Agreement between the Government of Chad and the Political-Military Movements, to take place on Monday. Friday in Doha.<\/b><\/p>\n<p>According to the Letter of Invitation, addressed to the head of Angolan diplomacy, the Doha Peace Agreement, to be signed, in the capital of Qatar, aims to achieve a comprehensive and lasting peace in the Republic of Chad, in addition to realizing the hopes and aspirations of the Chadian people and the right to live in security and prosperity.<\/p>\n<p>Bilateral cooperation between Angola and the State of Qatar has evolved significantly in recent years, with the two countries being important producers and exporters of oil and gas, areas in which the relationship currently focuses.<\/p>\n<p>The President of the Republic, Jo\u00e3o Louren\u00e7o, paid an official visit to Doha, State of Qatar, between 8 and 9 September 2019. During the visit, the Emir of Qatar, Sheikh Tamim bin Hamad Al-Thani, encouraged Qatari businessmen to invest in the different sectors of the Angolan economy.<\/p>\n<p>On the sidelines of this visit, several legal instruments were signed, with emphasis on the Agreements in the fields of Maritime and Port, Technical, Commercial and Economic Cooperation, Visa Exemption in Diplomatic and Service Passports and the establishment of the Political Consultation mechanism.<\/p>\n<p>In this mission to Doha, on behalf of the Angolan State, minister T\u00e9te Ant\u00f3nio is accompanied by Miguel C\u00e9sar Domingos Bembe, director for Africa, the Middle East and Regional Organizations of the Ministry of Foreign Affairs, as well as senior officials from his office.<\/p>\n<p>The Government of the Republic of Angola recently opened the Diplomatic Mission in the State of Qatar, having as the first extraordinary and plenipotentiary resident ambassador Ant\u00f3nio Coelho Ramos da Cruz.<\/p>\n<p><strong>For More News And Analysis About <a href=\"https:\/\/www.africa-press.net\/angola\">Angola<\/a> Follow <a href=\"https:\/\/www.africa-press.net\/\">Africa-Press<\/a><\/strong><\/p>\n","protected":false},"excerpt":{"rendered":"<p>Africa-Press &#8211; Angola. The Minister of Foreign Affairs, T\u00e9te Ant\u00f3nio, is already in Qatar, mandated by President Jo\u00e3o Louren\u00e7o, to represent the country at the signing ceremony of the Peace Agreement between the Government of Chad and the Political-Military Movements, to take place on Monday. Friday in Doha. According to the Letter of Invitation, addressed [&hellip;]<\/p>\n","protected":false},"author":84,"featured_media":13379,"comment_status":"open","ping_status":"open","sticky":false,"template":"","format":"standard","meta":{"footnotes":""},"categories":[2,8,12,16],"tags":[233,337,329],"class_list":["post-13380","post","type-post","status-publish","format-standard","has-post-thumbnail","hentry","category-all-news","category-homepage-english","category-policy","category-twitter","tag-africa-press","tag-africa-press-angola","tag-angola"],"yoast_head":"<!-- This site is optimized with the Yoast SEO Premium plugin v26.1 (Yoast SEO v27.0) - https:\/\/yoast.com\/product\/yoast-seo-premium-wordpress\/ -->\n<title>T\u00e9te Ant\u00f3nio in the peace agreement between Tchad and Political-Military Movements - Angola<\/title>\n<meta name=\"description\" content=\"The Minister of Foreign Affairs, T\u00e9te Ant\u00f3nio, is already in Qatar, mandated by President Jo\u00e3o Louren\u00e7o, to represent ...\" \/>\n<meta name=\"robots\" content=\"index, follow, max-snippet:-1, max-image-preview:large, max-video-preview:-1\" \/>\n<link rel=\"canonical\" href=\"https:\/\/www.africa-press.net\/angola\/all-news\/tete-antonio-in-the-peace-agreement-between-tchad-and-political-military-movements\" \/>\n<meta property=\"og:locale\" content=\"en_US\" \/>\n<meta property=\"og:type\" content=\"article\" \/>\n<meta property=\"og:title\" content=\"T\u00e9te Ant\u00f3nio in the peace agreement between Tchad and Political-Military Movements\" \/>\n<meta property=\"og:description\" content=\"The Minister of Foreign Affairs, T\u00e9te Ant\u00f3nio, is already in Qatar, mandated by President Jo\u00e3o Louren\u00e7o, to represent ...\" \/>\n<meta property=\"og:url\" content=\"https:\/\/www.africa-press.net\/angola\/all-news\/tete-antonio-in-the-peace-agreement-between-tchad-and-political-military-movements\" \/>\n<meta property=\"og:site_name\" content=\"Angola\" \/>\n<meta property=\"article:publisher\" content=\"https:\/\/www.facebook.com\/AfricaPressTunisiaa\" \/>\n<meta property=\"article:published_time\" content=\"2022-08-08T09:13:40+00:00\" \/>\n<meta property=\"article:modified_time\" content=\"2022-08-08T09:18:07+00:00\" \/>\n<meta property=\"og:image\" content=\"https:\/\/static.africa-press.net\/angola\/sites\/65\/2022\/08\/postQueueImg_2-62f0d4ba01e25.jpg\" \/>\n\t<meta property=\"og:image:width\" content=\"620\" \/>\n\t<meta property=\"og:image:height\" content=\"464\" \/>\n\t<meta property=\"og:image:type\" content=\"image\/jpeg\" \/>\n<meta name=\"author\" content=\"cfeditoren\" \/>\n<meta name=\"twitter:card\" content=\"summary_large_image\" \/>\n<meta name=\"twitter:label1\" content=\"Written by\" \/>\n\t<meta name=\"twitter:data1\" content=\"cfeditoren\" \/>\n\t<meta name=\"twitter:label2\" content=\"Est. reading time\" \/>\n\t<meta name=\"twitter:data2\" content=\"2 minutes\" \/>\n<script type=\"application\/ld+json\" class=\"yoast-schema-graph\">{\"@context\":\"https:\/\/schema.org\",\"@graph\":[{\"@type\":\"Article\",\"@id\":\"https:\/\/www.africa-press.net\/angola\/all-news\/tete-antonio-in-the-peace-agreement-between-tchad-and-political-military-movements#article\",\"isPartOf\":{\"@id\":\"https:\/\/www.africa-press.net\/angola\/all-news\/tete-antonio-in-the-peace-agreement-between-tchad-and-political-military-movements\"},\"author\":{\"name\":\"cfeditoren\",\"@id\":\"https:\/\/www.africa-press.net\/angola\/#\/schema\/person\/068c7ab4e9634ae78ec5d54ec46598bb\"},\"headline\":\"T\u00e9te Ant\u00f3nio in the peace agreement between Tchad and Political-Military Movements\",\"datePublished\":\"2022-08-08T09:13:40+00:00\",\"dateModified\":\"2022-08-08T09:18:07+00:00\",\"mainEntityOfPage\":{\"@id\":\"https:\/\/www.africa-press.net\/angola\/all-news\/tete-antonio-in-the-peace-agreement-between-tchad-and-political-military-movements\"},\"wordCount\":336,\"commentCount\":0,\"image\":{\"@id\":\"https:\/\/www.africa-press.net\/angola\/all-news\/tete-antonio-in-the-peace-agreement-between-tchad-and-political-military-movements#primaryimage\"},\"thumbnailUrl\":\"https:\/\/static.africa-press.net\/angola\/sites\/65\/2022\/08\/postQueueImg_2-62f0d4ba01e25.jpg\",\"keywords\":[\"Africa Press\",\"Africa Press-Angola\",\"Angola\"],\"articleSection\":[\"all news\",\"homepage-english\",\"policy\",\"twitter\"],\"inLanguage\":\"en-US\",\"potentialAction\":[{\"@type\":\"CommentAction\",\"name\":\"Comment\",\"target\":[\"https:\/\/www.africa-press.net\/angola\/all-news\/tete-antonio-in-the-peace-agreement-between-tchad-and-political-military-movements#respond\"]}]},{\"@type\":\"WebPage\",\"@id\":\"https:\/\/www.africa-press.net\/angola\/all-news\/tete-antonio-in-the-peace-agreement-between-tchad-and-political-military-movements\",\"url\":\"https:\/\/www.africa-press.net\/angola\/all-news\/tete-antonio-in-the-peace-agreement-between-tchad-and-political-military-movements\",\"name\":\"T\u00e9te Ant\u00f3nio in the peace agreement between Tchad and Political-Military Movements - Angola\",\"isPartOf\":{\"@id\":\"https:\/\/www.africa-press.net\/angola\/#website\"},\"primaryImageOfPage\":{\"@id\":\"https:\/\/www.africa-press.net\/angola\/all-news\/tete-antonio-in-the-peace-agreement-between-tchad-and-political-military-movements#primaryimage\"},\"image\":{\"@id\":\"https:\/\/www.africa-press.net\/angola\/all-news\/tete-antonio-in-the-peace-agreement-between-tchad-and-political-military-movements#primaryimage\"},\"thumbnailUrl\":\"https:\/\/static.africa-press.net\/angola\/sites\/65\/2022\/08\/postQueueImg_2-62f0d4ba01e25.jpg\",\"datePublished\":\"2022-08-08T09:13:40+00:00\",\"dateModified\":\"2022-08-08T09:18:07+00:00\",\"author\":{\"@id\":\"https:\/\/www.africa-press.net\/angola\/#\/schema\/person\/068c7ab4e9634ae78ec5d54ec46598bb\"},\"description\":\"The Minister of Foreign Affairs, T\u00e9te Ant\u00f3nio, is already in Qatar, mandated by President Jo\u00e3o Louren\u00e7o, to represent ...\",\"breadcrumb\":{\"@id\":\"https:\/\/www.africa-press.net\/angola\/all-news\/tete-antonio-in-the-peace-agreement-between-tchad-and-political-military-movements#breadcrumb\"},\"inLanguage\":\"en-US\",\"potentialAction\":[{\"@type\":\"ReadAction\",\"target\":[\"https:\/\/www.africa-press.net\/angola\/all-news\/tete-antonio-in-the-peace-agreement-between-tchad-and-political-military-movements\"]}]},{\"@type\":\"ImageObject\",\"inLanguage\":\"en-US\",\"@id\":\"https:\/\/www.africa-press.net\/angola\/all-news\/tete-antonio-in-the-peace-agreement-between-tchad-and-political-military-movements#primaryimage\",\"url\":\"https:\/\/static.africa-press.net\/angola\/sites\/65\/2022\/08\/postQueueImg_2-62f0d4ba01e25.jpg\",\"contentUrl\":\"https:\/\/static.africa-press.net\/angola\/sites\/65\/2022\/08\/postQueueImg_2-62f0d4ba01e25.jpg\",\"width\":620,\"height\":464,\"caption\":\"T\u00e9te Ant\u00f3nio in the peace agreement between Tchad and Political-Military Movements\"},{\"@type\":\"BreadcrumbList\",\"@id\":\"https:\/\/www.africa-press.net\/angola\/all-news\/tete-antonio-in-the-peace-agreement-between-tchad-and-political-military-movements#breadcrumb\",\"itemListElement\":[{\"@type\":\"ListItem\",\"position\":1,\"name\":\"Home\",\"item\":\"https:\/\/www.africa-press.net\/angola\/\"},{\"@type\":\"ListItem\",\"position\":2,\"name\":\"T\u00e9te Ant\u00f3nio in the peace agreement between Tchad and Political-Military Movements\"}]},{\"@type\":\"WebSite\",\"@id\":\"https:\/\/www.africa-press.net\/angola\/#website\",\"url\":\"https:\/\/www.africa-press.net\/angola\/\",\"name\":\"Angola\",\"description\":\"Just another Africa News Agency Sites site\",\"potentialAction\":[{\"@type\":\"SearchAction\",\"target\":{\"@type\":\"EntryPoint\",\"urlTemplate\":\"https:\/\/www.africa-press.net\/angola\/?s={search_term_string}\"},\"query-input\":{\"@type\":\"PropertyValueSpecification\",\"valueRequired\":true,\"valueName\":\"search_term_string\"}}],\"inLanguage\":\"en-US\"},{\"@type\":\"Person\",\"@id\":\"https:\/\/www.africa-press.net\/angola\/#\/schema\/person\/068c7ab4e9634ae78ec5d54ec46598bb\",\"name\":\"cfeditoren\",\"image\":{\"@type\":\"ImageObject\",\"inLanguage\":\"en-US\",\"@id\":\"https:\/\/www.africa-press.net\/angola\/#\/schema\/person\/image\/\",\"url\":\"https:\/\/secure.gravatar.com\/avatar\/7417380fa9e23b5c57fdbfdaf3fdf92ee478f759a084addda5faa3732853e74a?s=96&d=mm&r=g\",\"contentUrl\":\"https:\/\/secure.gravatar.com\/avatar\/7417380fa9e23b5c57fdbfdaf3fdf92ee478f759a084addda5faa3732853e74a?s=96&d=mm&r=g\",\"caption\":\"cfeditoren\"}}]}<\/script>\n<!-- \/ Yoast SEO Premium plugin. -->","yoast_head_json":{"title":"T\u00e9te Ant\u00f3nio in the peace agreement between Tchad and Political-Military Movements - Angola","description":"The Minister of Foreign Affairs, T\u00e9te Ant\u00f3nio, is already in Qatar, mandated by President Jo\u00e3o Louren\u00e7o, to represent ...","robots":{"index":"index","follow":"follow","max-snippet":"max-snippet:-1","max-image-preview":"max-image-preview:large","max-video-preview":"max-video-preview:-1"},"canonical":"https:\/\/www.africa-press.net\/angola\/all-news\/tete-antonio-in-the-peace-agreement-between-tchad-and-political-military-movements","og_locale":"en_US","og_type":"article","og_title":"T\u00e9te Ant\u00f3nio in the peace agreement between Tchad and Political-Military Movements","og_description":"The Minister of Foreign Affairs, T\u00e9te Ant\u00f3nio, is already in Qatar, mandated by President Jo\u00e3o Louren\u00e7o, to represent ...","og_url":"https:\/\/www.africa-press.net\/angola\/all-news\/tete-antonio-in-the-peace-agreement-between-tchad-and-political-military-movements","og_site_name":"Angola","article_publisher":"https:\/\/www.facebook.com\/AfricaPressTunisiaa","article_published_time":"2022-08-08T09:13:40+00:00","article_modified_time":"2022-08-08T09:18:07+00:00","og_image":[{"width":620,"height":464,"url":"https:\/\/static.africa-press.net\/angola\/sites\/65\/2022\/08\/postQueueImg_2-62f0d4ba01e25.jpg","type":"image\/jpeg"}],"author":"cfeditoren","twitter_card":"summary_large_image","twitter_misc":{"Written by":"cfeditoren","Est. reading time":"2 minutes"},"schema":{"@context":"https:\/\/schema.org","@graph":[{"@type":"Article","@id":"https:\/\/www.africa-press.net\/angola\/all-news\/tete-antonio-in-the-peace-agreement-between-tchad-and-political-military-movements#article","isPartOf":{"@id":"https:\/\/www.africa-press.net\/angola\/all-news\/tete-antonio-in-the-peace-agreement-between-tchad-and-political-military-movements"},"author":{"name":"cfeditoren","@id":"https:\/\/www.africa-press.net\/angola\/#\/schema\/person\/068c7ab4e9634ae78ec5d54ec46598bb"},"headline":"T\u00e9te Ant\u00f3nio in the peace agreement between Tchad and Political-Military Movements","datePublished":"2022-08-08T09:13:40+00:00","dateModified":"2022-08-08T09:18:07+00:00","mainEntityOfPage":{"@id":"https:\/\/www.africa-press.net\/angola\/all-news\/tete-antonio-in-the-peace-agreement-between-tchad-and-political-military-movements"},"wordCount":336,"commentCount":0,"image":{"@id":"https:\/\/www.africa-press.net\/angola\/all-news\/tete-antonio-in-the-peace-agreement-between-tchad-and-political-military-movements#primaryimage"},"thumbnailUrl":"https:\/\/static.africa-press.net\/angola\/sites\/65\/2022\/08\/postQueueImg_2-62f0d4ba01e25.jpg","keywords":["Africa Press","Africa Press-Angola","Angola"],"articleSection":["all news","homepage-english","policy","twitter"],"inLanguage":"en-US","potentialAction":[{"@type":"CommentAction","name":"Comment","target":["https:\/\/www.africa-press.net\/angola\/all-news\/tete-antonio-in-the-peace-agreement-between-tchad-and-political-military-movements#respond"]}]},{"@type":"WebPage","@id":"https:\/\/www.africa-press.net\/angola\/all-news\/tete-antonio-in-the-peace-agreement-between-tchad-and-political-military-movements","url":"https:\/\/www.africa-press.net\/angola\/all-news\/tete-antonio-in-the-peace-agreement-between-tchad-and-political-military-movements","name":"T\u00e9te Ant\u00f3nio in the peace agreement between Tchad and Political-Military Movements - Angola","isPartOf":{"@id":"https:\/\/www.africa-press.net\/angola\/#website"},"primaryImageOfPage":{"@id":"https:\/\/www.africa-press.net\/angola\/all-news\/tete-antonio-in-the-peace-agreement-between-tchad-and-political-military-movements#primaryimage"},"image":{"@id":"https:\/\/www.africa-press.net\/angola\/all-news\/tete-antonio-in-the-peace-agreement-between-tchad-and-political-military-movements#primaryimage"},"thumbnailUrl":"https:\/\/static.africa-press.net\/angola\/sites\/65\/2022\/08\/postQueueImg_2-62f0d4ba01e25.jpg","datePublished":"2022-08-08T09:13:40+00:00","dateModified":"2022-08-08T09:18:07+00:00","author":{"@id":"https:\/\/www.africa-press.net\/angola\/#\/schema\/person\/068c7ab4e9634ae78ec5d54ec46598bb"},"description":"The Minister of Foreign Affairs, T\u00e9te Ant\u00f3nio, is already in Qatar, mandated by President Jo\u00e3o Louren\u00e7o, to represent ...","breadcrumb":{"@id":"https:\/\/www.africa-press.net\/angola\/all-news\/tete-antonio-in-the-peace-agreement-between-tchad-and-political-military-movements#breadcrumb"},"inLanguage":"en-US","potentialAction":[{"@type":"ReadAction","target":["https:\/\/www.africa-press.net\/angola\/all-news\/tete-antonio-in-the-peace-agreement-between-tchad-and-political-military-movements"]}]},{"@type":"ImageObject","inLanguage":"en-US","@id":"https:\/\/www.africa-press.net\/angola\/all-news\/tete-antonio-in-the-peace-agreement-between-tchad-and-political-military-movements#primaryimage","url":"https:\/\/static.africa-press.net\/angola\/sites\/65\/2022\/08\/postQueueImg_2-62f0d4ba01e25.jpg","contentUrl":"https:\/\/static.africa-press.net\/angola\/sites\/65\/2022\/08\/postQueueImg_2-62f0d4ba01e25.jpg","width":620,"height":464,"caption":"T\u00e9te Ant\u00f3nio in the peace agreement between Tchad and Political-Military Movements"},{"@type":"BreadcrumbList","@id":"https:\/\/www.africa-press.net\/angola\/all-news\/tete-antonio-in-the-peace-agreement-between-tchad-and-political-military-movements#breadcrumb","itemListElement":[{"@type":"ListItem","position":1,"name":"Home","item":"https:\/\/www.africa-press.net\/angola\/"},{"@type":"ListItem","position":2,"name":"T\u00e9te Ant\u00f3nio in the peace agreement between Tchad and Political-Military Movements"}]},{"@type":"WebSite","@id":"https:\/\/www.africa-press.net\/angola\/#website","url":"https:\/\/www.africa-press.net\/angola\/","name":"Angola","description":"Just another Africa News Agency Sites site","potentialAction":[{"@type":"SearchAction","target":{"@type":"EntryPoint","urlTemplate":"https:\/\/www.africa-press.net\/angola\/?s={search_term_string}"},"query-input":{"@type":"PropertyValueSpecification","valueRequired":true,"valueName":"search_term_string"}}],"inLanguage":"en-US"},{"@type":"Person","@id":"https:\/\/www.africa-press.net\/angola\/#\/schema\/person\/068c7ab4e9634ae78ec5d54ec46598bb","name":"cfeditoren","image":{"@type":"ImageObject","inLanguage":"en-US","@id":"https:\/\/www.africa-press.net\/angola\/#\/schema\/person\/image\/","url":"https:\/\/secure.gravatar.com\/avatar\/7417380fa9e23b5c57fdbfdaf3fdf92ee478f759a084addda5faa3732853e74a?s=96&d=mm&r=g","contentUrl":"https:\/\/secure.gravatar.com\/avatar\/7417380fa9e23b5c57fdbfdaf3fdf92ee478f759a084addda5faa3732853e74a?s=96&d=mm&r=g","caption":"cfeditoren"}}]}},"_links":{"self":[{"href":"https:\/\/www.africa-press.net\/angola\/wp-json\/wp\/v2\/posts\/13380","targetHints":{"allow":["GET"]}}],"collection":[{"href":"https:\/\/www.africa-press.net\/angola\/wp-json\/wp\/v2\/posts"}],"about":[{"href":"https:\/\/www.africa-press.net\/angola\/wp-json\/wp\/v2\/types\/post"}],"author":[{"embeddable":true,"href":"https:\/\/www.africa-press.net\/angola\/wp-json\/wp\/v2\/users\/84"}],"replies":[{"embeddable":true,"href":"https:\/\/www.africa-press.net\/angola\/wp-json\/wp\/v2\/comments?post=13380"}],"version-history":[{"count":0,"href":"https:\/\/www.africa-press.net\/angola\/wp-json\/wp\/v2\/posts\/13380\/revisions"}],"wp:featuredmedia":[{"embeddable":true,"href":"https:\/\/www.africa-press.net\/angola\/wp-json\/wp\/v2\/media\/13379"}],"wp:attachment":[{"href":"https:\/\/www.africa-press.net\/angola\/wp-json\/wp\/v2\/media?parent=13380"}],"wp:term":[{"taxonomy":"category","embeddable":true,"href":"https:\/\/www.africa-press.net\/angola\/wp-json\/wp\/v2\/categories?post=13380"},{"taxonomy":"post_tag","embeddable":true,"href":"https:\/\/www.africa-press.net\/angola\/wp-json\/wp\/v2\/tags?post=13380"}],"curies":[{"name":"wp","href":"https:\/\/api.w.org\/{rel}","templated":true}]}}