{"id":13472,"date":"2022-08-09T08:17:37","date_gmt":"2022-08-09T08:17:37","guid":{"rendered":"https:\/\/www.africa-press.net\/angola\/all-news\/bruno-fernando-already-works-with-the-national-pre-selection"},"modified":"2022-08-09T10:15:26","modified_gmt":"2022-08-09T10:15:26","slug":"bruno-fernando-already-works-with-the-national-pre-selection","status":"publish","type":"post","link":"https:\/\/www.africa-press.net\/angola\/all-news\/bruno-fernando-already-works-with-the-national-pre-selection","title":{"rendered":"Bruno Fernando already works with the National Pre-Selection"},"content":{"rendered":"<p><span style=\"color: #ff6600\"><strong>Africa-Press &#8211; Angola. <\/strong><\/span><b>Angolan international Bruno Fernando has already joined, this Sunday, the preparation work of the hendeca African champions, who are designing the fourth and penultimate qualifying window for the 2023 World Cup at the Centro de Alto Rendimento de Sangalhos, Portugal. from the 26th to the 28th of the current month, in Abidjan, capital of C\u00f4te d&#8217;Ivoire.<\/b><\/p>\n<p>With the integration of the Houston Rokects pole from the North American Basketball League (NBA), the pre-selected group for the &#8220;Abidjan operation&#8221; is practically complete, despite S\u00edlvio Sousa, a pole who exchanged North American basketball for French , remain absent from the work of the National Pre-Selection.<\/p>\n<p>The arrival of Bruno Fernando, two meters and six centimeters, 23 years old, African Under-16 and Under-18 champions, respectively, will increase competition in position five, a zone that for a while has been the most vulnerable of African hendeca champions.<\/p>\n<p>The player&#8217;s integration pleased the trio of coaches, consisting of Josep Clar\u00f3s &#8220;Pep&#8221;, An\u00edbal Moreira and Miguel Pontes Lutonda. As the national coach had predicted, given the importance of this last stage of the Asian World Cup race, there was a need for the National Team to be present in Abidjan with its best units, similarly to what will happen with other nations. , who are strongly engaged in achieving the access pass to the 2023 World Cup.<\/p>\n<p>The African Under-16 and Under-18 champion will certainly be an asset to the Angolan team, which is looking for its sixth consecutive presence in a World Cup final phase, ninth overall.<\/p>\n<p>Meanwhile, Josep Clar\u00f3s &#8220;Pep&#8221; called at the last minute, the post of Sport Lisboa e Benfica, Eduardo Mingas Francisco, increasing to 22, the number of pre-selected.<\/p>\n<p>At the age of 18, two meters, Eduardo Mingas Francisco is part of the preparation work of the African hendeca champions for the first time. The National Pre-Selection entered, this week, the last phase of work, aiming at the dispute of the fourth and penultimate qualifying window African Zone for the World Cup in Japan, Philippines and Indonesia, respectively.<\/p>\n<p>The physical component continues to dominate the training sessions of the national &#8220;five&#8221;. In fact, the Catalan coach reiterated the need for the group to be physically well prepared.<\/p>\n<p>&#8220;Given the high degree of difficulty that we will find in this window, we have to be physically very well prepared, to face opponents more naturally&#8221;, he said.<\/p>\n<p>Today, Tuesday, two more training sessions are planned, at the prestigious Centro de Alto Rendimento de Sangalhos, in Portugal, stage for the pre-competitive stage of the Angolan team.<\/p>\n<p>Here is the list of the 22 players pre-selected: Childe Dund\u00e3o, Dimitri Maconda, Gerson Domingos, Andr\u00e9 Nsingue (bases); Leonel Paulo, Jer\u00f3nimo Lu\u00eds, Francisco Gomes, Joel Ant\u00f3nio, Bamba Ciss\u00e9, \u00c2ngelo Alexandre, Marcos Bala and Ant\u00f3nio Monteiro (extremes); Bruno Fernando, S\u00edlvio Sousa, Teot\u00f3nio D\u00f3, Aboubakar Gakou, Jilson Bango, Gilson Martins, Pedro Bengui, Eduardo Mingas Francisco and Jo\u00e3o Fernandes (posts).<\/p>\n<p><b>Technician &#8220;Closes&#8221; Tomorrow Entrance Door<\/b><\/p>\n<p>The national coach, Josep Clar\u00f3s &#8220;Pep&#8221;, established tomorrow as the deadline for athletes to present themselves in the work of the National Pre-Selection, which works in Lisbon to prepare the dispute of the fourth and penultimate qualifying window of the African Zone for the World Cup. of the World Cup 2023, taking place from the 26th to the 28th of the current month in the capital of C\u00f4te d&#8217;Ivoire, Abidjan.<\/p>\n<p>After the integration of the pole from the pole of the Houston Rockets, on Sunday, S\u00edlvio Sousa is the only one called up by Pep Clar\u00f3s who has not yet been present at the concentration at the Centro de Alto Rendimento de Sangalhos, where the hendecacampe\u00f5es set up the &#8220;staff staff&#8221; to the &#8220;operation&#8221; Abidjan.<\/p>\n<p>Most of the players who play in the diaspora are already working with those coming from domestic competition, namely Pedro Bengui, Dimitri Maconda, Marcos Bala, Ant\u00f3nio Monteiro and Jo\u00e3o Fernandes. With the working group almost composed, the pre-selection intends to carry out three to four control games, before traveling to the competition stage.<\/p>\n<p>Angola occupies the third place of Group E, with six points, against eight and seven of C\u00f4te d&#8217;Ivoire and Cape Verde, in the first and second positions, respectively. Nigeria (six), Uganda (five) and Guinea (four) occupy the immediate places of the league table.<\/p>\n<p><strong>For More News And Analysis About <a href=\"https:\/\/www.africa-press.net\/angola\">Angola<\/a> Follow <a href=\"https:\/\/www.africa-press.net\/\">Africa-Press<\/a><\/strong><\/p>\n","protected":false},"excerpt":{"rendered":"<p>Africa-Press &#8211; Angola. Angolan international Bruno Fernando has already joined, this Sunday, the preparation work of the hendeca African champions, who are designing the fourth and penultimate qualifying window for the 2023 World Cup at the Centro de Alto Rendimento de Sangalhos, Portugal. from the 26th to the 28th of the current month, in Abidjan, [&hellip;]<\/p>\n","protected":false},"author":84,"featured_media":13471,"comment_status":"open","ping_status":"open","sticky":false,"template":"","format":"standard","meta":{"footnotes":""},"categories":[2,8,17,16],"tags":[233,337,329],"class_list":["post-13472","post","type-post","status-publish","format-standard","has-post-thumbnail","hentry","category-all-news","category-homepage-english","category-sport","category-twitter","tag-africa-press","tag-africa-press-angola","tag-angola"],"yoast_head":"<!-- This site is optimized with the Yoast SEO Premium plugin v26.1 (Yoast SEO v27.0) - https:\/\/yoast.com\/product\/yoast-seo-premium-wordpress\/ -->\n<title>Bruno Fernando already works with the National Pre-Selection - Angola<\/title>\n<meta name=\"description\" content=\"Angolan international Bruno Fernando has already joined, this Sunday, the preparation work of the hendeca African cha ...\" \/>\n<meta name=\"robots\" content=\"index, follow, max-snippet:-1, max-image-preview:large, max-video-preview:-1\" \/>\n<link rel=\"canonical\" href=\"https:\/\/www.africa-press.net\/angola\/all-news\/bruno-fernando-already-works-with-the-national-pre-selection\" \/>\n<meta property=\"og:locale\" content=\"en_US\" \/>\n<meta property=\"og:type\" content=\"article\" \/>\n<meta property=\"og:title\" content=\"Bruno Fernando already works with the National Pre-Selection\" \/>\n<meta property=\"og:description\" content=\"Angolan international Bruno Fernando has already joined, this Sunday, the preparation work of the hendeca African cha ...\" \/>\n<meta property=\"og:url\" content=\"https:\/\/www.africa-press.net\/angola\/all-news\/bruno-fernando-already-works-with-the-national-pre-selection\" \/>\n<meta property=\"og:site_name\" content=\"Angola\" \/>\n<meta property=\"article:publisher\" content=\"https:\/\/www.facebook.com\/AfricaPressTunisiaa\" \/>\n<meta property=\"article:published_time\" content=\"2022-08-09T08:17:37+00:00\" \/>\n<meta property=\"article:modified_time\" content=\"2022-08-09T10:15:26+00:00\" \/>\n<meta property=\"og:image\" content=\"https:\/\/static.africa-press.net\/angola\/sites\/65\/2022\/08\/postQueueImg_1-62f23380d6a10.jpg\" \/>\n\t<meta property=\"og:image:width\" content=\"620\" \/>\n\t<meta property=\"og:image:height\" content=\"355\" \/>\n\t<meta property=\"og:image:type\" content=\"image\/jpeg\" \/>\n<meta name=\"author\" content=\"cfeditoren\" \/>\n<meta name=\"twitter:card\" content=\"summary_large_image\" \/>\n<meta name=\"twitter:label1\" content=\"Written by\" \/>\n\t<meta name=\"twitter:data1\" content=\"cfeditoren\" \/>\n\t<meta name=\"twitter:label2\" content=\"Est. reading time\" \/>\n\t<meta name=\"twitter:data2\" content=\"4 minutes\" \/>\n<script type=\"application\/ld+json\" class=\"yoast-schema-graph\">{\"@context\":\"https:\/\/schema.org\",\"@graph\":[{\"@type\":\"Article\",\"@id\":\"https:\/\/www.africa-press.net\/angola\/all-news\/bruno-fernando-already-works-with-the-national-pre-selection#article\",\"isPartOf\":{\"@id\":\"https:\/\/www.africa-press.net\/angola\/all-news\/bruno-fernando-already-works-with-the-national-pre-selection\"},\"author\":{\"name\":\"cfeditoren\",\"@id\":\"https:\/\/www.africa-press.net\/angola\/#\/schema\/person\/068c7ab4e9634ae78ec5d54ec46598bb\"},\"headline\":\"Bruno Fernando already works with the National Pre-Selection\",\"datePublished\":\"2022-08-09T08:17:37+00:00\",\"dateModified\":\"2022-08-09T10:15:26+00:00\",\"mainEntityOfPage\":{\"@id\":\"https:\/\/www.africa-press.net\/angola\/all-news\/bruno-fernando-already-works-with-the-national-pre-selection\"},\"wordCount\":741,\"commentCount\":0,\"image\":{\"@id\":\"https:\/\/www.africa-press.net\/angola\/all-news\/bruno-fernando-already-works-with-the-national-pre-selection#primaryimage\"},\"thumbnailUrl\":\"https:\/\/static.africa-press.net\/angola\/sites\/65\/2022\/08\/postQueueImg_1-62f23380d6a10.jpg\",\"keywords\":[\"Africa Press\",\"Africa Press-Angola\",\"Angola\"],\"articleSection\":[\"all news\",\"homepage-english\",\"sport\",\"twitter\"],\"inLanguage\":\"en-US\",\"potentialAction\":[{\"@type\":\"CommentAction\",\"name\":\"Comment\",\"target\":[\"https:\/\/www.africa-press.net\/angola\/all-news\/bruno-fernando-already-works-with-the-national-pre-selection#respond\"]}]},{\"@type\":\"WebPage\",\"@id\":\"https:\/\/www.africa-press.net\/angola\/all-news\/bruno-fernando-already-works-with-the-national-pre-selection\",\"url\":\"https:\/\/www.africa-press.net\/angola\/all-news\/bruno-fernando-already-works-with-the-national-pre-selection\",\"name\":\"Bruno Fernando already works with the National Pre-Selection - Angola\",\"isPartOf\":{\"@id\":\"https:\/\/www.africa-press.net\/angola\/#website\"},\"primaryImageOfPage\":{\"@id\":\"https:\/\/www.africa-press.net\/angola\/all-news\/bruno-fernando-already-works-with-the-national-pre-selection#primaryimage\"},\"image\":{\"@id\":\"https:\/\/www.africa-press.net\/angola\/all-news\/bruno-fernando-already-works-with-the-national-pre-selection#primaryimage\"},\"thumbnailUrl\":\"https:\/\/static.africa-press.net\/angola\/sites\/65\/2022\/08\/postQueueImg_1-62f23380d6a10.jpg\",\"datePublished\":\"2022-08-09T08:17:37+00:00\",\"dateModified\":\"2022-08-09T10:15:26+00:00\",\"author\":{\"@id\":\"https:\/\/www.africa-press.net\/angola\/#\/schema\/person\/068c7ab4e9634ae78ec5d54ec46598bb\"},\"description\":\"Angolan international Bruno Fernando has already joined, this Sunday, the preparation work of the hendeca African cha ...\",\"breadcrumb\":{\"@id\":\"https:\/\/www.africa-press.net\/angola\/all-news\/bruno-fernando-already-works-with-the-national-pre-selection#breadcrumb\"},\"inLanguage\":\"en-US\",\"potentialAction\":[{\"@type\":\"ReadAction\",\"target\":[\"https:\/\/www.africa-press.net\/angola\/all-news\/bruno-fernando-already-works-with-the-national-pre-selection\"]}]},{\"@type\":\"ImageObject\",\"inLanguage\":\"en-US\",\"@id\":\"https:\/\/www.africa-press.net\/angola\/all-news\/bruno-fernando-already-works-with-the-national-pre-selection#primaryimage\",\"url\":\"https:\/\/static.africa-press.net\/angola\/sites\/65\/2022\/08\/postQueueImg_1-62f23380d6a10.jpg\",\"contentUrl\":\"https:\/\/static.africa-press.net\/angola\/sites\/65\/2022\/08\/postQueueImg_1-62f23380d6a10.jpg\",\"width\":620,\"height\":355,\"caption\":\"Bruno Fernando already works with the National Pre-Selection\"},{\"@type\":\"BreadcrumbList\",\"@id\":\"https:\/\/www.africa-press.net\/angola\/all-news\/bruno-fernando-already-works-with-the-national-pre-selection#breadcrumb\",\"itemListElement\":[{\"@type\":\"ListItem\",\"position\":1,\"name\":\"Home\",\"item\":\"https:\/\/www.africa-press.net\/angola\/\"},{\"@type\":\"ListItem\",\"position\":2,\"name\":\"Bruno Fernando already works with the National Pre-Selection\"}]},{\"@type\":\"WebSite\",\"@id\":\"https:\/\/www.africa-press.net\/angola\/#website\",\"url\":\"https:\/\/www.africa-press.net\/angola\/\",\"name\":\"Angola\",\"description\":\"Just another Africa News Agency Sites site\",\"potentialAction\":[{\"@type\":\"SearchAction\",\"target\":{\"@type\":\"EntryPoint\",\"urlTemplate\":\"https:\/\/www.africa-press.net\/angola\/?s={search_term_string}\"},\"query-input\":{\"@type\":\"PropertyValueSpecification\",\"valueRequired\":true,\"valueName\":\"search_term_string\"}}],\"inLanguage\":\"en-US\"},{\"@type\":\"Person\",\"@id\":\"https:\/\/www.africa-press.net\/angola\/#\/schema\/person\/068c7ab4e9634ae78ec5d54ec46598bb\",\"name\":\"cfeditoren\",\"image\":{\"@type\":\"ImageObject\",\"inLanguage\":\"en-US\",\"@id\":\"https:\/\/www.africa-press.net\/angola\/#\/schema\/person\/image\/\",\"url\":\"https:\/\/secure.gravatar.com\/avatar\/7417380fa9e23b5c57fdbfdaf3fdf92ee478f759a084addda5faa3732853e74a?s=96&d=mm&r=g\",\"contentUrl\":\"https:\/\/secure.gravatar.com\/avatar\/7417380fa9e23b5c57fdbfdaf3fdf92ee478f759a084addda5faa3732853e74a?s=96&d=mm&r=g\",\"caption\":\"cfeditoren\"}}]}<\/script>\n<!-- \/ Yoast SEO Premium plugin. -->","yoast_head_json":{"title":"Bruno Fernando already works with the National Pre-Selection - Angola","description":"Angolan international Bruno Fernando has already joined, this Sunday, the preparation work of the hendeca African cha ...","robots":{"index":"index","follow":"follow","max-snippet":"max-snippet:-1","max-image-preview":"max-image-preview:large","max-video-preview":"max-video-preview:-1"},"canonical":"https:\/\/www.africa-press.net\/angola\/all-news\/bruno-fernando-already-works-with-the-national-pre-selection","og_locale":"en_US","og_type":"article","og_title":"Bruno Fernando already works with the National Pre-Selection","og_description":"Angolan international Bruno Fernando has already joined, this Sunday, the preparation work of the hendeca African cha ...","og_url":"https:\/\/www.africa-press.net\/angola\/all-news\/bruno-fernando-already-works-with-the-national-pre-selection","og_site_name":"Angola","article_publisher":"https:\/\/www.facebook.com\/AfricaPressTunisiaa","article_published_time":"2022-08-09T08:17:37+00:00","article_modified_time":"2022-08-09T10:15:26+00:00","og_image":[{"width":620,"height":355,"url":"https:\/\/static.africa-press.net\/angola\/sites\/65\/2022\/08\/postQueueImg_1-62f23380d6a10.jpg","type":"image\/jpeg"}],"author":"cfeditoren","twitter_card":"summary_large_image","twitter_misc":{"Written by":"cfeditoren","Est. reading time":"4 minutes"},"schema":{"@context":"https:\/\/schema.org","@graph":[{"@type":"Article","@id":"https:\/\/www.africa-press.net\/angola\/all-news\/bruno-fernando-already-works-with-the-national-pre-selection#article","isPartOf":{"@id":"https:\/\/www.africa-press.net\/angola\/all-news\/bruno-fernando-already-works-with-the-national-pre-selection"},"author":{"name":"cfeditoren","@id":"https:\/\/www.africa-press.net\/angola\/#\/schema\/person\/068c7ab4e9634ae78ec5d54ec46598bb"},"headline":"Bruno Fernando already works with the National Pre-Selection","datePublished":"2022-08-09T08:17:37+00:00","dateModified":"2022-08-09T10:15:26+00:00","mainEntityOfPage":{"@id":"https:\/\/www.africa-press.net\/angola\/all-news\/bruno-fernando-already-works-with-the-national-pre-selection"},"wordCount":741,"commentCount":0,"image":{"@id":"https:\/\/www.africa-press.net\/angola\/all-news\/bruno-fernando-already-works-with-the-national-pre-selection#primaryimage"},"thumbnailUrl":"https:\/\/static.africa-press.net\/angola\/sites\/65\/2022\/08\/postQueueImg_1-62f23380d6a10.jpg","keywords":["Africa Press","Africa Press-Angola","Angola"],"articleSection":["all news","homepage-english","sport","twitter"],"inLanguage":"en-US","potentialAction":[{"@type":"CommentAction","name":"Comment","target":["https:\/\/www.africa-press.net\/angola\/all-news\/bruno-fernando-already-works-with-the-national-pre-selection#respond"]}]},{"@type":"WebPage","@id":"https:\/\/www.africa-press.net\/angola\/all-news\/bruno-fernando-already-works-with-the-national-pre-selection","url":"https:\/\/www.africa-press.net\/angola\/all-news\/bruno-fernando-already-works-with-the-national-pre-selection","name":"Bruno Fernando already works with the National Pre-Selection - Angola","isPartOf":{"@id":"https:\/\/www.africa-press.net\/angola\/#website"},"primaryImageOfPage":{"@id":"https:\/\/www.africa-press.net\/angola\/all-news\/bruno-fernando-already-works-with-the-national-pre-selection#primaryimage"},"image":{"@id":"https:\/\/www.africa-press.net\/angola\/all-news\/bruno-fernando-already-works-with-the-national-pre-selection#primaryimage"},"thumbnailUrl":"https:\/\/static.africa-press.net\/angola\/sites\/65\/2022\/08\/postQueueImg_1-62f23380d6a10.jpg","datePublished":"2022-08-09T08:17:37+00:00","dateModified":"2022-08-09T10:15:26+00:00","author":{"@id":"https:\/\/www.africa-press.net\/angola\/#\/schema\/person\/068c7ab4e9634ae78ec5d54ec46598bb"},"description":"Angolan international Bruno Fernando has already joined, this Sunday, the preparation work of the hendeca African cha ...","breadcrumb":{"@id":"https:\/\/www.africa-press.net\/angola\/all-news\/bruno-fernando-already-works-with-the-national-pre-selection#breadcrumb"},"inLanguage":"en-US","potentialAction":[{"@type":"ReadAction","target":["https:\/\/www.africa-press.net\/angola\/all-news\/bruno-fernando-already-works-with-the-national-pre-selection"]}]},{"@type":"ImageObject","inLanguage":"en-US","@id":"https:\/\/www.africa-press.net\/angola\/all-news\/bruno-fernando-already-works-with-the-national-pre-selection#primaryimage","url":"https:\/\/static.africa-press.net\/angola\/sites\/65\/2022\/08\/postQueueImg_1-62f23380d6a10.jpg","contentUrl":"https:\/\/static.africa-press.net\/angola\/sites\/65\/2022\/08\/postQueueImg_1-62f23380d6a10.jpg","width":620,"height":355,"caption":"Bruno Fernando already works with the National Pre-Selection"},{"@type":"BreadcrumbList","@id":"https:\/\/www.africa-press.net\/angola\/all-news\/bruno-fernando-already-works-with-the-national-pre-selection#breadcrumb","itemListElement":[{"@type":"ListItem","position":1,"name":"Home","item":"https:\/\/www.africa-press.net\/angola\/"},{"@type":"ListItem","position":2,"name":"Bruno Fernando already works with the National Pre-Selection"}]},{"@type":"WebSite","@id":"https:\/\/www.africa-press.net\/angola\/#website","url":"https:\/\/www.africa-press.net\/angola\/","name":"Angola","description":"Just another Africa News Agency Sites site","potentialAction":[{"@type":"SearchAction","target":{"@type":"EntryPoint","urlTemplate":"https:\/\/www.africa-press.net\/angola\/?s={search_term_string}"},"query-input":{"@type":"PropertyValueSpecification","valueRequired":true,"valueName":"search_term_string"}}],"inLanguage":"en-US"},{"@type":"Person","@id":"https:\/\/www.africa-press.net\/angola\/#\/schema\/person\/068c7ab4e9634ae78ec5d54ec46598bb","name":"cfeditoren","image":{"@type":"ImageObject","inLanguage":"en-US","@id":"https:\/\/www.africa-press.net\/angola\/#\/schema\/person\/image\/","url":"https:\/\/secure.gravatar.com\/avatar\/7417380fa9e23b5c57fdbfdaf3fdf92ee478f759a084addda5faa3732853e74a?s=96&d=mm&r=g","contentUrl":"https:\/\/secure.gravatar.com\/avatar\/7417380fa9e23b5c57fdbfdaf3fdf92ee478f759a084addda5faa3732853e74a?s=96&d=mm&r=g","caption":"cfeditoren"}}]}},"_links":{"self":[{"href":"https:\/\/www.africa-press.net\/angola\/wp-json\/wp\/v2\/posts\/13472","targetHints":{"allow":["GET"]}}],"collection":[{"href":"https:\/\/www.africa-press.net\/angola\/wp-json\/wp\/v2\/posts"}],"about":[{"href":"https:\/\/www.africa-press.net\/angola\/wp-json\/wp\/v2\/types\/post"}],"author":[{"embeddable":true,"href":"https:\/\/www.africa-press.net\/angola\/wp-json\/wp\/v2\/users\/84"}],"replies":[{"embeddable":true,"href":"https:\/\/www.africa-press.net\/angola\/wp-json\/wp\/v2\/comments?post=13472"}],"version-history":[{"count":0,"href":"https:\/\/www.africa-press.net\/angola\/wp-json\/wp\/v2\/posts\/13472\/revisions"}],"wp:featuredmedia":[{"embeddable":true,"href":"https:\/\/www.africa-press.net\/angola\/wp-json\/wp\/v2\/media\/13471"}],"wp:attachment":[{"href":"https:\/\/www.africa-press.net\/angola\/wp-json\/wp\/v2\/media?parent=13472"}],"wp:term":[{"taxonomy":"category","embeddable":true,"href":"https:\/\/www.africa-press.net\/angola\/wp-json\/wp\/v2\/categories?post=13472"},{"taxonomy":"post_tag","embeddable":true,"href":"https:\/\/www.africa-press.net\/angola\/wp-json\/wp\/v2\/tags?post=13472"}],"curies":[{"name":"wp","href":"https:\/\/api.w.org\/{rel}","templated":true}]}}