{"id":13493,"date":"2022-08-09T08:56:46","date_gmt":"2022-08-09T08:56:46","guid":{"rendered":"https:\/\/www.africa-press.net\/angola\/all-news\/joao-lourenco-highlights-the-potential-of-expo-mulher"},"modified":"2022-08-09T10:20:30","modified_gmt":"2022-08-09T10:20:30","slug":"joao-lourenco-highlights-the-potential-of-expo-mulher","status":"publish","type":"post","link":"https:\/\/www.africa-press.net\/angola\/all-news\/joao-lourenco-highlights-the-potential-of-expo-mulher","title":{"rendered":"Jo\u00e3o Louren\u00e7o highlights the potential of Expo Mulher"},"content":{"rendered":"<p><span style=\"color: #ff6600\"><strong>Africa-Press &#8211; Angola. <\/strong><\/span><b>The president of the MPLA, Jo\u00e3o Louren\u00e7o, visited, this Monday, the Expo Mulher 2022, an initiative of the Organization of Angolan Women (OMA), which takes place on the Marginal of Luanda.<\/b><\/p>\n<p>On his Facebook page, the MPLA candidate for President of the Republic wrote: &#8220;Today I visited the Expo Mulheres Angolanas, an OMA initiative. Undoubtedly, a true showcase of the creative genius of the Angolan Woman&#8221;.<\/p>\n<p>The event, which takes place under the motto: &#8220;Women committed to the peace and development of Angola&#8221; runs from today until Wednesday and aims to integrate women from all social strata and segments in the economy .<\/p>\n<p><strong>For More News And Analysis About <a href=\"https:\/\/www.africa-press.net\/angola\">Angola<\/a> Follow <a href=\"https:\/\/www.africa-press.net\/\">Africa-Press<\/a><\/strong><\/p>\n","protected":false},"excerpt":{"rendered":"<p>Africa-Press &#8211; Angola. The president of the MPLA, Jo\u00e3o Louren\u00e7o, visited, this Monday, the Expo Mulher 2022, an initiative of the Organization of Angolan Women (OMA), which takes place on the Marginal of Luanda. On his Facebook page, the MPLA candidate for President of the Republic wrote: &#8220;Today I visited the Expo Mulheres Angolanas, an [&hellip;]<\/p>\n","protected":false},"author":84,"featured_media":13492,"comment_status":"open","ping_status":"open","sticky":false,"template":"","format":"standard","meta":{"footnotes":""},"categories":[2,8,12,16],"tags":[233,337,329],"class_list":["post-13493","post","type-post","status-publish","format-standard","has-post-thumbnail","hentry","category-all-news","category-homepage-english","category-policy","category-twitter","tag-africa-press","tag-africa-press-angola","tag-angola"],"yoast_head":"<!-- This site is optimized with the Yoast SEO Premium plugin v26.1 (Yoast SEO v27.0) - https:\/\/yoast.com\/product\/yoast-seo-premium-wordpress\/ -->\n<title>Jo\u00e3o Louren\u00e7o highlights the potential of Expo Mulher - Angola<\/title>\n<meta name=\"description\" content=\"The president of the MPLA, Jo\u00e3o Louren\u00e7o, visited, this Monday, the Expo Mulher 2022, an initiative of the Organizati ...\" \/>\n<meta name=\"robots\" content=\"index, follow, max-snippet:-1, max-image-preview:large, max-video-preview:-1\" \/>\n<link rel=\"canonical\" href=\"https:\/\/www.africa-press.net\/angola\/all-news\/joao-lourenco-highlights-the-potential-of-expo-mulher\" \/>\n<meta property=\"og:locale\" content=\"en_US\" \/>\n<meta property=\"og:type\" content=\"article\" \/>\n<meta property=\"og:title\" content=\"Jo\u00e3o Louren\u00e7o highlights the potential of Expo Mulher\" \/>\n<meta property=\"og:description\" content=\"The president of the MPLA, Jo\u00e3o Louren\u00e7o, visited, this Monday, the Expo Mulher 2022, an initiative of the Organizati ...\" \/>\n<meta property=\"og:url\" content=\"https:\/\/www.africa-press.net\/angola\/all-news\/joao-lourenco-highlights-the-potential-of-expo-mulher\" \/>\n<meta property=\"og:site_name\" content=\"Angola\" \/>\n<meta property=\"article:publisher\" content=\"https:\/\/www.facebook.com\/AfricaPressTunisiaa\" \/>\n<meta property=\"article:published_time\" content=\"2022-08-09T08:56:46+00:00\" \/>\n<meta property=\"article:modified_time\" content=\"2022-08-09T10:20:30+00:00\" \/>\n<meta property=\"og:image\" content=\"https:\/\/static.africa-press.net\/angola\/sites\/65\/2022\/08\/postQueueImg_11-62f234d733438.jpg\" \/>\n\t<meta property=\"og:image:width\" content=\"620\" \/>\n\t<meta property=\"og:image:height\" content=\"354\" \/>\n\t<meta property=\"og:image:type\" content=\"image\/jpeg\" \/>\n<meta name=\"author\" content=\"cfeditoren\" \/>\n<meta name=\"twitter:card\" content=\"summary_large_image\" \/>\n<meta name=\"twitter:label1\" content=\"Written by\" \/>\n\t<meta name=\"twitter:data1\" content=\"cfeditoren\" \/>\n\t<meta name=\"twitter:label2\" content=\"Est. reading time\" \/>\n\t<meta name=\"twitter:data2\" content=\"1 minute\" \/>\n<script type=\"application\/ld+json\" class=\"yoast-schema-graph\">{\"@context\":\"https:\/\/schema.org\",\"@graph\":[{\"@type\":\"Article\",\"@id\":\"https:\/\/www.africa-press.net\/angola\/all-news\/joao-lourenco-highlights-the-potential-of-expo-mulher#article\",\"isPartOf\":{\"@id\":\"https:\/\/www.africa-press.net\/angola\/all-news\/joao-lourenco-highlights-the-potential-of-expo-mulher\"},\"author\":{\"name\":\"cfeditoren\",\"@id\":\"https:\/\/www.africa-press.net\/angola\/#\/schema\/person\/068c7ab4e9634ae78ec5d54ec46598bb\"},\"headline\":\"Jo\u00e3o Louren\u00e7o highlights the potential of Expo Mulher\",\"datePublished\":\"2022-08-09T08:56:46+00:00\",\"dateModified\":\"2022-08-09T10:20:30+00:00\",\"mainEntityOfPage\":{\"@id\":\"https:\/\/www.africa-press.net\/angola\/all-news\/joao-lourenco-highlights-the-potential-of-expo-mulher\"},\"wordCount\":125,\"commentCount\":0,\"image\":{\"@id\":\"https:\/\/www.africa-press.net\/angola\/all-news\/joao-lourenco-highlights-the-potential-of-expo-mulher#primaryimage\"},\"thumbnailUrl\":\"https:\/\/static.africa-press.net\/angola\/sites\/65\/2022\/08\/postQueueImg_11-62f234d733438.jpg\",\"keywords\":[\"Africa Press\",\"Africa Press-Angola\",\"Angola\"],\"articleSection\":[\"all news\",\"homepage-english\",\"policy\",\"twitter\"],\"inLanguage\":\"en-US\",\"potentialAction\":[{\"@type\":\"CommentAction\",\"name\":\"Comment\",\"target\":[\"https:\/\/www.africa-press.net\/angola\/all-news\/joao-lourenco-highlights-the-potential-of-expo-mulher#respond\"]}]},{\"@type\":\"WebPage\",\"@id\":\"https:\/\/www.africa-press.net\/angola\/all-news\/joao-lourenco-highlights-the-potential-of-expo-mulher\",\"url\":\"https:\/\/www.africa-press.net\/angola\/all-news\/joao-lourenco-highlights-the-potential-of-expo-mulher\",\"name\":\"Jo\u00e3o Louren\u00e7o highlights the potential of Expo Mulher - Angola\",\"isPartOf\":{\"@id\":\"https:\/\/www.africa-press.net\/angola\/#website\"},\"primaryImageOfPage\":{\"@id\":\"https:\/\/www.africa-press.net\/angola\/all-news\/joao-lourenco-highlights-the-potential-of-expo-mulher#primaryimage\"},\"image\":{\"@id\":\"https:\/\/www.africa-press.net\/angola\/all-news\/joao-lourenco-highlights-the-potential-of-expo-mulher#primaryimage\"},\"thumbnailUrl\":\"https:\/\/static.africa-press.net\/angola\/sites\/65\/2022\/08\/postQueueImg_11-62f234d733438.jpg\",\"datePublished\":\"2022-08-09T08:56:46+00:00\",\"dateModified\":\"2022-08-09T10:20:30+00:00\",\"author\":{\"@id\":\"https:\/\/www.africa-press.net\/angola\/#\/schema\/person\/068c7ab4e9634ae78ec5d54ec46598bb\"},\"description\":\"The president of the MPLA, Jo\u00e3o Louren\u00e7o, visited, this Monday, the Expo Mulher 2022, an initiative of the Organizati ...\",\"breadcrumb\":{\"@id\":\"https:\/\/www.africa-press.net\/angola\/all-news\/joao-lourenco-highlights-the-potential-of-expo-mulher#breadcrumb\"},\"inLanguage\":\"en-US\",\"potentialAction\":[{\"@type\":\"ReadAction\",\"target\":[\"https:\/\/www.africa-press.net\/angola\/all-news\/joao-lourenco-highlights-the-potential-of-expo-mulher\"]}]},{\"@type\":\"ImageObject\",\"inLanguage\":\"en-US\",\"@id\":\"https:\/\/www.africa-press.net\/angola\/all-news\/joao-lourenco-highlights-the-potential-of-expo-mulher#primaryimage\",\"url\":\"https:\/\/static.africa-press.net\/angola\/sites\/65\/2022\/08\/postQueueImg_11-62f234d733438.jpg\",\"contentUrl\":\"https:\/\/static.africa-press.net\/angola\/sites\/65\/2022\/08\/postQueueImg_11-62f234d733438.jpg\",\"width\":620,\"height\":354,\"caption\":\"Jo\u00e3o Louren\u00e7o highlights the potential of Expo Mulher\"},{\"@type\":\"BreadcrumbList\",\"@id\":\"https:\/\/www.africa-press.net\/angola\/all-news\/joao-lourenco-highlights-the-potential-of-expo-mulher#breadcrumb\",\"itemListElement\":[{\"@type\":\"ListItem\",\"position\":1,\"name\":\"Home\",\"item\":\"https:\/\/www.africa-press.net\/angola\/\"},{\"@type\":\"ListItem\",\"position\":2,\"name\":\"Jo\u00e3o Louren\u00e7o highlights the potential of Expo Mulher\"}]},{\"@type\":\"WebSite\",\"@id\":\"https:\/\/www.africa-press.net\/angola\/#website\",\"url\":\"https:\/\/www.africa-press.net\/angola\/\",\"name\":\"Angola\",\"description\":\"Just another Africa News Agency Sites site\",\"potentialAction\":[{\"@type\":\"SearchAction\",\"target\":{\"@type\":\"EntryPoint\",\"urlTemplate\":\"https:\/\/www.africa-press.net\/angola\/?s={search_term_string}\"},\"query-input\":{\"@type\":\"PropertyValueSpecification\",\"valueRequired\":true,\"valueName\":\"search_term_string\"}}],\"inLanguage\":\"en-US\"},{\"@type\":\"Person\",\"@id\":\"https:\/\/www.africa-press.net\/angola\/#\/schema\/person\/068c7ab4e9634ae78ec5d54ec46598bb\",\"name\":\"cfeditoren\",\"image\":{\"@type\":\"ImageObject\",\"inLanguage\":\"en-US\",\"@id\":\"https:\/\/www.africa-press.net\/angola\/#\/schema\/person\/image\/\",\"url\":\"https:\/\/secure.gravatar.com\/avatar\/7417380fa9e23b5c57fdbfdaf3fdf92ee478f759a084addda5faa3732853e74a?s=96&d=mm&r=g\",\"contentUrl\":\"https:\/\/secure.gravatar.com\/avatar\/7417380fa9e23b5c57fdbfdaf3fdf92ee478f759a084addda5faa3732853e74a?s=96&d=mm&r=g\",\"caption\":\"cfeditoren\"}}]}<\/script>\n<!-- \/ Yoast SEO Premium plugin. -->","yoast_head_json":{"title":"Jo\u00e3o Louren\u00e7o highlights the potential of Expo Mulher - Angola","description":"The president of the MPLA, Jo\u00e3o Louren\u00e7o, visited, this Monday, the Expo Mulher 2022, an initiative of the Organizati ...","robots":{"index":"index","follow":"follow","max-snippet":"max-snippet:-1","max-image-preview":"max-image-preview:large","max-video-preview":"max-video-preview:-1"},"canonical":"https:\/\/www.africa-press.net\/angola\/all-news\/joao-lourenco-highlights-the-potential-of-expo-mulher","og_locale":"en_US","og_type":"article","og_title":"Jo\u00e3o Louren\u00e7o highlights the potential of Expo Mulher","og_description":"The president of the MPLA, Jo\u00e3o Louren\u00e7o, visited, this Monday, the Expo Mulher 2022, an initiative of the Organizati ...","og_url":"https:\/\/www.africa-press.net\/angola\/all-news\/joao-lourenco-highlights-the-potential-of-expo-mulher","og_site_name":"Angola","article_publisher":"https:\/\/www.facebook.com\/AfricaPressTunisiaa","article_published_time":"2022-08-09T08:56:46+00:00","article_modified_time":"2022-08-09T10:20:30+00:00","og_image":[{"width":620,"height":354,"url":"https:\/\/static.africa-press.net\/angola\/sites\/65\/2022\/08\/postQueueImg_11-62f234d733438.jpg","type":"image\/jpeg"}],"author":"cfeditoren","twitter_card":"summary_large_image","twitter_misc":{"Written by":"cfeditoren","Est. reading time":"1 minute"},"schema":{"@context":"https:\/\/schema.org","@graph":[{"@type":"Article","@id":"https:\/\/www.africa-press.net\/angola\/all-news\/joao-lourenco-highlights-the-potential-of-expo-mulher#article","isPartOf":{"@id":"https:\/\/www.africa-press.net\/angola\/all-news\/joao-lourenco-highlights-the-potential-of-expo-mulher"},"author":{"name":"cfeditoren","@id":"https:\/\/www.africa-press.net\/angola\/#\/schema\/person\/068c7ab4e9634ae78ec5d54ec46598bb"},"headline":"Jo\u00e3o Louren\u00e7o highlights the potential of Expo Mulher","datePublished":"2022-08-09T08:56:46+00:00","dateModified":"2022-08-09T10:20:30+00:00","mainEntityOfPage":{"@id":"https:\/\/www.africa-press.net\/angola\/all-news\/joao-lourenco-highlights-the-potential-of-expo-mulher"},"wordCount":125,"commentCount":0,"image":{"@id":"https:\/\/www.africa-press.net\/angola\/all-news\/joao-lourenco-highlights-the-potential-of-expo-mulher#primaryimage"},"thumbnailUrl":"https:\/\/static.africa-press.net\/angola\/sites\/65\/2022\/08\/postQueueImg_11-62f234d733438.jpg","keywords":["Africa Press","Africa Press-Angola","Angola"],"articleSection":["all news","homepage-english","policy","twitter"],"inLanguage":"en-US","potentialAction":[{"@type":"CommentAction","name":"Comment","target":["https:\/\/www.africa-press.net\/angola\/all-news\/joao-lourenco-highlights-the-potential-of-expo-mulher#respond"]}]},{"@type":"WebPage","@id":"https:\/\/www.africa-press.net\/angola\/all-news\/joao-lourenco-highlights-the-potential-of-expo-mulher","url":"https:\/\/www.africa-press.net\/angola\/all-news\/joao-lourenco-highlights-the-potential-of-expo-mulher","name":"Jo\u00e3o Louren\u00e7o highlights the potential of Expo Mulher - Angola","isPartOf":{"@id":"https:\/\/www.africa-press.net\/angola\/#website"},"primaryImageOfPage":{"@id":"https:\/\/www.africa-press.net\/angola\/all-news\/joao-lourenco-highlights-the-potential-of-expo-mulher#primaryimage"},"image":{"@id":"https:\/\/www.africa-press.net\/angola\/all-news\/joao-lourenco-highlights-the-potential-of-expo-mulher#primaryimage"},"thumbnailUrl":"https:\/\/static.africa-press.net\/angola\/sites\/65\/2022\/08\/postQueueImg_11-62f234d733438.jpg","datePublished":"2022-08-09T08:56:46+00:00","dateModified":"2022-08-09T10:20:30+00:00","author":{"@id":"https:\/\/www.africa-press.net\/angola\/#\/schema\/person\/068c7ab4e9634ae78ec5d54ec46598bb"},"description":"The president of the MPLA, Jo\u00e3o Louren\u00e7o, visited, this Monday, the Expo Mulher 2022, an initiative of the Organizati ...","breadcrumb":{"@id":"https:\/\/www.africa-press.net\/angola\/all-news\/joao-lourenco-highlights-the-potential-of-expo-mulher#breadcrumb"},"inLanguage":"en-US","potentialAction":[{"@type":"ReadAction","target":["https:\/\/www.africa-press.net\/angola\/all-news\/joao-lourenco-highlights-the-potential-of-expo-mulher"]}]},{"@type":"ImageObject","inLanguage":"en-US","@id":"https:\/\/www.africa-press.net\/angola\/all-news\/joao-lourenco-highlights-the-potential-of-expo-mulher#primaryimage","url":"https:\/\/static.africa-press.net\/angola\/sites\/65\/2022\/08\/postQueueImg_11-62f234d733438.jpg","contentUrl":"https:\/\/static.africa-press.net\/angola\/sites\/65\/2022\/08\/postQueueImg_11-62f234d733438.jpg","width":620,"height":354,"caption":"Jo\u00e3o Louren\u00e7o highlights the potential of Expo Mulher"},{"@type":"BreadcrumbList","@id":"https:\/\/www.africa-press.net\/angola\/all-news\/joao-lourenco-highlights-the-potential-of-expo-mulher#breadcrumb","itemListElement":[{"@type":"ListItem","position":1,"name":"Home","item":"https:\/\/www.africa-press.net\/angola\/"},{"@type":"ListItem","position":2,"name":"Jo\u00e3o Louren\u00e7o highlights the potential of Expo Mulher"}]},{"@type":"WebSite","@id":"https:\/\/www.africa-press.net\/angola\/#website","url":"https:\/\/www.africa-press.net\/angola\/","name":"Angola","description":"Just another Africa News Agency Sites site","potentialAction":[{"@type":"SearchAction","target":{"@type":"EntryPoint","urlTemplate":"https:\/\/www.africa-press.net\/angola\/?s={search_term_string}"},"query-input":{"@type":"PropertyValueSpecification","valueRequired":true,"valueName":"search_term_string"}}],"inLanguage":"en-US"},{"@type":"Person","@id":"https:\/\/www.africa-press.net\/angola\/#\/schema\/person\/068c7ab4e9634ae78ec5d54ec46598bb","name":"cfeditoren","image":{"@type":"ImageObject","inLanguage":"en-US","@id":"https:\/\/www.africa-press.net\/angola\/#\/schema\/person\/image\/","url":"https:\/\/secure.gravatar.com\/avatar\/7417380fa9e23b5c57fdbfdaf3fdf92ee478f759a084addda5faa3732853e74a?s=96&d=mm&r=g","contentUrl":"https:\/\/secure.gravatar.com\/avatar\/7417380fa9e23b5c57fdbfdaf3fdf92ee478f759a084addda5faa3732853e74a?s=96&d=mm&r=g","caption":"cfeditoren"}}]}},"_links":{"self":[{"href":"https:\/\/www.africa-press.net\/angola\/wp-json\/wp\/v2\/posts\/13493","targetHints":{"allow":["GET"]}}],"collection":[{"href":"https:\/\/www.africa-press.net\/angola\/wp-json\/wp\/v2\/posts"}],"about":[{"href":"https:\/\/www.africa-press.net\/angola\/wp-json\/wp\/v2\/types\/post"}],"author":[{"embeddable":true,"href":"https:\/\/www.africa-press.net\/angola\/wp-json\/wp\/v2\/users\/84"}],"replies":[{"embeddable":true,"href":"https:\/\/www.africa-press.net\/angola\/wp-json\/wp\/v2\/comments?post=13493"}],"version-history":[{"count":0,"href":"https:\/\/www.africa-press.net\/angola\/wp-json\/wp\/v2\/posts\/13493\/revisions"}],"wp:featuredmedia":[{"embeddable":true,"href":"https:\/\/www.africa-press.net\/angola\/wp-json\/wp\/v2\/media\/13492"}],"wp:attachment":[{"href":"https:\/\/www.africa-press.net\/angola\/wp-json\/wp\/v2\/media?parent=13493"}],"wp:term":[{"taxonomy":"category","embeddable":true,"href":"https:\/\/www.africa-press.net\/angola\/wp-json\/wp\/v2\/categories?post=13493"},{"taxonomy":"post_tag","embeddable":true,"href":"https:\/\/www.africa-press.net\/angola\/wp-json\/wp\/v2\/tags?post=13493"}],"curies":[{"name":"wp","href":"https:\/\/api.w.org\/{rel}","templated":true}]}}