{"id":13517,"date":"2022-08-09T09:14:42","date_gmt":"2022-08-09T09:14:42","guid":{"rendered":"https:\/\/www.africa-press.net\/angola\/all-news\/angola-witnesses-peace-agreement-between-chad-and-political-military-movements"},"modified":"2022-08-09T10:24:30","modified_gmt":"2022-08-09T10:24:30","slug":"angola-witnesses-peace-agreement-between-chad-and-political-military-movements","status":"publish","type":"post","link":"https:\/\/www.africa-press.net\/angola\/all-news\/angola-witnesses-peace-agreement-between-chad-and-political-military-movements","title":{"rendered":"Angola witnesses Peace Agreement between Chad and Political-Military Movements"},"content":{"rendered":"<p><span style=\"color: #ff6600\"><strong>Africa-Press &#8211; Angola. <\/strong><\/span><b>The Minister of Foreign Affairs, T\u00e9te Ant\u00f3nio, witnessed yesterday, in Doha, the signing ceremony of the Peace Agreement between the Government of Chad and the Political-Military Movements, held in the capital of the State of Qatar.<\/b><\/p>\n<p>Mandated by the President of the Republic, Jo\u00e3o Louren\u00e7o, T\u00e9te Ant\u00f3nio witnessed the act that seals the culmination of a negotiation to end a conflict between the Government of Chad and more than fifty political and military groups.<\/p>\n<p>Prior to the signing of the Doha Peace Agreement between the Government of Chad and the Political-Military Movements, which aims to achieve comprehensive and lasting peace in Chad and to realize the hopes and aspirations of the Chadian people and the right to live in security and prosperity, speeches were heard from the Secretary-General of the United Nations, Ant\u00f3nio Guterres, and the President of the African Union Commission, Moussa Faki Mahamat.<\/p>\n<p>Negotiations between the Government of Chad and the political-military groups began in March, after several delays, to end decades of unrest and instability in this country of 16 million people, which has undergone several coups d&#8217;\u00e9tat.<\/p>\n<p><b>Deepening Of Relationships<\/b><\/p>\n<p>The deepening of bilateral cooperation between Angola and the State of Qatar was at the center of a meeting held in the early afternoon of yesterday, August 8, in Doha, between T\u00e9te Ant\u00f3nio, Minister of Foreign Affairs, and Mohammad Bin Abdulrahman Al-Thani, Deputy Prime Minister and Minister of Foreign Affairs of the State of Qatar.<\/p>\n<p>During the meeting, the two entities considered that it is time for Angola and Qatar to move towards a more dynamic and diversified bilateral economic cooperation, with the implementation of legal instruments already negotiated between the parties.<\/p>\n<p>The two interlocutors are of the opinion that the Governments of both countries should work together in order to expand cooperation in the most varied areas, as well as in the promotion of direct investments between Angolan and Qatari businessmen.<\/p>\n<p>In addition to bilateral cooperation, ministers T\u00e9te Ant\u00f3nio and Mohammad Bin Abdulrahman Al-Thani also addressed the peace and security situation in the cradle of the continent and in the Middle East, as well as the role played by Angola in the prevention, management and resolution of conflicts. in Africa.<\/p>\n<p>Meanwhile, the President of the Republic, Jo\u00e3o Louren\u00e7o, paid an official visit to Doha, State of Qatar on 8 and 9 September 2019, during which His Highness the Emir of Qatar, Sheikh Tamim bin Hamad Al-Thani, encouraged businessmen Qataris to invest in the different sectors of the Angolan economy.<\/p>\n<p>On the sidelines of the visit, at that time, several legal instruments were signed, namely, agreements in the Maritime and Port domains, Technical, Commercial and Economic Cooperation, Visa Exemption in Diplomatic and Service Passports and the establishment of the Political Consultation mechanism.<\/p>\n<p>Furthermore, and with the aim of strengthening these relations, the two countries established a Cooperation Agreement in the field of Transport, which provides for air connections between the capitals Luanda and Doha, carried out by the national company, Qatar Airways.<\/p>\n<p><strong>For More News And Analysis About <a href=\"https:\/\/www.africa-press.net\/angola\">Angola<\/a> Follow <a href=\"https:\/\/www.africa-press.net\/\">Africa-Press<\/a><\/strong><\/p>\n","protected":false},"excerpt":{"rendered":"<p>Africa-Press &#8211; Angola. The Minister of Foreign Affairs, T\u00e9te Ant\u00f3nio, witnessed yesterday, in Doha, the signing ceremony of the Peace Agreement between the Government of Chad and the Political-Military Movements, held in the capital of the State of Qatar. Mandated by the President of the Republic, Jo\u00e3o Louren\u00e7o, T\u00e9te Ant\u00f3nio witnessed the act that seals [&hellip;]<\/p>\n","protected":false},"author":84,"featured_media":13516,"comment_status":"open","ping_status":"open","sticky":false,"template":"","format":"standard","meta":{"footnotes":""},"categories":[2,7,8,12,16],"tags":[233,337,329],"class_list":["post-13517","post","type-post","status-publish","format-standard","has-post-thumbnail","hentry","category-all-news","category-head-lines","category-homepage-english","category-policy","category-twitter","tag-africa-press","tag-africa-press-angola","tag-angola"],"yoast_head":"<!-- This site is optimized with the Yoast SEO Premium plugin v26.1 (Yoast SEO v27.0) - https:\/\/yoast.com\/product\/yoast-seo-premium-wordpress\/ -->\n<title>Angola witnesses Peace Agreement between Chad and Political-Military Movements - Angola<\/title>\n<meta name=\"description\" content=\"The Minister of Foreign Affairs, T\u00e9te Ant\u00f3nio, witnessed yesterday, in Doha, the signing ceremony of the Peace Agreem ...\" \/>\n<meta name=\"robots\" content=\"index, follow, max-snippet:-1, max-image-preview:large, max-video-preview:-1\" \/>\n<link rel=\"canonical\" href=\"https:\/\/www.africa-press.net\/angola\/all-news\/angola-witnesses-peace-agreement-between-chad-and-political-military-movements\" \/>\n<meta property=\"og:locale\" content=\"en_US\" \/>\n<meta property=\"og:type\" content=\"article\" \/>\n<meta property=\"og:title\" content=\"Angola witnesses Peace Agreement between Chad and Political-Military Movements\" \/>\n<meta property=\"og:description\" content=\"The Minister of Foreign Affairs, T\u00e9te Ant\u00f3nio, witnessed yesterday, in Doha, the signing ceremony of the Peace Agreem ...\" \/>\n<meta property=\"og:url\" content=\"https:\/\/www.africa-press.net\/angola\/all-news\/angola-witnesses-peace-agreement-between-chad-and-political-military-movements\" \/>\n<meta property=\"og:site_name\" content=\"Angola\" \/>\n<meta property=\"article:publisher\" content=\"https:\/\/www.facebook.com\/AfricaPressTunisiaa\" \/>\n<meta property=\"article:published_time\" content=\"2022-08-09T09:14:42+00:00\" \/>\n<meta property=\"article:modified_time\" content=\"2022-08-09T10:24:30+00:00\" \/>\n<meta property=\"og:image\" content=\"https:\/\/static.africa-press.net\/angola\/sites\/65\/2022\/08\/postQueueImg_19-62f235c85fcc6.jpg\" \/>\n\t<meta property=\"og:image:width\" content=\"620\" \/>\n\t<meta property=\"og:image:height\" content=\"355\" \/>\n\t<meta property=\"og:image:type\" content=\"image\/jpeg\" \/>\n<meta name=\"author\" content=\"cfeditoren\" \/>\n<meta name=\"twitter:card\" content=\"summary_large_image\" \/>\n<meta name=\"twitter:label1\" content=\"Written by\" \/>\n\t<meta name=\"twitter:data1\" content=\"cfeditoren\" \/>\n\t<meta name=\"twitter:label2\" content=\"Est. reading time\" \/>\n\t<meta name=\"twitter:data2\" content=\"3 minutes\" \/>\n<script type=\"application\/ld+json\" class=\"yoast-schema-graph\">{\"@context\":\"https:\/\/schema.org\",\"@graph\":[{\"@type\":\"Article\",\"@id\":\"https:\/\/www.africa-press.net\/angola\/all-news\/angola-witnesses-peace-agreement-between-chad-and-political-military-movements#article\",\"isPartOf\":{\"@id\":\"https:\/\/www.africa-press.net\/angola\/all-news\/angola-witnesses-peace-agreement-between-chad-and-political-military-movements\"},\"author\":{\"name\":\"cfeditoren\",\"@id\":\"https:\/\/www.africa-press.net\/angola\/#\/schema\/person\/068c7ab4e9634ae78ec5d54ec46598bb\"},\"headline\":\"Angola witnesses Peace Agreement between Chad and Political-Military Movements\",\"datePublished\":\"2022-08-09T09:14:42+00:00\",\"dateModified\":\"2022-08-09T10:24:30+00:00\",\"mainEntityOfPage\":{\"@id\":\"https:\/\/www.africa-press.net\/angola\/all-news\/angola-witnesses-peace-agreement-between-chad-and-political-military-movements\"},\"wordCount\":526,\"commentCount\":0,\"image\":{\"@id\":\"https:\/\/www.africa-press.net\/angola\/all-news\/angola-witnesses-peace-agreement-between-chad-and-political-military-movements#primaryimage\"},\"thumbnailUrl\":\"https:\/\/static.africa-press.net\/angola\/sites\/65\/2022\/08\/postQueueImg_19-62f235c85fcc6.jpg\",\"keywords\":[\"Africa Press\",\"Africa Press-Angola\",\"Angola\"],\"articleSection\":[\"all news\",\"head lines\",\"homepage-english\",\"policy\",\"twitter\"],\"inLanguage\":\"en-US\",\"potentialAction\":[{\"@type\":\"CommentAction\",\"name\":\"Comment\",\"target\":[\"https:\/\/www.africa-press.net\/angola\/all-news\/angola-witnesses-peace-agreement-between-chad-and-political-military-movements#respond\"]}]},{\"@type\":\"WebPage\",\"@id\":\"https:\/\/www.africa-press.net\/angola\/all-news\/angola-witnesses-peace-agreement-between-chad-and-political-military-movements\",\"url\":\"https:\/\/www.africa-press.net\/angola\/all-news\/angola-witnesses-peace-agreement-between-chad-and-political-military-movements\",\"name\":\"Angola witnesses Peace Agreement between Chad and Political-Military Movements - Angola\",\"isPartOf\":{\"@id\":\"https:\/\/www.africa-press.net\/angola\/#website\"},\"primaryImageOfPage\":{\"@id\":\"https:\/\/www.africa-press.net\/angola\/all-news\/angola-witnesses-peace-agreement-between-chad-and-political-military-movements#primaryimage\"},\"image\":{\"@id\":\"https:\/\/www.africa-press.net\/angola\/all-news\/angola-witnesses-peace-agreement-between-chad-and-political-military-movements#primaryimage\"},\"thumbnailUrl\":\"https:\/\/static.africa-press.net\/angola\/sites\/65\/2022\/08\/postQueueImg_19-62f235c85fcc6.jpg\",\"datePublished\":\"2022-08-09T09:14:42+00:00\",\"dateModified\":\"2022-08-09T10:24:30+00:00\",\"author\":{\"@id\":\"https:\/\/www.africa-press.net\/angola\/#\/schema\/person\/068c7ab4e9634ae78ec5d54ec46598bb\"},\"description\":\"The Minister of Foreign Affairs, T\u00e9te Ant\u00f3nio, witnessed yesterday, in Doha, the signing ceremony of the Peace Agreem ...\",\"breadcrumb\":{\"@id\":\"https:\/\/www.africa-press.net\/angola\/all-news\/angola-witnesses-peace-agreement-between-chad-and-political-military-movements#breadcrumb\"},\"inLanguage\":\"en-US\",\"potentialAction\":[{\"@type\":\"ReadAction\",\"target\":[\"https:\/\/www.africa-press.net\/angola\/all-news\/angola-witnesses-peace-agreement-between-chad-and-political-military-movements\"]}]},{\"@type\":\"ImageObject\",\"inLanguage\":\"en-US\",\"@id\":\"https:\/\/www.africa-press.net\/angola\/all-news\/angola-witnesses-peace-agreement-between-chad-and-political-military-movements#primaryimage\",\"url\":\"https:\/\/static.africa-press.net\/angola\/sites\/65\/2022\/08\/postQueueImg_19-62f235c85fcc6.jpg\",\"contentUrl\":\"https:\/\/static.africa-press.net\/angola\/sites\/65\/2022\/08\/postQueueImg_19-62f235c85fcc6.jpg\",\"width\":620,\"height\":355,\"caption\":\"Angola witnesses Peace Agreement between Chad and Political-Military Movements\"},{\"@type\":\"BreadcrumbList\",\"@id\":\"https:\/\/www.africa-press.net\/angola\/all-news\/angola-witnesses-peace-agreement-between-chad-and-political-military-movements#breadcrumb\",\"itemListElement\":[{\"@type\":\"ListItem\",\"position\":1,\"name\":\"Home\",\"item\":\"https:\/\/www.africa-press.net\/angola\/\"},{\"@type\":\"ListItem\",\"position\":2,\"name\":\"Angola witnesses Peace Agreement between Chad and Political-Military Movements\"}]},{\"@type\":\"WebSite\",\"@id\":\"https:\/\/www.africa-press.net\/angola\/#website\",\"url\":\"https:\/\/www.africa-press.net\/angola\/\",\"name\":\"Angola\",\"description\":\"Just another Africa News Agency Sites site\",\"potentialAction\":[{\"@type\":\"SearchAction\",\"target\":{\"@type\":\"EntryPoint\",\"urlTemplate\":\"https:\/\/www.africa-press.net\/angola\/?s={search_term_string}\"},\"query-input\":{\"@type\":\"PropertyValueSpecification\",\"valueRequired\":true,\"valueName\":\"search_term_string\"}}],\"inLanguage\":\"en-US\"},{\"@type\":\"Person\",\"@id\":\"https:\/\/www.africa-press.net\/angola\/#\/schema\/person\/068c7ab4e9634ae78ec5d54ec46598bb\",\"name\":\"cfeditoren\",\"image\":{\"@type\":\"ImageObject\",\"inLanguage\":\"en-US\",\"@id\":\"https:\/\/www.africa-press.net\/angola\/#\/schema\/person\/image\/\",\"url\":\"https:\/\/secure.gravatar.com\/avatar\/7417380fa9e23b5c57fdbfdaf3fdf92ee478f759a084addda5faa3732853e74a?s=96&d=mm&r=g\",\"contentUrl\":\"https:\/\/secure.gravatar.com\/avatar\/7417380fa9e23b5c57fdbfdaf3fdf92ee478f759a084addda5faa3732853e74a?s=96&d=mm&r=g\",\"caption\":\"cfeditoren\"}}]}<\/script>\n<!-- \/ Yoast SEO Premium plugin. -->","yoast_head_json":{"title":"Angola witnesses Peace Agreement between Chad and Political-Military Movements - Angola","description":"The Minister of Foreign Affairs, T\u00e9te Ant\u00f3nio, witnessed yesterday, in Doha, the signing ceremony of the Peace Agreem ...","robots":{"index":"index","follow":"follow","max-snippet":"max-snippet:-1","max-image-preview":"max-image-preview:large","max-video-preview":"max-video-preview:-1"},"canonical":"https:\/\/www.africa-press.net\/angola\/all-news\/angola-witnesses-peace-agreement-between-chad-and-political-military-movements","og_locale":"en_US","og_type":"article","og_title":"Angola witnesses Peace Agreement between Chad and Political-Military Movements","og_description":"The Minister of Foreign Affairs, T\u00e9te Ant\u00f3nio, witnessed yesterday, in Doha, the signing ceremony of the Peace Agreem ...","og_url":"https:\/\/www.africa-press.net\/angola\/all-news\/angola-witnesses-peace-agreement-between-chad-and-political-military-movements","og_site_name":"Angola","article_publisher":"https:\/\/www.facebook.com\/AfricaPressTunisiaa","article_published_time":"2022-08-09T09:14:42+00:00","article_modified_time":"2022-08-09T10:24:30+00:00","og_image":[{"width":620,"height":355,"url":"https:\/\/static.africa-press.net\/angola\/sites\/65\/2022\/08\/postQueueImg_19-62f235c85fcc6.jpg","type":"image\/jpeg"}],"author":"cfeditoren","twitter_card":"summary_large_image","twitter_misc":{"Written by":"cfeditoren","Est. reading time":"3 minutes"},"schema":{"@context":"https:\/\/schema.org","@graph":[{"@type":"Article","@id":"https:\/\/www.africa-press.net\/angola\/all-news\/angola-witnesses-peace-agreement-between-chad-and-political-military-movements#article","isPartOf":{"@id":"https:\/\/www.africa-press.net\/angola\/all-news\/angola-witnesses-peace-agreement-between-chad-and-political-military-movements"},"author":{"name":"cfeditoren","@id":"https:\/\/www.africa-press.net\/angola\/#\/schema\/person\/068c7ab4e9634ae78ec5d54ec46598bb"},"headline":"Angola witnesses Peace Agreement between Chad and Political-Military Movements","datePublished":"2022-08-09T09:14:42+00:00","dateModified":"2022-08-09T10:24:30+00:00","mainEntityOfPage":{"@id":"https:\/\/www.africa-press.net\/angola\/all-news\/angola-witnesses-peace-agreement-between-chad-and-political-military-movements"},"wordCount":526,"commentCount":0,"image":{"@id":"https:\/\/www.africa-press.net\/angola\/all-news\/angola-witnesses-peace-agreement-between-chad-and-political-military-movements#primaryimage"},"thumbnailUrl":"https:\/\/static.africa-press.net\/angola\/sites\/65\/2022\/08\/postQueueImg_19-62f235c85fcc6.jpg","keywords":["Africa Press","Africa Press-Angola","Angola"],"articleSection":["all news","head lines","homepage-english","policy","twitter"],"inLanguage":"en-US","potentialAction":[{"@type":"CommentAction","name":"Comment","target":["https:\/\/www.africa-press.net\/angola\/all-news\/angola-witnesses-peace-agreement-between-chad-and-political-military-movements#respond"]}]},{"@type":"WebPage","@id":"https:\/\/www.africa-press.net\/angola\/all-news\/angola-witnesses-peace-agreement-between-chad-and-political-military-movements","url":"https:\/\/www.africa-press.net\/angola\/all-news\/angola-witnesses-peace-agreement-between-chad-and-political-military-movements","name":"Angola witnesses Peace Agreement between Chad and Political-Military Movements - Angola","isPartOf":{"@id":"https:\/\/www.africa-press.net\/angola\/#website"},"primaryImageOfPage":{"@id":"https:\/\/www.africa-press.net\/angola\/all-news\/angola-witnesses-peace-agreement-between-chad-and-political-military-movements#primaryimage"},"image":{"@id":"https:\/\/www.africa-press.net\/angola\/all-news\/angola-witnesses-peace-agreement-between-chad-and-political-military-movements#primaryimage"},"thumbnailUrl":"https:\/\/static.africa-press.net\/angola\/sites\/65\/2022\/08\/postQueueImg_19-62f235c85fcc6.jpg","datePublished":"2022-08-09T09:14:42+00:00","dateModified":"2022-08-09T10:24:30+00:00","author":{"@id":"https:\/\/www.africa-press.net\/angola\/#\/schema\/person\/068c7ab4e9634ae78ec5d54ec46598bb"},"description":"The Minister of Foreign Affairs, T\u00e9te Ant\u00f3nio, witnessed yesterday, in Doha, the signing ceremony of the Peace Agreem ...","breadcrumb":{"@id":"https:\/\/www.africa-press.net\/angola\/all-news\/angola-witnesses-peace-agreement-between-chad-and-political-military-movements#breadcrumb"},"inLanguage":"en-US","potentialAction":[{"@type":"ReadAction","target":["https:\/\/www.africa-press.net\/angola\/all-news\/angola-witnesses-peace-agreement-between-chad-and-political-military-movements"]}]},{"@type":"ImageObject","inLanguage":"en-US","@id":"https:\/\/www.africa-press.net\/angola\/all-news\/angola-witnesses-peace-agreement-between-chad-and-political-military-movements#primaryimage","url":"https:\/\/static.africa-press.net\/angola\/sites\/65\/2022\/08\/postQueueImg_19-62f235c85fcc6.jpg","contentUrl":"https:\/\/static.africa-press.net\/angola\/sites\/65\/2022\/08\/postQueueImg_19-62f235c85fcc6.jpg","width":620,"height":355,"caption":"Angola witnesses Peace Agreement between Chad and Political-Military Movements"},{"@type":"BreadcrumbList","@id":"https:\/\/www.africa-press.net\/angola\/all-news\/angola-witnesses-peace-agreement-between-chad-and-political-military-movements#breadcrumb","itemListElement":[{"@type":"ListItem","position":1,"name":"Home","item":"https:\/\/www.africa-press.net\/angola\/"},{"@type":"ListItem","position":2,"name":"Angola witnesses Peace Agreement between Chad and Political-Military Movements"}]},{"@type":"WebSite","@id":"https:\/\/www.africa-press.net\/angola\/#website","url":"https:\/\/www.africa-press.net\/angola\/","name":"Angola","description":"Just another Africa News Agency Sites site","potentialAction":[{"@type":"SearchAction","target":{"@type":"EntryPoint","urlTemplate":"https:\/\/www.africa-press.net\/angola\/?s={search_term_string}"},"query-input":{"@type":"PropertyValueSpecification","valueRequired":true,"valueName":"search_term_string"}}],"inLanguage":"en-US"},{"@type":"Person","@id":"https:\/\/www.africa-press.net\/angola\/#\/schema\/person\/068c7ab4e9634ae78ec5d54ec46598bb","name":"cfeditoren","image":{"@type":"ImageObject","inLanguage":"en-US","@id":"https:\/\/www.africa-press.net\/angola\/#\/schema\/person\/image\/","url":"https:\/\/secure.gravatar.com\/avatar\/7417380fa9e23b5c57fdbfdaf3fdf92ee478f759a084addda5faa3732853e74a?s=96&d=mm&r=g","contentUrl":"https:\/\/secure.gravatar.com\/avatar\/7417380fa9e23b5c57fdbfdaf3fdf92ee478f759a084addda5faa3732853e74a?s=96&d=mm&r=g","caption":"cfeditoren"}}]}},"_links":{"self":[{"href":"https:\/\/www.africa-press.net\/angola\/wp-json\/wp\/v2\/posts\/13517","targetHints":{"allow":["GET"]}}],"collection":[{"href":"https:\/\/www.africa-press.net\/angola\/wp-json\/wp\/v2\/posts"}],"about":[{"href":"https:\/\/www.africa-press.net\/angola\/wp-json\/wp\/v2\/types\/post"}],"author":[{"embeddable":true,"href":"https:\/\/www.africa-press.net\/angola\/wp-json\/wp\/v2\/users\/84"}],"replies":[{"embeddable":true,"href":"https:\/\/www.africa-press.net\/angola\/wp-json\/wp\/v2\/comments?post=13517"}],"version-history":[{"count":0,"href":"https:\/\/www.africa-press.net\/angola\/wp-json\/wp\/v2\/posts\/13517\/revisions"}],"wp:featuredmedia":[{"embeddable":true,"href":"https:\/\/www.africa-press.net\/angola\/wp-json\/wp\/v2\/media\/13516"}],"wp:attachment":[{"href":"https:\/\/www.africa-press.net\/angola\/wp-json\/wp\/v2\/media?parent=13517"}],"wp:term":[{"taxonomy":"category","embeddable":true,"href":"https:\/\/www.africa-press.net\/angola\/wp-json\/wp\/v2\/categories?post=13517"},{"taxonomy":"post_tag","embeddable":true,"href":"https:\/\/www.africa-press.net\/angola\/wp-json\/wp\/v2\/tags?post=13517"}],"curies":[{"name":"wp","href":"https:\/\/api.w.org\/{rel}","templated":true}]}}