{"id":13663,"date":"2022-08-11T15:20:09","date_gmt":"2022-08-11T15:20:09","guid":{"rendered":"https:\/\/www.africa-press.net\/angola\/all-news\/literature-brigade-launches-poetry-collection"},"modified":"2022-08-11T17:10:47","modified_gmt":"2022-08-11T17:10:47","slug":"literature-brigade-launches-poetry-collection","status":"publish","type":"post","link":"https:\/\/www.africa-press.net\/angola\/all-news\/literature-brigade-launches-poetry-collection","title":{"rendered":"Literature Brigade launches poetry collection"},"content":{"rendered":"<p><span style=\"color: #ff6600\"><strong>Africa-Press &#8211; Angola. <\/strong><\/span><b>Gera\u00e7\u00e3o que L\u00ea &#8211; Poesia da Nova Angola\u201d is the title of the poetry collection to be launched tomorrow, at 17:00, at the Mediateca 28 de Agosto, opposite the Instituto M\u00e9dio Normal de Educa\u00e7\u00e3o (IMNF) &#8211; Marista, in Luanda, as part of the Centenary of the birth of the first President of the Republic, Agostinho Neto, which is celebrated on the 17th of September.<br \/>\n<\/b><br \/>\nThe president of the Angola Youth Literature Brigade, Carlos Pedro, told Jornal de Angola that the collection is a literary work that brings together 70 young Angolan authors from the 18 provinces and the diaspora, in 188 pages. From the diaspora, he explains, young authors residing in Portugal and Brazil participated. He also said that, despite the participation of young authors who are members of the BJLA from the 18 provinces, some young poets from Luanda who are not members of the Angola Literature Brigade were also invited.<\/p>\n<p>At one stage, he said, 2,000 copies will be put on the market. On the 19th of this month, the same book will be launched, simultaneously, in the 17 provinces of the country.<\/p>\n<p><strong>For More News And Analysis About <a href=\"https:\/\/www.africa-press.net\/angola\">Angola<\/a> Follow <a href=\"https:\/\/www.africa-press.net\/\">Africa-Press<\/a><\/strong><\/p>\n","protected":false},"excerpt":{"rendered":"<p>Africa-Press &#8211; Angola. Gera\u00e7\u00e3o que L\u00ea &#8211; Poesia da Nova Angola\u201d is the title of the poetry collection to be launched tomorrow, at 17:00, at the Mediateca 28 de Agosto, opposite the Instituto M\u00e9dio Normal de Educa\u00e7\u00e3o (IMNF) &#8211; Marista, in Luanda, as part of the Centenary of the birth of the first President of [&hellip;]<\/p>\n","protected":false},"author":84,"featured_media":13662,"comment_status":"open","ping_status":"open","sticky":false,"template":"","format":"standard","meta":{"footnotes":""},"categories":[2,4,8,16],"tags":[233,337,329],"class_list":["post-13663","post","type-post","status-publish","format-standard","has-post-thumbnail","hentry","category-all-news","category-culture-and-art","category-homepage-english","category-twitter","tag-africa-press","tag-africa-press-angola","tag-angola"],"yoast_head":"<!-- This site is optimized with the Yoast SEO Premium plugin v26.1 (Yoast SEO v27.0) - https:\/\/yoast.com\/product\/yoast-seo-premium-wordpress\/ -->\n<title>Literature Brigade launches poetry collection - Angola<\/title>\n<meta name=\"description\" content=\"Gera\u00e7\u00e3o que L\u00ea - Poesia da Nova Angola\u201d is the title of the poetry collection to be launched tomorrow, at 17:00, at t ...\" \/>\n<meta name=\"robots\" content=\"index, follow, max-snippet:-1, max-image-preview:large, max-video-preview:-1\" \/>\n<link rel=\"canonical\" href=\"https:\/\/www.africa-press.net\/angola\/all-news\/literature-brigade-launches-poetry-collection\" \/>\n<meta property=\"og:locale\" content=\"en_US\" \/>\n<meta property=\"og:type\" content=\"article\" \/>\n<meta property=\"og:title\" content=\"Literature Brigade launches poetry collection\" \/>\n<meta property=\"og:description\" content=\"Gera\u00e7\u00e3o que L\u00ea - Poesia da Nova Angola\u201d is the title of the poetry collection to be launched tomorrow, at 17:00, at t ...\" \/>\n<meta property=\"og:url\" content=\"https:\/\/www.africa-press.net\/angola\/all-news\/literature-brigade-launches-poetry-collection\" \/>\n<meta property=\"og:site_name\" content=\"Angola\" \/>\n<meta property=\"article:publisher\" content=\"https:\/\/www.facebook.com\/AfricaPressTunisiaa\" \/>\n<meta property=\"article:published_time\" content=\"2022-08-11T15:20:09+00:00\" \/>\n<meta property=\"article:modified_time\" content=\"2022-08-11T17:10:47+00:00\" \/>\n<meta property=\"og:image\" content=\"https:\/\/static.africa-press.net\/angola\/sites\/65\/2022\/08\/postQueueImg_3-62f537e33b0d9.jpg\" \/>\n\t<meta property=\"og:image:width\" content=\"620\" \/>\n\t<meta property=\"og:image:height\" content=\"355\" \/>\n\t<meta property=\"og:image:type\" content=\"image\/jpeg\" \/>\n<meta name=\"author\" content=\"cfeditoren\" \/>\n<meta name=\"twitter:card\" content=\"summary_large_image\" \/>\n<meta name=\"twitter:label1\" content=\"Written by\" \/>\n\t<meta name=\"twitter:data1\" content=\"cfeditoren\" \/>\n\t<meta name=\"twitter:label2\" content=\"Est. reading time\" \/>\n\t<meta name=\"twitter:data2\" content=\"1 minute\" \/>\n<script type=\"application\/ld+json\" class=\"yoast-schema-graph\">{\"@context\":\"https:\/\/schema.org\",\"@graph\":[{\"@type\":\"Article\",\"@id\":\"https:\/\/www.africa-press.net\/angola\/all-news\/literature-brigade-launches-poetry-collection#article\",\"isPartOf\":{\"@id\":\"https:\/\/www.africa-press.net\/angola\/all-news\/literature-brigade-launches-poetry-collection\"},\"author\":{\"name\":\"cfeditoren\",\"@id\":\"https:\/\/www.africa-press.net\/angola\/#\/schema\/person\/068c7ab4e9634ae78ec5d54ec46598bb\"},\"headline\":\"Literature Brigade launches poetry collection\",\"datePublished\":\"2022-08-11T15:20:09+00:00\",\"dateModified\":\"2022-08-11T17:10:47+00:00\",\"mainEntityOfPage\":{\"@id\":\"https:\/\/www.africa-press.net\/angola\/all-news\/literature-brigade-launches-poetry-collection\"},\"wordCount\":197,\"commentCount\":0,\"image\":{\"@id\":\"https:\/\/www.africa-press.net\/angola\/all-news\/literature-brigade-launches-poetry-collection#primaryimage\"},\"thumbnailUrl\":\"https:\/\/static.africa-press.net\/angola\/sites\/65\/2022\/08\/postQueueImg_3-62f537e33b0d9.jpg\",\"keywords\":[\"Africa Press\",\"Africa Press-Angola\",\"Angola\"],\"articleSection\":[\"all news\",\"culture and art\",\"homepage-english\",\"twitter\"],\"inLanguage\":\"en-US\",\"potentialAction\":[{\"@type\":\"CommentAction\",\"name\":\"Comment\",\"target\":[\"https:\/\/www.africa-press.net\/angola\/all-news\/literature-brigade-launches-poetry-collection#respond\"]}]},{\"@type\":\"WebPage\",\"@id\":\"https:\/\/www.africa-press.net\/angola\/all-news\/literature-brigade-launches-poetry-collection\",\"url\":\"https:\/\/www.africa-press.net\/angola\/all-news\/literature-brigade-launches-poetry-collection\",\"name\":\"Literature Brigade launches poetry collection - Angola\",\"isPartOf\":{\"@id\":\"https:\/\/www.africa-press.net\/angola\/#website\"},\"primaryImageOfPage\":{\"@id\":\"https:\/\/www.africa-press.net\/angola\/all-news\/literature-brigade-launches-poetry-collection#primaryimage\"},\"image\":{\"@id\":\"https:\/\/www.africa-press.net\/angola\/all-news\/literature-brigade-launches-poetry-collection#primaryimage\"},\"thumbnailUrl\":\"https:\/\/static.africa-press.net\/angola\/sites\/65\/2022\/08\/postQueueImg_3-62f537e33b0d9.jpg\",\"datePublished\":\"2022-08-11T15:20:09+00:00\",\"dateModified\":\"2022-08-11T17:10:47+00:00\",\"author\":{\"@id\":\"https:\/\/www.africa-press.net\/angola\/#\/schema\/person\/068c7ab4e9634ae78ec5d54ec46598bb\"},\"description\":\"Gera\u00e7\u00e3o que L\u00ea - Poesia da Nova Angola\u201d is the title of the poetry collection to be launched tomorrow, at 17:00, at t ...\",\"breadcrumb\":{\"@id\":\"https:\/\/www.africa-press.net\/angola\/all-news\/literature-brigade-launches-poetry-collection#breadcrumb\"},\"inLanguage\":\"en-US\",\"potentialAction\":[{\"@type\":\"ReadAction\",\"target\":[\"https:\/\/www.africa-press.net\/angola\/all-news\/literature-brigade-launches-poetry-collection\"]}]},{\"@type\":\"ImageObject\",\"inLanguage\":\"en-US\",\"@id\":\"https:\/\/www.africa-press.net\/angola\/all-news\/literature-brigade-launches-poetry-collection#primaryimage\",\"url\":\"https:\/\/static.africa-press.net\/angola\/sites\/65\/2022\/08\/postQueueImg_3-62f537e33b0d9.jpg\",\"contentUrl\":\"https:\/\/static.africa-press.net\/angola\/sites\/65\/2022\/08\/postQueueImg_3-62f537e33b0d9.jpg\",\"width\":620,\"height\":355,\"caption\":\"Literature Brigade launches poetry collection\"},{\"@type\":\"BreadcrumbList\",\"@id\":\"https:\/\/www.africa-press.net\/angola\/all-news\/literature-brigade-launches-poetry-collection#breadcrumb\",\"itemListElement\":[{\"@type\":\"ListItem\",\"position\":1,\"name\":\"Home\",\"item\":\"https:\/\/www.africa-press.net\/angola\/\"},{\"@type\":\"ListItem\",\"position\":2,\"name\":\"Literature Brigade launches poetry collection\"}]},{\"@type\":\"WebSite\",\"@id\":\"https:\/\/www.africa-press.net\/angola\/#website\",\"url\":\"https:\/\/www.africa-press.net\/angola\/\",\"name\":\"Angola\",\"description\":\"Just another Africa News Agency Sites site\",\"potentialAction\":[{\"@type\":\"SearchAction\",\"target\":{\"@type\":\"EntryPoint\",\"urlTemplate\":\"https:\/\/www.africa-press.net\/angola\/?s={search_term_string}\"},\"query-input\":{\"@type\":\"PropertyValueSpecification\",\"valueRequired\":true,\"valueName\":\"search_term_string\"}}],\"inLanguage\":\"en-US\"},{\"@type\":\"Person\",\"@id\":\"https:\/\/www.africa-press.net\/angola\/#\/schema\/person\/068c7ab4e9634ae78ec5d54ec46598bb\",\"name\":\"cfeditoren\",\"image\":{\"@type\":\"ImageObject\",\"inLanguage\":\"en-US\",\"@id\":\"https:\/\/www.africa-press.net\/angola\/#\/schema\/person\/image\/\",\"url\":\"https:\/\/secure.gravatar.com\/avatar\/7417380fa9e23b5c57fdbfdaf3fdf92ee478f759a084addda5faa3732853e74a?s=96&d=mm&r=g\",\"contentUrl\":\"https:\/\/secure.gravatar.com\/avatar\/7417380fa9e23b5c57fdbfdaf3fdf92ee478f759a084addda5faa3732853e74a?s=96&d=mm&r=g\",\"caption\":\"cfeditoren\"}}]}<\/script>\n<!-- \/ Yoast SEO Premium plugin. -->","yoast_head_json":{"title":"Literature Brigade launches poetry collection - Angola","description":"Gera\u00e7\u00e3o que L\u00ea - Poesia da Nova Angola\u201d is the title of the poetry collection to be launched tomorrow, at 17:00, at t ...","robots":{"index":"index","follow":"follow","max-snippet":"max-snippet:-1","max-image-preview":"max-image-preview:large","max-video-preview":"max-video-preview:-1"},"canonical":"https:\/\/www.africa-press.net\/angola\/all-news\/literature-brigade-launches-poetry-collection","og_locale":"en_US","og_type":"article","og_title":"Literature Brigade launches poetry collection","og_description":"Gera\u00e7\u00e3o que L\u00ea - Poesia da Nova Angola\u201d is the title of the poetry collection to be launched tomorrow, at 17:00, at t ...","og_url":"https:\/\/www.africa-press.net\/angola\/all-news\/literature-brigade-launches-poetry-collection","og_site_name":"Angola","article_publisher":"https:\/\/www.facebook.com\/AfricaPressTunisiaa","article_published_time":"2022-08-11T15:20:09+00:00","article_modified_time":"2022-08-11T17:10:47+00:00","og_image":[{"width":620,"height":355,"url":"https:\/\/static.africa-press.net\/angola\/sites\/65\/2022\/08\/postQueueImg_3-62f537e33b0d9.jpg","type":"image\/jpeg"}],"author":"cfeditoren","twitter_card":"summary_large_image","twitter_misc":{"Written by":"cfeditoren","Est. reading time":"1 minute"},"schema":{"@context":"https:\/\/schema.org","@graph":[{"@type":"Article","@id":"https:\/\/www.africa-press.net\/angola\/all-news\/literature-brigade-launches-poetry-collection#article","isPartOf":{"@id":"https:\/\/www.africa-press.net\/angola\/all-news\/literature-brigade-launches-poetry-collection"},"author":{"name":"cfeditoren","@id":"https:\/\/www.africa-press.net\/angola\/#\/schema\/person\/068c7ab4e9634ae78ec5d54ec46598bb"},"headline":"Literature Brigade launches poetry collection","datePublished":"2022-08-11T15:20:09+00:00","dateModified":"2022-08-11T17:10:47+00:00","mainEntityOfPage":{"@id":"https:\/\/www.africa-press.net\/angola\/all-news\/literature-brigade-launches-poetry-collection"},"wordCount":197,"commentCount":0,"image":{"@id":"https:\/\/www.africa-press.net\/angola\/all-news\/literature-brigade-launches-poetry-collection#primaryimage"},"thumbnailUrl":"https:\/\/static.africa-press.net\/angola\/sites\/65\/2022\/08\/postQueueImg_3-62f537e33b0d9.jpg","keywords":["Africa Press","Africa Press-Angola","Angola"],"articleSection":["all news","culture and art","homepage-english","twitter"],"inLanguage":"en-US","potentialAction":[{"@type":"CommentAction","name":"Comment","target":["https:\/\/www.africa-press.net\/angola\/all-news\/literature-brigade-launches-poetry-collection#respond"]}]},{"@type":"WebPage","@id":"https:\/\/www.africa-press.net\/angola\/all-news\/literature-brigade-launches-poetry-collection","url":"https:\/\/www.africa-press.net\/angola\/all-news\/literature-brigade-launches-poetry-collection","name":"Literature Brigade launches poetry collection - Angola","isPartOf":{"@id":"https:\/\/www.africa-press.net\/angola\/#website"},"primaryImageOfPage":{"@id":"https:\/\/www.africa-press.net\/angola\/all-news\/literature-brigade-launches-poetry-collection#primaryimage"},"image":{"@id":"https:\/\/www.africa-press.net\/angola\/all-news\/literature-brigade-launches-poetry-collection#primaryimage"},"thumbnailUrl":"https:\/\/static.africa-press.net\/angola\/sites\/65\/2022\/08\/postQueueImg_3-62f537e33b0d9.jpg","datePublished":"2022-08-11T15:20:09+00:00","dateModified":"2022-08-11T17:10:47+00:00","author":{"@id":"https:\/\/www.africa-press.net\/angola\/#\/schema\/person\/068c7ab4e9634ae78ec5d54ec46598bb"},"description":"Gera\u00e7\u00e3o que L\u00ea - Poesia da Nova Angola\u201d is the title of the poetry collection to be launched tomorrow, at 17:00, at t ...","breadcrumb":{"@id":"https:\/\/www.africa-press.net\/angola\/all-news\/literature-brigade-launches-poetry-collection#breadcrumb"},"inLanguage":"en-US","potentialAction":[{"@type":"ReadAction","target":["https:\/\/www.africa-press.net\/angola\/all-news\/literature-brigade-launches-poetry-collection"]}]},{"@type":"ImageObject","inLanguage":"en-US","@id":"https:\/\/www.africa-press.net\/angola\/all-news\/literature-brigade-launches-poetry-collection#primaryimage","url":"https:\/\/static.africa-press.net\/angola\/sites\/65\/2022\/08\/postQueueImg_3-62f537e33b0d9.jpg","contentUrl":"https:\/\/static.africa-press.net\/angola\/sites\/65\/2022\/08\/postQueueImg_3-62f537e33b0d9.jpg","width":620,"height":355,"caption":"Literature Brigade launches poetry collection"},{"@type":"BreadcrumbList","@id":"https:\/\/www.africa-press.net\/angola\/all-news\/literature-brigade-launches-poetry-collection#breadcrumb","itemListElement":[{"@type":"ListItem","position":1,"name":"Home","item":"https:\/\/www.africa-press.net\/angola\/"},{"@type":"ListItem","position":2,"name":"Literature Brigade launches poetry collection"}]},{"@type":"WebSite","@id":"https:\/\/www.africa-press.net\/angola\/#website","url":"https:\/\/www.africa-press.net\/angola\/","name":"Angola","description":"Just another Africa News Agency Sites site","potentialAction":[{"@type":"SearchAction","target":{"@type":"EntryPoint","urlTemplate":"https:\/\/www.africa-press.net\/angola\/?s={search_term_string}"},"query-input":{"@type":"PropertyValueSpecification","valueRequired":true,"valueName":"search_term_string"}}],"inLanguage":"en-US"},{"@type":"Person","@id":"https:\/\/www.africa-press.net\/angola\/#\/schema\/person\/068c7ab4e9634ae78ec5d54ec46598bb","name":"cfeditoren","image":{"@type":"ImageObject","inLanguage":"en-US","@id":"https:\/\/www.africa-press.net\/angola\/#\/schema\/person\/image\/","url":"https:\/\/secure.gravatar.com\/avatar\/7417380fa9e23b5c57fdbfdaf3fdf92ee478f759a084addda5faa3732853e74a?s=96&d=mm&r=g","contentUrl":"https:\/\/secure.gravatar.com\/avatar\/7417380fa9e23b5c57fdbfdaf3fdf92ee478f759a084addda5faa3732853e74a?s=96&d=mm&r=g","caption":"cfeditoren"}}]}},"_links":{"self":[{"href":"https:\/\/www.africa-press.net\/angola\/wp-json\/wp\/v2\/posts\/13663","targetHints":{"allow":["GET"]}}],"collection":[{"href":"https:\/\/www.africa-press.net\/angola\/wp-json\/wp\/v2\/posts"}],"about":[{"href":"https:\/\/www.africa-press.net\/angola\/wp-json\/wp\/v2\/types\/post"}],"author":[{"embeddable":true,"href":"https:\/\/www.africa-press.net\/angola\/wp-json\/wp\/v2\/users\/84"}],"replies":[{"embeddable":true,"href":"https:\/\/www.africa-press.net\/angola\/wp-json\/wp\/v2\/comments?post=13663"}],"version-history":[{"count":0,"href":"https:\/\/www.africa-press.net\/angola\/wp-json\/wp\/v2\/posts\/13663\/revisions"}],"wp:featuredmedia":[{"embeddable":true,"href":"https:\/\/www.africa-press.net\/angola\/wp-json\/wp\/v2\/media\/13662"}],"wp:attachment":[{"href":"https:\/\/www.africa-press.net\/angola\/wp-json\/wp\/v2\/media?parent=13663"}],"wp:term":[{"taxonomy":"category","embeddable":true,"href":"https:\/\/www.africa-press.net\/angola\/wp-json\/wp\/v2\/categories?post=13663"},{"taxonomy":"post_tag","embeddable":true,"href":"https:\/\/www.africa-press.net\/angola\/wp-json\/wp\/v2\/tags?post=13663"}],"curies":[{"name":"wp","href":"https:\/\/api.w.org\/{rel}","templated":true}]}}