{"id":14203,"date":"2022-08-17T10:04:59","date_gmt":"2022-08-17T10:04:59","guid":{"rendered":"https:\/\/www.africa-press.net\/angola\/all-news\/minister-tete-antonio-represents-the-head-of-state-at-the-sadc-summit"},"modified":"2022-08-17T11:01:17","modified_gmt":"2022-08-17T11:01:17","slug":"minister-tete-antonio-represents-the-head-of-state-at-the-sadc-summit","status":"publish","type":"post","link":"https:\/\/www.africa-press.net\/angola\/all-news\/minister-tete-antonio-represents-the-head-of-state-at-the-sadc-summit","title":{"rendered":"Minister T\u00e9te Ant\u00f3nio represents the Head of State at the SADC Summit"},"content":{"rendered":"<p><span style=\"color: #ff6600\"><strong>Africa-Press &#8211; Angola. <\/strong><\/span><b>The Minister of Foreign Affairs, T\u00e9te Ant\u00f3nio, represents the President of the Republic, Jo\u00e3o Louren\u00e7o, at the 42nd Summit of Heads of State and Government of the Southern African organization SADC, which will take place on the 17th and 18th of this month, in Kinshasa, Democratic Republic of Congo (DRC).<\/b><\/p>\n<p>Before leaving for the city of Kinshasa, Minister T\u00e9te Ant\u00f3nio said that, topics such as security, the implementation of the 20\/63 agenda, economic integration, the financial life of the SADC region, the promotion of industrialization, as well as &#8220;a commitment of the Angolan Government focused on sustainable development&#8221;, will be on the summit&#8217;s agenda.<\/p>\n<p>&#8220;During the event, African leaders who contributed to the development of Southern Africa will be honored, namely the first President Agostinho Neto&#8221;, said the head of Angolan diplomacy quoted by ANGOP.<\/p>\n<p>The 42nd Summit of SADC Heads of State and Government will take place under the theme &#8220;Promotion of Industrialization, through Agro-Processing, Transformation of Mineral Resources and Development of Regional Value Chains, for Economic, Inclusive and Resilient Growth&#8221; .<\/p>\n<p><strong>For More News And Analysis About <a href=\"https:\/\/www.africa-press.net\/angola\">Angola<\/a> Follow <a href=\"https:\/\/www.africa-press.net\/\">Africa-Press<\/a><\/strong><\/p>\n","protected":false},"excerpt":{"rendered":"<p>Africa-Press &#8211; Angola. The Minister of Foreign Affairs, T\u00e9te Ant\u00f3nio, represents the President of the Republic, Jo\u00e3o Louren\u00e7o, at the 42nd Summit of Heads of State and Government of the Southern African organization SADC, which will take place on the 17th and 18th of this month, in Kinshasa, Democratic Republic of Congo (DRC). Before leaving [&hellip;]<\/p>\n","protected":false},"author":84,"featured_media":14202,"comment_status":"open","ping_status":"open","sticky":false,"template":"","format":"standard","meta":{"footnotes":""},"categories":[2,8,12,16],"tags":[233,337,329],"class_list":["post-14203","post","type-post","status-publish","format-standard","has-post-thumbnail","hentry","category-all-news","category-homepage-english","category-policy","category-twitter","tag-africa-press","tag-africa-press-angola","tag-angola"],"yoast_head":"<!-- This site is optimized with the Yoast SEO Premium plugin v26.1 (Yoast SEO v27.0) - https:\/\/yoast.com\/product\/yoast-seo-premium-wordpress\/ -->\n<title>Minister T\u00e9te Ant\u00f3nio represents the Head of State at the SADC Summit - Angola<\/title>\n<meta name=\"description\" content=\"The Minister of Foreign Affairs, T\u00e9te Ant\u00f3nio, represents the President of the Republic, Jo\u00e3o Louren\u00e7o, at the 42nd S ...\" \/>\n<meta name=\"robots\" content=\"index, follow, max-snippet:-1, max-image-preview:large, max-video-preview:-1\" \/>\n<link rel=\"canonical\" href=\"https:\/\/www.africa-press.net\/angola\/all-news\/minister-tete-antonio-represents-the-head-of-state-at-the-sadc-summit\" \/>\n<meta property=\"og:locale\" content=\"en_US\" \/>\n<meta property=\"og:type\" content=\"article\" \/>\n<meta property=\"og:title\" content=\"Minister T\u00e9te Ant\u00f3nio represents the Head of State at the SADC Summit\" \/>\n<meta property=\"og:description\" content=\"The Minister of Foreign Affairs, T\u00e9te Ant\u00f3nio, represents the President of the Republic, Jo\u00e3o Louren\u00e7o, at the 42nd S ...\" \/>\n<meta property=\"og:url\" content=\"https:\/\/www.africa-press.net\/angola\/all-news\/minister-tete-antonio-represents-the-head-of-state-at-the-sadc-summit\" \/>\n<meta property=\"og:site_name\" content=\"Angola\" \/>\n<meta property=\"article:publisher\" content=\"https:\/\/www.facebook.com\/AfricaPressTunisiaa\" \/>\n<meta property=\"article:published_time\" content=\"2022-08-17T10:04:59+00:00\" \/>\n<meta property=\"article:modified_time\" content=\"2022-08-17T11:01:17+00:00\" \/>\n<meta property=\"og:image\" content=\"https:\/\/static.africa-press.net\/angola\/sites\/65\/2022\/08\/postQueueImg_16-62fcca56c5bf1.jpg\" \/>\n\t<meta property=\"og:image:width\" content=\"620\" \/>\n\t<meta property=\"og:image:height\" content=\"413\" \/>\n\t<meta property=\"og:image:type\" content=\"image\/jpeg\" \/>\n<meta name=\"author\" content=\"cfeditoren\" \/>\n<meta name=\"twitter:card\" content=\"summary_large_image\" \/>\n<meta name=\"twitter:label1\" content=\"Written by\" \/>\n\t<meta name=\"twitter:data1\" content=\"cfeditoren\" \/>\n\t<meta name=\"twitter:label2\" content=\"Est. reading time\" \/>\n\t<meta name=\"twitter:data2\" content=\"1 minute\" \/>\n<script type=\"application\/ld+json\" class=\"yoast-schema-graph\">{\"@context\":\"https:\/\/schema.org\",\"@graph\":[{\"@type\":\"Article\",\"@id\":\"https:\/\/www.africa-press.net\/angola\/all-news\/minister-tete-antonio-represents-the-head-of-state-at-the-sadc-summit#article\",\"isPartOf\":{\"@id\":\"https:\/\/www.africa-press.net\/angola\/all-news\/minister-tete-antonio-represents-the-head-of-state-at-the-sadc-summit\"},\"author\":{\"name\":\"cfeditoren\",\"@id\":\"https:\/\/www.africa-press.net\/angola\/#\/schema\/person\/068c7ab4e9634ae78ec5d54ec46598bb\"},\"headline\":\"Minister T\u00e9te Ant\u00f3nio represents the Head of State at the SADC Summit\",\"datePublished\":\"2022-08-17T10:04:59+00:00\",\"dateModified\":\"2022-08-17T11:01:17+00:00\",\"mainEntityOfPage\":{\"@id\":\"https:\/\/www.africa-press.net\/angola\/all-news\/minister-tete-antonio-represents-the-head-of-state-at-the-sadc-summit\"},\"wordCount\":204,\"commentCount\":0,\"image\":{\"@id\":\"https:\/\/www.africa-press.net\/angola\/all-news\/minister-tete-antonio-represents-the-head-of-state-at-the-sadc-summit#primaryimage\"},\"thumbnailUrl\":\"https:\/\/static.africa-press.net\/angola\/sites\/65\/2022\/08\/postQueueImg_16-62fcca56c5bf1.jpg\",\"keywords\":[\"Africa Press\",\"Africa Press-Angola\",\"Angola\"],\"articleSection\":[\"all news\",\"homepage-english\",\"policy\",\"twitter\"],\"inLanguage\":\"en-US\",\"potentialAction\":[{\"@type\":\"CommentAction\",\"name\":\"Comment\",\"target\":[\"https:\/\/www.africa-press.net\/angola\/all-news\/minister-tete-antonio-represents-the-head-of-state-at-the-sadc-summit#respond\"]}]},{\"@type\":\"WebPage\",\"@id\":\"https:\/\/www.africa-press.net\/angola\/all-news\/minister-tete-antonio-represents-the-head-of-state-at-the-sadc-summit\",\"url\":\"https:\/\/www.africa-press.net\/angola\/all-news\/minister-tete-antonio-represents-the-head-of-state-at-the-sadc-summit\",\"name\":\"Minister T\u00e9te Ant\u00f3nio represents the Head of State at the SADC Summit - Angola\",\"isPartOf\":{\"@id\":\"https:\/\/www.africa-press.net\/angola\/#website\"},\"primaryImageOfPage\":{\"@id\":\"https:\/\/www.africa-press.net\/angola\/all-news\/minister-tete-antonio-represents-the-head-of-state-at-the-sadc-summit#primaryimage\"},\"image\":{\"@id\":\"https:\/\/www.africa-press.net\/angola\/all-news\/minister-tete-antonio-represents-the-head-of-state-at-the-sadc-summit#primaryimage\"},\"thumbnailUrl\":\"https:\/\/static.africa-press.net\/angola\/sites\/65\/2022\/08\/postQueueImg_16-62fcca56c5bf1.jpg\",\"datePublished\":\"2022-08-17T10:04:59+00:00\",\"dateModified\":\"2022-08-17T11:01:17+00:00\",\"author\":{\"@id\":\"https:\/\/www.africa-press.net\/angola\/#\/schema\/person\/068c7ab4e9634ae78ec5d54ec46598bb\"},\"description\":\"The Minister of Foreign Affairs, T\u00e9te Ant\u00f3nio, represents the President of the Republic, Jo\u00e3o Louren\u00e7o, at the 42nd S ...\",\"breadcrumb\":{\"@id\":\"https:\/\/www.africa-press.net\/angola\/all-news\/minister-tete-antonio-represents-the-head-of-state-at-the-sadc-summit#breadcrumb\"},\"inLanguage\":\"en-US\",\"potentialAction\":[{\"@type\":\"ReadAction\",\"target\":[\"https:\/\/www.africa-press.net\/angola\/all-news\/minister-tete-antonio-represents-the-head-of-state-at-the-sadc-summit\"]}]},{\"@type\":\"ImageObject\",\"inLanguage\":\"en-US\",\"@id\":\"https:\/\/www.africa-press.net\/angola\/all-news\/minister-tete-antonio-represents-the-head-of-state-at-the-sadc-summit#primaryimage\",\"url\":\"https:\/\/static.africa-press.net\/angola\/sites\/65\/2022\/08\/postQueueImg_16-62fcca56c5bf1.jpg\",\"contentUrl\":\"https:\/\/static.africa-press.net\/angola\/sites\/65\/2022\/08\/postQueueImg_16-62fcca56c5bf1.jpg\",\"width\":620,\"height\":413,\"caption\":\"Minister T\u00e9te Ant\u00f3nio represents the Head of State at the SADC Summit\"},{\"@type\":\"BreadcrumbList\",\"@id\":\"https:\/\/www.africa-press.net\/angola\/all-news\/minister-tete-antonio-represents-the-head-of-state-at-the-sadc-summit#breadcrumb\",\"itemListElement\":[{\"@type\":\"ListItem\",\"position\":1,\"name\":\"Home\",\"item\":\"https:\/\/www.africa-press.net\/angola\/\"},{\"@type\":\"ListItem\",\"position\":2,\"name\":\"Minister T\u00e9te Ant\u00f3nio represents the Head of State at the SADC Summit\"}]},{\"@type\":\"WebSite\",\"@id\":\"https:\/\/www.africa-press.net\/angola\/#website\",\"url\":\"https:\/\/www.africa-press.net\/angola\/\",\"name\":\"Angola\",\"description\":\"Just another Africa News Agency Sites site\",\"potentialAction\":[{\"@type\":\"SearchAction\",\"target\":{\"@type\":\"EntryPoint\",\"urlTemplate\":\"https:\/\/www.africa-press.net\/angola\/?s={search_term_string}\"},\"query-input\":{\"@type\":\"PropertyValueSpecification\",\"valueRequired\":true,\"valueName\":\"search_term_string\"}}],\"inLanguage\":\"en-US\"},{\"@type\":\"Person\",\"@id\":\"https:\/\/www.africa-press.net\/angola\/#\/schema\/person\/068c7ab4e9634ae78ec5d54ec46598bb\",\"name\":\"cfeditoren\",\"image\":{\"@type\":\"ImageObject\",\"inLanguage\":\"en-US\",\"@id\":\"https:\/\/www.africa-press.net\/angola\/#\/schema\/person\/image\/\",\"url\":\"https:\/\/secure.gravatar.com\/avatar\/7417380fa9e23b5c57fdbfdaf3fdf92ee478f759a084addda5faa3732853e74a?s=96&d=mm&r=g\",\"contentUrl\":\"https:\/\/secure.gravatar.com\/avatar\/7417380fa9e23b5c57fdbfdaf3fdf92ee478f759a084addda5faa3732853e74a?s=96&d=mm&r=g\",\"caption\":\"cfeditoren\"}}]}<\/script>\n<!-- \/ Yoast SEO Premium plugin. -->","yoast_head_json":{"title":"Minister T\u00e9te Ant\u00f3nio represents the Head of State at the SADC Summit - Angola","description":"The Minister of Foreign Affairs, T\u00e9te Ant\u00f3nio, represents the President of the Republic, Jo\u00e3o Louren\u00e7o, at the 42nd S ...","robots":{"index":"index","follow":"follow","max-snippet":"max-snippet:-1","max-image-preview":"max-image-preview:large","max-video-preview":"max-video-preview:-1"},"canonical":"https:\/\/www.africa-press.net\/angola\/all-news\/minister-tete-antonio-represents-the-head-of-state-at-the-sadc-summit","og_locale":"en_US","og_type":"article","og_title":"Minister T\u00e9te Ant\u00f3nio represents the Head of State at the SADC Summit","og_description":"The Minister of Foreign Affairs, T\u00e9te Ant\u00f3nio, represents the President of the Republic, Jo\u00e3o Louren\u00e7o, at the 42nd S ...","og_url":"https:\/\/www.africa-press.net\/angola\/all-news\/minister-tete-antonio-represents-the-head-of-state-at-the-sadc-summit","og_site_name":"Angola","article_publisher":"https:\/\/www.facebook.com\/AfricaPressTunisiaa","article_published_time":"2022-08-17T10:04:59+00:00","article_modified_time":"2022-08-17T11:01:17+00:00","og_image":[{"width":620,"height":413,"url":"https:\/\/static.africa-press.net\/angola\/sites\/65\/2022\/08\/postQueueImg_16-62fcca56c5bf1.jpg","type":"image\/jpeg"}],"author":"cfeditoren","twitter_card":"summary_large_image","twitter_misc":{"Written by":"cfeditoren","Est. reading time":"1 minute"},"schema":{"@context":"https:\/\/schema.org","@graph":[{"@type":"Article","@id":"https:\/\/www.africa-press.net\/angola\/all-news\/minister-tete-antonio-represents-the-head-of-state-at-the-sadc-summit#article","isPartOf":{"@id":"https:\/\/www.africa-press.net\/angola\/all-news\/minister-tete-antonio-represents-the-head-of-state-at-the-sadc-summit"},"author":{"name":"cfeditoren","@id":"https:\/\/www.africa-press.net\/angola\/#\/schema\/person\/068c7ab4e9634ae78ec5d54ec46598bb"},"headline":"Minister T\u00e9te Ant\u00f3nio represents the Head of State at the SADC Summit","datePublished":"2022-08-17T10:04:59+00:00","dateModified":"2022-08-17T11:01:17+00:00","mainEntityOfPage":{"@id":"https:\/\/www.africa-press.net\/angola\/all-news\/minister-tete-antonio-represents-the-head-of-state-at-the-sadc-summit"},"wordCount":204,"commentCount":0,"image":{"@id":"https:\/\/www.africa-press.net\/angola\/all-news\/minister-tete-antonio-represents-the-head-of-state-at-the-sadc-summit#primaryimage"},"thumbnailUrl":"https:\/\/static.africa-press.net\/angola\/sites\/65\/2022\/08\/postQueueImg_16-62fcca56c5bf1.jpg","keywords":["Africa Press","Africa Press-Angola","Angola"],"articleSection":["all news","homepage-english","policy","twitter"],"inLanguage":"en-US","potentialAction":[{"@type":"CommentAction","name":"Comment","target":["https:\/\/www.africa-press.net\/angola\/all-news\/minister-tete-antonio-represents-the-head-of-state-at-the-sadc-summit#respond"]}]},{"@type":"WebPage","@id":"https:\/\/www.africa-press.net\/angola\/all-news\/minister-tete-antonio-represents-the-head-of-state-at-the-sadc-summit","url":"https:\/\/www.africa-press.net\/angola\/all-news\/minister-tete-antonio-represents-the-head-of-state-at-the-sadc-summit","name":"Minister T\u00e9te Ant\u00f3nio represents the Head of State at the SADC Summit - Angola","isPartOf":{"@id":"https:\/\/www.africa-press.net\/angola\/#website"},"primaryImageOfPage":{"@id":"https:\/\/www.africa-press.net\/angola\/all-news\/minister-tete-antonio-represents-the-head-of-state-at-the-sadc-summit#primaryimage"},"image":{"@id":"https:\/\/www.africa-press.net\/angola\/all-news\/minister-tete-antonio-represents-the-head-of-state-at-the-sadc-summit#primaryimage"},"thumbnailUrl":"https:\/\/static.africa-press.net\/angola\/sites\/65\/2022\/08\/postQueueImg_16-62fcca56c5bf1.jpg","datePublished":"2022-08-17T10:04:59+00:00","dateModified":"2022-08-17T11:01:17+00:00","author":{"@id":"https:\/\/www.africa-press.net\/angola\/#\/schema\/person\/068c7ab4e9634ae78ec5d54ec46598bb"},"description":"The Minister of Foreign Affairs, T\u00e9te Ant\u00f3nio, represents the President of the Republic, Jo\u00e3o Louren\u00e7o, at the 42nd S ...","breadcrumb":{"@id":"https:\/\/www.africa-press.net\/angola\/all-news\/minister-tete-antonio-represents-the-head-of-state-at-the-sadc-summit#breadcrumb"},"inLanguage":"en-US","potentialAction":[{"@type":"ReadAction","target":["https:\/\/www.africa-press.net\/angola\/all-news\/minister-tete-antonio-represents-the-head-of-state-at-the-sadc-summit"]}]},{"@type":"ImageObject","inLanguage":"en-US","@id":"https:\/\/www.africa-press.net\/angola\/all-news\/minister-tete-antonio-represents-the-head-of-state-at-the-sadc-summit#primaryimage","url":"https:\/\/static.africa-press.net\/angola\/sites\/65\/2022\/08\/postQueueImg_16-62fcca56c5bf1.jpg","contentUrl":"https:\/\/static.africa-press.net\/angola\/sites\/65\/2022\/08\/postQueueImg_16-62fcca56c5bf1.jpg","width":620,"height":413,"caption":"Minister T\u00e9te Ant\u00f3nio represents the Head of State at the SADC Summit"},{"@type":"BreadcrumbList","@id":"https:\/\/www.africa-press.net\/angola\/all-news\/minister-tete-antonio-represents-the-head-of-state-at-the-sadc-summit#breadcrumb","itemListElement":[{"@type":"ListItem","position":1,"name":"Home","item":"https:\/\/www.africa-press.net\/angola\/"},{"@type":"ListItem","position":2,"name":"Minister T\u00e9te Ant\u00f3nio represents the Head of State at the SADC Summit"}]},{"@type":"WebSite","@id":"https:\/\/www.africa-press.net\/angola\/#website","url":"https:\/\/www.africa-press.net\/angola\/","name":"Angola","description":"Just another Africa News Agency Sites site","potentialAction":[{"@type":"SearchAction","target":{"@type":"EntryPoint","urlTemplate":"https:\/\/www.africa-press.net\/angola\/?s={search_term_string}"},"query-input":{"@type":"PropertyValueSpecification","valueRequired":true,"valueName":"search_term_string"}}],"inLanguage":"en-US"},{"@type":"Person","@id":"https:\/\/www.africa-press.net\/angola\/#\/schema\/person\/068c7ab4e9634ae78ec5d54ec46598bb","name":"cfeditoren","image":{"@type":"ImageObject","inLanguage":"en-US","@id":"https:\/\/www.africa-press.net\/angola\/#\/schema\/person\/image\/","url":"https:\/\/secure.gravatar.com\/avatar\/7417380fa9e23b5c57fdbfdaf3fdf92ee478f759a084addda5faa3732853e74a?s=96&d=mm&r=g","contentUrl":"https:\/\/secure.gravatar.com\/avatar\/7417380fa9e23b5c57fdbfdaf3fdf92ee478f759a084addda5faa3732853e74a?s=96&d=mm&r=g","caption":"cfeditoren"}}]}},"_links":{"self":[{"href":"https:\/\/www.africa-press.net\/angola\/wp-json\/wp\/v2\/posts\/14203","targetHints":{"allow":["GET"]}}],"collection":[{"href":"https:\/\/www.africa-press.net\/angola\/wp-json\/wp\/v2\/posts"}],"about":[{"href":"https:\/\/www.africa-press.net\/angola\/wp-json\/wp\/v2\/types\/post"}],"author":[{"embeddable":true,"href":"https:\/\/www.africa-press.net\/angola\/wp-json\/wp\/v2\/users\/84"}],"replies":[{"embeddable":true,"href":"https:\/\/www.africa-press.net\/angola\/wp-json\/wp\/v2\/comments?post=14203"}],"version-history":[{"count":0,"href":"https:\/\/www.africa-press.net\/angola\/wp-json\/wp\/v2\/posts\/14203\/revisions"}],"wp:featuredmedia":[{"embeddable":true,"href":"https:\/\/www.africa-press.net\/angola\/wp-json\/wp\/v2\/media\/14202"}],"wp:attachment":[{"href":"https:\/\/www.africa-press.net\/angola\/wp-json\/wp\/v2\/media?parent=14203"}],"wp:term":[{"taxonomy":"category","embeddable":true,"href":"https:\/\/www.africa-press.net\/angola\/wp-json\/wp\/v2\/categories?post=14203"},{"taxonomy":"post_tag","embeddable":true,"href":"https:\/\/www.africa-press.net\/angola\/wp-json\/wp\/v2\/tags?post=14203"}],"curies":[{"name":"wp","href":"https:\/\/api.w.org\/{rel}","templated":true}]}}