{"id":14393,"date":"2022-08-20T14:03:56","date_gmt":"2022-08-20T14:03:56","guid":{"rendered":"https:\/\/www.africa-press.net\/angola\/all-news\/young-brigade-presents-a-collection-in-cabinda"},"modified":"2022-08-20T15:24:33","modified_gmt":"2022-08-20T15:24:33","slug":"young-brigade-presents-a-collection-in-cabinda","status":"publish","type":"post","link":"https:\/\/www.africa-press.net\/angola\/all-news\/young-brigade-presents-a-collection-in-cabinda","title":{"rendered":"Young Brigade presents a collection in Cabinda"},"content":{"rendered":"<p><span style=\"color: #ff6600\"><strong>Africa-Press &#8211; Angola. <\/strong><\/span><b>The Young Angolan Literature Brigade (BJL) in Cabinda presented yesterday, in that city, the poetry collection \u201cGera\u00e7\u00e3o que L\u00ea &#8211; Poetas da Nova Angola\u201d, a work that brings together poems by 70 young Angolan authors, inserted in the activities alluding to the centenary of the birth of Ant\u00f3nio Agostinho Neto.<\/b><\/p>\n<p>At the presentation ceremony, the president of the BJL in Cabinda, Roberto Sucama Ngoma, said that the work, with 188 pages, published this year by the Brigada Jovem de Literatura de Angola, aims to give opportunity to the generation of new writers who cannot to publish their writings.<\/p>\n<p>He mentioned that the poems presented in the book were provided by the young poets themselves, showing talent, vocation and gift in expressing their emotions and poetic ego in their writings. &#8220;The most interesting thing about the work is its thematic diversity expressed in the most varied forms of poetry such as epic, lyrical, heroic, bucolic, satirical, sacred and religious&#8221; underlined Roberto Ngoma, co-author of the work with the poems &#8220;Mulher Virtuosa&#8221; and &#8220;My mom&#8221;.<\/p>\n<p>This collection, he underlined, is an unequivocal proof of the emergence of a new generation of Angolan poets who join the world of African and universal literature.<\/p>\n<p>According to Roberto Ngoma, writers of the new generation, especially in Cabinda, face difficulties such as the lack of support and sponsorship, as well as the lack of printers to handle the book and publishers, which means that several initiatives die right away.<\/p>\n<p>&#8220;The desire of young people with literary talent is to show their work, but financial difficulties force them to keep their work in drawers or hidden folders on the computer.&#8221;<\/p>\n<p>In Cabinda, he said, there is a lack of concrete policies that can contribute to the promotion of literary creation, as well as actions aimed at publishing works and promoting the development of literature and prizes to encourage young writers.<\/p>\n<p>The poetry collection was launched on the 12th of this month, at the Mediateca 28 de Agosto, in Luanda.<\/p>\n<p><strong>For More News And Analysis About <a href=\"https:\/\/www.africa-press.net\/angola\">Angola<\/a> Follow <a href=\"https:\/\/www.africa-press.net\/\">Africa-Press<\/a><\/strong><\/p>\n","protected":false},"excerpt":{"rendered":"<p>Africa-Press &#8211; Angola. The Young Angolan Literature Brigade (BJL) in Cabinda presented yesterday, in that city, the poetry collection \u201cGera\u00e7\u00e3o que L\u00ea &#8211; Poetas da Nova Angola\u201d, a work that brings together poems by 70 young Angolan authors, inserted in the activities alluding to the centenary of the birth of Ant\u00f3nio Agostinho Neto. At the [&hellip;]<\/p>\n","protected":false},"author":84,"featured_media":14392,"comment_status":"open","ping_status":"open","sticky":false,"template":"","format":"standard","meta":{"footnotes":""},"categories":[2,4,8,16],"tags":[233,337,329],"class_list":["post-14393","post","type-post","status-publish","format-standard","has-post-thumbnail","hentry","category-all-news","category-culture-and-art","category-homepage-english","category-twitter","tag-africa-press","tag-africa-press-angola","tag-angola"],"yoast_head":"<!-- This site is optimized with the Yoast SEO Premium plugin v26.1 (Yoast SEO v27.0) - https:\/\/yoast.com\/product\/yoast-seo-premium-wordpress\/ -->\n<title>Young Brigade presents a collection in Cabinda - Angola<\/title>\n<meta name=\"description\" content=\"The Young Angolan Literature Brigade (BJL) in Cabinda presented yesterday, in that city, the poetry collection \u201cGera\u00e7 ...\" \/>\n<meta name=\"robots\" content=\"index, follow, max-snippet:-1, max-image-preview:large, max-video-preview:-1\" \/>\n<link rel=\"canonical\" href=\"https:\/\/www.africa-press.net\/angola\/all-news\/young-brigade-presents-a-collection-in-cabinda\" \/>\n<meta property=\"og:locale\" content=\"en_US\" \/>\n<meta property=\"og:type\" content=\"article\" \/>\n<meta property=\"og:title\" content=\"Young Brigade presents a collection in Cabinda\" \/>\n<meta property=\"og:description\" content=\"The Young Angolan Literature Brigade (BJL) in Cabinda presented yesterday, in that city, the poetry collection \u201cGera\u00e7 ...\" \/>\n<meta property=\"og:url\" content=\"https:\/\/www.africa-press.net\/angola\/all-news\/young-brigade-presents-a-collection-in-cabinda\" \/>\n<meta property=\"og:site_name\" content=\"Angola\" \/>\n<meta property=\"article:publisher\" content=\"https:\/\/www.facebook.com\/AfricaPressTunisiaa\" \/>\n<meta property=\"article:published_time\" content=\"2022-08-20T14:03:56+00:00\" \/>\n<meta property=\"article:modified_time\" content=\"2022-08-20T15:24:33+00:00\" \/>\n<meta property=\"og:image\" content=\"https:\/\/static.africa-press.net\/angola\/sites\/65\/2022\/08\/postQueueImg_5-6300fc9f868c1.jpg\" \/>\n\t<meta property=\"og:image:width\" content=\"620\" \/>\n\t<meta property=\"og:image:height\" content=\"355\" \/>\n\t<meta property=\"og:image:type\" content=\"image\/jpeg\" \/>\n<meta name=\"author\" content=\"cfeditoren\" \/>\n<meta name=\"twitter:card\" content=\"summary_large_image\" \/>\n<meta name=\"twitter:label1\" content=\"Written by\" \/>\n\t<meta name=\"twitter:data1\" content=\"cfeditoren\" \/>\n\t<meta name=\"twitter:label2\" content=\"Est. reading time\" \/>\n\t<meta name=\"twitter:data2\" content=\"2 minutes\" \/>\n<script type=\"application\/ld+json\" class=\"yoast-schema-graph\">{\"@context\":\"https:\/\/schema.org\",\"@graph\":[{\"@type\":\"Article\",\"@id\":\"https:\/\/www.africa-press.net\/angola\/all-news\/young-brigade-presents-a-collection-in-cabinda#article\",\"isPartOf\":{\"@id\":\"https:\/\/www.africa-press.net\/angola\/all-news\/young-brigade-presents-a-collection-in-cabinda\"},\"author\":{\"name\":\"cfeditoren\",\"@id\":\"https:\/\/www.africa-press.net\/angola\/#\/schema\/person\/068c7ab4e9634ae78ec5d54ec46598bb\"},\"headline\":\"Young Brigade presents a collection in Cabinda\",\"datePublished\":\"2022-08-20T14:03:56+00:00\",\"dateModified\":\"2022-08-20T15:24:33+00:00\",\"mainEntityOfPage\":{\"@id\":\"https:\/\/www.africa-press.net\/angola\/all-news\/young-brigade-presents-a-collection-in-cabinda\"},\"wordCount\":350,\"commentCount\":0,\"image\":{\"@id\":\"https:\/\/www.africa-press.net\/angola\/all-news\/young-brigade-presents-a-collection-in-cabinda#primaryimage\"},\"thumbnailUrl\":\"https:\/\/static.africa-press.net\/angola\/sites\/65\/2022\/08\/postQueueImg_5-6300fc9f868c1.jpg\",\"keywords\":[\"Africa Press\",\"Africa Press-Angola\",\"Angola\"],\"articleSection\":[\"all news\",\"culture and art\",\"homepage-english\",\"twitter\"],\"inLanguage\":\"en-US\",\"potentialAction\":[{\"@type\":\"CommentAction\",\"name\":\"Comment\",\"target\":[\"https:\/\/www.africa-press.net\/angola\/all-news\/young-brigade-presents-a-collection-in-cabinda#respond\"]}]},{\"@type\":\"WebPage\",\"@id\":\"https:\/\/www.africa-press.net\/angola\/all-news\/young-brigade-presents-a-collection-in-cabinda\",\"url\":\"https:\/\/www.africa-press.net\/angola\/all-news\/young-brigade-presents-a-collection-in-cabinda\",\"name\":\"Young Brigade presents a collection in Cabinda - Angola\",\"isPartOf\":{\"@id\":\"https:\/\/www.africa-press.net\/angola\/#website\"},\"primaryImageOfPage\":{\"@id\":\"https:\/\/www.africa-press.net\/angola\/all-news\/young-brigade-presents-a-collection-in-cabinda#primaryimage\"},\"image\":{\"@id\":\"https:\/\/www.africa-press.net\/angola\/all-news\/young-brigade-presents-a-collection-in-cabinda#primaryimage\"},\"thumbnailUrl\":\"https:\/\/static.africa-press.net\/angola\/sites\/65\/2022\/08\/postQueueImg_5-6300fc9f868c1.jpg\",\"datePublished\":\"2022-08-20T14:03:56+00:00\",\"dateModified\":\"2022-08-20T15:24:33+00:00\",\"author\":{\"@id\":\"https:\/\/www.africa-press.net\/angola\/#\/schema\/person\/068c7ab4e9634ae78ec5d54ec46598bb\"},\"description\":\"The Young Angolan Literature Brigade (BJL) in Cabinda presented yesterday, in that city, the poetry collection \u201cGera\u00e7 ...\",\"breadcrumb\":{\"@id\":\"https:\/\/www.africa-press.net\/angola\/all-news\/young-brigade-presents-a-collection-in-cabinda#breadcrumb\"},\"inLanguage\":\"en-US\",\"potentialAction\":[{\"@type\":\"ReadAction\",\"target\":[\"https:\/\/www.africa-press.net\/angola\/all-news\/young-brigade-presents-a-collection-in-cabinda\"]}]},{\"@type\":\"ImageObject\",\"inLanguage\":\"en-US\",\"@id\":\"https:\/\/www.africa-press.net\/angola\/all-news\/young-brigade-presents-a-collection-in-cabinda#primaryimage\",\"url\":\"https:\/\/static.africa-press.net\/angola\/sites\/65\/2022\/08\/postQueueImg_5-6300fc9f868c1.jpg\",\"contentUrl\":\"https:\/\/static.africa-press.net\/angola\/sites\/65\/2022\/08\/postQueueImg_5-6300fc9f868c1.jpg\",\"width\":620,\"height\":355,\"caption\":\"Young Brigade presents a collection in Cabinda\"},{\"@type\":\"BreadcrumbList\",\"@id\":\"https:\/\/www.africa-press.net\/angola\/all-news\/young-brigade-presents-a-collection-in-cabinda#breadcrumb\",\"itemListElement\":[{\"@type\":\"ListItem\",\"position\":1,\"name\":\"Home\",\"item\":\"https:\/\/www.africa-press.net\/angola\/\"},{\"@type\":\"ListItem\",\"position\":2,\"name\":\"Young Brigade presents a collection in Cabinda\"}]},{\"@type\":\"WebSite\",\"@id\":\"https:\/\/www.africa-press.net\/angola\/#website\",\"url\":\"https:\/\/www.africa-press.net\/angola\/\",\"name\":\"Angola\",\"description\":\"Just another Africa News Agency Sites site\",\"potentialAction\":[{\"@type\":\"SearchAction\",\"target\":{\"@type\":\"EntryPoint\",\"urlTemplate\":\"https:\/\/www.africa-press.net\/angola\/?s={search_term_string}\"},\"query-input\":{\"@type\":\"PropertyValueSpecification\",\"valueRequired\":true,\"valueName\":\"search_term_string\"}}],\"inLanguage\":\"en-US\"},{\"@type\":\"Person\",\"@id\":\"https:\/\/www.africa-press.net\/angola\/#\/schema\/person\/068c7ab4e9634ae78ec5d54ec46598bb\",\"name\":\"cfeditoren\",\"image\":{\"@type\":\"ImageObject\",\"inLanguage\":\"en-US\",\"@id\":\"https:\/\/www.africa-press.net\/angola\/#\/schema\/person\/image\/\",\"url\":\"https:\/\/secure.gravatar.com\/avatar\/7417380fa9e23b5c57fdbfdaf3fdf92ee478f759a084addda5faa3732853e74a?s=96&d=mm&r=g\",\"contentUrl\":\"https:\/\/secure.gravatar.com\/avatar\/7417380fa9e23b5c57fdbfdaf3fdf92ee478f759a084addda5faa3732853e74a?s=96&d=mm&r=g\",\"caption\":\"cfeditoren\"}}]}<\/script>\n<!-- \/ Yoast SEO Premium plugin. -->","yoast_head_json":{"title":"Young Brigade presents a collection in Cabinda - Angola","description":"The Young Angolan Literature Brigade (BJL) in Cabinda presented yesterday, in that city, the poetry collection \u201cGera\u00e7 ...","robots":{"index":"index","follow":"follow","max-snippet":"max-snippet:-1","max-image-preview":"max-image-preview:large","max-video-preview":"max-video-preview:-1"},"canonical":"https:\/\/www.africa-press.net\/angola\/all-news\/young-brigade-presents-a-collection-in-cabinda","og_locale":"en_US","og_type":"article","og_title":"Young Brigade presents a collection in Cabinda","og_description":"The Young Angolan Literature Brigade (BJL) in Cabinda presented yesterday, in that city, the poetry collection \u201cGera\u00e7 ...","og_url":"https:\/\/www.africa-press.net\/angola\/all-news\/young-brigade-presents-a-collection-in-cabinda","og_site_name":"Angola","article_publisher":"https:\/\/www.facebook.com\/AfricaPressTunisiaa","article_published_time":"2022-08-20T14:03:56+00:00","article_modified_time":"2022-08-20T15:24:33+00:00","og_image":[{"width":620,"height":355,"url":"https:\/\/static.africa-press.net\/angola\/sites\/65\/2022\/08\/postQueueImg_5-6300fc9f868c1.jpg","type":"image\/jpeg"}],"author":"cfeditoren","twitter_card":"summary_large_image","twitter_misc":{"Written by":"cfeditoren","Est. reading time":"2 minutes"},"schema":{"@context":"https:\/\/schema.org","@graph":[{"@type":"Article","@id":"https:\/\/www.africa-press.net\/angola\/all-news\/young-brigade-presents-a-collection-in-cabinda#article","isPartOf":{"@id":"https:\/\/www.africa-press.net\/angola\/all-news\/young-brigade-presents-a-collection-in-cabinda"},"author":{"name":"cfeditoren","@id":"https:\/\/www.africa-press.net\/angola\/#\/schema\/person\/068c7ab4e9634ae78ec5d54ec46598bb"},"headline":"Young Brigade presents a collection in Cabinda","datePublished":"2022-08-20T14:03:56+00:00","dateModified":"2022-08-20T15:24:33+00:00","mainEntityOfPage":{"@id":"https:\/\/www.africa-press.net\/angola\/all-news\/young-brigade-presents-a-collection-in-cabinda"},"wordCount":350,"commentCount":0,"image":{"@id":"https:\/\/www.africa-press.net\/angola\/all-news\/young-brigade-presents-a-collection-in-cabinda#primaryimage"},"thumbnailUrl":"https:\/\/static.africa-press.net\/angola\/sites\/65\/2022\/08\/postQueueImg_5-6300fc9f868c1.jpg","keywords":["Africa Press","Africa Press-Angola","Angola"],"articleSection":["all news","culture and art","homepage-english","twitter"],"inLanguage":"en-US","potentialAction":[{"@type":"CommentAction","name":"Comment","target":["https:\/\/www.africa-press.net\/angola\/all-news\/young-brigade-presents-a-collection-in-cabinda#respond"]}]},{"@type":"WebPage","@id":"https:\/\/www.africa-press.net\/angola\/all-news\/young-brigade-presents-a-collection-in-cabinda","url":"https:\/\/www.africa-press.net\/angola\/all-news\/young-brigade-presents-a-collection-in-cabinda","name":"Young Brigade presents a collection in Cabinda - Angola","isPartOf":{"@id":"https:\/\/www.africa-press.net\/angola\/#website"},"primaryImageOfPage":{"@id":"https:\/\/www.africa-press.net\/angola\/all-news\/young-brigade-presents-a-collection-in-cabinda#primaryimage"},"image":{"@id":"https:\/\/www.africa-press.net\/angola\/all-news\/young-brigade-presents-a-collection-in-cabinda#primaryimage"},"thumbnailUrl":"https:\/\/static.africa-press.net\/angola\/sites\/65\/2022\/08\/postQueueImg_5-6300fc9f868c1.jpg","datePublished":"2022-08-20T14:03:56+00:00","dateModified":"2022-08-20T15:24:33+00:00","author":{"@id":"https:\/\/www.africa-press.net\/angola\/#\/schema\/person\/068c7ab4e9634ae78ec5d54ec46598bb"},"description":"The Young Angolan Literature Brigade (BJL) in Cabinda presented yesterday, in that city, the poetry collection \u201cGera\u00e7 ...","breadcrumb":{"@id":"https:\/\/www.africa-press.net\/angola\/all-news\/young-brigade-presents-a-collection-in-cabinda#breadcrumb"},"inLanguage":"en-US","potentialAction":[{"@type":"ReadAction","target":["https:\/\/www.africa-press.net\/angola\/all-news\/young-brigade-presents-a-collection-in-cabinda"]}]},{"@type":"ImageObject","inLanguage":"en-US","@id":"https:\/\/www.africa-press.net\/angola\/all-news\/young-brigade-presents-a-collection-in-cabinda#primaryimage","url":"https:\/\/static.africa-press.net\/angola\/sites\/65\/2022\/08\/postQueueImg_5-6300fc9f868c1.jpg","contentUrl":"https:\/\/static.africa-press.net\/angola\/sites\/65\/2022\/08\/postQueueImg_5-6300fc9f868c1.jpg","width":620,"height":355,"caption":"Young Brigade presents a collection in Cabinda"},{"@type":"BreadcrumbList","@id":"https:\/\/www.africa-press.net\/angola\/all-news\/young-brigade-presents-a-collection-in-cabinda#breadcrumb","itemListElement":[{"@type":"ListItem","position":1,"name":"Home","item":"https:\/\/www.africa-press.net\/angola\/"},{"@type":"ListItem","position":2,"name":"Young Brigade presents a collection in Cabinda"}]},{"@type":"WebSite","@id":"https:\/\/www.africa-press.net\/angola\/#website","url":"https:\/\/www.africa-press.net\/angola\/","name":"Angola","description":"Just another Africa News Agency Sites site","potentialAction":[{"@type":"SearchAction","target":{"@type":"EntryPoint","urlTemplate":"https:\/\/www.africa-press.net\/angola\/?s={search_term_string}"},"query-input":{"@type":"PropertyValueSpecification","valueRequired":true,"valueName":"search_term_string"}}],"inLanguage":"en-US"},{"@type":"Person","@id":"https:\/\/www.africa-press.net\/angola\/#\/schema\/person\/068c7ab4e9634ae78ec5d54ec46598bb","name":"cfeditoren","image":{"@type":"ImageObject","inLanguage":"en-US","@id":"https:\/\/www.africa-press.net\/angola\/#\/schema\/person\/image\/","url":"https:\/\/secure.gravatar.com\/avatar\/7417380fa9e23b5c57fdbfdaf3fdf92ee478f759a084addda5faa3732853e74a?s=96&d=mm&r=g","contentUrl":"https:\/\/secure.gravatar.com\/avatar\/7417380fa9e23b5c57fdbfdaf3fdf92ee478f759a084addda5faa3732853e74a?s=96&d=mm&r=g","caption":"cfeditoren"}}]}},"_links":{"self":[{"href":"https:\/\/www.africa-press.net\/angola\/wp-json\/wp\/v2\/posts\/14393","targetHints":{"allow":["GET"]}}],"collection":[{"href":"https:\/\/www.africa-press.net\/angola\/wp-json\/wp\/v2\/posts"}],"about":[{"href":"https:\/\/www.africa-press.net\/angola\/wp-json\/wp\/v2\/types\/post"}],"author":[{"embeddable":true,"href":"https:\/\/www.africa-press.net\/angola\/wp-json\/wp\/v2\/users\/84"}],"replies":[{"embeddable":true,"href":"https:\/\/www.africa-press.net\/angola\/wp-json\/wp\/v2\/comments?post=14393"}],"version-history":[{"count":0,"href":"https:\/\/www.africa-press.net\/angola\/wp-json\/wp\/v2\/posts\/14393\/revisions"}],"wp:featuredmedia":[{"embeddable":true,"href":"https:\/\/www.africa-press.net\/angola\/wp-json\/wp\/v2\/media\/14392"}],"wp:attachment":[{"href":"https:\/\/www.africa-press.net\/angola\/wp-json\/wp\/v2\/media?parent=14393"}],"wp:term":[{"taxonomy":"category","embeddable":true,"href":"https:\/\/www.africa-press.net\/angola\/wp-json\/wp\/v2\/categories?post=14393"},{"taxonomy":"post_tag","embeddable":true,"href":"https:\/\/www.africa-press.net\/angola\/wp-json\/wp\/v2\/tags?post=14393"}],"curies":[{"name":"wp","href":"https:\/\/api.w.org\/{rel}","templated":true}]}}