{"id":14417,"date":"2022-08-20T14:35:03","date_gmt":"2022-08-20T14:35:03","guid":{"rendered":"https:\/\/www.africa-press.net\/angola\/all-news\/head-of-state-congratulates-hungarian-counterpart"},"modified":"2022-08-20T15:31:36","modified_gmt":"2022-08-20T15:31:36","slug":"head-of-state-congratulates-hungarian-counterpart","status":"publish","type":"post","link":"https:\/\/www.africa-press.net\/angola\/all-news\/head-of-state-congratulates-hungarian-counterpart","title":{"rendered":"Head of State congratulates Hungarian counterpart"},"content":{"rendered":"<p><span style=\"color: #ff6600\"><strong>Africa-Press &#8211; Angola. <\/strong><\/span><b>The Head of State, Jo\u00e3o Louren\u00e7o, yesterday congratulated his counterpart Katalin Nov\u00e1k, the people and the Government of Hungary, on the day of the founding of the State, highlighting the progress that the country has achieved in all areas of national life.<\/b><\/p>\n<p>In the message, President Jo\u00e3o Louren\u00e7o highlights the progress that has allowed the country to strengthen itself, more and more, in the concert of European and other nations. He adds that Hungary, whose context has been increasingly respectable, takes a stand on the major issues of contemporary international relations.<\/p>\n<p>The Angolan Head of State also expressed Angola&#8217;s interest in continuing the important bilateral cooperation actions that the two countries have been undertaking, in order to expand and deepen them, for the benefit of the respective countries&#8217; progress and consolidation of the sovereign conquests achieved by Angola and Hungary.<\/p>\n<p>It should be remembered that cooperation relations between Angola and Hungary were established in 1977 through the signing of the Economic and Technical-Scientific Cooperation Agreement.<\/p>\n<p><strong>For More News And Analysis About <a href=\"https:\/\/www.africa-press.net\/angola\">Angola<\/a> Follow <a href=\"https:\/\/www.africa-press.net\/\">Africa-Press<\/a><\/strong><\/p>\n","protected":false},"excerpt":{"rendered":"<p>Africa-Press &#8211; Angola. The Head of State, Jo\u00e3o Louren\u00e7o, yesterday congratulated his counterpart Katalin Nov\u00e1k, the people and the Government of Hungary, on the day of the founding of the State, highlighting the progress that the country has achieved in all areas of national life. In the message, President Jo\u00e3o Louren\u00e7o highlights the progress that [&hellip;]<\/p>\n","protected":false},"author":84,"featured_media":14416,"comment_status":"open","ping_status":"open","sticky":false,"template":"","format":"standard","meta":{"footnotes":""},"categories":[2,8,12,16],"tags":[233,337,329],"class_list":["post-14417","post","type-post","status-publish","format-standard","has-post-thumbnail","hentry","category-all-news","category-homepage-english","category-policy","category-twitter","tag-africa-press","tag-africa-press-angola","tag-angola"],"yoast_head":"<!-- This site is optimized with the Yoast SEO Premium plugin v26.1 (Yoast SEO v27.0) - https:\/\/yoast.com\/product\/yoast-seo-premium-wordpress\/ -->\n<title>Head of State congratulates Hungarian counterpart - Angola<\/title>\n<meta name=\"description\" content=\"The Head of State, Jo\u00e3o Louren\u00e7o, yesterday congratulated his counterpart Katalin Nov\u00e1k, the people and the Governmen ...\" \/>\n<meta name=\"robots\" content=\"index, follow, max-snippet:-1, max-image-preview:large, max-video-preview:-1\" \/>\n<link rel=\"canonical\" href=\"https:\/\/www.africa-press.net\/angola\/all-news\/head-of-state-congratulates-hungarian-counterpart\" \/>\n<meta property=\"og:locale\" content=\"en_US\" \/>\n<meta property=\"og:type\" content=\"article\" \/>\n<meta property=\"og:title\" content=\"Head of State congratulates Hungarian counterpart\" \/>\n<meta property=\"og:description\" content=\"The Head of State, Jo\u00e3o Louren\u00e7o, yesterday congratulated his counterpart Katalin Nov\u00e1k, the people and the Governmen ...\" \/>\n<meta property=\"og:url\" content=\"https:\/\/www.africa-press.net\/angola\/all-news\/head-of-state-congratulates-hungarian-counterpart\" \/>\n<meta property=\"og:site_name\" content=\"Angola\" \/>\n<meta property=\"article:publisher\" content=\"https:\/\/www.facebook.com\/AfricaPressTunisiaa\" \/>\n<meta property=\"article:published_time\" content=\"2022-08-20T14:35:03+00:00\" \/>\n<meta property=\"article:modified_time\" content=\"2022-08-20T15:31:36+00:00\" \/>\n<meta property=\"og:image\" content=\"https:\/\/static.africa-press.net\/angola\/sites\/65\/2022\/08\/postQueueImg_16-6300fe4723d3e.jpg\" \/>\n\t<meta property=\"og:image:width\" content=\"620\" \/>\n\t<meta property=\"og:image:height\" content=\"355\" \/>\n\t<meta property=\"og:image:type\" content=\"image\/jpeg\" \/>\n<meta name=\"author\" content=\"cfeditoren\" \/>\n<meta name=\"twitter:card\" content=\"summary_large_image\" \/>\n<meta name=\"twitter:label1\" content=\"Written by\" \/>\n\t<meta name=\"twitter:data1\" content=\"cfeditoren\" \/>\n\t<meta name=\"twitter:label2\" content=\"Est. reading time\" \/>\n\t<meta name=\"twitter:data2\" content=\"1 minute\" \/>\n<script type=\"application\/ld+json\" class=\"yoast-schema-graph\">{\"@context\":\"https:\/\/schema.org\",\"@graph\":[{\"@type\":\"Article\",\"@id\":\"https:\/\/www.africa-press.net\/angola\/all-news\/head-of-state-congratulates-hungarian-counterpart#article\",\"isPartOf\":{\"@id\":\"https:\/\/www.africa-press.net\/angola\/all-news\/head-of-state-congratulates-hungarian-counterpart\"},\"author\":{\"name\":\"cfeditoren\",\"@id\":\"https:\/\/www.africa-press.net\/angola\/#\/schema\/person\/068c7ab4e9634ae78ec5d54ec46598bb\"},\"headline\":\"Head of State congratulates Hungarian counterpart\",\"datePublished\":\"2022-08-20T14:35:03+00:00\",\"dateModified\":\"2022-08-20T15:31:36+00:00\",\"mainEntityOfPage\":{\"@id\":\"https:\/\/www.africa-press.net\/angola\/all-news\/head-of-state-congratulates-hungarian-counterpart\"},\"wordCount\":188,\"commentCount\":0,\"image\":{\"@id\":\"https:\/\/www.africa-press.net\/angola\/all-news\/head-of-state-congratulates-hungarian-counterpart#primaryimage\"},\"thumbnailUrl\":\"https:\/\/static.africa-press.net\/angola\/sites\/65\/2022\/08\/postQueueImg_16-6300fe4723d3e.jpg\",\"keywords\":[\"Africa Press\",\"Africa Press-Angola\",\"Angola\"],\"articleSection\":[\"all news\",\"homepage-english\",\"policy\",\"twitter\"],\"inLanguage\":\"en-US\",\"potentialAction\":[{\"@type\":\"CommentAction\",\"name\":\"Comment\",\"target\":[\"https:\/\/www.africa-press.net\/angola\/all-news\/head-of-state-congratulates-hungarian-counterpart#respond\"]}]},{\"@type\":\"WebPage\",\"@id\":\"https:\/\/www.africa-press.net\/angola\/all-news\/head-of-state-congratulates-hungarian-counterpart\",\"url\":\"https:\/\/www.africa-press.net\/angola\/all-news\/head-of-state-congratulates-hungarian-counterpart\",\"name\":\"Head of State congratulates Hungarian counterpart - Angola\",\"isPartOf\":{\"@id\":\"https:\/\/www.africa-press.net\/angola\/#website\"},\"primaryImageOfPage\":{\"@id\":\"https:\/\/www.africa-press.net\/angola\/all-news\/head-of-state-congratulates-hungarian-counterpart#primaryimage\"},\"image\":{\"@id\":\"https:\/\/www.africa-press.net\/angola\/all-news\/head-of-state-congratulates-hungarian-counterpart#primaryimage\"},\"thumbnailUrl\":\"https:\/\/static.africa-press.net\/angola\/sites\/65\/2022\/08\/postQueueImg_16-6300fe4723d3e.jpg\",\"datePublished\":\"2022-08-20T14:35:03+00:00\",\"dateModified\":\"2022-08-20T15:31:36+00:00\",\"author\":{\"@id\":\"https:\/\/www.africa-press.net\/angola\/#\/schema\/person\/068c7ab4e9634ae78ec5d54ec46598bb\"},\"description\":\"The Head of State, Jo\u00e3o Louren\u00e7o, yesterday congratulated his counterpart Katalin Nov\u00e1k, the people and the Governmen ...\",\"breadcrumb\":{\"@id\":\"https:\/\/www.africa-press.net\/angola\/all-news\/head-of-state-congratulates-hungarian-counterpart#breadcrumb\"},\"inLanguage\":\"en-US\",\"potentialAction\":[{\"@type\":\"ReadAction\",\"target\":[\"https:\/\/www.africa-press.net\/angola\/all-news\/head-of-state-congratulates-hungarian-counterpart\"]}]},{\"@type\":\"ImageObject\",\"inLanguage\":\"en-US\",\"@id\":\"https:\/\/www.africa-press.net\/angola\/all-news\/head-of-state-congratulates-hungarian-counterpart#primaryimage\",\"url\":\"https:\/\/static.africa-press.net\/angola\/sites\/65\/2022\/08\/postQueueImg_16-6300fe4723d3e.jpg\",\"contentUrl\":\"https:\/\/static.africa-press.net\/angola\/sites\/65\/2022\/08\/postQueueImg_16-6300fe4723d3e.jpg\",\"width\":620,\"height\":355,\"caption\":\"Head of State congratulates Hungarian counterpart\"},{\"@type\":\"BreadcrumbList\",\"@id\":\"https:\/\/www.africa-press.net\/angola\/all-news\/head-of-state-congratulates-hungarian-counterpart#breadcrumb\",\"itemListElement\":[{\"@type\":\"ListItem\",\"position\":1,\"name\":\"Home\",\"item\":\"https:\/\/www.africa-press.net\/angola\/\"},{\"@type\":\"ListItem\",\"position\":2,\"name\":\"Head of State congratulates Hungarian counterpart\"}]},{\"@type\":\"WebSite\",\"@id\":\"https:\/\/www.africa-press.net\/angola\/#website\",\"url\":\"https:\/\/www.africa-press.net\/angola\/\",\"name\":\"Angola\",\"description\":\"Just another Africa News Agency Sites site\",\"potentialAction\":[{\"@type\":\"SearchAction\",\"target\":{\"@type\":\"EntryPoint\",\"urlTemplate\":\"https:\/\/www.africa-press.net\/angola\/?s={search_term_string}\"},\"query-input\":{\"@type\":\"PropertyValueSpecification\",\"valueRequired\":true,\"valueName\":\"search_term_string\"}}],\"inLanguage\":\"en-US\"},{\"@type\":\"Person\",\"@id\":\"https:\/\/www.africa-press.net\/angola\/#\/schema\/person\/068c7ab4e9634ae78ec5d54ec46598bb\",\"name\":\"cfeditoren\",\"image\":{\"@type\":\"ImageObject\",\"inLanguage\":\"en-US\",\"@id\":\"https:\/\/www.africa-press.net\/angola\/#\/schema\/person\/image\/\",\"url\":\"https:\/\/secure.gravatar.com\/avatar\/7417380fa9e23b5c57fdbfdaf3fdf92ee478f759a084addda5faa3732853e74a?s=96&d=mm&r=g\",\"contentUrl\":\"https:\/\/secure.gravatar.com\/avatar\/7417380fa9e23b5c57fdbfdaf3fdf92ee478f759a084addda5faa3732853e74a?s=96&d=mm&r=g\",\"caption\":\"cfeditoren\"}}]}<\/script>\n<!-- \/ Yoast SEO Premium plugin. -->","yoast_head_json":{"title":"Head of State congratulates Hungarian counterpart - Angola","description":"The Head of State, Jo\u00e3o Louren\u00e7o, yesterday congratulated his counterpart Katalin Nov\u00e1k, the people and the Governmen ...","robots":{"index":"index","follow":"follow","max-snippet":"max-snippet:-1","max-image-preview":"max-image-preview:large","max-video-preview":"max-video-preview:-1"},"canonical":"https:\/\/www.africa-press.net\/angola\/all-news\/head-of-state-congratulates-hungarian-counterpart","og_locale":"en_US","og_type":"article","og_title":"Head of State congratulates Hungarian counterpart","og_description":"The Head of State, Jo\u00e3o Louren\u00e7o, yesterday congratulated his counterpart Katalin Nov\u00e1k, the people and the Governmen ...","og_url":"https:\/\/www.africa-press.net\/angola\/all-news\/head-of-state-congratulates-hungarian-counterpart","og_site_name":"Angola","article_publisher":"https:\/\/www.facebook.com\/AfricaPressTunisiaa","article_published_time":"2022-08-20T14:35:03+00:00","article_modified_time":"2022-08-20T15:31:36+00:00","og_image":[{"width":620,"height":355,"url":"https:\/\/static.africa-press.net\/angola\/sites\/65\/2022\/08\/postQueueImg_16-6300fe4723d3e.jpg","type":"image\/jpeg"}],"author":"cfeditoren","twitter_card":"summary_large_image","twitter_misc":{"Written by":"cfeditoren","Est. reading time":"1 minute"},"schema":{"@context":"https:\/\/schema.org","@graph":[{"@type":"Article","@id":"https:\/\/www.africa-press.net\/angola\/all-news\/head-of-state-congratulates-hungarian-counterpart#article","isPartOf":{"@id":"https:\/\/www.africa-press.net\/angola\/all-news\/head-of-state-congratulates-hungarian-counterpart"},"author":{"name":"cfeditoren","@id":"https:\/\/www.africa-press.net\/angola\/#\/schema\/person\/068c7ab4e9634ae78ec5d54ec46598bb"},"headline":"Head of State congratulates Hungarian counterpart","datePublished":"2022-08-20T14:35:03+00:00","dateModified":"2022-08-20T15:31:36+00:00","mainEntityOfPage":{"@id":"https:\/\/www.africa-press.net\/angola\/all-news\/head-of-state-congratulates-hungarian-counterpart"},"wordCount":188,"commentCount":0,"image":{"@id":"https:\/\/www.africa-press.net\/angola\/all-news\/head-of-state-congratulates-hungarian-counterpart#primaryimage"},"thumbnailUrl":"https:\/\/static.africa-press.net\/angola\/sites\/65\/2022\/08\/postQueueImg_16-6300fe4723d3e.jpg","keywords":["Africa Press","Africa Press-Angola","Angola"],"articleSection":["all news","homepage-english","policy","twitter"],"inLanguage":"en-US","potentialAction":[{"@type":"CommentAction","name":"Comment","target":["https:\/\/www.africa-press.net\/angola\/all-news\/head-of-state-congratulates-hungarian-counterpart#respond"]}]},{"@type":"WebPage","@id":"https:\/\/www.africa-press.net\/angola\/all-news\/head-of-state-congratulates-hungarian-counterpart","url":"https:\/\/www.africa-press.net\/angola\/all-news\/head-of-state-congratulates-hungarian-counterpart","name":"Head of State congratulates Hungarian counterpart - Angola","isPartOf":{"@id":"https:\/\/www.africa-press.net\/angola\/#website"},"primaryImageOfPage":{"@id":"https:\/\/www.africa-press.net\/angola\/all-news\/head-of-state-congratulates-hungarian-counterpart#primaryimage"},"image":{"@id":"https:\/\/www.africa-press.net\/angola\/all-news\/head-of-state-congratulates-hungarian-counterpart#primaryimage"},"thumbnailUrl":"https:\/\/static.africa-press.net\/angola\/sites\/65\/2022\/08\/postQueueImg_16-6300fe4723d3e.jpg","datePublished":"2022-08-20T14:35:03+00:00","dateModified":"2022-08-20T15:31:36+00:00","author":{"@id":"https:\/\/www.africa-press.net\/angola\/#\/schema\/person\/068c7ab4e9634ae78ec5d54ec46598bb"},"description":"The Head of State, Jo\u00e3o Louren\u00e7o, yesterday congratulated his counterpart Katalin Nov\u00e1k, the people and the Governmen ...","breadcrumb":{"@id":"https:\/\/www.africa-press.net\/angola\/all-news\/head-of-state-congratulates-hungarian-counterpart#breadcrumb"},"inLanguage":"en-US","potentialAction":[{"@type":"ReadAction","target":["https:\/\/www.africa-press.net\/angola\/all-news\/head-of-state-congratulates-hungarian-counterpart"]}]},{"@type":"ImageObject","inLanguage":"en-US","@id":"https:\/\/www.africa-press.net\/angola\/all-news\/head-of-state-congratulates-hungarian-counterpart#primaryimage","url":"https:\/\/static.africa-press.net\/angola\/sites\/65\/2022\/08\/postQueueImg_16-6300fe4723d3e.jpg","contentUrl":"https:\/\/static.africa-press.net\/angola\/sites\/65\/2022\/08\/postQueueImg_16-6300fe4723d3e.jpg","width":620,"height":355,"caption":"Head of State congratulates Hungarian counterpart"},{"@type":"BreadcrumbList","@id":"https:\/\/www.africa-press.net\/angola\/all-news\/head-of-state-congratulates-hungarian-counterpart#breadcrumb","itemListElement":[{"@type":"ListItem","position":1,"name":"Home","item":"https:\/\/www.africa-press.net\/angola\/"},{"@type":"ListItem","position":2,"name":"Head of State congratulates Hungarian counterpart"}]},{"@type":"WebSite","@id":"https:\/\/www.africa-press.net\/angola\/#website","url":"https:\/\/www.africa-press.net\/angola\/","name":"Angola","description":"Just another Africa News Agency Sites site","potentialAction":[{"@type":"SearchAction","target":{"@type":"EntryPoint","urlTemplate":"https:\/\/www.africa-press.net\/angola\/?s={search_term_string}"},"query-input":{"@type":"PropertyValueSpecification","valueRequired":true,"valueName":"search_term_string"}}],"inLanguage":"en-US"},{"@type":"Person","@id":"https:\/\/www.africa-press.net\/angola\/#\/schema\/person\/068c7ab4e9634ae78ec5d54ec46598bb","name":"cfeditoren","image":{"@type":"ImageObject","inLanguage":"en-US","@id":"https:\/\/www.africa-press.net\/angola\/#\/schema\/person\/image\/","url":"https:\/\/secure.gravatar.com\/avatar\/7417380fa9e23b5c57fdbfdaf3fdf92ee478f759a084addda5faa3732853e74a?s=96&d=mm&r=g","contentUrl":"https:\/\/secure.gravatar.com\/avatar\/7417380fa9e23b5c57fdbfdaf3fdf92ee478f759a084addda5faa3732853e74a?s=96&d=mm&r=g","caption":"cfeditoren"}}]}},"_links":{"self":[{"href":"https:\/\/www.africa-press.net\/angola\/wp-json\/wp\/v2\/posts\/14417","targetHints":{"allow":["GET"]}}],"collection":[{"href":"https:\/\/www.africa-press.net\/angola\/wp-json\/wp\/v2\/posts"}],"about":[{"href":"https:\/\/www.africa-press.net\/angola\/wp-json\/wp\/v2\/types\/post"}],"author":[{"embeddable":true,"href":"https:\/\/www.africa-press.net\/angola\/wp-json\/wp\/v2\/users\/84"}],"replies":[{"embeddable":true,"href":"https:\/\/www.africa-press.net\/angola\/wp-json\/wp\/v2\/comments?post=14417"}],"version-history":[{"count":0,"href":"https:\/\/www.africa-press.net\/angola\/wp-json\/wp\/v2\/posts\/14417\/revisions"}],"wp:featuredmedia":[{"embeddable":true,"href":"https:\/\/www.africa-press.net\/angola\/wp-json\/wp\/v2\/media\/14416"}],"wp:attachment":[{"href":"https:\/\/www.africa-press.net\/angola\/wp-json\/wp\/v2\/media?parent=14417"}],"wp:term":[{"taxonomy":"category","embeddable":true,"href":"https:\/\/www.africa-press.net\/angola\/wp-json\/wp\/v2\/categories?post=14417"},{"taxonomy":"post_tag","embeddable":true,"href":"https:\/\/www.africa-press.net\/angola\/wp-json\/wp\/v2\/tags?post=14417"}],"curies":[{"name":"wp","href":"https:\/\/api.w.org\/{rel}","templated":true}]}}