{"id":14606,"date":"2022-08-23T09:39:41","date_gmt":"2022-08-23T09:39:41","guid":{"rendered":"https:\/\/www.africa-press.net\/angola\/all-news\/economic-reforms-with-internationally-recognized-successes"},"modified":"2022-08-23T11:12:29","modified_gmt":"2022-08-23T11:12:29","slug":"economic-reforms-with-internationally-recognized-successes","status":"publish","type":"post","link":"https:\/\/www.africa-press.net\/angola\/all-news\/economic-reforms-with-internationally-recognized-successes","title":{"rendered":"Economic reforms with &#8220;internationally recognized successes&#8221;"},"content":{"rendered":"<p><span style=\"color: #ff6600\"><strong>Africa-Press &#8211; Angola. <\/strong><\/span><b>The Minister of State for Economic Coordination, Manuel Nunes J\u00fanior, said recently in Luanda that the President of the Republic, Jo\u00e3o Louren\u00e7o, led the country&#8217;s economic reforms at challenging times and &#8220;with internationally recognized successes&#8221;.<\/b><\/p>\n<p>Speaking at the 3rd Political House Party, MPLA in dialogue with cadres, families and companies, in Luanda, Manuel Nunes J\u00fanior informed that the inflation rate could be around 19%, until the end of 2022.<\/p>\n<p>At the event, which took place under the slogan &#8220;Improvement of the Business Environment and Diversification of the Economy&#8221;, the inflation target for this year was lowered, due to the increase in the production of products of broad popular consumption and balance in the foreign exchange market.<\/p>\n<p>He made it known that for the next five years we are going to work to have a single-digit inflation rate, that is, around below 10%\u201d.<\/p>\n<p>The also member of the MPLA Political Bureau, who referred to trust as a fundamental element in life and business, argued: &#8220;Angolans should continue to bet on the MPLA and its leader because they are taking the country back to economic growth, after five years.&#8221;<\/p>\n<p>Still on the inflationary trend, he highlighted that the current situation is decreasing, which he considered to be a unique process because the world is experiencing moments of generalized price increases, due to fundamental issues of Covid-19 and also the impasse between Russia and to Ukraine.<\/p>\n<p>&#8220;In Angola, due to the concrete measures that have been taken to increase national production and, also, in advance of the economic reforms, especially the Strategic Food Reserve, we are therefore experiencing a situation of low prices which, in other words, is driving the country the reduction of inflation rates\u201d, he maintained.<\/p>\n<p>The leader of the economic team pointed to the need to continue working so that in the next five years the average growth of the economy is not less than 3.5%, he recognizes that it is a challenge since the population grows annually by about 3 %.<\/p>\n<p><b>Non-Oil Sector<\/b><\/p>\n<p>Regarding the growth of the non-oil sector, Manuel Nunes J\u00fanior said that in the next five years the Executive will work to ensure that it does not fall below 4.6% of the Gross Domestic Product (GDP).<\/p>\n<p>During his approach, he also highlighted the drop in the unemployment rate that has been occurring since the third quarter of 2021, where it stood at 34.1%, currently stands at around 30%.<\/p>\n<p>Manuel Nunes J\u00fanior was also concerned about the current levels, pointing to more energetic measures such as the emergence of free zones, which could lead to an acceleration of national production and a wide offer of employment. However, he highlighted the 2.3% increase in the second quarter.<\/p>\n<p>On the occasion, the Minister of State for Economic Coordination said that the reforms that were implemented from the macroeconomic point of view are for the development of the country, to create conditions for growth.<\/p>\n<p>\u201cEconomic growth is the key, we can have stable exchange rates, balanced budgets, if the country does not grow, there is no employment, there is no well-being\u201d, he concluded.<\/p>\n<p><strong>For More News And Analysis About <a href=\"https:\/\/www.africa-press.net\/angola\">Angola<\/a> Follow <a href=\"https:\/\/www.africa-press.net\/\">Africa-Press<\/a><\/strong><\/p>\n","protected":false},"excerpt":{"rendered":"<p>Africa-Press &#8211; Angola. The Minister of State for Economic Coordination, Manuel Nunes J\u00fanior, said recently in Luanda that the President of the Republic, Jo\u00e3o Louren\u00e7o, led the country&#8217;s economic reforms at challenging times and &#8220;with internationally recognized successes&#8221;. Speaking at the 3rd Political House Party, MPLA in dialogue with cadres, families and companies, in Luanda, [&hellip;]<\/p>\n","protected":false},"author":84,"featured_media":14605,"comment_status":"open","ping_status":"open","sticky":false,"template":"","format":"standard","meta":{"footnotes":""},"categories":[2,5,8,16],"tags":[233,337,329],"class_list":["post-14606","post","type-post","status-publish","format-standard","has-post-thumbnail","hentry","category-all-news","category-economy","category-homepage-english","category-twitter","tag-africa-press","tag-africa-press-angola","tag-angola"],"yoast_head":"<!-- This site is optimized with the Yoast SEO Premium plugin v26.1 (Yoast SEO v27.0) - https:\/\/yoast.com\/product\/yoast-seo-premium-wordpress\/ -->\n<title>Economic reforms with &quot;internationally recognized successes&quot; - Angola<\/title>\n<meta name=\"description\" content=\"The Minister of State for Economic Coordination, Manuel Nunes J\u00fanior, said recently in Luanda that the President of t ...\" \/>\n<meta name=\"robots\" content=\"index, follow, max-snippet:-1, max-image-preview:large, max-video-preview:-1\" \/>\n<link rel=\"canonical\" href=\"https:\/\/www.africa-press.net\/angola\/all-news\/economic-reforms-with-internationally-recognized-successes\" \/>\n<meta property=\"og:locale\" content=\"en_US\" \/>\n<meta property=\"og:type\" content=\"article\" \/>\n<meta property=\"og:title\" content=\"Economic reforms with &quot;internationally recognized successes&quot;\" \/>\n<meta property=\"og:description\" content=\"The Minister of State for Economic Coordination, Manuel Nunes J\u00fanior, said recently in Luanda that the President of t ...\" \/>\n<meta property=\"og:url\" content=\"https:\/\/www.africa-press.net\/angola\/all-news\/economic-reforms-with-internationally-recognized-successes\" \/>\n<meta property=\"og:site_name\" content=\"Angola\" \/>\n<meta property=\"article:publisher\" content=\"https:\/\/www.facebook.com\/AfricaPressTunisiaa\" \/>\n<meta property=\"article:published_time\" content=\"2022-08-23T09:39:41+00:00\" \/>\n<meta property=\"article:modified_time\" content=\"2022-08-23T11:12:29+00:00\" \/>\n<meta property=\"og:image\" content=\"https:\/\/static.africa-press.net\/angola\/sites\/65\/2022\/08\/postQueueImg_17-6304b5f9e3aa2.jpg\" \/>\n\t<meta property=\"og:image:width\" content=\"620\" \/>\n\t<meta property=\"og:image:height\" content=\"355\" \/>\n\t<meta property=\"og:image:type\" content=\"image\/jpeg\" \/>\n<meta name=\"author\" content=\"cfeditoren\" \/>\n<meta name=\"twitter:card\" content=\"summary_large_image\" \/>\n<meta name=\"twitter:label1\" content=\"Written by\" \/>\n\t<meta name=\"twitter:data1\" content=\"cfeditoren\" \/>\n\t<meta name=\"twitter:label2\" content=\"Est. reading time\" \/>\n\t<meta name=\"twitter:data2\" content=\"3 minutes\" \/>\n<script type=\"application\/ld+json\" class=\"yoast-schema-graph\">{\"@context\":\"https:\/\/schema.org\",\"@graph\":[{\"@type\":\"Article\",\"@id\":\"https:\/\/www.africa-press.net\/angola\/all-news\/economic-reforms-with-internationally-recognized-successes#article\",\"isPartOf\":{\"@id\":\"https:\/\/www.africa-press.net\/angola\/all-news\/economic-reforms-with-internationally-recognized-successes\"},\"author\":{\"name\":\"cfeditoren\",\"@id\":\"https:\/\/www.africa-press.net\/angola\/#\/schema\/person\/068c7ab4e9634ae78ec5d54ec46598bb\"},\"headline\":\"Economic reforms with &#8220;internationally recognized successes&#8221;\",\"datePublished\":\"2022-08-23T09:39:41+00:00\",\"dateModified\":\"2022-08-23T11:12:29+00:00\",\"mainEntityOfPage\":{\"@id\":\"https:\/\/www.africa-press.net\/angola\/all-news\/economic-reforms-with-internationally-recognized-successes\"},\"wordCount\":527,\"commentCount\":0,\"image\":{\"@id\":\"https:\/\/www.africa-press.net\/angola\/all-news\/economic-reforms-with-internationally-recognized-successes#primaryimage\"},\"thumbnailUrl\":\"https:\/\/static.africa-press.net\/angola\/sites\/65\/2022\/08\/postQueueImg_17-6304b5f9e3aa2.jpg\",\"keywords\":[\"Africa Press\",\"Africa Press-Angola\",\"Angola\"],\"articleSection\":[\"all news\",\"economy\",\"homepage-english\",\"twitter\"],\"inLanguage\":\"en-US\",\"potentialAction\":[{\"@type\":\"CommentAction\",\"name\":\"Comment\",\"target\":[\"https:\/\/www.africa-press.net\/angola\/all-news\/economic-reforms-with-internationally-recognized-successes#respond\"]}]},{\"@type\":\"WebPage\",\"@id\":\"https:\/\/www.africa-press.net\/angola\/all-news\/economic-reforms-with-internationally-recognized-successes\",\"url\":\"https:\/\/www.africa-press.net\/angola\/all-news\/economic-reforms-with-internationally-recognized-successes\",\"name\":\"Economic reforms with \\\"internationally recognized successes\\\" - Angola\",\"isPartOf\":{\"@id\":\"https:\/\/www.africa-press.net\/angola\/#website\"},\"primaryImageOfPage\":{\"@id\":\"https:\/\/www.africa-press.net\/angola\/all-news\/economic-reforms-with-internationally-recognized-successes#primaryimage\"},\"image\":{\"@id\":\"https:\/\/www.africa-press.net\/angola\/all-news\/economic-reforms-with-internationally-recognized-successes#primaryimage\"},\"thumbnailUrl\":\"https:\/\/static.africa-press.net\/angola\/sites\/65\/2022\/08\/postQueueImg_17-6304b5f9e3aa2.jpg\",\"datePublished\":\"2022-08-23T09:39:41+00:00\",\"dateModified\":\"2022-08-23T11:12:29+00:00\",\"author\":{\"@id\":\"https:\/\/www.africa-press.net\/angola\/#\/schema\/person\/068c7ab4e9634ae78ec5d54ec46598bb\"},\"description\":\"The Minister of State for Economic Coordination, Manuel Nunes J\u00fanior, said recently in Luanda that the President of t ...\",\"breadcrumb\":{\"@id\":\"https:\/\/www.africa-press.net\/angola\/all-news\/economic-reforms-with-internationally-recognized-successes#breadcrumb\"},\"inLanguage\":\"en-US\",\"potentialAction\":[{\"@type\":\"ReadAction\",\"target\":[\"https:\/\/www.africa-press.net\/angola\/all-news\/economic-reforms-with-internationally-recognized-successes\"]}]},{\"@type\":\"ImageObject\",\"inLanguage\":\"en-US\",\"@id\":\"https:\/\/www.africa-press.net\/angola\/all-news\/economic-reforms-with-internationally-recognized-successes#primaryimage\",\"url\":\"https:\/\/static.africa-press.net\/angola\/sites\/65\/2022\/08\/postQueueImg_17-6304b5f9e3aa2.jpg\",\"contentUrl\":\"https:\/\/static.africa-press.net\/angola\/sites\/65\/2022\/08\/postQueueImg_17-6304b5f9e3aa2.jpg\",\"width\":620,\"height\":355,\"caption\":\"Economic reforms with \\\"internationally recognized successes\\\"\"},{\"@type\":\"BreadcrumbList\",\"@id\":\"https:\/\/www.africa-press.net\/angola\/all-news\/economic-reforms-with-internationally-recognized-successes#breadcrumb\",\"itemListElement\":[{\"@type\":\"ListItem\",\"position\":1,\"name\":\"Home\",\"item\":\"https:\/\/www.africa-press.net\/angola\/\"},{\"@type\":\"ListItem\",\"position\":2,\"name\":\"Economic reforms with &#8220;internationally recognized successes&#8221;\"}]},{\"@type\":\"WebSite\",\"@id\":\"https:\/\/www.africa-press.net\/angola\/#website\",\"url\":\"https:\/\/www.africa-press.net\/angola\/\",\"name\":\"Angola\",\"description\":\"Just another Africa News Agency Sites site\",\"potentialAction\":[{\"@type\":\"SearchAction\",\"target\":{\"@type\":\"EntryPoint\",\"urlTemplate\":\"https:\/\/www.africa-press.net\/angola\/?s={search_term_string}\"},\"query-input\":{\"@type\":\"PropertyValueSpecification\",\"valueRequired\":true,\"valueName\":\"search_term_string\"}}],\"inLanguage\":\"en-US\"},{\"@type\":\"Person\",\"@id\":\"https:\/\/www.africa-press.net\/angola\/#\/schema\/person\/068c7ab4e9634ae78ec5d54ec46598bb\",\"name\":\"cfeditoren\",\"image\":{\"@type\":\"ImageObject\",\"inLanguage\":\"en-US\",\"@id\":\"https:\/\/www.africa-press.net\/angola\/#\/schema\/person\/image\/\",\"url\":\"https:\/\/secure.gravatar.com\/avatar\/7417380fa9e23b5c57fdbfdaf3fdf92ee478f759a084addda5faa3732853e74a?s=96&d=mm&r=g\",\"contentUrl\":\"https:\/\/secure.gravatar.com\/avatar\/7417380fa9e23b5c57fdbfdaf3fdf92ee478f759a084addda5faa3732853e74a?s=96&d=mm&r=g\",\"caption\":\"cfeditoren\"}}]}<\/script>\n<!-- \/ Yoast SEO Premium plugin. -->","yoast_head_json":{"title":"Economic reforms with \"internationally recognized successes\" - Angola","description":"The Minister of State for Economic Coordination, Manuel Nunes J\u00fanior, said recently in Luanda that the President of t ...","robots":{"index":"index","follow":"follow","max-snippet":"max-snippet:-1","max-image-preview":"max-image-preview:large","max-video-preview":"max-video-preview:-1"},"canonical":"https:\/\/www.africa-press.net\/angola\/all-news\/economic-reforms-with-internationally-recognized-successes","og_locale":"en_US","og_type":"article","og_title":"Economic reforms with \"internationally recognized successes\"","og_description":"The Minister of State for Economic Coordination, Manuel Nunes J\u00fanior, said recently in Luanda that the President of t ...","og_url":"https:\/\/www.africa-press.net\/angola\/all-news\/economic-reforms-with-internationally-recognized-successes","og_site_name":"Angola","article_publisher":"https:\/\/www.facebook.com\/AfricaPressTunisiaa","article_published_time":"2022-08-23T09:39:41+00:00","article_modified_time":"2022-08-23T11:12:29+00:00","og_image":[{"width":620,"height":355,"url":"https:\/\/static.africa-press.net\/angola\/sites\/65\/2022\/08\/postQueueImg_17-6304b5f9e3aa2.jpg","type":"image\/jpeg"}],"author":"cfeditoren","twitter_card":"summary_large_image","twitter_misc":{"Written by":"cfeditoren","Est. reading time":"3 minutes"},"schema":{"@context":"https:\/\/schema.org","@graph":[{"@type":"Article","@id":"https:\/\/www.africa-press.net\/angola\/all-news\/economic-reforms-with-internationally-recognized-successes#article","isPartOf":{"@id":"https:\/\/www.africa-press.net\/angola\/all-news\/economic-reforms-with-internationally-recognized-successes"},"author":{"name":"cfeditoren","@id":"https:\/\/www.africa-press.net\/angola\/#\/schema\/person\/068c7ab4e9634ae78ec5d54ec46598bb"},"headline":"Economic reforms with &#8220;internationally recognized successes&#8221;","datePublished":"2022-08-23T09:39:41+00:00","dateModified":"2022-08-23T11:12:29+00:00","mainEntityOfPage":{"@id":"https:\/\/www.africa-press.net\/angola\/all-news\/economic-reforms-with-internationally-recognized-successes"},"wordCount":527,"commentCount":0,"image":{"@id":"https:\/\/www.africa-press.net\/angola\/all-news\/economic-reforms-with-internationally-recognized-successes#primaryimage"},"thumbnailUrl":"https:\/\/static.africa-press.net\/angola\/sites\/65\/2022\/08\/postQueueImg_17-6304b5f9e3aa2.jpg","keywords":["Africa Press","Africa Press-Angola","Angola"],"articleSection":["all news","economy","homepage-english","twitter"],"inLanguage":"en-US","potentialAction":[{"@type":"CommentAction","name":"Comment","target":["https:\/\/www.africa-press.net\/angola\/all-news\/economic-reforms-with-internationally-recognized-successes#respond"]}]},{"@type":"WebPage","@id":"https:\/\/www.africa-press.net\/angola\/all-news\/economic-reforms-with-internationally-recognized-successes","url":"https:\/\/www.africa-press.net\/angola\/all-news\/economic-reforms-with-internationally-recognized-successes","name":"Economic reforms with \"internationally recognized successes\" - Angola","isPartOf":{"@id":"https:\/\/www.africa-press.net\/angola\/#website"},"primaryImageOfPage":{"@id":"https:\/\/www.africa-press.net\/angola\/all-news\/economic-reforms-with-internationally-recognized-successes#primaryimage"},"image":{"@id":"https:\/\/www.africa-press.net\/angola\/all-news\/economic-reforms-with-internationally-recognized-successes#primaryimage"},"thumbnailUrl":"https:\/\/static.africa-press.net\/angola\/sites\/65\/2022\/08\/postQueueImg_17-6304b5f9e3aa2.jpg","datePublished":"2022-08-23T09:39:41+00:00","dateModified":"2022-08-23T11:12:29+00:00","author":{"@id":"https:\/\/www.africa-press.net\/angola\/#\/schema\/person\/068c7ab4e9634ae78ec5d54ec46598bb"},"description":"The Minister of State for Economic Coordination, Manuel Nunes J\u00fanior, said recently in Luanda that the President of t ...","breadcrumb":{"@id":"https:\/\/www.africa-press.net\/angola\/all-news\/economic-reforms-with-internationally-recognized-successes#breadcrumb"},"inLanguage":"en-US","potentialAction":[{"@type":"ReadAction","target":["https:\/\/www.africa-press.net\/angola\/all-news\/economic-reforms-with-internationally-recognized-successes"]}]},{"@type":"ImageObject","inLanguage":"en-US","@id":"https:\/\/www.africa-press.net\/angola\/all-news\/economic-reforms-with-internationally-recognized-successes#primaryimage","url":"https:\/\/static.africa-press.net\/angola\/sites\/65\/2022\/08\/postQueueImg_17-6304b5f9e3aa2.jpg","contentUrl":"https:\/\/static.africa-press.net\/angola\/sites\/65\/2022\/08\/postQueueImg_17-6304b5f9e3aa2.jpg","width":620,"height":355,"caption":"Economic reforms with \"internationally recognized successes\""},{"@type":"BreadcrumbList","@id":"https:\/\/www.africa-press.net\/angola\/all-news\/economic-reforms-with-internationally-recognized-successes#breadcrumb","itemListElement":[{"@type":"ListItem","position":1,"name":"Home","item":"https:\/\/www.africa-press.net\/angola\/"},{"@type":"ListItem","position":2,"name":"Economic reforms with &#8220;internationally recognized successes&#8221;"}]},{"@type":"WebSite","@id":"https:\/\/www.africa-press.net\/angola\/#website","url":"https:\/\/www.africa-press.net\/angola\/","name":"Angola","description":"Just another Africa News Agency Sites site","potentialAction":[{"@type":"SearchAction","target":{"@type":"EntryPoint","urlTemplate":"https:\/\/www.africa-press.net\/angola\/?s={search_term_string}"},"query-input":{"@type":"PropertyValueSpecification","valueRequired":true,"valueName":"search_term_string"}}],"inLanguage":"en-US"},{"@type":"Person","@id":"https:\/\/www.africa-press.net\/angola\/#\/schema\/person\/068c7ab4e9634ae78ec5d54ec46598bb","name":"cfeditoren","image":{"@type":"ImageObject","inLanguage":"en-US","@id":"https:\/\/www.africa-press.net\/angola\/#\/schema\/person\/image\/","url":"https:\/\/secure.gravatar.com\/avatar\/7417380fa9e23b5c57fdbfdaf3fdf92ee478f759a084addda5faa3732853e74a?s=96&d=mm&r=g","contentUrl":"https:\/\/secure.gravatar.com\/avatar\/7417380fa9e23b5c57fdbfdaf3fdf92ee478f759a084addda5faa3732853e74a?s=96&d=mm&r=g","caption":"cfeditoren"}}]}},"_links":{"self":[{"href":"https:\/\/www.africa-press.net\/angola\/wp-json\/wp\/v2\/posts\/14606","targetHints":{"allow":["GET"]}}],"collection":[{"href":"https:\/\/www.africa-press.net\/angola\/wp-json\/wp\/v2\/posts"}],"about":[{"href":"https:\/\/www.africa-press.net\/angola\/wp-json\/wp\/v2\/types\/post"}],"author":[{"embeddable":true,"href":"https:\/\/www.africa-press.net\/angola\/wp-json\/wp\/v2\/users\/84"}],"replies":[{"embeddable":true,"href":"https:\/\/www.africa-press.net\/angola\/wp-json\/wp\/v2\/comments?post=14606"}],"version-history":[{"count":0,"href":"https:\/\/www.africa-press.net\/angola\/wp-json\/wp\/v2\/posts\/14606\/revisions"}],"wp:featuredmedia":[{"embeddable":true,"href":"https:\/\/www.africa-press.net\/angola\/wp-json\/wp\/v2\/media\/14605"}],"wp:attachment":[{"href":"https:\/\/www.africa-press.net\/angola\/wp-json\/wp\/v2\/media?parent=14606"}],"wp:term":[{"taxonomy":"category","embeddable":true,"href":"https:\/\/www.africa-press.net\/angola\/wp-json\/wp\/v2\/categories?post=14606"},{"taxonomy":"post_tag","embeddable":true,"href":"https:\/\/www.africa-press.net\/angola\/wp-json\/wp\/v2\/tags?post=14606"}],"curies":[{"name":"wp","href":"https:\/\/api.w.org\/{rel}","templated":true}]}}