{"id":14698,"date":"2022-08-24T14:10:07","date_gmt":"2022-08-24T14:10:07","guid":{"rendered":"https:\/\/www.africa-press.net\/angola\/all-news\/governor-of-uige-asks-voters-for-serenity"},"modified":"2022-08-24T15:29:19","modified_gmt":"2022-08-24T15:29:19","slug":"governor-of-uige-asks-voters-for-serenity","status":"publish","type":"post","link":"https:\/\/www.africa-press.net\/angola\/all-news\/governor-of-uige-asks-voters-for-serenity","title":{"rendered":"Governor of U\u00edge asks voters for serenity"},"content":{"rendered":"<p><span style=\"color: #ff6600\"><strong>Africa-Press &#8211; Angola. <\/strong><\/span><b>The provincial governor of U\u00edge, Jos\u00e9 Carvalho da Rocha, was the first citizen to exercise the right to vote, having appealed to voters for serenity.<\/b><\/p>\n<p>The official arrived at seven o&#8217;clock at polling station number 2,587, polling station number one where he complied with the process procedures and dipped his index finger in the indelible ink after placing the ballot paper in the urn.<\/p>\n<p>On the occasion, Jos\u00e9 Carvalho da Rocha asked all voters for serenity so that the party of democracy takes place in an environment of peace and fraternity, putting national interests above personal interests.<\/p>\n<p><strong>For More News And Analysis About <a href=\"https:\/\/www.africa-press.net\/angola\">Angola<\/a> Follow <a href=\"https:\/\/www.africa-press.net\/\">Africa-Press<\/a><\/strong><\/p>\n","protected":false},"excerpt":{"rendered":"<p>Africa-Press &#8211; Angola. The provincial governor of U\u00edge, Jos\u00e9 Carvalho da Rocha, was the first citizen to exercise the right to vote, having appealed to voters for serenity. The official arrived at seven o&#8217;clock at polling station number 2,587, polling station number one where he complied with the process procedures and dipped his index finger [&hellip;]<\/p>\n","protected":false},"author":84,"featured_media":14697,"comment_status":"open","ping_status":"open","sticky":false,"template":"","format":"standard","meta":{"footnotes":""},"categories":[2,8,12,16],"tags":[233,337,329],"class_list":["post-14698","post","type-post","status-publish","format-standard","has-post-thumbnail","hentry","category-all-news","category-homepage-english","category-policy","category-twitter","tag-africa-press","tag-africa-press-angola","tag-angola"],"yoast_head":"<!-- This site is optimized with the Yoast SEO Premium plugin v26.1 (Yoast SEO v27.0) - https:\/\/yoast.com\/product\/yoast-seo-premium-wordpress\/ -->\n<title>Governor of U\u00edge asks voters for serenity - Angola<\/title>\n<meta name=\"description\" content=\"The provincial governor of U\u00edge, Jos\u00e9 Carvalho da Rocha, was the first citizen to exercise the right to vote, having ...\" \/>\n<meta name=\"robots\" content=\"index, follow, max-snippet:-1, max-image-preview:large, max-video-preview:-1\" \/>\n<link rel=\"canonical\" href=\"https:\/\/www.africa-press.net\/angola\/all-news\/governor-of-uige-asks-voters-for-serenity\" \/>\n<meta property=\"og:locale\" content=\"en_US\" \/>\n<meta property=\"og:type\" content=\"article\" \/>\n<meta property=\"og:title\" content=\"Governor of U\u00edge asks voters for serenity\" \/>\n<meta property=\"og:description\" content=\"The provincial governor of U\u00edge, Jos\u00e9 Carvalho da Rocha, was the first citizen to exercise the right to vote, having ...\" \/>\n<meta property=\"og:url\" content=\"https:\/\/www.africa-press.net\/angola\/all-news\/governor-of-uige-asks-voters-for-serenity\" \/>\n<meta property=\"og:site_name\" content=\"Angola\" \/>\n<meta property=\"article:publisher\" content=\"https:\/\/www.facebook.com\/AfricaPressTunisiaa\" \/>\n<meta property=\"article:published_time\" content=\"2022-08-24T14:10:07+00:00\" \/>\n<meta property=\"article:modified_time\" content=\"2022-08-24T15:29:19+00:00\" \/>\n<meta property=\"og:image\" content=\"https:\/\/static.africa-press.net\/angola\/sites\/65\/2022\/08\/postQueueImg_35-630643bbe7520.jpg\" \/>\n\t<meta property=\"og:image:width\" content=\"620\" \/>\n\t<meta property=\"og:image:height\" content=\"372\" \/>\n\t<meta property=\"og:image:type\" content=\"image\/jpeg\" \/>\n<meta name=\"author\" content=\"cfeditoren\" \/>\n<meta name=\"twitter:card\" content=\"summary_large_image\" \/>\n<meta name=\"twitter:label1\" content=\"Written by\" \/>\n\t<meta name=\"twitter:data1\" content=\"cfeditoren\" \/>\n\t<meta name=\"twitter:label2\" content=\"Est. reading time\" \/>\n\t<meta name=\"twitter:data2\" content=\"1 minute\" \/>\n<script type=\"application\/ld+json\" class=\"yoast-schema-graph\">{\"@context\":\"https:\/\/schema.org\",\"@graph\":[{\"@type\":\"Article\",\"@id\":\"https:\/\/www.africa-press.net\/angola\/all-news\/governor-of-uige-asks-voters-for-serenity#article\",\"isPartOf\":{\"@id\":\"https:\/\/www.africa-press.net\/angola\/all-news\/governor-of-uige-asks-voters-for-serenity\"},\"author\":{\"name\":\"cfeditoren\",\"@id\":\"https:\/\/www.africa-press.net\/angola\/#\/schema\/person\/068c7ab4e9634ae78ec5d54ec46598bb\"},\"headline\":\"Governor of U\u00edge asks voters for serenity\",\"datePublished\":\"2022-08-24T14:10:07+00:00\",\"dateModified\":\"2022-08-24T15:29:19+00:00\",\"mainEntityOfPage\":{\"@id\":\"https:\/\/www.africa-press.net\/angola\/all-news\/governor-of-uige-asks-voters-for-serenity\"},\"wordCount\":118,\"commentCount\":0,\"image\":{\"@id\":\"https:\/\/www.africa-press.net\/angola\/all-news\/governor-of-uige-asks-voters-for-serenity#primaryimage\"},\"thumbnailUrl\":\"https:\/\/static.africa-press.net\/angola\/sites\/65\/2022\/08\/postQueueImg_35-630643bbe7520.jpg\",\"keywords\":[\"Africa Press\",\"Africa Press-Angola\",\"Angola\"],\"articleSection\":[\"all news\",\"homepage-english\",\"policy\",\"twitter\"],\"inLanguage\":\"en-US\",\"potentialAction\":[{\"@type\":\"CommentAction\",\"name\":\"Comment\",\"target\":[\"https:\/\/www.africa-press.net\/angola\/all-news\/governor-of-uige-asks-voters-for-serenity#respond\"]}]},{\"@type\":\"WebPage\",\"@id\":\"https:\/\/www.africa-press.net\/angola\/all-news\/governor-of-uige-asks-voters-for-serenity\",\"url\":\"https:\/\/www.africa-press.net\/angola\/all-news\/governor-of-uige-asks-voters-for-serenity\",\"name\":\"Governor of U\u00edge asks voters for serenity - Angola\",\"isPartOf\":{\"@id\":\"https:\/\/www.africa-press.net\/angola\/#website\"},\"primaryImageOfPage\":{\"@id\":\"https:\/\/www.africa-press.net\/angola\/all-news\/governor-of-uige-asks-voters-for-serenity#primaryimage\"},\"image\":{\"@id\":\"https:\/\/www.africa-press.net\/angola\/all-news\/governor-of-uige-asks-voters-for-serenity#primaryimage\"},\"thumbnailUrl\":\"https:\/\/static.africa-press.net\/angola\/sites\/65\/2022\/08\/postQueueImg_35-630643bbe7520.jpg\",\"datePublished\":\"2022-08-24T14:10:07+00:00\",\"dateModified\":\"2022-08-24T15:29:19+00:00\",\"author\":{\"@id\":\"https:\/\/www.africa-press.net\/angola\/#\/schema\/person\/068c7ab4e9634ae78ec5d54ec46598bb\"},\"description\":\"The provincial governor of U\u00edge, Jos\u00e9 Carvalho da Rocha, was the first citizen to exercise the right to vote, having ...\",\"breadcrumb\":{\"@id\":\"https:\/\/www.africa-press.net\/angola\/all-news\/governor-of-uige-asks-voters-for-serenity#breadcrumb\"},\"inLanguage\":\"en-US\",\"potentialAction\":[{\"@type\":\"ReadAction\",\"target\":[\"https:\/\/www.africa-press.net\/angola\/all-news\/governor-of-uige-asks-voters-for-serenity\"]}]},{\"@type\":\"ImageObject\",\"inLanguage\":\"en-US\",\"@id\":\"https:\/\/www.africa-press.net\/angola\/all-news\/governor-of-uige-asks-voters-for-serenity#primaryimage\",\"url\":\"https:\/\/static.africa-press.net\/angola\/sites\/65\/2022\/08\/postQueueImg_35-630643bbe7520.jpg\",\"contentUrl\":\"https:\/\/static.africa-press.net\/angola\/sites\/65\/2022\/08\/postQueueImg_35-630643bbe7520.jpg\",\"width\":620,\"height\":372,\"caption\":\"Governor of U\u00edge asks voters for serenity\"},{\"@type\":\"BreadcrumbList\",\"@id\":\"https:\/\/www.africa-press.net\/angola\/all-news\/governor-of-uige-asks-voters-for-serenity#breadcrumb\",\"itemListElement\":[{\"@type\":\"ListItem\",\"position\":1,\"name\":\"Home\",\"item\":\"https:\/\/www.africa-press.net\/angola\/\"},{\"@type\":\"ListItem\",\"position\":2,\"name\":\"Governor of U\u00edge asks voters for serenity\"}]},{\"@type\":\"WebSite\",\"@id\":\"https:\/\/www.africa-press.net\/angola\/#website\",\"url\":\"https:\/\/www.africa-press.net\/angola\/\",\"name\":\"Angola\",\"description\":\"Just another Africa News Agency Sites site\",\"potentialAction\":[{\"@type\":\"SearchAction\",\"target\":{\"@type\":\"EntryPoint\",\"urlTemplate\":\"https:\/\/www.africa-press.net\/angola\/?s={search_term_string}\"},\"query-input\":{\"@type\":\"PropertyValueSpecification\",\"valueRequired\":true,\"valueName\":\"search_term_string\"}}],\"inLanguage\":\"en-US\"},{\"@type\":\"Person\",\"@id\":\"https:\/\/www.africa-press.net\/angola\/#\/schema\/person\/068c7ab4e9634ae78ec5d54ec46598bb\",\"name\":\"cfeditoren\",\"image\":{\"@type\":\"ImageObject\",\"inLanguage\":\"en-US\",\"@id\":\"https:\/\/www.africa-press.net\/angola\/#\/schema\/person\/image\/\",\"url\":\"https:\/\/secure.gravatar.com\/avatar\/7417380fa9e23b5c57fdbfdaf3fdf92ee478f759a084addda5faa3732853e74a?s=96&d=mm&r=g\",\"contentUrl\":\"https:\/\/secure.gravatar.com\/avatar\/7417380fa9e23b5c57fdbfdaf3fdf92ee478f759a084addda5faa3732853e74a?s=96&d=mm&r=g\",\"caption\":\"cfeditoren\"}}]}<\/script>\n<!-- \/ Yoast SEO Premium plugin. -->","yoast_head_json":{"title":"Governor of U\u00edge asks voters for serenity - Angola","description":"The provincial governor of U\u00edge, Jos\u00e9 Carvalho da Rocha, was the first citizen to exercise the right to vote, having ...","robots":{"index":"index","follow":"follow","max-snippet":"max-snippet:-1","max-image-preview":"max-image-preview:large","max-video-preview":"max-video-preview:-1"},"canonical":"https:\/\/www.africa-press.net\/angola\/all-news\/governor-of-uige-asks-voters-for-serenity","og_locale":"en_US","og_type":"article","og_title":"Governor of U\u00edge asks voters for serenity","og_description":"The provincial governor of U\u00edge, Jos\u00e9 Carvalho da Rocha, was the first citizen to exercise the right to vote, having ...","og_url":"https:\/\/www.africa-press.net\/angola\/all-news\/governor-of-uige-asks-voters-for-serenity","og_site_name":"Angola","article_publisher":"https:\/\/www.facebook.com\/AfricaPressTunisiaa","article_published_time":"2022-08-24T14:10:07+00:00","article_modified_time":"2022-08-24T15:29:19+00:00","og_image":[{"width":620,"height":372,"url":"https:\/\/static.africa-press.net\/angola\/sites\/65\/2022\/08\/postQueueImg_35-630643bbe7520.jpg","type":"image\/jpeg"}],"author":"cfeditoren","twitter_card":"summary_large_image","twitter_misc":{"Written by":"cfeditoren","Est. reading time":"1 minute"},"schema":{"@context":"https:\/\/schema.org","@graph":[{"@type":"Article","@id":"https:\/\/www.africa-press.net\/angola\/all-news\/governor-of-uige-asks-voters-for-serenity#article","isPartOf":{"@id":"https:\/\/www.africa-press.net\/angola\/all-news\/governor-of-uige-asks-voters-for-serenity"},"author":{"name":"cfeditoren","@id":"https:\/\/www.africa-press.net\/angola\/#\/schema\/person\/068c7ab4e9634ae78ec5d54ec46598bb"},"headline":"Governor of U\u00edge asks voters for serenity","datePublished":"2022-08-24T14:10:07+00:00","dateModified":"2022-08-24T15:29:19+00:00","mainEntityOfPage":{"@id":"https:\/\/www.africa-press.net\/angola\/all-news\/governor-of-uige-asks-voters-for-serenity"},"wordCount":118,"commentCount":0,"image":{"@id":"https:\/\/www.africa-press.net\/angola\/all-news\/governor-of-uige-asks-voters-for-serenity#primaryimage"},"thumbnailUrl":"https:\/\/static.africa-press.net\/angola\/sites\/65\/2022\/08\/postQueueImg_35-630643bbe7520.jpg","keywords":["Africa Press","Africa Press-Angola","Angola"],"articleSection":["all news","homepage-english","policy","twitter"],"inLanguage":"en-US","potentialAction":[{"@type":"CommentAction","name":"Comment","target":["https:\/\/www.africa-press.net\/angola\/all-news\/governor-of-uige-asks-voters-for-serenity#respond"]}]},{"@type":"WebPage","@id":"https:\/\/www.africa-press.net\/angola\/all-news\/governor-of-uige-asks-voters-for-serenity","url":"https:\/\/www.africa-press.net\/angola\/all-news\/governor-of-uige-asks-voters-for-serenity","name":"Governor of U\u00edge asks voters for serenity - Angola","isPartOf":{"@id":"https:\/\/www.africa-press.net\/angola\/#website"},"primaryImageOfPage":{"@id":"https:\/\/www.africa-press.net\/angola\/all-news\/governor-of-uige-asks-voters-for-serenity#primaryimage"},"image":{"@id":"https:\/\/www.africa-press.net\/angola\/all-news\/governor-of-uige-asks-voters-for-serenity#primaryimage"},"thumbnailUrl":"https:\/\/static.africa-press.net\/angola\/sites\/65\/2022\/08\/postQueueImg_35-630643bbe7520.jpg","datePublished":"2022-08-24T14:10:07+00:00","dateModified":"2022-08-24T15:29:19+00:00","author":{"@id":"https:\/\/www.africa-press.net\/angola\/#\/schema\/person\/068c7ab4e9634ae78ec5d54ec46598bb"},"description":"The provincial governor of U\u00edge, Jos\u00e9 Carvalho da Rocha, was the first citizen to exercise the right to vote, having ...","breadcrumb":{"@id":"https:\/\/www.africa-press.net\/angola\/all-news\/governor-of-uige-asks-voters-for-serenity#breadcrumb"},"inLanguage":"en-US","potentialAction":[{"@type":"ReadAction","target":["https:\/\/www.africa-press.net\/angola\/all-news\/governor-of-uige-asks-voters-for-serenity"]}]},{"@type":"ImageObject","inLanguage":"en-US","@id":"https:\/\/www.africa-press.net\/angola\/all-news\/governor-of-uige-asks-voters-for-serenity#primaryimage","url":"https:\/\/static.africa-press.net\/angola\/sites\/65\/2022\/08\/postQueueImg_35-630643bbe7520.jpg","contentUrl":"https:\/\/static.africa-press.net\/angola\/sites\/65\/2022\/08\/postQueueImg_35-630643bbe7520.jpg","width":620,"height":372,"caption":"Governor of U\u00edge asks voters for serenity"},{"@type":"BreadcrumbList","@id":"https:\/\/www.africa-press.net\/angola\/all-news\/governor-of-uige-asks-voters-for-serenity#breadcrumb","itemListElement":[{"@type":"ListItem","position":1,"name":"Home","item":"https:\/\/www.africa-press.net\/angola\/"},{"@type":"ListItem","position":2,"name":"Governor of U\u00edge asks voters for serenity"}]},{"@type":"WebSite","@id":"https:\/\/www.africa-press.net\/angola\/#website","url":"https:\/\/www.africa-press.net\/angola\/","name":"Angola","description":"Just another Africa News Agency Sites site","potentialAction":[{"@type":"SearchAction","target":{"@type":"EntryPoint","urlTemplate":"https:\/\/www.africa-press.net\/angola\/?s={search_term_string}"},"query-input":{"@type":"PropertyValueSpecification","valueRequired":true,"valueName":"search_term_string"}}],"inLanguage":"en-US"},{"@type":"Person","@id":"https:\/\/www.africa-press.net\/angola\/#\/schema\/person\/068c7ab4e9634ae78ec5d54ec46598bb","name":"cfeditoren","image":{"@type":"ImageObject","inLanguage":"en-US","@id":"https:\/\/www.africa-press.net\/angola\/#\/schema\/person\/image\/","url":"https:\/\/secure.gravatar.com\/avatar\/7417380fa9e23b5c57fdbfdaf3fdf92ee478f759a084addda5faa3732853e74a?s=96&d=mm&r=g","contentUrl":"https:\/\/secure.gravatar.com\/avatar\/7417380fa9e23b5c57fdbfdaf3fdf92ee478f759a084addda5faa3732853e74a?s=96&d=mm&r=g","caption":"cfeditoren"}}]}},"_links":{"self":[{"href":"https:\/\/www.africa-press.net\/angola\/wp-json\/wp\/v2\/posts\/14698","targetHints":{"allow":["GET"]}}],"collection":[{"href":"https:\/\/www.africa-press.net\/angola\/wp-json\/wp\/v2\/posts"}],"about":[{"href":"https:\/\/www.africa-press.net\/angola\/wp-json\/wp\/v2\/types\/post"}],"author":[{"embeddable":true,"href":"https:\/\/www.africa-press.net\/angola\/wp-json\/wp\/v2\/users\/84"}],"replies":[{"embeddable":true,"href":"https:\/\/www.africa-press.net\/angola\/wp-json\/wp\/v2\/comments?post=14698"}],"version-history":[{"count":0,"href":"https:\/\/www.africa-press.net\/angola\/wp-json\/wp\/v2\/posts\/14698\/revisions"}],"wp:featuredmedia":[{"embeddable":true,"href":"https:\/\/www.africa-press.net\/angola\/wp-json\/wp\/v2\/media\/14697"}],"wp:attachment":[{"href":"https:\/\/www.africa-press.net\/angola\/wp-json\/wp\/v2\/media?parent=14698"}],"wp:term":[{"taxonomy":"category","embeddable":true,"href":"https:\/\/www.africa-press.net\/angola\/wp-json\/wp\/v2\/categories?post=14698"},{"taxonomy":"post_tag","embeddable":true,"href":"https:\/\/www.africa-press.net\/angola\/wp-json\/wp\/v2\/tags?post=14698"}],"curies":[{"name":"wp","href":"https:\/\/api.w.org\/{rel}","templated":true}]}}