{"id":14948,"date":"2022-08-26T18:44:54","date_gmt":"2022-08-26T18:44:54","guid":{"rendered":"https:\/\/www.africa-press.net\/angola\/all-news\/funeral-of-jose-eduardo-dos-santos-takes-place-this-sunday"},"modified":"2022-08-26T20:02:51","modified_gmt":"2022-08-26T20:02:51","slug":"funeral-of-jose-eduardo-dos-santos-takes-place-this-sunday","status":"publish","type":"post","link":"https:\/\/www.africa-press.net\/angola\/all-news\/funeral-of-jose-eduardo-dos-santos-takes-place-this-sunday","title":{"rendered":"Funeral of Jos\u00e9 Eduardo dos Santos takes place this Sunday"},"content":{"rendered":"<p><span style=\"color: #ff6600\"><strong>Africa-Press &#8211; Angola. <\/strong><\/span><b>The funeral of the former President of the Republic, Jos\u00e9 Eduardo dos Santos, is scheduled for Sunday, 28, at Pra\u00e7a da Rep\u00fablica (Dr. Ant\u00f3nio Agostinho Neto Memorial), in Luanda, where the urn will be deposited in the tomb.<\/b><\/p>\n<p>The information was provided this Friday to the press, by the spokesperson of the Multisectoral Commission for the funeral of Jos\u00e9 Eduardo dos Santos, Marcy Lopes.<\/p>\n<p><strong>For More News And Analysis About <a href=\"https:\/\/www.africa-press.net\/angola\">Angola<\/a> Follow <a href=\"https:\/\/www.africa-press.net\/\">Africa-Press<\/a><\/strong><\/p>\n","protected":false},"excerpt":{"rendered":"<p>Africa-Press &#8211; Angola. The funeral of the former President of the Republic, Jos\u00e9 Eduardo dos Santos, is scheduled for Sunday, 28, at Pra\u00e7a da Rep\u00fablica (Dr. Ant\u00f3nio Agostinho Neto Memorial), in Luanda, where the urn will be deposited in the tomb. The information was provided this Friday to the press, by the spokesperson of the [&hellip;]<\/p>\n","protected":false},"author":84,"featured_media":14947,"comment_status":"open","ping_status":"open","sticky":false,"template":"","format":"standard","meta":{"footnotes":""},"categories":[2,8,12,16],"tags":[233,337,329],"class_list":["post-14948","post","type-post","status-publish","format-standard","has-post-thumbnail","hentry","category-all-news","category-homepage-english","category-policy","category-twitter","tag-africa-press","tag-africa-press-angola","tag-angola"],"yoast_head":"<!-- This site is optimized with the Yoast SEO Premium plugin v26.1 (Yoast SEO v27.0) - https:\/\/yoast.com\/product\/yoast-seo-premium-wordpress\/ -->\n<title>Funeral of Jos\u00e9 Eduardo dos Santos takes place this Sunday - Angola<\/title>\n<meta name=\"description\" content=\"The funeral of the former President of the Republic, Jos\u00e9 Eduardo dos Santos, is scheduled for Sunday, 28, at Pra\u00e7a d ...\" \/>\n<meta name=\"robots\" content=\"index, follow, max-snippet:-1, max-image-preview:large, max-video-preview:-1\" \/>\n<link rel=\"canonical\" href=\"https:\/\/www.africa-press.net\/angola\/all-news\/funeral-of-jose-eduardo-dos-santos-takes-place-this-sunday\" \/>\n<meta property=\"og:locale\" content=\"en_US\" \/>\n<meta property=\"og:type\" content=\"article\" \/>\n<meta property=\"og:title\" content=\"Funeral of Jos\u00e9 Eduardo dos Santos takes place this Sunday\" \/>\n<meta property=\"og:description\" content=\"The funeral of the former President of the Republic, Jos\u00e9 Eduardo dos Santos, is scheduled for Sunday, 28, at Pra\u00e7a d ...\" \/>\n<meta property=\"og:url\" content=\"https:\/\/www.africa-press.net\/angola\/all-news\/funeral-of-jose-eduardo-dos-santos-takes-place-this-sunday\" \/>\n<meta property=\"og:site_name\" content=\"Angola\" \/>\n<meta property=\"article:publisher\" content=\"https:\/\/www.facebook.com\/AfricaPressTunisiaa\" \/>\n<meta property=\"article:published_time\" content=\"2022-08-26T18:44:54+00:00\" \/>\n<meta property=\"article:modified_time\" content=\"2022-08-26T20:02:51+00:00\" \/>\n<meta property=\"og:image\" content=\"https:\/\/static.africa-press.net\/angola\/sites\/65\/2022\/08\/postQueueImg_27-630926d6efc97.jpg\" \/>\n\t<meta property=\"og:image:width\" content=\"620\" \/>\n\t<meta property=\"og:image:height\" content=\"355\" \/>\n\t<meta property=\"og:image:type\" content=\"image\/jpeg\" \/>\n<meta name=\"author\" content=\"cfeditoren\" \/>\n<meta name=\"twitter:card\" content=\"summary_large_image\" \/>\n<meta name=\"twitter:label1\" content=\"Written by\" \/>\n\t<meta name=\"twitter:data1\" content=\"cfeditoren\" \/>\n\t<meta name=\"twitter:label2\" content=\"Est. reading time\" \/>\n\t<meta name=\"twitter:data2\" content=\"1 minute\" \/>\n<script type=\"application\/ld+json\" class=\"yoast-schema-graph\">{\"@context\":\"https:\/\/schema.org\",\"@graph\":[{\"@type\":\"Article\",\"@id\":\"https:\/\/www.africa-press.net\/angola\/all-news\/funeral-of-jose-eduardo-dos-santos-takes-place-this-sunday#article\",\"isPartOf\":{\"@id\":\"https:\/\/www.africa-press.net\/angola\/all-news\/funeral-of-jose-eduardo-dos-santos-takes-place-this-sunday\"},\"author\":{\"name\":\"cfeditoren\",\"@id\":\"https:\/\/www.africa-press.net\/angola\/#\/schema\/person\/068c7ab4e9634ae78ec5d54ec46598bb\"},\"headline\":\"Funeral of Jos\u00e9 Eduardo dos Santos takes place this Sunday\",\"datePublished\":\"2022-08-26T18:44:54+00:00\",\"dateModified\":\"2022-08-26T20:02:51+00:00\",\"mainEntityOfPage\":{\"@id\":\"https:\/\/www.africa-press.net\/angola\/all-news\/funeral-of-jose-eduardo-dos-santos-takes-place-this-sunday\"},\"wordCount\":88,\"commentCount\":0,\"image\":{\"@id\":\"https:\/\/www.africa-press.net\/angola\/all-news\/funeral-of-jose-eduardo-dos-santos-takes-place-this-sunday#primaryimage\"},\"thumbnailUrl\":\"https:\/\/static.africa-press.net\/angola\/sites\/65\/2022\/08\/postQueueImg_27-630926d6efc97.jpg\",\"keywords\":[\"Africa Press\",\"Africa Press-Angola\",\"Angola\"],\"articleSection\":[\"all news\",\"homepage-english\",\"policy\",\"twitter\"],\"inLanguage\":\"en-US\",\"potentialAction\":[{\"@type\":\"CommentAction\",\"name\":\"Comment\",\"target\":[\"https:\/\/www.africa-press.net\/angola\/all-news\/funeral-of-jose-eduardo-dos-santos-takes-place-this-sunday#respond\"]}]},{\"@type\":\"WebPage\",\"@id\":\"https:\/\/www.africa-press.net\/angola\/all-news\/funeral-of-jose-eduardo-dos-santos-takes-place-this-sunday\",\"url\":\"https:\/\/www.africa-press.net\/angola\/all-news\/funeral-of-jose-eduardo-dos-santos-takes-place-this-sunday\",\"name\":\"Funeral of Jos\u00e9 Eduardo dos Santos takes place this Sunday - Angola\",\"isPartOf\":{\"@id\":\"https:\/\/www.africa-press.net\/angola\/#website\"},\"primaryImageOfPage\":{\"@id\":\"https:\/\/www.africa-press.net\/angola\/all-news\/funeral-of-jose-eduardo-dos-santos-takes-place-this-sunday#primaryimage\"},\"image\":{\"@id\":\"https:\/\/www.africa-press.net\/angola\/all-news\/funeral-of-jose-eduardo-dos-santos-takes-place-this-sunday#primaryimage\"},\"thumbnailUrl\":\"https:\/\/static.africa-press.net\/angola\/sites\/65\/2022\/08\/postQueueImg_27-630926d6efc97.jpg\",\"datePublished\":\"2022-08-26T18:44:54+00:00\",\"dateModified\":\"2022-08-26T20:02:51+00:00\",\"author\":{\"@id\":\"https:\/\/www.africa-press.net\/angola\/#\/schema\/person\/068c7ab4e9634ae78ec5d54ec46598bb\"},\"description\":\"The funeral of the former President of the Republic, Jos\u00e9 Eduardo dos Santos, is scheduled for Sunday, 28, at Pra\u00e7a d ...\",\"breadcrumb\":{\"@id\":\"https:\/\/www.africa-press.net\/angola\/all-news\/funeral-of-jose-eduardo-dos-santos-takes-place-this-sunday#breadcrumb\"},\"inLanguage\":\"en-US\",\"potentialAction\":[{\"@type\":\"ReadAction\",\"target\":[\"https:\/\/www.africa-press.net\/angola\/all-news\/funeral-of-jose-eduardo-dos-santos-takes-place-this-sunday\"]}]},{\"@type\":\"ImageObject\",\"inLanguage\":\"en-US\",\"@id\":\"https:\/\/www.africa-press.net\/angola\/all-news\/funeral-of-jose-eduardo-dos-santos-takes-place-this-sunday#primaryimage\",\"url\":\"https:\/\/static.africa-press.net\/angola\/sites\/65\/2022\/08\/postQueueImg_27-630926d6efc97.jpg\",\"contentUrl\":\"https:\/\/static.africa-press.net\/angola\/sites\/65\/2022\/08\/postQueueImg_27-630926d6efc97.jpg\",\"width\":620,\"height\":355,\"caption\":\"Funeral of Jos\u00e9 Eduardo dos Santos takes place this Sunday\"},{\"@type\":\"BreadcrumbList\",\"@id\":\"https:\/\/www.africa-press.net\/angola\/all-news\/funeral-of-jose-eduardo-dos-santos-takes-place-this-sunday#breadcrumb\",\"itemListElement\":[{\"@type\":\"ListItem\",\"position\":1,\"name\":\"Home\",\"item\":\"https:\/\/www.africa-press.net\/angola\/\"},{\"@type\":\"ListItem\",\"position\":2,\"name\":\"Funeral of Jos\u00e9 Eduardo dos Santos takes place this Sunday\"}]},{\"@type\":\"WebSite\",\"@id\":\"https:\/\/www.africa-press.net\/angola\/#website\",\"url\":\"https:\/\/www.africa-press.net\/angola\/\",\"name\":\"Angola\",\"description\":\"Just another Africa News Agency Sites site\",\"potentialAction\":[{\"@type\":\"SearchAction\",\"target\":{\"@type\":\"EntryPoint\",\"urlTemplate\":\"https:\/\/www.africa-press.net\/angola\/?s={search_term_string}\"},\"query-input\":{\"@type\":\"PropertyValueSpecification\",\"valueRequired\":true,\"valueName\":\"search_term_string\"}}],\"inLanguage\":\"en-US\"},{\"@type\":\"Person\",\"@id\":\"https:\/\/www.africa-press.net\/angola\/#\/schema\/person\/068c7ab4e9634ae78ec5d54ec46598bb\",\"name\":\"cfeditoren\",\"image\":{\"@type\":\"ImageObject\",\"inLanguage\":\"en-US\",\"@id\":\"https:\/\/www.africa-press.net\/angola\/#\/schema\/person\/image\/\",\"url\":\"https:\/\/secure.gravatar.com\/avatar\/7417380fa9e23b5c57fdbfdaf3fdf92ee478f759a084addda5faa3732853e74a?s=96&d=mm&r=g\",\"contentUrl\":\"https:\/\/secure.gravatar.com\/avatar\/7417380fa9e23b5c57fdbfdaf3fdf92ee478f759a084addda5faa3732853e74a?s=96&d=mm&r=g\",\"caption\":\"cfeditoren\"}}]}<\/script>\n<!-- \/ Yoast SEO Premium plugin. -->","yoast_head_json":{"title":"Funeral of Jos\u00e9 Eduardo dos Santos takes place this Sunday - Angola","description":"The funeral of the former President of the Republic, Jos\u00e9 Eduardo dos Santos, is scheduled for Sunday, 28, at Pra\u00e7a d ...","robots":{"index":"index","follow":"follow","max-snippet":"max-snippet:-1","max-image-preview":"max-image-preview:large","max-video-preview":"max-video-preview:-1"},"canonical":"https:\/\/www.africa-press.net\/angola\/all-news\/funeral-of-jose-eduardo-dos-santos-takes-place-this-sunday","og_locale":"en_US","og_type":"article","og_title":"Funeral of Jos\u00e9 Eduardo dos Santos takes place this Sunday","og_description":"The funeral of the former President of the Republic, Jos\u00e9 Eduardo dos Santos, is scheduled for Sunday, 28, at Pra\u00e7a d ...","og_url":"https:\/\/www.africa-press.net\/angola\/all-news\/funeral-of-jose-eduardo-dos-santos-takes-place-this-sunday","og_site_name":"Angola","article_publisher":"https:\/\/www.facebook.com\/AfricaPressTunisiaa","article_published_time":"2022-08-26T18:44:54+00:00","article_modified_time":"2022-08-26T20:02:51+00:00","og_image":[{"width":620,"height":355,"url":"https:\/\/static.africa-press.net\/angola\/sites\/65\/2022\/08\/postQueueImg_27-630926d6efc97.jpg","type":"image\/jpeg"}],"author":"cfeditoren","twitter_card":"summary_large_image","twitter_misc":{"Written by":"cfeditoren","Est. reading time":"1 minute"},"schema":{"@context":"https:\/\/schema.org","@graph":[{"@type":"Article","@id":"https:\/\/www.africa-press.net\/angola\/all-news\/funeral-of-jose-eduardo-dos-santos-takes-place-this-sunday#article","isPartOf":{"@id":"https:\/\/www.africa-press.net\/angola\/all-news\/funeral-of-jose-eduardo-dos-santos-takes-place-this-sunday"},"author":{"name":"cfeditoren","@id":"https:\/\/www.africa-press.net\/angola\/#\/schema\/person\/068c7ab4e9634ae78ec5d54ec46598bb"},"headline":"Funeral of Jos\u00e9 Eduardo dos Santos takes place this Sunday","datePublished":"2022-08-26T18:44:54+00:00","dateModified":"2022-08-26T20:02:51+00:00","mainEntityOfPage":{"@id":"https:\/\/www.africa-press.net\/angola\/all-news\/funeral-of-jose-eduardo-dos-santos-takes-place-this-sunday"},"wordCount":88,"commentCount":0,"image":{"@id":"https:\/\/www.africa-press.net\/angola\/all-news\/funeral-of-jose-eduardo-dos-santos-takes-place-this-sunday#primaryimage"},"thumbnailUrl":"https:\/\/static.africa-press.net\/angola\/sites\/65\/2022\/08\/postQueueImg_27-630926d6efc97.jpg","keywords":["Africa Press","Africa Press-Angola","Angola"],"articleSection":["all news","homepage-english","policy","twitter"],"inLanguage":"en-US","potentialAction":[{"@type":"CommentAction","name":"Comment","target":["https:\/\/www.africa-press.net\/angola\/all-news\/funeral-of-jose-eduardo-dos-santos-takes-place-this-sunday#respond"]}]},{"@type":"WebPage","@id":"https:\/\/www.africa-press.net\/angola\/all-news\/funeral-of-jose-eduardo-dos-santos-takes-place-this-sunday","url":"https:\/\/www.africa-press.net\/angola\/all-news\/funeral-of-jose-eduardo-dos-santos-takes-place-this-sunday","name":"Funeral of Jos\u00e9 Eduardo dos Santos takes place this Sunday - Angola","isPartOf":{"@id":"https:\/\/www.africa-press.net\/angola\/#website"},"primaryImageOfPage":{"@id":"https:\/\/www.africa-press.net\/angola\/all-news\/funeral-of-jose-eduardo-dos-santos-takes-place-this-sunday#primaryimage"},"image":{"@id":"https:\/\/www.africa-press.net\/angola\/all-news\/funeral-of-jose-eduardo-dos-santos-takes-place-this-sunday#primaryimage"},"thumbnailUrl":"https:\/\/static.africa-press.net\/angola\/sites\/65\/2022\/08\/postQueueImg_27-630926d6efc97.jpg","datePublished":"2022-08-26T18:44:54+00:00","dateModified":"2022-08-26T20:02:51+00:00","author":{"@id":"https:\/\/www.africa-press.net\/angola\/#\/schema\/person\/068c7ab4e9634ae78ec5d54ec46598bb"},"description":"The funeral of the former President of the Republic, Jos\u00e9 Eduardo dos Santos, is scheduled for Sunday, 28, at Pra\u00e7a d ...","breadcrumb":{"@id":"https:\/\/www.africa-press.net\/angola\/all-news\/funeral-of-jose-eduardo-dos-santos-takes-place-this-sunday#breadcrumb"},"inLanguage":"en-US","potentialAction":[{"@type":"ReadAction","target":["https:\/\/www.africa-press.net\/angola\/all-news\/funeral-of-jose-eduardo-dos-santos-takes-place-this-sunday"]}]},{"@type":"ImageObject","inLanguage":"en-US","@id":"https:\/\/www.africa-press.net\/angola\/all-news\/funeral-of-jose-eduardo-dos-santos-takes-place-this-sunday#primaryimage","url":"https:\/\/static.africa-press.net\/angola\/sites\/65\/2022\/08\/postQueueImg_27-630926d6efc97.jpg","contentUrl":"https:\/\/static.africa-press.net\/angola\/sites\/65\/2022\/08\/postQueueImg_27-630926d6efc97.jpg","width":620,"height":355,"caption":"Funeral of Jos\u00e9 Eduardo dos Santos takes place this Sunday"},{"@type":"BreadcrumbList","@id":"https:\/\/www.africa-press.net\/angola\/all-news\/funeral-of-jose-eduardo-dos-santos-takes-place-this-sunday#breadcrumb","itemListElement":[{"@type":"ListItem","position":1,"name":"Home","item":"https:\/\/www.africa-press.net\/angola\/"},{"@type":"ListItem","position":2,"name":"Funeral of Jos\u00e9 Eduardo dos Santos takes place this Sunday"}]},{"@type":"WebSite","@id":"https:\/\/www.africa-press.net\/angola\/#website","url":"https:\/\/www.africa-press.net\/angola\/","name":"Angola","description":"Just another Africa News Agency Sites site","potentialAction":[{"@type":"SearchAction","target":{"@type":"EntryPoint","urlTemplate":"https:\/\/www.africa-press.net\/angola\/?s={search_term_string}"},"query-input":{"@type":"PropertyValueSpecification","valueRequired":true,"valueName":"search_term_string"}}],"inLanguage":"en-US"},{"@type":"Person","@id":"https:\/\/www.africa-press.net\/angola\/#\/schema\/person\/068c7ab4e9634ae78ec5d54ec46598bb","name":"cfeditoren","image":{"@type":"ImageObject","inLanguage":"en-US","@id":"https:\/\/www.africa-press.net\/angola\/#\/schema\/person\/image\/","url":"https:\/\/secure.gravatar.com\/avatar\/7417380fa9e23b5c57fdbfdaf3fdf92ee478f759a084addda5faa3732853e74a?s=96&d=mm&r=g","contentUrl":"https:\/\/secure.gravatar.com\/avatar\/7417380fa9e23b5c57fdbfdaf3fdf92ee478f759a084addda5faa3732853e74a?s=96&d=mm&r=g","caption":"cfeditoren"}}]}},"_links":{"self":[{"href":"https:\/\/www.africa-press.net\/angola\/wp-json\/wp\/v2\/posts\/14948","targetHints":{"allow":["GET"]}}],"collection":[{"href":"https:\/\/www.africa-press.net\/angola\/wp-json\/wp\/v2\/posts"}],"about":[{"href":"https:\/\/www.africa-press.net\/angola\/wp-json\/wp\/v2\/types\/post"}],"author":[{"embeddable":true,"href":"https:\/\/www.africa-press.net\/angola\/wp-json\/wp\/v2\/users\/84"}],"replies":[{"embeddable":true,"href":"https:\/\/www.africa-press.net\/angola\/wp-json\/wp\/v2\/comments?post=14948"}],"version-history":[{"count":0,"href":"https:\/\/www.africa-press.net\/angola\/wp-json\/wp\/v2\/posts\/14948\/revisions"}],"wp:featuredmedia":[{"embeddable":true,"href":"https:\/\/www.africa-press.net\/angola\/wp-json\/wp\/v2\/media\/14947"}],"wp:attachment":[{"href":"https:\/\/www.africa-press.net\/angola\/wp-json\/wp\/v2\/media?parent=14948"}],"wp:term":[{"taxonomy":"category","embeddable":true,"href":"https:\/\/www.africa-press.net\/angola\/wp-json\/wp\/v2\/categories?post=14948"},{"taxonomy":"post_tag","embeddable":true,"href":"https:\/\/www.africa-press.net\/angola\/wp-json\/wp\/v2\/tags?post=14948"}],"curies":[{"name":"wp","href":"https:\/\/api.w.org\/{rel}","templated":true}]}}