{"id":15018,"date":"2022-08-27T13:07:45","date_gmt":"2022-08-27T13:07:45","guid":{"rendered":"https:\/\/www.africa-press.net\/angola\/all-news\/sadness-and-tears-mark-the-funeral-procession-of-jose-eduardo-dos-santos"},"modified":"2022-08-27T15:09:11","modified_gmt":"2022-08-27T15:09:11","slug":"sadness-and-tears-mark-the-funeral-procession-of-jose-eduardo-dos-santos","status":"publish","type":"post","link":"https:\/\/www.africa-press.net\/angola\/all-news\/sadness-and-tears-mark-the-funeral-procession-of-jose-eduardo-dos-santos","title":{"rendered":"Sadness and tears mark the funeral procession of Jos\u00e9 Eduardo dos Santos"},"content":{"rendered":"<p><span style=\"color: #ff6600\"><strong>Africa-Press &#8211; Angola. <\/strong><\/span><b>This morning, the funeral procession of the ex-President of the Republic, Jos\u00e9 Eduardo dos Santos, took place, which left the family residence in Miramar, towards Pra\u00e7a da Rep\u00fablica, for the State funeral.<\/b><\/p>\n<p>The funeral urn with the body of Jos\u00e9 Eduardo dos Santos toured various parts of the capital. During the procession, the scene was one of sadness, commotion, tears and also applause.<\/p>\n<p>Several citizens closely witnessed the funeral procession that followed to Pra\u00e7a da Rep\u00fablica, where public tributes with the body present are already taking place.<\/p>\n<p>Jos\u00e9 Eduardo dos Santos died at the age of 79, on the 8th of July, in Barcelona, \u200b\u200bin the Kingdom of Spain, due to illness. The Former Angolan Statesman ruled Angola from 1979 to 2017.<\/p>\n<p><strong>For More News And Analysis About <a href=\"https:\/\/www.africa-press.net\/angola\">Angola<\/a> Follow <a href=\"https:\/\/www.africa-press.net\/\">Africa-Press<\/a><\/strong><\/p>\n","protected":false},"excerpt":{"rendered":"<p>Africa-Press &#8211; Angola. This morning, the funeral procession of the ex-President of the Republic, Jos\u00e9 Eduardo dos Santos, took place, which left the family residence in Miramar, towards Pra\u00e7a da Rep\u00fablica, for the State funeral. The funeral urn with the body of Jos\u00e9 Eduardo dos Santos toured various parts of the capital. During the procession, [&hellip;]<\/p>\n","protected":false},"author":84,"featured_media":15017,"comment_status":"open","ping_status":"open","sticky":false,"template":"","format":"standard","meta":{"footnotes":""},"categories":[2,8,12,16],"tags":[233,337,329],"class_list":["post-15018","post","type-post","status-publish","format-standard","has-post-thumbnail","hentry","category-all-news","category-homepage-english","category-policy","category-twitter","tag-africa-press","tag-africa-press-angola","tag-angola"],"yoast_head":"<!-- This site is optimized with the Yoast SEO Premium plugin v26.1 (Yoast SEO v27.0) - https:\/\/yoast.com\/product\/yoast-seo-premium-wordpress\/ -->\n<title>Sadness and tears mark the funeral procession of Jos\u00e9 Eduardo dos Santos - Angola<\/title>\n<meta name=\"description\" content=\"This morning, the funeral procession of the ex-President of the Republic, Jos\u00e9 Eduardo dos Santos, took place, which ...\" \/>\n<meta name=\"robots\" content=\"index, follow, max-snippet:-1, max-image-preview:large, max-video-preview:-1\" \/>\n<link rel=\"canonical\" href=\"https:\/\/www.africa-press.net\/angola\/all-news\/sadness-and-tears-mark-the-funeral-procession-of-jose-eduardo-dos-santos\" \/>\n<meta property=\"og:locale\" content=\"en_US\" \/>\n<meta property=\"og:type\" content=\"article\" \/>\n<meta property=\"og:title\" content=\"Sadness and tears mark the funeral procession of Jos\u00e9 Eduardo dos Santos\" \/>\n<meta property=\"og:description\" content=\"This morning, the funeral procession of the ex-President of the Republic, Jos\u00e9 Eduardo dos Santos, took place, which ...\" \/>\n<meta property=\"og:url\" content=\"https:\/\/www.africa-press.net\/angola\/all-news\/sadness-and-tears-mark-the-funeral-procession-of-jose-eduardo-dos-santos\" \/>\n<meta property=\"og:site_name\" content=\"Angola\" \/>\n<meta property=\"article:publisher\" content=\"https:\/\/www.facebook.com\/AfricaPressTunisiaa\" \/>\n<meta property=\"article:published_time\" content=\"2022-08-27T13:07:45+00:00\" \/>\n<meta property=\"article:modified_time\" content=\"2022-08-27T15:09:11+00:00\" \/>\n<meta property=\"og:image\" content=\"https:\/\/static.africa-press.net\/angola\/sites\/65\/2022\/08\/postQueueImg_34-630a336e8eaff.jpg\" \/>\n\t<meta property=\"og:image:width\" content=\"620\" \/>\n\t<meta property=\"og:image:height\" content=\"466\" \/>\n\t<meta property=\"og:image:type\" content=\"image\/jpeg\" \/>\n<meta name=\"author\" content=\"cfeditoren\" \/>\n<meta name=\"twitter:card\" content=\"summary_large_image\" \/>\n<meta name=\"twitter:label1\" content=\"Written by\" \/>\n\t<meta name=\"twitter:data1\" content=\"cfeditoren\" \/>\n\t<meta name=\"twitter:label2\" content=\"Est. reading time\" \/>\n\t<meta name=\"twitter:data2\" content=\"1 minute\" \/>\n<script type=\"application\/ld+json\" class=\"yoast-schema-graph\">{\"@context\":\"https:\/\/schema.org\",\"@graph\":[{\"@type\":\"Article\",\"@id\":\"https:\/\/www.africa-press.net\/angola\/all-news\/sadness-and-tears-mark-the-funeral-procession-of-jose-eduardo-dos-santos#article\",\"isPartOf\":{\"@id\":\"https:\/\/www.africa-press.net\/angola\/all-news\/sadness-and-tears-mark-the-funeral-procession-of-jose-eduardo-dos-santos\"},\"author\":{\"name\":\"cfeditoren\",\"@id\":\"https:\/\/www.africa-press.net\/angola\/#\/schema\/person\/068c7ab4e9634ae78ec5d54ec46598bb\"},\"headline\":\"Sadness and tears mark the funeral procession of Jos\u00e9 Eduardo dos Santos\",\"datePublished\":\"2022-08-27T13:07:45+00:00\",\"dateModified\":\"2022-08-27T15:09:11+00:00\",\"mainEntityOfPage\":{\"@id\":\"https:\/\/www.africa-press.net\/angola\/all-news\/sadness-and-tears-mark-the-funeral-procession-of-jose-eduardo-dos-santos\"},\"wordCount\":147,\"commentCount\":0,\"image\":{\"@id\":\"https:\/\/www.africa-press.net\/angola\/all-news\/sadness-and-tears-mark-the-funeral-procession-of-jose-eduardo-dos-santos#primaryimage\"},\"thumbnailUrl\":\"https:\/\/static.africa-press.net\/angola\/sites\/65\/2022\/08\/postQueueImg_34-630a336e8eaff.jpg\",\"keywords\":[\"Africa Press\",\"Africa Press-Angola\",\"Angola\"],\"articleSection\":[\"all news\",\"homepage-english\",\"policy\",\"twitter\"],\"inLanguage\":\"en-US\",\"potentialAction\":[{\"@type\":\"CommentAction\",\"name\":\"Comment\",\"target\":[\"https:\/\/www.africa-press.net\/angola\/all-news\/sadness-and-tears-mark-the-funeral-procession-of-jose-eduardo-dos-santos#respond\"]}]},{\"@type\":\"WebPage\",\"@id\":\"https:\/\/www.africa-press.net\/angola\/all-news\/sadness-and-tears-mark-the-funeral-procession-of-jose-eduardo-dos-santos\",\"url\":\"https:\/\/www.africa-press.net\/angola\/all-news\/sadness-and-tears-mark-the-funeral-procession-of-jose-eduardo-dos-santos\",\"name\":\"Sadness and tears mark the funeral procession of Jos\u00e9 Eduardo dos Santos - Angola\",\"isPartOf\":{\"@id\":\"https:\/\/www.africa-press.net\/angola\/#website\"},\"primaryImageOfPage\":{\"@id\":\"https:\/\/www.africa-press.net\/angola\/all-news\/sadness-and-tears-mark-the-funeral-procession-of-jose-eduardo-dos-santos#primaryimage\"},\"image\":{\"@id\":\"https:\/\/www.africa-press.net\/angola\/all-news\/sadness-and-tears-mark-the-funeral-procession-of-jose-eduardo-dos-santos#primaryimage\"},\"thumbnailUrl\":\"https:\/\/static.africa-press.net\/angola\/sites\/65\/2022\/08\/postQueueImg_34-630a336e8eaff.jpg\",\"datePublished\":\"2022-08-27T13:07:45+00:00\",\"dateModified\":\"2022-08-27T15:09:11+00:00\",\"author\":{\"@id\":\"https:\/\/www.africa-press.net\/angola\/#\/schema\/person\/068c7ab4e9634ae78ec5d54ec46598bb\"},\"description\":\"This morning, the funeral procession of the ex-President of the Republic, Jos\u00e9 Eduardo dos Santos, took place, which ...\",\"breadcrumb\":{\"@id\":\"https:\/\/www.africa-press.net\/angola\/all-news\/sadness-and-tears-mark-the-funeral-procession-of-jose-eduardo-dos-santos#breadcrumb\"},\"inLanguage\":\"en-US\",\"potentialAction\":[{\"@type\":\"ReadAction\",\"target\":[\"https:\/\/www.africa-press.net\/angola\/all-news\/sadness-and-tears-mark-the-funeral-procession-of-jose-eduardo-dos-santos\"]}]},{\"@type\":\"ImageObject\",\"inLanguage\":\"en-US\",\"@id\":\"https:\/\/www.africa-press.net\/angola\/all-news\/sadness-and-tears-mark-the-funeral-procession-of-jose-eduardo-dos-santos#primaryimage\",\"url\":\"https:\/\/static.africa-press.net\/angola\/sites\/65\/2022\/08\/postQueueImg_34-630a336e8eaff.jpg\",\"contentUrl\":\"https:\/\/static.africa-press.net\/angola\/sites\/65\/2022\/08\/postQueueImg_34-630a336e8eaff.jpg\",\"width\":620,\"height\":466,\"caption\":\"Sadness and tears mark the funeral procession of Jos\u00e9 Eduardo dos Santos\"},{\"@type\":\"BreadcrumbList\",\"@id\":\"https:\/\/www.africa-press.net\/angola\/all-news\/sadness-and-tears-mark-the-funeral-procession-of-jose-eduardo-dos-santos#breadcrumb\",\"itemListElement\":[{\"@type\":\"ListItem\",\"position\":1,\"name\":\"Home\",\"item\":\"https:\/\/www.africa-press.net\/angola\/\"},{\"@type\":\"ListItem\",\"position\":2,\"name\":\"Sadness and tears mark the funeral procession of Jos\u00e9 Eduardo dos Santos\"}]},{\"@type\":\"WebSite\",\"@id\":\"https:\/\/www.africa-press.net\/angola\/#website\",\"url\":\"https:\/\/www.africa-press.net\/angola\/\",\"name\":\"Angola\",\"description\":\"Just another Africa News Agency Sites site\",\"potentialAction\":[{\"@type\":\"SearchAction\",\"target\":{\"@type\":\"EntryPoint\",\"urlTemplate\":\"https:\/\/www.africa-press.net\/angola\/?s={search_term_string}\"},\"query-input\":{\"@type\":\"PropertyValueSpecification\",\"valueRequired\":true,\"valueName\":\"search_term_string\"}}],\"inLanguage\":\"en-US\"},{\"@type\":\"Person\",\"@id\":\"https:\/\/www.africa-press.net\/angola\/#\/schema\/person\/068c7ab4e9634ae78ec5d54ec46598bb\",\"name\":\"cfeditoren\",\"image\":{\"@type\":\"ImageObject\",\"inLanguage\":\"en-US\",\"@id\":\"https:\/\/www.africa-press.net\/angola\/#\/schema\/person\/image\/\",\"url\":\"https:\/\/secure.gravatar.com\/avatar\/7417380fa9e23b5c57fdbfdaf3fdf92ee478f759a084addda5faa3732853e74a?s=96&d=mm&r=g\",\"contentUrl\":\"https:\/\/secure.gravatar.com\/avatar\/7417380fa9e23b5c57fdbfdaf3fdf92ee478f759a084addda5faa3732853e74a?s=96&d=mm&r=g\",\"caption\":\"cfeditoren\"}}]}<\/script>\n<!-- \/ Yoast SEO Premium plugin. -->","yoast_head_json":{"title":"Sadness and tears mark the funeral procession of Jos\u00e9 Eduardo dos Santos - Angola","description":"This morning, the funeral procession of the ex-President of the Republic, Jos\u00e9 Eduardo dos Santos, took place, which ...","robots":{"index":"index","follow":"follow","max-snippet":"max-snippet:-1","max-image-preview":"max-image-preview:large","max-video-preview":"max-video-preview:-1"},"canonical":"https:\/\/www.africa-press.net\/angola\/all-news\/sadness-and-tears-mark-the-funeral-procession-of-jose-eduardo-dos-santos","og_locale":"en_US","og_type":"article","og_title":"Sadness and tears mark the funeral procession of Jos\u00e9 Eduardo dos Santos","og_description":"This morning, the funeral procession of the ex-President of the Republic, Jos\u00e9 Eduardo dos Santos, took place, which ...","og_url":"https:\/\/www.africa-press.net\/angola\/all-news\/sadness-and-tears-mark-the-funeral-procession-of-jose-eduardo-dos-santos","og_site_name":"Angola","article_publisher":"https:\/\/www.facebook.com\/AfricaPressTunisiaa","article_published_time":"2022-08-27T13:07:45+00:00","article_modified_time":"2022-08-27T15:09:11+00:00","og_image":[{"width":620,"height":466,"url":"https:\/\/static.africa-press.net\/angola\/sites\/65\/2022\/08\/postQueueImg_34-630a336e8eaff.jpg","type":"image\/jpeg"}],"author":"cfeditoren","twitter_card":"summary_large_image","twitter_misc":{"Written by":"cfeditoren","Est. reading time":"1 minute"},"schema":{"@context":"https:\/\/schema.org","@graph":[{"@type":"Article","@id":"https:\/\/www.africa-press.net\/angola\/all-news\/sadness-and-tears-mark-the-funeral-procession-of-jose-eduardo-dos-santos#article","isPartOf":{"@id":"https:\/\/www.africa-press.net\/angola\/all-news\/sadness-and-tears-mark-the-funeral-procession-of-jose-eduardo-dos-santos"},"author":{"name":"cfeditoren","@id":"https:\/\/www.africa-press.net\/angola\/#\/schema\/person\/068c7ab4e9634ae78ec5d54ec46598bb"},"headline":"Sadness and tears mark the funeral procession of Jos\u00e9 Eduardo dos Santos","datePublished":"2022-08-27T13:07:45+00:00","dateModified":"2022-08-27T15:09:11+00:00","mainEntityOfPage":{"@id":"https:\/\/www.africa-press.net\/angola\/all-news\/sadness-and-tears-mark-the-funeral-procession-of-jose-eduardo-dos-santos"},"wordCount":147,"commentCount":0,"image":{"@id":"https:\/\/www.africa-press.net\/angola\/all-news\/sadness-and-tears-mark-the-funeral-procession-of-jose-eduardo-dos-santos#primaryimage"},"thumbnailUrl":"https:\/\/static.africa-press.net\/angola\/sites\/65\/2022\/08\/postQueueImg_34-630a336e8eaff.jpg","keywords":["Africa Press","Africa Press-Angola","Angola"],"articleSection":["all news","homepage-english","policy","twitter"],"inLanguage":"en-US","potentialAction":[{"@type":"CommentAction","name":"Comment","target":["https:\/\/www.africa-press.net\/angola\/all-news\/sadness-and-tears-mark-the-funeral-procession-of-jose-eduardo-dos-santos#respond"]}]},{"@type":"WebPage","@id":"https:\/\/www.africa-press.net\/angola\/all-news\/sadness-and-tears-mark-the-funeral-procession-of-jose-eduardo-dos-santos","url":"https:\/\/www.africa-press.net\/angola\/all-news\/sadness-and-tears-mark-the-funeral-procession-of-jose-eduardo-dos-santos","name":"Sadness and tears mark the funeral procession of Jos\u00e9 Eduardo dos Santos - Angola","isPartOf":{"@id":"https:\/\/www.africa-press.net\/angola\/#website"},"primaryImageOfPage":{"@id":"https:\/\/www.africa-press.net\/angola\/all-news\/sadness-and-tears-mark-the-funeral-procession-of-jose-eduardo-dos-santos#primaryimage"},"image":{"@id":"https:\/\/www.africa-press.net\/angola\/all-news\/sadness-and-tears-mark-the-funeral-procession-of-jose-eduardo-dos-santos#primaryimage"},"thumbnailUrl":"https:\/\/static.africa-press.net\/angola\/sites\/65\/2022\/08\/postQueueImg_34-630a336e8eaff.jpg","datePublished":"2022-08-27T13:07:45+00:00","dateModified":"2022-08-27T15:09:11+00:00","author":{"@id":"https:\/\/www.africa-press.net\/angola\/#\/schema\/person\/068c7ab4e9634ae78ec5d54ec46598bb"},"description":"This morning, the funeral procession of the ex-President of the Republic, Jos\u00e9 Eduardo dos Santos, took place, which ...","breadcrumb":{"@id":"https:\/\/www.africa-press.net\/angola\/all-news\/sadness-and-tears-mark-the-funeral-procession-of-jose-eduardo-dos-santos#breadcrumb"},"inLanguage":"en-US","potentialAction":[{"@type":"ReadAction","target":["https:\/\/www.africa-press.net\/angola\/all-news\/sadness-and-tears-mark-the-funeral-procession-of-jose-eduardo-dos-santos"]}]},{"@type":"ImageObject","inLanguage":"en-US","@id":"https:\/\/www.africa-press.net\/angola\/all-news\/sadness-and-tears-mark-the-funeral-procession-of-jose-eduardo-dos-santos#primaryimage","url":"https:\/\/static.africa-press.net\/angola\/sites\/65\/2022\/08\/postQueueImg_34-630a336e8eaff.jpg","contentUrl":"https:\/\/static.africa-press.net\/angola\/sites\/65\/2022\/08\/postQueueImg_34-630a336e8eaff.jpg","width":620,"height":466,"caption":"Sadness and tears mark the funeral procession of Jos\u00e9 Eduardo dos Santos"},{"@type":"BreadcrumbList","@id":"https:\/\/www.africa-press.net\/angola\/all-news\/sadness-and-tears-mark-the-funeral-procession-of-jose-eduardo-dos-santos#breadcrumb","itemListElement":[{"@type":"ListItem","position":1,"name":"Home","item":"https:\/\/www.africa-press.net\/angola\/"},{"@type":"ListItem","position":2,"name":"Sadness and tears mark the funeral procession of Jos\u00e9 Eduardo dos Santos"}]},{"@type":"WebSite","@id":"https:\/\/www.africa-press.net\/angola\/#website","url":"https:\/\/www.africa-press.net\/angola\/","name":"Angola","description":"Just another Africa News Agency Sites site","potentialAction":[{"@type":"SearchAction","target":{"@type":"EntryPoint","urlTemplate":"https:\/\/www.africa-press.net\/angola\/?s={search_term_string}"},"query-input":{"@type":"PropertyValueSpecification","valueRequired":true,"valueName":"search_term_string"}}],"inLanguage":"en-US"},{"@type":"Person","@id":"https:\/\/www.africa-press.net\/angola\/#\/schema\/person\/068c7ab4e9634ae78ec5d54ec46598bb","name":"cfeditoren","image":{"@type":"ImageObject","inLanguage":"en-US","@id":"https:\/\/www.africa-press.net\/angola\/#\/schema\/person\/image\/","url":"https:\/\/secure.gravatar.com\/avatar\/7417380fa9e23b5c57fdbfdaf3fdf92ee478f759a084addda5faa3732853e74a?s=96&d=mm&r=g","contentUrl":"https:\/\/secure.gravatar.com\/avatar\/7417380fa9e23b5c57fdbfdaf3fdf92ee478f759a084addda5faa3732853e74a?s=96&d=mm&r=g","caption":"cfeditoren"}}]}},"_links":{"self":[{"href":"https:\/\/www.africa-press.net\/angola\/wp-json\/wp\/v2\/posts\/15018","targetHints":{"allow":["GET"]}}],"collection":[{"href":"https:\/\/www.africa-press.net\/angola\/wp-json\/wp\/v2\/posts"}],"about":[{"href":"https:\/\/www.africa-press.net\/angola\/wp-json\/wp\/v2\/types\/post"}],"author":[{"embeddable":true,"href":"https:\/\/www.africa-press.net\/angola\/wp-json\/wp\/v2\/users\/84"}],"replies":[{"embeddable":true,"href":"https:\/\/www.africa-press.net\/angola\/wp-json\/wp\/v2\/comments?post=15018"}],"version-history":[{"count":0,"href":"https:\/\/www.africa-press.net\/angola\/wp-json\/wp\/v2\/posts\/15018\/revisions"}],"wp:featuredmedia":[{"embeddable":true,"href":"https:\/\/www.africa-press.net\/angola\/wp-json\/wp\/v2\/media\/15017"}],"wp:attachment":[{"href":"https:\/\/www.africa-press.net\/angola\/wp-json\/wp\/v2\/media?parent=15018"}],"wp:term":[{"taxonomy":"category","embeddable":true,"href":"https:\/\/www.africa-press.net\/angola\/wp-json\/wp\/v2\/categories?post=15018"},{"taxonomy":"post_tag","embeddable":true,"href":"https:\/\/www.africa-press.net\/angola\/wp-json\/wp\/v2\/tags?post=15018"}],"curies":[{"name":"wp","href":"https:\/\/api.w.org\/{rel}","templated":true}]}}