{"id":15033,"date":"2022-08-27T13:20:53","date_gmt":"2022-08-27T13:20:53","guid":{"rendered":"https:\/\/www.africa-press.net\/angola\/all-news\/carolina-cerqueira-jose-eduardo-dos-santos-deserves-all-the-honors-of-state"},"modified":"2022-08-27T15:12:17","modified_gmt":"2022-08-27T15:12:17","slug":"carolina-cerqueira-jose-eduardo-dos-santos-deserves-all-the-honors-of-state","status":"publish","type":"post","link":"https:\/\/www.africa-press.net\/angola\/all-news\/carolina-cerqueira-jose-eduardo-dos-santos-deserves-all-the-honors-of-state","title":{"rendered":"Carolina Cerqueira: \u201cJos\u00e9 Eduardo dos Santos deserves all the honors of State\u201d"},"content":{"rendered":"<p><span style=\"color: #ff6600\"><strong>Africa-Press &#8211; Angola. <\/strong><\/span><b>The Minister of State for the Social Area, Carolina Cerqueira, said this Saturday, in Luanda, that the former President of the Republic, Jos\u00e9 Eduardo dos Santos, deserves all the honors of State.<\/b><\/p>\n<p>Carolina Cerqueira, who was speaking at Pra\u00e7a da Rep\u00fablica where the tributes to Jos\u00e9 Eduardo dos Santos are taking place, highlighted that it was &#8220;a moment of great pain and consternation, but also of feeling that we are honoring a great leader, a great President&#8221;.<\/p>\n<p>For his part, the Minister of State and Chief of Staff of the President of the Republic, Ad\u00e3o de Almeida, said that it was a moment when the Angolan people would be able to pay homage to Jos\u00e9 Eduardo dos Santos.<\/p>\n<p>In Pra\u00e7a da Rep\u00fablica, the urn with the body of the former President is covered with the Angolan flag and was placed in a tent where it is surrounded by wreaths of flowers.<\/p>\n<p><strong>For More News And Analysis About <a href=\"https:\/\/www.africa-press.net\/angola\">Angola<\/a> Follow <a href=\"https:\/\/www.africa-press.net\/\">Africa-Press<\/a><\/strong><\/p>\n","protected":false},"excerpt":{"rendered":"<p>Africa-Press &#8211; Angola. The Minister of State for the Social Area, Carolina Cerqueira, said this Saturday, in Luanda, that the former President of the Republic, Jos\u00e9 Eduardo dos Santos, deserves all the honors of State. Carolina Cerqueira, who was speaking at Pra\u00e7a da Rep\u00fablica where the tributes to Jos\u00e9 Eduardo dos Santos are taking place, [&hellip;]<\/p>\n","protected":false},"author":84,"featured_media":15032,"comment_status":"open","ping_status":"open","sticky":false,"template":"","format":"standard","meta":{"footnotes":""},"categories":[2,8,12,16],"tags":[233,337,329],"class_list":["post-15033","post","type-post","status-publish","format-standard","has-post-thumbnail","hentry","category-all-news","category-homepage-english","category-policy","category-twitter","tag-africa-press","tag-africa-press-angola","tag-angola"],"yoast_head":"<!-- This site is optimized with the Yoast SEO Premium plugin v26.1 (Yoast SEO v27.0) - https:\/\/yoast.com\/product\/yoast-seo-premium-wordpress\/ -->\n<title>Carolina Cerqueira: \u201cJos\u00e9 Eduardo dos Santos deserves all the honors of State\u201d - Angola<\/title>\n<meta name=\"description\" content=\"The Minister of State for the Social Area, Carolina Cerqueira, said this Saturday, in Luanda, that the former Preside ...\" \/>\n<meta name=\"robots\" content=\"index, follow, max-snippet:-1, max-image-preview:large, max-video-preview:-1\" \/>\n<link rel=\"canonical\" href=\"https:\/\/www.africa-press.net\/angola\/all-news\/carolina-cerqueira-jose-eduardo-dos-santos-deserves-all-the-honors-of-state\" \/>\n<meta property=\"og:locale\" content=\"en_US\" \/>\n<meta property=\"og:type\" content=\"article\" \/>\n<meta property=\"og:title\" content=\"Carolina Cerqueira: \u201cJos\u00e9 Eduardo dos Santos deserves all the honors of State\u201d\" \/>\n<meta property=\"og:description\" content=\"The Minister of State for the Social Area, Carolina Cerqueira, said this Saturday, in Luanda, that the former Preside ...\" \/>\n<meta property=\"og:url\" content=\"https:\/\/www.africa-press.net\/angola\/all-news\/carolina-cerqueira-jose-eduardo-dos-santos-deserves-all-the-honors-of-state\" \/>\n<meta property=\"og:site_name\" content=\"Angola\" \/>\n<meta property=\"article:publisher\" content=\"https:\/\/www.facebook.com\/AfricaPressTunisiaa\" \/>\n<meta property=\"article:published_time\" content=\"2022-08-27T13:20:53+00:00\" \/>\n<meta property=\"article:modified_time\" content=\"2022-08-27T15:12:17+00:00\" \/>\n<meta property=\"og:image\" content=\"https:\/\/static.africa-press.net\/angola\/sites\/65\/2022\/08\/postQueueImg_39-630a34347e28f.jpg\" \/>\n\t<meta property=\"og:image:width\" content=\"620\" \/>\n\t<meta property=\"og:image:height\" content=\"398\" \/>\n\t<meta property=\"og:image:type\" content=\"image\/jpeg\" \/>\n<meta name=\"author\" content=\"cfeditoren\" \/>\n<meta name=\"twitter:card\" content=\"summary_large_image\" \/>\n<meta name=\"twitter:label1\" content=\"Written by\" \/>\n\t<meta name=\"twitter:data1\" content=\"cfeditoren\" \/>\n\t<meta name=\"twitter:label2\" content=\"Est. reading time\" \/>\n\t<meta name=\"twitter:data2\" content=\"1 minute\" \/>\n<script type=\"application\/ld+json\" class=\"yoast-schema-graph\">{\"@context\":\"https:\/\/schema.org\",\"@graph\":[{\"@type\":\"Article\",\"@id\":\"https:\/\/www.africa-press.net\/angola\/all-news\/carolina-cerqueira-jose-eduardo-dos-santos-deserves-all-the-honors-of-state#article\",\"isPartOf\":{\"@id\":\"https:\/\/www.africa-press.net\/angola\/all-news\/carolina-cerqueira-jose-eduardo-dos-santos-deserves-all-the-honors-of-state\"},\"author\":{\"name\":\"cfeditoren\",\"@id\":\"https:\/\/www.africa-press.net\/angola\/#\/schema\/person\/068c7ab4e9634ae78ec5d54ec46598bb\"},\"headline\":\"Carolina Cerqueira: \u201cJos\u00e9 Eduardo dos Santos deserves all the honors of State\u201d\",\"datePublished\":\"2022-08-27T13:20:53+00:00\",\"dateModified\":\"2022-08-27T15:12:17+00:00\",\"mainEntityOfPage\":{\"@id\":\"https:\/\/www.africa-press.net\/angola\/all-news\/carolina-cerqueira-jose-eduardo-dos-santos-deserves-all-the-honors-of-state\"},\"wordCount\":180,\"commentCount\":0,\"image\":{\"@id\":\"https:\/\/www.africa-press.net\/angola\/all-news\/carolina-cerqueira-jose-eduardo-dos-santos-deserves-all-the-honors-of-state#primaryimage\"},\"thumbnailUrl\":\"https:\/\/static.africa-press.net\/angola\/sites\/65\/2022\/08\/postQueueImg_39-630a34347e28f.jpg\",\"keywords\":[\"Africa Press\",\"Africa Press-Angola\",\"Angola\"],\"articleSection\":[\"all news\",\"homepage-english\",\"policy\",\"twitter\"],\"inLanguage\":\"en-US\",\"potentialAction\":[{\"@type\":\"CommentAction\",\"name\":\"Comment\",\"target\":[\"https:\/\/www.africa-press.net\/angola\/all-news\/carolina-cerqueira-jose-eduardo-dos-santos-deserves-all-the-honors-of-state#respond\"]}]},{\"@type\":\"WebPage\",\"@id\":\"https:\/\/www.africa-press.net\/angola\/all-news\/carolina-cerqueira-jose-eduardo-dos-santos-deserves-all-the-honors-of-state\",\"url\":\"https:\/\/www.africa-press.net\/angola\/all-news\/carolina-cerqueira-jose-eduardo-dos-santos-deserves-all-the-honors-of-state\",\"name\":\"Carolina Cerqueira: \u201cJos\u00e9 Eduardo dos Santos deserves all the honors of State\u201d - Angola\",\"isPartOf\":{\"@id\":\"https:\/\/www.africa-press.net\/angola\/#website\"},\"primaryImageOfPage\":{\"@id\":\"https:\/\/www.africa-press.net\/angola\/all-news\/carolina-cerqueira-jose-eduardo-dos-santos-deserves-all-the-honors-of-state#primaryimage\"},\"image\":{\"@id\":\"https:\/\/www.africa-press.net\/angola\/all-news\/carolina-cerqueira-jose-eduardo-dos-santos-deserves-all-the-honors-of-state#primaryimage\"},\"thumbnailUrl\":\"https:\/\/static.africa-press.net\/angola\/sites\/65\/2022\/08\/postQueueImg_39-630a34347e28f.jpg\",\"datePublished\":\"2022-08-27T13:20:53+00:00\",\"dateModified\":\"2022-08-27T15:12:17+00:00\",\"author\":{\"@id\":\"https:\/\/www.africa-press.net\/angola\/#\/schema\/person\/068c7ab4e9634ae78ec5d54ec46598bb\"},\"description\":\"The Minister of State for the Social Area, Carolina Cerqueira, said this Saturday, in Luanda, that the former Preside ...\",\"breadcrumb\":{\"@id\":\"https:\/\/www.africa-press.net\/angola\/all-news\/carolina-cerqueira-jose-eduardo-dos-santos-deserves-all-the-honors-of-state#breadcrumb\"},\"inLanguage\":\"en-US\",\"potentialAction\":[{\"@type\":\"ReadAction\",\"target\":[\"https:\/\/www.africa-press.net\/angola\/all-news\/carolina-cerqueira-jose-eduardo-dos-santos-deserves-all-the-honors-of-state\"]}]},{\"@type\":\"ImageObject\",\"inLanguage\":\"en-US\",\"@id\":\"https:\/\/www.africa-press.net\/angola\/all-news\/carolina-cerqueira-jose-eduardo-dos-santos-deserves-all-the-honors-of-state#primaryimage\",\"url\":\"https:\/\/static.africa-press.net\/angola\/sites\/65\/2022\/08\/postQueueImg_39-630a34347e28f.jpg\",\"contentUrl\":\"https:\/\/static.africa-press.net\/angola\/sites\/65\/2022\/08\/postQueueImg_39-630a34347e28f.jpg\",\"width\":620,\"height\":398,\"caption\":\"Carolina Cerqueira: \u201cJos\u00e9 Eduardo dos Santos deserves all the honors of State\u201d\"},{\"@type\":\"BreadcrumbList\",\"@id\":\"https:\/\/www.africa-press.net\/angola\/all-news\/carolina-cerqueira-jose-eduardo-dos-santos-deserves-all-the-honors-of-state#breadcrumb\",\"itemListElement\":[{\"@type\":\"ListItem\",\"position\":1,\"name\":\"Home\",\"item\":\"https:\/\/www.africa-press.net\/angola\/\"},{\"@type\":\"ListItem\",\"position\":2,\"name\":\"Carolina Cerqueira: \u201cJos\u00e9 Eduardo dos Santos deserves all the honors of State\u201d\"}]},{\"@type\":\"WebSite\",\"@id\":\"https:\/\/www.africa-press.net\/angola\/#website\",\"url\":\"https:\/\/www.africa-press.net\/angola\/\",\"name\":\"Angola\",\"description\":\"Just another Africa News Agency Sites site\",\"potentialAction\":[{\"@type\":\"SearchAction\",\"target\":{\"@type\":\"EntryPoint\",\"urlTemplate\":\"https:\/\/www.africa-press.net\/angola\/?s={search_term_string}\"},\"query-input\":{\"@type\":\"PropertyValueSpecification\",\"valueRequired\":true,\"valueName\":\"search_term_string\"}}],\"inLanguage\":\"en-US\"},{\"@type\":\"Person\",\"@id\":\"https:\/\/www.africa-press.net\/angola\/#\/schema\/person\/068c7ab4e9634ae78ec5d54ec46598bb\",\"name\":\"cfeditoren\",\"image\":{\"@type\":\"ImageObject\",\"inLanguage\":\"en-US\",\"@id\":\"https:\/\/www.africa-press.net\/angola\/#\/schema\/person\/image\/\",\"url\":\"https:\/\/secure.gravatar.com\/avatar\/7417380fa9e23b5c57fdbfdaf3fdf92ee478f759a084addda5faa3732853e74a?s=96&d=mm&r=g\",\"contentUrl\":\"https:\/\/secure.gravatar.com\/avatar\/7417380fa9e23b5c57fdbfdaf3fdf92ee478f759a084addda5faa3732853e74a?s=96&d=mm&r=g\",\"caption\":\"cfeditoren\"}}]}<\/script>\n<!-- \/ Yoast SEO Premium plugin. -->","yoast_head_json":{"title":"Carolina Cerqueira: \u201cJos\u00e9 Eduardo dos Santos deserves all the honors of State\u201d - Angola","description":"The Minister of State for the Social Area, Carolina Cerqueira, said this Saturday, in Luanda, that the former Preside ...","robots":{"index":"index","follow":"follow","max-snippet":"max-snippet:-1","max-image-preview":"max-image-preview:large","max-video-preview":"max-video-preview:-1"},"canonical":"https:\/\/www.africa-press.net\/angola\/all-news\/carolina-cerqueira-jose-eduardo-dos-santos-deserves-all-the-honors-of-state","og_locale":"en_US","og_type":"article","og_title":"Carolina Cerqueira: \u201cJos\u00e9 Eduardo dos Santos deserves all the honors of State\u201d","og_description":"The Minister of State for the Social Area, Carolina Cerqueira, said this Saturday, in Luanda, that the former Preside ...","og_url":"https:\/\/www.africa-press.net\/angola\/all-news\/carolina-cerqueira-jose-eduardo-dos-santos-deserves-all-the-honors-of-state","og_site_name":"Angola","article_publisher":"https:\/\/www.facebook.com\/AfricaPressTunisiaa","article_published_time":"2022-08-27T13:20:53+00:00","article_modified_time":"2022-08-27T15:12:17+00:00","og_image":[{"width":620,"height":398,"url":"https:\/\/static.africa-press.net\/angola\/sites\/65\/2022\/08\/postQueueImg_39-630a34347e28f.jpg","type":"image\/jpeg"}],"author":"cfeditoren","twitter_card":"summary_large_image","twitter_misc":{"Written by":"cfeditoren","Est. reading time":"1 minute"},"schema":{"@context":"https:\/\/schema.org","@graph":[{"@type":"Article","@id":"https:\/\/www.africa-press.net\/angola\/all-news\/carolina-cerqueira-jose-eduardo-dos-santos-deserves-all-the-honors-of-state#article","isPartOf":{"@id":"https:\/\/www.africa-press.net\/angola\/all-news\/carolina-cerqueira-jose-eduardo-dos-santos-deserves-all-the-honors-of-state"},"author":{"name":"cfeditoren","@id":"https:\/\/www.africa-press.net\/angola\/#\/schema\/person\/068c7ab4e9634ae78ec5d54ec46598bb"},"headline":"Carolina Cerqueira: \u201cJos\u00e9 Eduardo dos Santos deserves all the honors of State\u201d","datePublished":"2022-08-27T13:20:53+00:00","dateModified":"2022-08-27T15:12:17+00:00","mainEntityOfPage":{"@id":"https:\/\/www.africa-press.net\/angola\/all-news\/carolina-cerqueira-jose-eduardo-dos-santos-deserves-all-the-honors-of-state"},"wordCount":180,"commentCount":0,"image":{"@id":"https:\/\/www.africa-press.net\/angola\/all-news\/carolina-cerqueira-jose-eduardo-dos-santos-deserves-all-the-honors-of-state#primaryimage"},"thumbnailUrl":"https:\/\/static.africa-press.net\/angola\/sites\/65\/2022\/08\/postQueueImg_39-630a34347e28f.jpg","keywords":["Africa Press","Africa Press-Angola","Angola"],"articleSection":["all news","homepage-english","policy","twitter"],"inLanguage":"en-US","potentialAction":[{"@type":"CommentAction","name":"Comment","target":["https:\/\/www.africa-press.net\/angola\/all-news\/carolina-cerqueira-jose-eduardo-dos-santos-deserves-all-the-honors-of-state#respond"]}]},{"@type":"WebPage","@id":"https:\/\/www.africa-press.net\/angola\/all-news\/carolina-cerqueira-jose-eduardo-dos-santos-deserves-all-the-honors-of-state","url":"https:\/\/www.africa-press.net\/angola\/all-news\/carolina-cerqueira-jose-eduardo-dos-santos-deserves-all-the-honors-of-state","name":"Carolina Cerqueira: \u201cJos\u00e9 Eduardo dos Santos deserves all the honors of State\u201d - Angola","isPartOf":{"@id":"https:\/\/www.africa-press.net\/angola\/#website"},"primaryImageOfPage":{"@id":"https:\/\/www.africa-press.net\/angola\/all-news\/carolina-cerqueira-jose-eduardo-dos-santos-deserves-all-the-honors-of-state#primaryimage"},"image":{"@id":"https:\/\/www.africa-press.net\/angola\/all-news\/carolina-cerqueira-jose-eduardo-dos-santos-deserves-all-the-honors-of-state#primaryimage"},"thumbnailUrl":"https:\/\/static.africa-press.net\/angola\/sites\/65\/2022\/08\/postQueueImg_39-630a34347e28f.jpg","datePublished":"2022-08-27T13:20:53+00:00","dateModified":"2022-08-27T15:12:17+00:00","author":{"@id":"https:\/\/www.africa-press.net\/angola\/#\/schema\/person\/068c7ab4e9634ae78ec5d54ec46598bb"},"description":"The Minister of State for the Social Area, Carolina Cerqueira, said this Saturday, in Luanda, that the former Preside ...","breadcrumb":{"@id":"https:\/\/www.africa-press.net\/angola\/all-news\/carolina-cerqueira-jose-eduardo-dos-santos-deserves-all-the-honors-of-state#breadcrumb"},"inLanguage":"en-US","potentialAction":[{"@type":"ReadAction","target":["https:\/\/www.africa-press.net\/angola\/all-news\/carolina-cerqueira-jose-eduardo-dos-santos-deserves-all-the-honors-of-state"]}]},{"@type":"ImageObject","inLanguage":"en-US","@id":"https:\/\/www.africa-press.net\/angola\/all-news\/carolina-cerqueira-jose-eduardo-dos-santos-deserves-all-the-honors-of-state#primaryimage","url":"https:\/\/static.africa-press.net\/angola\/sites\/65\/2022\/08\/postQueueImg_39-630a34347e28f.jpg","contentUrl":"https:\/\/static.africa-press.net\/angola\/sites\/65\/2022\/08\/postQueueImg_39-630a34347e28f.jpg","width":620,"height":398,"caption":"Carolina Cerqueira: \u201cJos\u00e9 Eduardo dos Santos deserves all the honors of State\u201d"},{"@type":"BreadcrumbList","@id":"https:\/\/www.africa-press.net\/angola\/all-news\/carolina-cerqueira-jose-eduardo-dos-santos-deserves-all-the-honors-of-state#breadcrumb","itemListElement":[{"@type":"ListItem","position":1,"name":"Home","item":"https:\/\/www.africa-press.net\/angola\/"},{"@type":"ListItem","position":2,"name":"Carolina Cerqueira: \u201cJos\u00e9 Eduardo dos Santos deserves all the honors of State\u201d"}]},{"@type":"WebSite","@id":"https:\/\/www.africa-press.net\/angola\/#website","url":"https:\/\/www.africa-press.net\/angola\/","name":"Angola","description":"Just another Africa News Agency Sites site","potentialAction":[{"@type":"SearchAction","target":{"@type":"EntryPoint","urlTemplate":"https:\/\/www.africa-press.net\/angola\/?s={search_term_string}"},"query-input":{"@type":"PropertyValueSpecification","valueRequired":true,"valueName":"search_term_string"}}],"inLanguage":"en-US"},{"@type":"Person","@id":"https:\/\/www.africa-press.net\/angola\/#\/schema\/person\/068c7ab4e9634ae78ec5d54ec46598bb","name":"cfeditoren","image":{"@type":"ImageObject","inLanguage":"en-US","@id":"https:\/\/www.africa-press.net\/angola\/#\/schema\/person\/image\/","url":"https:\/\/secure.gravatar.com\/avatar\/7417380fa9e23b5c57fdbfdaf3fdf92ee478f759a084addda5faa3732853e74a?s=96&d=mm&r=g","contentUrl":"https:\/\/secure.gravatar.com\/avatar\/7417380fa9e23b5c57fdbfdaf3fdf92ee478f759a084addda5faa3732853e74a?s=96&d=mm&r=g","caption":"cfeditoren"}}]}},"_links":{"self":[{"href":"https:\/\/www.africa-press.net\/angola\/wp-json\/wp\/v2\/posts\/15033","targetHints":{"allow":["GET"]}}],"collection":[{"href":"https:\/\/www.africa-press.net\/angola\/wp-json\/wp\/v2\/posts"}],"about":[{"href":"https:\/\/www.africa-press.net\/angola\/wp-json\/wp\/v2\/types\/post"}],"author":[{"embeddable":true,"href":"https:\/\/www.africa-press.net\/angola\/wp-json\/wp\/v2\/users\/84"}],"replies":[{"embeddable":true,"href":"https:\/\/www.africa-press.net\/angola\/wp-json\/wp\/v2\/comments?post=15033"}],"version-history":[{"count":0,"href":"https:\/\/www.africa-press.net\/angola\/wp-json\/wp\/v2\/posts\/15033\/revisions"}],"wp:featuredmedia":[{"embeddable":true,"href":"https:\/\/www.africa-press.net\/angola\/wp-json\/wp\/v2\/media\/15032"}],"wp:attachment":[{"href":"https:\/\/www.africa-press.net\/angola\/wp-json\/wp\/v2\/media?parent=15033"}],"wp:term":[{"taxonomy":"category","embeddable":true,"href":"https:\/\/www.africa-press.net\/angola\/wp-json\/wp\/v2\/categories?post=15033"},{"taxonomy":"post_tag","embeddable":true,"href":"https:\/\/www.africa-press.net\/angola\/wp-json\/wp\/v2\/tags?post=15033"}],"curies":[{"name":"wp","href":"https:\/\/api.w.org\/{rel}","templated":true}]}}