{"id":15039,"date":"2022-08-27T13:23:29","date_gmt":"2022-08-27T13:23:29","guid":{"rendered":"https:\/\/www.africa-press.net\/angola\/all-news\/body-of-luis-neto-kiambata-cremated-in-luanda"},"modified":"2022-08-27T15:13:21","modified_gmt":"2022-08-27T15:13:21","slug":"body-of-luis-neto-kiambata-cremated-in-luanda","status":"publish","type":"post","link":"https:\/\/www.africa-press.net\/angola\/all-news\/body-of-luis-neto-kiambata-cremated-in-luanda","title":{"rendered":"Body of Lu\u00eds Neto Kiambata cremated in Luanda"},"content":{"rendered":"<p><span style=\"color: #ff6600\"><strong>Africa-Press &#8211; Angola. <\/strong><\/span><b>The body of nationalist and ambassador Lu\u00eds Neto Kiambata was cremated this Saturday in Luanda.<\/b><\/p>\n<p>Lu\u00eds Neto Kiambata died, aged 75, on the 20th of this month, in one of the hospitals in the country&#8217;s capital, a victim of illness.<\/p>\n<p>Born in Luanda, Luis Neto &#8220;Kiambata&#8221;, 75 years old, was Angola&#8217;s ambassador to the Republic of Zambia and the United Kingdom of Great Britain and Northern Ireland.<\/p>\n<p>He was also involved in the opening of Angola&#8217;s first diplomatic representation in Cuba.<\/p>\n<p><strong>For More News And Analysis About <a href=\"https:\/\/www.africa-press.net\/angola\">Angola<\/a> Follow <a href=\"https:\/\/www.africa-press.net\/\">Africa-Press<\/a><\/strong><\/p>\n","protected":false},"excerpt":{"rendered":"<p>Africa-Press &#8211; Angola. The body of nationalist and ambassador Lu\u00eds Neto Kiambata was cremated this Saturday in Luanda. Lu\u00eds Neto Kiambata died, aged 75, on the 20th of this month, in one of the hospitals in the country&#8217;s capital, a victim of illness. Born in Luanda, Luis Neto &#8220;Kiambata&#8221;, 75 years old, was Angola&#8217;s ambassador [&hellip;]<\/p>\n","protected":false},"author":84,"featured_media":15038,"comment_status":"open","ping_status":"open","sticky":false,"template":"","format":"standard","meta":{"footnotes":""},"categories":[2,8,12,16],"tags":[233,337,329],"class_list":["post-15039","post","type-post","status-publish","format-standard","has-post-thumbnail","hentry","category-all-news","category-homepage-english","category-policy","category-twitter","tag-africa-press","tag-africa-press-angola","tag-angola"],"yoast_head":"<!-- This site is optimized with the Yoast SEO Premium plugin v26.1 (Yoast SEO v27.0) - https:\/\/yoast.com\/product\/yoast-seo-premium-wordpress\/ -->\n<title>Body of Lu\u00eds Neto Kiambata cremated in Luanda - Angola<\/title>\n<meta name=\"description\" content=\"The body of nationalist and ambassador Lu\u00eds Neto Kiambata was cremated this Saturday in Luanda. Lu\u00eds Neto Kiamba ...\" \/>\n<meta name=\"robots\" content=\"index, follow, max-snippet:-1, max-image-preview:large, max-video-preview:-1\" \/>\n<link rel=\"canonical\" href=\"https:\/\/www.africa-press.net\/angola\/all-news\/body-of-luis-neto-kiambata-cremated-in-luanda\" \/>\n<meta property=\"og:locale\" content=\"en_US\" \/>\n<meta property=\"og:type\" content=\"article\" \/>\n<meta property=\"og:title\" content=\"Body of Lu\u00eds Neto Kiambata cremated in Luanda\" \/>\n<meta property=\"og:description\" content=\"The body of nationalist and ambassador Lu\u00eds Neto Kiambata was cremated this Saturday in Luanda. Lu\u00eds Neto Kiamba ...\" \/>\n<meta property=\"og:url\" content=\"https:\/\/www.africa-press.net\/angola\/all-news\/body-of-luis-neto-kiambata-cremated-in-luanda\" \/>\n<meta property=\"og:site_name\" content=\"Angola\" \/>\n<meta property=\"article:publisher\" content=\"https:\/\/www.facebook.com\/AfricaPressTunisiaa\" \/>\n<meta property=\"article:published_time\" content=\"2022-08-27T13:23:29+00:00\" \/>\n<meta property=\"article:modified_time\" content=\"2022-08-27T15:13:21+00:00\" \/>\n<meta property=\"og:image\" content=\"https:\/\/static.africa-press.net\/angola\/sites\/65\/2022\/08\/postQueueImg_41-630a347c2ed3d.jpg\" \/>\n\t<meta property=\"og:image:width\" content=\"620\" \/>\n\t<meta property=\"og:image:height\" content=\"413\" \/>\n\t<meta property=\"og:image:type\" content=\"image\/jpeg\" \/>\n<meta name=\"author\" content=\"cfeditoren\" \/>\n<meta name=\"twitter:card\" content=\"summary_large_image\" \/>\n<meta name=\"twitter:label1\" content=\"Written by\" \/>\n\t<meta name=\"twitter:data1\" content=\"cfeditoren\" \/>\n\t<meta name=\"twitter:label2\" content=\"Est. reading time\" \/>\n\t<meta name=\"twitter:data2\" content=\"1 minute\" \/>\n<script type=\"application\/ld+json\" class=\"yoast-schema-graph\">{\"@context\":\"https:\/\/schema.org\",\"@graph\":[{\"@type\":\"Article\",\"@id\":\"https:\/\/www.africa-press.net\/angola\/all-news\/body-of-luis-neto-kiambata-cremated-in-luanda#article\",\"isPartOf\":{\"@id\":\"https:\/\/www.africa-press.net\/angola\/all-news\/body-of-luis-neto-kiambata-cremated-in-luanda\"},\"author\":{\"name\":\"cfeditoren\",\"@id\":\"https:\/\/www.africa-press.net\/angola\/#\/schema\/person\/068c7ab4e9634ae78ec5d54ec46598bb\"},\"headline\":\"Body of Lu\u00eds Neto Kiambata cremated in Luanda\",\"datePublished\":\"2022-08-27T13:23:29+00:00\",\"dateModified\":\"2022-08-27T15:13:21+00:00\",\"mainEntityOfPage\":{\"@id\":\"https:\/\/www.africa-press.net\/angola\/all-news\/body-of-luis-neto-kiambata-cremated-in-luanda\"},\"wordCount\":105,\"commentCount\":0,\"image\":{\"@id\":\"https:\/\/www.africa-press.net\/angola\/all-news\/body-of-luis-neto-kiambata-cremated-in-luanda#primaryimage\"},\"thumbnailUrl\":\"https:\/\/static.africa-press.net\/angola\/sites\/65\/2022\/08\/postQueueImg_41-630a347c2ed3d.jpg\",\"keywords\":[\"Africa Press\",\"Africa Press-Angola\",\"Angola\"],\"articleSection\":[\"all news\",\"homepage-english\",\"policy\",\"twitter\"],\"inLanguage\":\"en-US\",\"potentialAction\":[{\"@type\":\"CommentAction\",\"name\":\"Comment\",\"target\":[\"https:\/\/www.africa-press.net\/angola\/all-news\/body-of-luis-neto-kiambata-cremated-in-luanda#respond\"]}]},{\"@type\":\"WebPage\",\"@id\":\"https:\/\/www.africa-press.net\/angola\/all-news\/body-of-luis-neto-kiambata-cremated-in-luanda\",\"url\":\"https:\/\/www.africa-press.net\/angola\/all-news\/body-of-luis-neto-kiambata-cremated-in-luanda\",\"name\":\"Body of Lu\u00eds Neto Kiambata cremated in Luanda - Angola\",\"isPartOf\":{\"@id\":\"https:\/\/www.africa-press.net\/angola\/#website\"},\"primaryImageOfPage\":{\"@id\":\"https:\/\/www.africa-press.net\/angola\/all-news\/body-of-luis-neto-kiambata-cremated-in-luanda#primaryimage\"},\"image\":{\"@id\":\"https:\/\/www.africa-press.net\/angola\/all-news\/body-of-luis-neto-kiambata-cremated-in-luanda#primaryimage\"},\"thumbnailUrl\":\"https:\/\/static.africa-press.net\/angola\/sites\/65\/2022\/08\/postQueueImg_41-630a347c2ed3d.jpg\",\"datePublished\":\"2022-08-27T13:23:29+00:00\",\"dateModified\":\"2022-08-27T15:13:21+00:00\",\"author\":{\"@id\":\"https:\/\/www.africa-press.net\/angola\/#\/schema\/person\/068c7ab4e9634ae78ec5d54ec46598bb\"},\"description\":\"The body of nationalist and ambassador Lu\u00eds Neto Kiambata was cremated this Saturday in Luanda. Lu\u00eds Neto Kiamba ...\",\"breadcrumb\":{\"@id\":\"https:\/\/www.africa-press.net\/angola\/all-news\/body-of-luis-neto-kiambata-cremated-in-luanda#breadcrumb\"},\"inLanguage\":\"en-US\",\"potentialAction\":[{\"@type\":\"ReadAction\",\"target\":[\"https:\/\/www.africa-press.net\/angola\/all-news\/body-of-luis-neto-kiambata-cremated-in-luanda\"]}]},{\"@type\":\"ImageObject\",\"inLanguage\":\"en-US\",\"@id\":\"https:\/\/www.africa-press.net\/angola\/all-news\/body-of-luis-neto-kiambata-cremated-in-luanda#primaryimage\",\"url\":\"https:\/\/static.africa-press.net\/angola\/sites\/65\/2022\/08\/postQueueImg_41-630a347c2ed3d.jpg\",\"contentUrl\":\"https:\/\/static.africa-press.net\/angola\/sites\/65\/2022\/08\/postQueueImg_41-630a347c2ed3d.jpg\",\"width\":620,\"height\":413,\"caption\":\"Body of Lu\u00eds Neto Kiambata cremated in Luanda\"},{\"@type\":\"BreadcrumbList\",\"@id\":\"https:\/\/www.africa-press.net\/angola\/all-news\/body-of-luis-neto-kiambata-cremated-in-luanda#breadcrumb\",\"itemListElement\":[{\"@type\":\"ListItem\",\"position\":1,\"name\":\"Home\",\"item\":\"https:\/\/www.africa-press.net\/angola\/\"},{\"@type\":\"ListItem\",\"position\":2,\"name\":\"Body of Lu\u00eds Neto Kiambata cremated in Luanda\"}]},{\"@type\":\"WebSite\",\"@id\":\"https:\/\/www.africa-press.net\/angola\/#website\",\"url\":\"https:\/\/www.africa-press.net\/angola\/\",\"name\":\"Angola\",\"description\":\"Just another Africa News Agency Sites site\",\"potentialAction\":[{\"@type\":\"SearchAction\",\"target\":{\"@type\":\"EntryPoint\",\"urlTemplate\":\"https:\/\/www.africa-press.net\/angola\/?s={search_term_string}\"},\"query-input\":{\"@type\":\"PropertyValueSpecification\",\"valueRequired\":true,\"valueName\":\"search_term_string\"}}],\"inLanguage\":\"en-US\"},{\"@type\":\"Person\",\"@id\":\"https:\/\/www.africa-press.net\/angola\/#\/schema\/person\/068c7ab4e9634ae78ec5d54ec46598bb\",\"name\":\"cfeditoren\",\"image\":{\"@type\":\"ImageObject\",\"inLanguage\":\"en-US\",\"@id\":\"https:\/\/www.africa-press.net\/angola\/#\/schema\/person\/image\/\",\"url\":\"https:\/\/secure.gravatar.com\/avatar\/7417380fa9e23b5c57fdbfdaf3fdf92ee478f759a084addda5faa3732853e74a?s=96&d=mm&r=g\",\"contentUrl\":\"https:\/\/secure.gravatar.com\/avatar\/7417380fa9e23b5c57fdbfdaf3fdf92ee478f759a084addda5faa3732853e74a?s=96&d=mm&r=g\",\"caption\":\"cfeditoren\"}}]}<\/script>\n<!-- \/ Yoast SEO Premium plugin. -->","yoast_head_json":{"title":"Body of Lu\u00eds Neto Kiambata cremated in Luanda - Angola","description":"The body of nationalist and ambassador Lu\u00eds Neto Kiambata was cremated this Saturday in Luanda. Lu\u00eds Neto Kiamba ...","robots":{"index":"index","follow":"follow","max-snippet":"max-snippet:-1","max-image-preview":"max-image-preview:large","max-video-preview":"max-video-preview:-1"},"canonical":"https:\/\/www.africa-press.net\/angola\/all-news\/body-of-luis-neto-kiambata-cremated-in-luanda","og_locale":"en_US","og_type":"article","og_title":"Body of Lu\u00eds Neto Kiambata cremated in Luanda","og_description":"The body of nationalist and ambassador Lu\u00eds Neto Kiambata was cremated this Saturday in Luanda. Lu\u00eds Neto Kiamba ...","og_url":"https:\/\/www.africa-press.net\/angola\/all-news\/body-of-luis-neto-kiambata-cremated-in-luanda","og_site_name":"Angola","article_publisher":"https:\/\/www.facebook.com\/AfricaPressTunisiaa","article_published_time":"2022-08-27T13:23:29+00:00","article_modified_time":"2022-08-27T15:13:21+00:00","og_image":[{"width":620,"height":413,"url":"https:\/\/static.africa-press.net\/angola\/sites\/65\/2022\/08\/postQueueImg_41-630a347c2ed3d.jpg","type":"image\/jpeg"}],"author":"cfeditoren","twitter_card":"summary_large_image","twitter_misc":{"Written by":"cfeditoren","Est. reading time":"1 minute"},"schema":{"@context":"https:\/\/schema.org","@graph":[{"@type":"Article","@id":"https:\/\/www.africa-press.net\/angola\/all-news\/body-of-luis-neto-kiambata-cremated-in-luanda#article","isPartOf":{"@id":"https:\/\/www.africa-press.net\/angola\/all-news\/body-of-luis-neto-kiambata-cremated-in-luanda"},"author":{"name":"cfeditoren","@id":"https:\/\/www.africa-press.net\/angola\/#\/schema\/person\/068c7ab4e9634ae78ec5d54ec46598bb"},"headline":"Body of Lu\u00eds Neto Kiambata cremated in Luanda","datePublished":"2022-08-27T13:23:29+00:00","dateModified":"2022-08-27T15:13:21+00:00","mainEntityOfPage":{"@id":"https:\/\/www.africa-press.net\/angola\/all-news\/body-of-luis-neto-kiambata-cremated-in-luanda"},"wordCount":105,"commentCount":0,"image":{"@id":"https:\/\/www.africa-press.net\/angola\/all-news\/body-of-luis-neto-kiambata-cremated-in-luanda#primaryimage"},"thumbnailUrl":"https:\/\/static.africa-press.net\/angola\/sites\/65\/2022\/08\/postQueueImg_41-630a347c2ed3d.jpg","keywords":["Africa Press","Africa Press-Angola","Angola"],"articleSection":["all news","homepage-english","policy","twitter"],"inLanguage":"en-US","potentialAction":[{"@type":"CommentAction","name":"Comment","target":["https:\/\/www.africa-press.net\/angola\/all-news\/body-of-luis-neto-kiambata-cremated-in-luanda#respond"]}]},{"@type":"WebPage","@id":"https:\/\/www.africa-press.net\/angola\/all-news\/body-of-luis-neto-kiambata-cremated-in-luanda","url":"https:\/\/www.africa-press.net\/angola\/all-news\/body-of-luis-neto-kiambata-cremated-in-luanda","name":"Body of Lu\u00eds Neto Kiambata cremated in Luanda - Angola","isPartOf":{"@id":"https:\/\/www.africa-press.net\/angola\/#website"},"primaryImageOfPage":{"@id":"https:\/\/www.africa-press.net\/angola\/all-news\/body-of-luis-neto-kiambata-cremated-in-luanda#primaryimage"},"image":{"@id":"https:\/\/www.africa-press.net\/angola\/all-news\/body-of-luis-neto-kiambata-cremated-in-luanda#primaryimage"},"thumbnailUrl":"https:\/\/static.africa-press.net\/angola\/sites\/65\/2022\/08\/postQueueImg_41-630a347c2ed3d.jpg","datePublished":"2022-08-27T13:23:29+00:00","dateModified":"2022-08-27T15:13:21+00:00","author":{"@id":"https:\/\/www.africa-press.net\/angola\/#\/schema\/person\/068c7ab4e9634ae78ec5d54ec46598bb"},"description":"The body of nationalist and ambassador Lu\u00eds Neto Kiambata was cremated this Saturday in Luanda. Lu\u00eds Neto Kiamba ...","breadcrumb":{"@id":"https:\/\/www.africa-press.net\/angola\/all-news\/body-of-luis-neto-kiambata-cremated-in-luanda#breadcrumb"},"inLanguage":"en-US","potentialAction":[{"@type":"ReadAction","target":["https:\/\/www.africa-press.net\/angola\/all-news\/body-of-luis-neto-kiambata-cremated-in-luanda"]}]},{"@type":"ImageObject","inLanguage":"en-US","@id":"https:\/\/www.africa-press.net\/angola\/all-news\/body-of-luis-neto-kiambata-cremated-in-luanda#primaryimage","url":"https:\/\/static.africa-press.net\/angola\/sites\/65\/2022\/08\/postQueueImg_41-630a347c2ed3d.jpg","contentUrl":"https:\/\/static.africa-press.net\/angola\/sites\/65\/2022\/08\/postQueueImg_41-630a347c2ed3d.jpg","width":620,"height":413,"caption":"Body of Lu\u00eds Neto Kiambata cremated in Luanda"},{"@type":"BreadcrumbList","@id":"https:\/\/www.africa-press.net\/angola\/all-news\/body-of-luis-neto-kiambata-cremated-in-luanda#breadcrumb","itemListElement":[{"@type":"ListItem","position":1,"name":"Home","item":"https:\/\/www.africa-press.net\/angola\/"},{"@type":"ListItem","position":2,"name":"Body of Lu\u00eds Neto Kiambata cremated in Luanda"}]},{"@type":"WebSite","@id":"https:\/\/www.africa-press.net\/angola\/#website","url":"https:\/\/www.africa-press.net\/angola\/","name":"Angola","description":"Just another Africa News Agency Sites site","potentialAction":[{"@type":"SearchAction","target":{"@type":"EntryPoint","urlTemplate":"https:\/\/www.africa-press.net\/angola\/?s={search_term_string}"},"query-input":{"@type":"PropertyValueSpecification","valueRequired":true,"valueName":"search_term_string"}}],"inLanguage":"en-US"},{"@type":"Person","@id":"https:\/\/www.africa-press.net\/angola\/#\/schema\/person\/068c7ab4e9634ae78ec5d54ec46598bb","name":"cfeditoren","image":{"@type":"ImageObject","inLanguage":"en-US","@id":"https:\/\/www.africa-press.net\/angola\/#\/schema\/person\/image\/","url":"https:\/\/secure.gravatar.com\/avatar\/7417380fa9e23b5c57fdbfdaf3fdf92ee478f759a084addda5faa3732853e74a?s=96&d=mm&r=g","contentUrl":"https:\/\/secure.gravatar.com\/avatar\/7417380fa9e23b5c57fdbfdaf3fdf92ee478f759a084addda5faa3732853e74a?s=96&d=mm&r=g","caption":"cfeditoren"}}]}},"_links":{"self":[{"href":"https:\/\/www.africa-press.net\/angola\/wp-json\/wp\/v2\/posts\/15039","targetHints":{"allow":["GET"]}}],"collection":[{"href":"https:\/\/www.africa-press.net\/angola\/wp-json\/wp\/v2\/posts"}],"about":[{"href":"https:\/\/www.africa-press.net\/angola\/wp-json\/wp\/v2\/types\/post"}],"author":[{"embeddable":true,"href":"https:\/\/www.africa-press.net\/angola\/wp-json\/wp\/v2\/users\/84"}],"replies":[{"embeddable":true,"href":"https:\/\/www.africa-press.net\/angola\/wp-json\/wp\/v2\/comments?post=15039"}],"version-history":[{"count":0,"href":"https:\/\/www.africa-press.net\/angola\/wp-json\/wp\/v2\/posts\/15039\/revisions"}],"wp:featuredmedia":[{"embeddable":true,"href":"https:\/\/www.africa-press.net\/angola\/wp-json\/wp\/v2\/media\/15038"}],"wp:attachment":[{"href":"https:\/\/www.africa-press.net\/angola\/wp-json\/wp\/v2\/media?parent=15039"}],"wp:term":[{"taxonomy":"category","embeddable":true,"href":"https:\/\/www.africa-press.net\/angola\/wp-json\/wp\/v2\/categories?post=15039"},{"taxonomy":"post_tag","embeddable":true,"href":"https:\/\/www.africa-press.net\/angola\/wp-json\/wp\/v2\/tags?post=15039"}],"curies":[{"name":"wp","href":"https:\/\/api.w.org\/{rel}","templated":true}]}}