{"id":15137,"date":"2022-08-29T12:29:03","date_gmt":"2022-08-29T12:29:03","guid":{"rendered":"https:\/\/www.africa-press.net\/angola\/all-news\/former-president-jose-eduardo-dos-santos-body-already-rests-in-the-tomb"},"modified":"2022-08-29T15:13:15","modified_gmt":"2022-08-29T15:13:15","slug":"former-president-jose-eduardo-dos-santos-body-already-rests-in-the-tomb","status":"publish","type":"post","link":"https:\/\/www.africa-press.net\/angola\/all-news\/former-president-jose-eduardo-dos-santos-body-already-rests-in-the-tomb","title":{"rendered":"Former President Jos\u00e9 Eduardo dos Santos&#8217; body already rests in the tomb"},"content":{"rendered":"<p><span style=\"color: #ff6600\"><strong>Africa-Press &#8211; Angola. <\/strong><\/span><b>The urn containing the body of the former President of the Republic, Jos\u00e9 Eduardo dos Santos, has been resting since yesterday in the tomb, built in Pra\u00e7a da Rep\u00fablica, in Luanda.<br \/>\n<\/b><br \/>\nDuring the funeral, 21 cannon salutes were fired, maneuvers were carried out by vessels of the naval unit and Air Force planes were flown over.<\/p>\n<p>The urn covered with the national flag was carried by guards of honor from the branches of the Defense and Security Forces, namely the Angolan Armed Forces, National Police, National Air Force and the Angolan Navy.<\/p>\n<p>The tomb where Jos\u00e9 Eduardo dos Santos&#8217; urn is deposited was built in a space of three thousand square meters, of which two thousand meters are reserved for landscaping.<\/p>\n<p>On the outside (top) there is a dove that symbolizes peace, one of the greatest achievements of the former President of the Republic, left to the Angolan people.<\/p>\n<p>The structure is also covered with marble and granite stones.<\/p>\n<p>The funeral ceremony was attended by the President of the Republic, Jo\u00e3o Louren\u00e7o, distinguished Heads of State and Government, members of the Executive, Sovereignty Bodies, religious entities, among other guests.<\/p>\n<p><strong>For More News And Analysis About <a href=\"https:\/\/www.africa-press.net\/angola\">Angola<\/a> Follow <a href=\"https:\/\/www.africa-press.net\/\">Africa-Press<\/a><\/strong><\/p>\n","protected":false},"excerpt":{"rendered":"<p>Africa-Press &#8211; Angola. The urn containing the body of the former President of the Republic, Jos\u00e9 Eduardo dos Santos, has been resting since yesterday in the tomb, built in Pra\u00e7a da Rep\u00fablica, in Luanda. During the funeral, 21 cannon salutes were fired, maneuvers were carried out by vessels of the naval unit and Air Force [&hellip;]<\/p>\n","protected":false},"author":84,"featured_media":15136,"comment_status":"open","ping_status":"open","sticky":false,"template":"","format":"standard","meta":{"footnotes":""},"categories":[2,8,12,16],"tags":[233,337,329],"class_list":["post-15137","post","type-post","status-publish","format-standard","has-post-thumbnail","hentry","category-all-news","category-homepage-english","category-policy","category-twitter","tag-africa-press","tag-africa-press-angola","tag-angola"],"yoast_head":"<!-- This site is optimized with the Yoast SEO Premium plugin v26.1 (Yoast SEO v27.0) - https:\/\/yoast.com\/product\/yoast-seo-premium-wordpress\/ -->\n<title>Former President Jos\u00e9 Eduardo dos Santos&#039; body already rests in the tomb - Angola<\/title>\n<meta name=\"description\" content=\"The urn containing the body of the former President of the Republic, Jos\u00e9 Eduardo dos Santos, has been resting since ...\" \/>\n<meta name=\"robots\" content=\"index, follow, max-snippet:-1, max-image-preview:large, max-video-preview:-1\" \/>\n<link rel=\"canonical\" href=\"https:\/\/www.africa-press.net\/angola\/all-news\/former-president-jose-eduardo-dos-santos-body-already-rests-in-the-tomb\" \/>\n<meta property=\"og:locale\" content=\"en_US\" \/>\n<meta property=\"og:type\" content=\"article\" \/>\n<meta property=\"og:title\" content=\"Former President Jos\u00e9 Eduardo dos Santos&#039; body already rests in the tomb\" \/>\n<meta property=\"og:description\" content=\"The urn containing the body of the former President of the Republic, Jos\u00e9 Eduardo dos Santos, has been resting since ...\" \/>\n<meta property=\"og:url\" content=\"https:\/\/www.africa-press.net\/angola\/all-news\/former-president-jose-eduardo-dos-santos-body-already-rests-in-the-tomb\" \/>\n<meta property=\"og:site_name\" content=\"Angola\" \/>\n<meta property=\"article:publisher\" content=\"https:\/\/www.facebook.com\/AfricaPressTunisiaa\" \/>\n<meta property=\"article:published_time\" content=\"2022-08-29T12:29:03+00:00\" \/>\n<meta property=\"article:modified_time\" content=\"2022-08-29T15:13:15+00:00\" \/>\n<meta property=\"og:image\" content=\"https:\/\/static.africa-press.net\/angola\/sites\/65\/2022\/08\/postQueueImg_28-630cd773b78ce.jpg\" \/>\n\t<meta property=\"og:image:width\" content=\"620\" \/>\n\t<meta property=\"og:image:height\" content=\"413\" \/>\n\t<meta property=\"og:image:type\" content=\"image\/jpeg\" \/>\n<meta name=\"author\" content=\"cfeditoren\" \/>\n<meta name=\"twitter:card\" content=\"summary_large_image\" \/>\n<meta name=\"twitter:label1\" content=\"Written by\" \/>\n\t<meta name=\"twitter:data1\" content=\"cfeditoren\" \/>\n\t<meta name=\"twitter:label2\" content=\"Est. reading time\" \/>\n\t<meta name=\"twitter:data2\" content=\"1 minute\" \/>\n<script type=\"application\/ld+json\" class=\"yoast-schema-graph\">{\"@context\":\"https:\/\/schema.org\",\"@graph\":[{\"@type\":\"Article\",\"@id\":\"https:\/\/www.africa-press.net\/angola\/all-news\/former-president-jose-eduardo-dos-santos-body-already-rests-in-the-tomb#article\",\"isPartOf\":{\"@id\":\"https:\/\/www.africa-press.net\/angola\/all-news\/former-president-jose-eduardo-dos-santos-body-already-rests-in-the-tomb\"},\"author\":{\"name\":\"cfeditoren\",\"@id\":\"https:\/\/www.africa-press.net\/angola\/#\/schema\/person\/068c7ab4e9634ae78ec5d54ec46598bb\"},\"headline\":\"Former President Jos\u00e9 Eduardo dos Santos&#8217; body already rests in the tomb\",\"datePublished\":\"2022-08-29T12:29:03+00:00\",\"dateModified\":\"2022-08-29T15:13:15+00:00\",\"mainEntityOfPage\":{\"@id\":\"https:\/\/www.africa-press.net\/angola\/all-news\/former-president-jose-eduardo-dos-santos-body-already-rests-in-the-tomb\"},\"wordCount\":216,\"commentCount\":0,\"image\":{\"@id\":\"https:\/\/www.africa-press.net\/angola\/all-news\/former-president-jose-eduardo-dos-santos-body-already-rests-in-the-tomb#primaryimage\"},\"thumbnailUrl\":\"https:\/\/static.africa-press.net\/angola\/sites\/65\/2022\/08\/postQueueImg_28-630cd773b78ce.jpg\",\"keywords\":[\"Africa Press\",\"Africa Press-Angola\",\"Angola\"],\"articleSection\":[\"all news\",\"homepage-english\",\"policy\",\"twitter\"],\"inLanguage\":\"en-US\",\"potentialAction\":[{\"@type\":\"CommentAction\",\"name\":\"Comment\",\"target\":[\"https:\/\/www.africa-press.net\/angola\/all-news\/former-president-jose-eduardo-dos-santos-body-already-rests-in-the-tomb#respond\"]}]},{\"@type\":\"WebPage\",\"@id\":\"https:\/\/www.africa-press.net\/angola\/all-news\/former-president-jose-eduardo-dos-santos-body-already-rests-in-the-tomb\",\"url\":\"https:\/\/www.africa-press.net\/angola\/all-news\/former-president-jose-eduardo-dos-santos-body-already-rests-in-the-tomb\",\"name\":\"Former President Jos\u00e9 Eduardo dos Santos' body already rests in the tomb - Angola\",\"isPartOf\":{\"@id\":\"https:\/\/www.africa-press.net\/angola\/#website\"},\"primaryImageOfPage\":{\"@id\":\"https:\/\/www.africa-press.net\/angola\/all-news\/former-president-jose-eduardo-dos-santos-body-already-rests-in-the-tomb#primaryimage\"},\"image\":{\"@id\":\"https:\/\/www.africa-press.net\/angola\/all-news\/former-president-jose-eduardo-dos-santos-body-already-rests-in-the-tomb#primaryimage\"},\"thumbnailUrl\":\"https:\/\/static.africa-press.net\/angola\/sites\/65\/2022\/08\/postQueueImg_28-630cd773b78ce.jpg\",\"datePublished\":\"2022-08-29T12:29:03+00:00\",\"dateModified\":\"2022-08-29T15:13:15+00:00\",\"author\":{\"@id\":\"https:\/\/www.africa-press.net\/angola\/#\/schema\/person\/068c7ab4e9634ae78ec5d54ec46598bb\"},\"description\":\"The urn containing the body of the former President of the Republic, Jos\u00e9 Eduardo dos Santos, has been resting since ...\",\"breadcrumb\":{\"@id\":\"https:\/\/www.africa-press.net\/angola\/all-news\/former-president-jose-eduardo-dos-santos-body-already-rests-in-the-tomb#breadcrumb\"},\"inLanguage\":\"en-US\",\"potentialAction\":[{\"@type\":\"ReadAction\",\"target\":[\"https:\/\/www.africa-press.net\/angola\/all-news\/former-president-jose-eduardo-dos-santos-body-already-rests-in-the-tomb\"]}]},{\"@type\":\"ImageObject\",\"inLanguage\":\"en-US\",\"@id\":\"https:\/\/www.africa-press.net\/angola\/all-news\/former-president-jose-eduardo-dos-santos-body-already-rests-in-the-tomb#primaryimage\",\"url\":\"https:\/\/static.africa-press.net\/angola\/sites\/65\/2022\/08\/postQueueImg_28-630cd773b78ce.jpg\",\"contentUrl\":\"https:\/\/static.africa-press.net\/angola\/sites\/65\/2022\/08\/postQueueImg_28-630cd773b78ce.jpg\",\"width\":620,\"height\":413,\"caption\":\"Former President Jos\u00e9 Eduardo dos Santos' body already rests in the tomb\"},{\"@type\":\"BreadcrumbList\",\"@id\":\"https:\/\/www.africa-press.net\/angola\/all-news\/former-president-jose-eduardo-dos-santos-body-already-rests-in-the-tomb#breadcrumb\",\"itemListElement\":[{\"@type\":\"ListItem\",\"position\":1,\"name\":\"Home\",\"item\":\"https:\/\/www.africa-press.net\/angola\/\"},{\"@type\":\"ListItem\",\"position\":2,\"name\":\"Former President Jos\u00e9 Eduardo dos Santos&#8217; body already rests in the tomb\"}]},{\"@type\":\"WebSite\",\"@id\":\"https:\/\/www.africa-press.net\/angola\/#website\",\"url\":\"https:\/\/www.africa-press.net\/angola\/\",\"name\":\"Angola\",\"description\":\"Just another Africa News Agency Sites site\",\"potentialAction\":[{\"@type\":\"SearchAction\",\"target\":{\"@type\":\"EntryPoint\",\"urlTemplate\":\"https:\/\/www.africa-press.net\/angola\/?s={search_term_string}\"},\"query-input\":{\"@type\":\"PropertyValueSpecification\",\"valueRequired\":true,\"valueName\":\"search_term_string\"}}],\"inLanguage\":\"en-US\"},{\"@type\":\"Person\",\"@id\":\"https:\/\/www.africa-press.net\/angola\/#\/schema\/person\/068c7ab4e9634ae78ec5d54ec46598bb\",\"name\":\"cfeditoren\",\"image\":{\"@type\":\"ImageObject\",\"inLanguage\":\"en-US\",\"@id\":\"https:\/\/www.africa-press.net\/angola\/#\/schema\/person\/image\/\",\"url\":\"https:\/\/secure.gravatar.com\/avatar\/7417380fa9e23b5c57fdbfdaf3fdf92ee478f759a084addda5faa3732853e74a?s=96&d=mm&r=g\",\"contentUrl\":\"https:\/\/secure.gravatar.com\/avatar\/7417380fa9e23b5c57fdbfdaf3fdf92ee478f759a084addda5faa3732853e74a?s=96&d=mm&r=g\",\"caption\":\"cfeditoren\"}}]}<\/script>\n<!-- \/ Yoast SEO Premium plugin. -->","yoast_head_json":{"title":"Former President Jos\u00e9 Eduardo dos Santos' body already rests in the tomb - Angola","description":"The urn containing the body of the former President of the Republic, Jos\u00e9 Eduardo dos Santos, has been resting since ...","robots":{"index":"index","follow":"follow","max-snippet":"max-snippet:-1","max-image-preview":"max-image-preview:large","max-video-preview":"max-video-preview:-1"},"canonical":"https:\/\/www.africa-press.net\/angola\/all-news\/former-president-jose-eduardo-dos-santos-body-already-rests-in-the-tomb","og_locale":"en_US","og_type":"article","og_title":"Former President Jos\u00e9 Eduardo dos Santos' body already rests in the tomb","og_description":"The urn containing the body of the former President of the Republic, Jos\u00e9 Eduardo dos Santos, has been resting since ...","og_url":"https:\/\/www.africa-press.net\/angola\/all-news\/former-president-jose-eduardo-dos-santos-body-already-rests-in-the-tomb","og_site_name":"Angola","article_publisher":"https:\/\/www.facebook.com\/AfricaPressTunisiaa","article_published_time":"2022-08-29T12:29:03+00:00","article_modified_time":"2022-08-29T15:13:15+00:00","og_image":[{"width":620,"height":413,"url":"https:\/\/static.africa-press.net\/angola\/sites\/65\/2022\/08\/postQueueImg_28-630cd773b78ce.jpg","type":"image\/jpeg"}],"author":"cfeditoren","twitter_card":"summary_large_image","twitter_misc":{"Written by":"cfeditoren","Est. reading time":"1 minute"},"schema":{"@context":"https:\/\/schema.org","@graph":[{"@type":"Article","@id":"https:\/\/www.africa-press.net\/angola\/all-news\/former-president-jose-eduardo-dos-santos-body-already-rests-in-the-tomb#article","isPartOf":{"@id":"https:\/\/www.africa-press.net\/angola\/all-news\/former-president-jose-eduardo-dos-santos-body-already-rests-in-the-tomb"},"author":{"name":"cfeditoren","@id":"https:\/\/www.africa-press.net\/angola\/#\/schema\/person\/068c7ab4e9634ae78ec5d54ec46598bb"},"headline":"Former President Jos\u00e9 Eduardo dos Santos&#8217; body already rests in the tomb","datePublished":"2022-08-29T12:29:03+00:00","dateModified":"2022-08-29T15:13:15+00:00","mainEntityOfPage":{"@id":"https:\/\/www.africa-press.net\/angola\/all-news\/former-president-jose-eduardo-dos-santos-body-already-rests-in-the-tomb"},"wordCount":216,"commentCount":0,"image":{"@id":"https:\/\/www.africa-press.net\/angola\/all-news\/former-president-jose-eduardo-dos-santos-body-already-rests-in-the-tomb#primaryimage"},"thumbnailUrl":"https:\/\/static.africa-press.net\/angola\/sites\/65\/2022\/08\/postQueueImg_28-630cd773b78ce.jpg","keywords":["Africa Press","Africa Press-Angola","Angola"],"articleSection":["all news","homepage-english","policy","twitter"],"inLanguage":"en-US","potentialAction":[{"@type":"CommentAction","name":"Comment","target":["https:\/\/www.africa-press.net\/angola\/all-news\/former-president-jose-eduardo-dos-santos-body-already-rests-in-the-tomb#respond"]}]},{"@type":"WebPage","@id":"https:\/\/www.africa-press.net\/angola\/all-news\/former-president-jose-eduardo-dos-santos-body-already-rests-in-the-tomb","url":"https:\/\/www.africa-press.net\/angola\/all-news\/former-president-jose-eduardo-dos-santos-body-already-rests-in-the-tomb","name":"Former President Jos\u00e9 Eduardo dos Santos' body already rests in the tomb - Angola","isPartOf":{"@id":"https:\/\/www.africa-press.net\/angola\/#website"},"primaryImageOfPage":{"@id":"https:\/\/www.africa-press.net\/angola\/all-news\/former-president-jose-eduardo-dos-santos-body-already-rests-in-the-tomb#primaryimage"},"image":{"@id":"https:\/\/www.africa-press.net\/angola\/all-news\/former-president-jose-eduardo-dos-santos-body-already-rests-in-the-tomb#primaryimage"},"thumbnailUrl":"https:\/\/static.africa-press.net\/angola\/sites\/65\/2022\/08\/postQueueImg_28-630cd773b78ce.jpg","datePublished":"2022-08-29T12:29:03+00:00","dateModified":"2022-08-29T15:13:15+00:00","author":{"@id":"https:\/\/www.africa-press.net\/angola\/#\/schema\/person\/068c7ab4e9634ae78ec5d54ec46598bb"},"description":"The urn containing the body of the former President of the Republic, Jos\u00e9 Eduardo dos Santos, has been resting since ...","breadcrumb":{"@id":"https:\/\/www.africa-press.net\/angola\/all-news\/former-president-jose-eduardo-dos-santos-body-already-rests-in-the-tomb#breadcrumb"},"inLanguage":"en-US","potentialAction":[{"@type":"ReadAction","target":["https:\/\/www.africa-press.net\/angola\/all-news\/former-president-jose-eduardo-dos-santos-body-already-rests-in-the-tomb"]}]},{"@type":"ImageObject","inLanguage":"en-US","@id":"https:\/\/www.africa-press.net\/angola\/all-news\/former-president-jose-eduardo-dos-santos-body-already-rests-in-the-tomb#primaryimage","url":"https:\/\/static.africa-press.net\/angola\/sites\/65\/2022\/08\/postQueueImg_28-630cd773b78ce.jpg","contentUrl":"https:\/\/static.africa-press.net\/angola\/sites\/65\/2022\/08\/postQueueImg_28-630cd773b78ce.jpg","width":620,"height":413,"caption":"Former President Jos\u00e9 Eduardo dos Santos' body already rests in the tomb"},{"@type":"BreadcrumbList","@id":"https:\/\/www.africa-press.net\/angola\/all-news\/former-president-jose-eduardo-dos-santos-body-already-rests-in-the-tomb#breadcrumb","itemListElement":[{"@type":"ListItem","position":1,"name":"Home","item":"https:\/\/www.africa-press.net\/angola\/"},{"@type":"ListItem","position":2,"name":"Former President Jos\u00e9 Eduardo dos Santos&#8217; body already rests in the tomb"}]},{"@type":"WebSite","@id":"https:\/\/www.africa-press.net\/angola\/#website","url":"https:\/\/www.africa-press.net\/angola\/","name":"Angola","description":"Just another Africa News Agency Sites site","potentialAction":[{"@type":"SearchAction","target":{"@type":"EntryPoint","urlTemplate":"https:\/\/www.africa-press.net\/angola\/?s={search_term_string}"},"query-input":{"@type":"PropertyValueSpecification","valueRequired":true,"valueName":"search_term_string"}}],"inLanguage":"en-US"},{"@type":"Person","@id":"https:\/\/www.africa-press.net\/angola\/#\/schema\/person\/068c7ab4e9634ae78ec5d54ec46598bb","name":"cfeditoren","image":{"@type":"ImageObject","inLanguage":"en-US","@id":"https:\/\/www.africa-press.net\/angola\/#\/schema\/person\/image\/","url":"https:\/\/secure.gravatar.com\/avatar\/7417380fa9e23b5c57fdbfdaf3fdf92ee478f759a084addda5faa3732853e74a?s=96&d=mm&r=g","contentUrl":"https:\/\/secure.gravatar.com\/avatar\/7417380fa9e23b5c57fdbfdaf3fdf92ee478f759a084addda5faa3732853e74a?s=96&d=mm&r=g","caption":"cfeditoren"}}]}},"_links":{"self":[{"href":"https:\/\/www.africa-press.net\/angola\/wp-json\/wp\/v2\/posts\/15137","targetHints":{"allow":["GET"]}}],"collection":[{"href":"https:\/\/www.africa-press.net\/angola\/wp-json\/wp\/v2\/posts"}],"about":[{"href":"https:\/\/www.africa-press.net\/angola\/wp-json\/wp\/v2\/types\/post"}],"author":[{"embeddable":true,"href":"https:\/\/www.africa-press.net\/angola\/wp-json\/wp\/v2\/users\/84"}],"replies":[{"embeddable":true,"href":"https:\/\/www.africa-press.net\/angola\/wp-json\/wp\/v2\/comments?post=15137"}],"version-history":[{"count":0,"href":"https:\/\/www.africa-press.net\/angola\/wp-json\/wp\/v2\/posts\/15137\/revisions"}],"wp:featuredmedia":[{"embeddable":true,"href":"https:\/\/www.africa-press.net\/angola\/wp-json\/wp\/v2\/media\/15136"}],"wp:attachment":[{"href":"https:\/\/www.africa-press.net\/angola\/wp-json\/wp\/v2\/media?parent=15137"}],"wp:term":[{"taxonomy":"category","embeddable":true,"href":"https:\/\/www.africa-press.net\/angola\/wp-json\/wp\/v2\/categories?post=15137"},{"taxonomy":"post_tag","embeddable":true,"href":"https:\/\/www.africa-press.net\/angola\/wp-json\/wp\/v2\/tags?post=15137"}],"curies":[{"name":"wp","href":"https:\/\/api.w.org\/{rel}","templated":true}]}}