{"id":15140,"date":"2022-08-29T12:32:10","date_gmt":"2022-08-29T12:32:10","guid":{"rendered":"https:\/\/www.africa-press.net\/angola\/all-news\/mpla-highlights-achievements-of-president-emeritus"},"modified":"2022-08-29T15:13:40","modified_gmt":"2022-08-29T15:13:40","slug":"mpla-highlights-achievements-of-president-emeritus","status":"publish","type":"post","link":"https:\/\/www.africa-press.net\/angola\/all-news\/mpla-highlights-achievements-of-president-emeritus","title":{"rendered":"MPLA highlights achievements of President Emeritus"},"content":{"rendered":"<p><span style=\"color: #ff6600\"><strong>Africa-Press &#8211; Angola. <\/strong><\/span><b>The MPLA vice-president, Lu\u00edsa Dami\u00e3o, highlighted today the achievements of the former Head of State and President Emeritus of the party, Jos\u00e9 Eduardo dos Santos, underlined being a son who in the various facets of life marked with indelible ink the quality of well-being. do without looking at sacrifices and with love for the Angolan people\u201d.<\/b><\/p>\n<p>Lu\u00edsa Dami\u00e3o, who was speaking at the ex-President&#8217;s state funeral, in Pra\u00e7a da Rep\u00fablica, in Luanda, said that it was under the guidance of Jos\u00e9 Eduardo dos Santos that the negotiated solution was found that ended the war in Angola &#8220;what made you the name of architect of peace\u201d.<\/p>\n<p>The urn containing the body of the former President of the Republic, Jos\u00e9 Eduardo dos Santos, was deposited this Sunday in the tomb, built in Pra\u00e7a da Rep\u00fablica, in Luanda, whose ceremony was led by the President of the Republic, Jo\u00e3o Louren\u00e7o.<\/p>\n<p>The former Angolan Head of State died on the 28th of July, in Barcelona, \u200b\u200bKingdom of Spain, due to illness.<\/p>\n<p><strong>For More News And Analysis About <a href=\"https:\/\/www.africa-press.net\/angola\">Angola<\/a> Follow <a href=\"https:\/\/www.africa-press.net\/\">Africa-Press<\/a><\/strong><\/p>\n","protected":false},"excerpt":{"rendered":"<p>Africa-Press &#8211; Angola. The MPLA vice-president, Lu\u00edsa Dami\u00e3o, highlighted today the achievements of the former Head of State and President Emeritus of the party, Jos\u00e9 Eduardo dos Santos, underlined being a son who in the various facets of life marked with indelible ink the quality of well-being. do without looking at sacrifices and with love [&hellip;]<\/p>\n","protected":false},"author":84,"featured_media":15139,"comment_status":"open","ping_status":"open","sticky":false,"template":"","format":"standard","meta":{"footnotes":""},"categories":[2,8,10,16],"tags":[233,337,329],"class_list":["post-15140","post","type-post","status-publish","format-standard","has-post-thumbnail","hentry","category-all-news","category-homepage-english","category-parties","category-twitter","tag-africa-press","tag-africa-press-angola","tag-angola"],"yoast_head":"<!-- This site is optimized with the Yoast SEO Premium plugin v26.1 (Yoast SEO v27.0) - https:\/\/yoast.com\/product\/yoast-seo-premium-wordpress\/ -->\n<title>MPLA highlights achievements of President Emeritus - Angola<\/title>\n<meta name=\"description\" content=\"The MPLA vice-president, Lu\u00edsa Dami\u00e3o, highlighted today the achievements of the former Head of State and President E ...\" \/>\n<meta name=\"robots\" content=\"index, follow, max-snippet:-1, max-image-preview:large, max-video-preview:-1\" \/>\n<link rel=\"canonical\" href=\"https:\/\/www.africa-press.net\/angola\/all-news\/mpla-highlights-achievements-of-president-emeritus\" \/>\n<meta property=\"og:locale\" content=\"en_US\" \/>\n<meta property=\"og:type\" content=\"article\" \/>\n<meta property=\"og:title\" content=\"MPLA highlights achievements of President Emeritus\" \/>\n<meta property=\"og:description\" content=\"The MPLA vice-president, Lu\u00edsa Dami\u00e3o, highlighted today the achievements of the former Head of State and President E ...\" \/>\n<meta property=\"og:url\" content=\"https:\/\/www.africa-press.net\/angola\/all-news\/mpla-highlights-achievements-of-president-emeritus\" \/>\n<meta property=\"og:site_name\" content=\"Angola\" \/>\n<meta property=\"article:publisher\" content=\"https:\/\/www.facebook.com\/AfricaPressTunisiaa\" \/>\n<meta property=\"article:published_time\" content=\"2022-08-29T12:32:10+00:00\" \/>\n<meta property=\"article:modified_time\" content=\"2022-08-29T15:13:40+00:00\" \/>\n<meta property=\"og:image\" content=\"https:\/\/static.africa-press.net\/angola\/sites\/65\/2022\/08\/postQueueImg_29-630cd79091030.jpg\" \/>\n\t<meta property=\"og:image:width\" content=\"620\" \/>\n\t<meta property=\"og:image:height\" content=\"413\" \/>\n\t<meta property=\"og:image:type\" content=\"image\/jpeg\" \/>\n<meta name=\"author\" content=\"cfeditoren\" \/>\n<meta name=\"twitter:card\" content=\"summary_large_image\" \/>\n<meta name=\"twitter:label1\" content=\"Written by\" \/>\n\t<meta name=\"twitter:data1\" content=\"cfeditoren\" \/>\n\t<meta name=\"twitter:label2\" content=\"Est. reading time\" \/>\n\t<meta name=\"twitter:data2\" content=\"1 minute\" \/>\n<script type=\"application\/ld+json\" class=\"yoast-schema-graph\">{\"@context\":\"https:\/\/schema.org\",\"@graph\":[{\"@type\":\"Article\",\"@id\":\"https:\/\/www.africa-press.net\/angola\/all-news\/mpla-highlights-achievements-of-president-emeritus#article\",\"isPartOf\":{\"@id\":\"https:\/\/www.africa-press.net\/angola\/all-news\/mpla-highlights-achievements-of-president-emeritus\"},\"author\":{\"name\":\"cfeditoren\",\"@id\":\"https:\/\/www.africa-press.net\/angola\/#\/schema\/person\/068c7ab4e9634ae78ec5d54ec46598bb\"},\"headline\":\"MPLA highlights achievements of President Emeritus\",\"datePublished\":\"2022-08-29T12:32:10+00:00\",\"dateModified\":\"2022-08-29T15:13:40+00:00\",\"mainEntityOfPage\":{\"@id\":\"https:\/\/www.africa-press.net\/angola\/all-news\/mpla-highlights-achievements-of-president-emeritus\"},\"wordCount\":196,\"commentCount\":0,\"image\":{\"@id\":\"https:\/\/www.africa-press.net\/angola\/all-news\/mpla-highlights-achievements-of-president-emeritus#primaryimage\"},\"thumbnailUrl\":\"https:\/\/static.africa-press.net\/angola\/sites\/65\/2022\/08\/postQueueImg_29-630cd79091030.jpg\",\"keywords\":[\"Africa Press\",\"Africa Press-Angola\",\"Angola\"],\"articleSection\":[\"all news\",\"homepage-english\",\"parties\",\"twitter\"],\"inLanguage\":\"en-US\",\"potentialAction\":[{\"@type\":\"CommentAction\",\"name\":\"Comment\",\"target\":[\"https:\/\/www.africa-press.net\/angola\/all-news\/mpla-highlights-achievements-of-president-emeritus#respond\"]}]},{\"@type\":\"WebPage\",\"@id\":\"https:\/\/www.africa-press.net\/angola\/all-news\/mpla-highlights-achievements-of-president-emeritus\",\"url\":\"https:\/\/www.africa-press.net\/angola\/all-news\/mpla-highlights-achievements-of-president-emeritus\",\"name\":\"MPLA highlights achievements of President Emeritus - Angola\",\"isPartOf\":{\"@id\":\"https:\/\/www.africa-press.net\/angola\/#website\"},\"primaryImageOfPage\":{\"@id\":\"https:\/\/www.africa-press.net\/angola\/all-news\/mpla-highlights-achievements-of-president-emeritus#primaryimage\"},\"image\":{\"@id\":\"https:\/\/www.africa-press.net\/angola\/all-news\/mpla-highlights-achievements-of-president-emeritus#primaryimage\"},\"thumbnailUrl\":\"https:\/\/static.africa-press.net\/angola\/sites\/65\/2022\/08\/postQueueImg_29-630cd79091030.jpg\",\"datePublished\":\"2022-08-29T12:32:10+00:00\",\"dateModified\":\"2022-08-29T15:13:40+00:00\",\"author\":{\"@id\":\"https:\/\/www.africa-press.net\/angola\/#\/schema\/person\/068c7ab4e9634ae78ec5d54ec46598bb\"},\"description\":\"The MPLA vice-president, Lu\u00edsa Dami\u00e3o, highlighted today the achievements of the former Head of State and President E ...\",\"breadcrumb\":{\"@id\":\"https:\/\/www.africa-press.net\/angola\/all-news\/mpla-highlights-achievements-of-president-emeritus#breadcrumb\"},\"inLanguage\":\"en-US\",\"potentialAction\":[{\"@type\":\"ReadAction\",\"target\":[\"https:\/\/www.africa-press.net\/angola\/all-news\/mpla-highlights-achievements-of-president-emeritus\"]}]},{\"@type\":\"ImageObject\",\"inLanguage\":\"en-US\",\"@id\":\"https:\/\/www.africa-press.net\/angola\/all-news\/mpla-highlights-achievements-of-president-emeritus#primaryimage\",\"url\":\"https:\/\/static.africa-press.net\/angola\/sites\/65\/2022\/08\/postQueueImg_29-630cd79091030.jpg\",\"contentUrl\":\"https:\/\/static.africa-press.net\/angola\/sites\/65\/2022\/08\/postQueueImg_29-630cd79091030.jpg\",\"width\":620,\"height\":413,\"caption\":\"MPLA highlights achievements of President Emeritus\"},{\"@type\":\"BreadcrumbList\",\"@id\":\"https:\/\/www.africa-press.net\/angola\/all-news\/mpla-highlights-achievements-of-president-emeritus#breadcrumb\",\"itemListElement\":[{\"@type\":\"ListItem\",\"position\":1,\"name\":\"Home\",\"item\":\"https:\/\/www.africa-press.net\/angola\/\"},{\"@type\":\"ListItem\",\"position\":2,\"name\":\"MPLA highlights achievements of President Emeritus\"}]},{\"@type\":\"WebSite\",\"@id\":\"https:\/\/www.africa-press.net\/angola\/#website\",\"url\":\"https:\/\/www.africa-press.net\/angola\/\",\"name\":\"Angola\",\"description\":\"Just another Africa News Agency Sites site\",\"potentialAction\":[{\"@type\":\"SearchAction\",\"target\":{\"@type\":\"EntryPoint\",\"urlTemplate\":\"https:\/\/www.africa-press.net\/angola\/?s={search_term_string}\"},\"query-input\":{\"@type\":\"PropertyValueSpecification\",\"valueRequired\":true,\"valueName\":\"search_term_string\"}}],\"inLanguage\":\"en-US\"},{\"@type\":\"Person\",\"@id\":\"https:\/\/www.africa-press.net\/angola\/#\/schema\/person\/068c7ab4e9634ae78ec5d54ec46598bb\",\"name\":\"cfeditoren\",\"image\":{\"@type\":\"ImageObject\",\"inLanguage\":\"en-US\",\"@id\":\"https:\/\/www.africa-press.net\/angola\/#\/schema\/person\/image\/\",\"url\":\"https:\/\/secure.gravatar.com\/avatar\/7417380fa9e23b5c57fdbfdaf3fdf92ee478f759a084addda5faa3732853e74a?s=96&d=mm&r=g\",\"contentUrl\":\"https:\/\/secure.gravatar.com\/avatar\/7417380fa9e23b5c57fdbfdaf3fdf92ee478f759a084addda5faa3732853e74a?s=96&d=mm&r=g\",\"caption\":\"cfeditoren\"}}]}<\/script>\n<!-- \/ Yoast SEO Premium plugin. -->","yoast_head_json":{"title":"MPLA highlights achievements of President Emeritus - Angola","description":"The MPLA vice-president, Lu\u00edsa Dami\u00e3o, highlighted today the achievements of the former Head of State and President E ...","robots":{"index":"index","follow":"follow","max-snippet":"max-snippet:-1","max-image-preview":"max-image-preview:large","max-video-preview":"max-video-preview:-1"},"canonical":"https:\/\/www.africa-press.net\/angola\/all-news\/mpla-highlights-achievements-of-president-emeritus","og_locale":"en_US","og_type":"article","og_title":"MPLA highlights achievements of President Emeritus","og_description":"The MPLA vice-president, Lu\u00edsa Dami\u00e3o, highlighted today the achievements of the former Head of State and President E ...","og_url":"https:\/\/www.africa-press.net\/angola\/all-news\/mpla-highlights-achievements-of-president-emeritus","og_site_name":"Angola","article_publisher":"https:\/\/www.facebook.com\/AfricaPressTunisiaa","article_published_time":"2022-08-29T12:32:10+00:00","article_modified_time":"2022-08-29T15:13:40+00:00","og_image":[{"width":620,"height":413,"url":"https:\/\/static.africa-press.net\/angola\/sites\/65\/2022\/08\/postQueueImg_29-630cd79091030.jpg","type":"image\/jpeg"}],"author":"cfeditoren","twitter_card":"summary_large_image","twitter_misc":{"Written by":"cfeditoren","Est. reading time":"1 minute"},"schema":{"@context":"https:\/\/schema.org","@graph":[{"@type":"Article","@id":"https:\/\/www.africa-press.net\/angola\/all-news\/mpla-highlights-achievements-of-president-emeritus#article","isPartOf":{"@id":"https:\/\/www.africa-press.net\/angola\/all-news\/mpla-highlights-achievements-of-president-emeritus"},"author":{"name":"cfeditoren","@id":"https:\/\/www.africa-press.net\/angola\/#\/schema\/person\/068c7ab4e9634ae78ec5d54ec46598bb"},"headline":"MPLA highlights achievements of President Emeritus","datePublished":"2022-08-29T12:32:10+00:00","dateModified":"2022-08-29T15:13:40+00:00","mainEntityOfPage":{"@id":"https:\/\/www.africa-press.net\/angola\/all-news\/mpla-highlights-achievements-of-president-emeritus"},"wordCount":196,"commentCount":0,"image":{"@id":"https:\/\/www.africa-press.net\/angola\/all-news\/mpla-highlights-achievements-of-president-emeritus#primaryimage"},"thumbnailUrl":"https:\/\/static.africa-press.net\/angola\/sites\/65\/2022\/08\/postQueueImg_29-630cd79091030.jpg","keywords":["Africa Press","Africa Press-Angola","Angola"],"articleSection":["all news","homepage-english","parties","twitter"],"inLanguage":"en-US","potentialAction":[{"@type":"CommentAction","name":"Comment","target":["https:\/\/www.africa-press.net\/angola\/all-news\/mpla-highlights-achievements-of-president-emeritus#respond"]}]},{"@type":"WebPage","@id":"https:\/\/www.africa-press.net\/angola\/all-news\/mpla-highlights-achievements-of-president-emeritus","url":"https:\/\/www.africa-press.net\/angola\/all-news\/mpla-highlights-achievements-of-president-emeritus","name":"MPLA highlights achievements of President Emeritus - Angola","isPartOf":{"@id":"https:\/\/www.africa-press.net\/angola\/#website"},"primaryImageOfPage":{"@id":"https:\/\/www.africa-press.net\/angola\/all-news\/mpla-highlights-achievements-of-president-emeritus#primaryimage"},"image":{"@id":"https:\/\/www.africa-press.net\/angola\/all-news\/mpla-highlights-achievements-of-president-emeritus#primaryimage"},"thumbnailUrl":"https:\/\/static.africa-press.net\/angola\/sites\/65\/2022\/08\/postQueueImg_29-630cd79091030.jpg","datePublished":"2022-08-29T12:32:10+00:00","dateModified":"2022-08-29T15:13:40+00:00","author":{"@id":"https:\/\/www.africa-press.net\/angola\/#\/schema\/person\/068c7ab4e9634ae78ec5d54ec46598bb"},"description":"The MPLA vice-president, Lu\u00edsa Dami\u00e3o, highlighted today the achievements of the former Head of State and President E ...","breadcrumb":{"@id":"https:\/\/www.africa-press.net\/angola\/all-news\/mpla-highlights-achievements-of-president-emeritus#breadcrumb"},"inLanguage":"en-US","potentialAction":[{"@type":"ReadAction","target":["https:\/\/www.africa-press.net\/angola\/all-news\/mpla-highlights-achievements-of-president-emeritus"]}]},{"@type":"ImageObject","inLanguage":"en-US","@id":"https:\/\/www.africa-press.net\/angola\/all-news\/mpla-highlights-achievements-of-president-emeritus#primaryimage","url":"https:\/\/static.africa-press.net\/angola\/sites\/65\/2022\/08\/postQueueImg_29-630cd79091030.jpg","contentUrl":"https:\/\/static.africa-press.net\/angola\/sites\/65\/2022\/08\/postQueueImg_29-630cd79091030.jpg","width":620,"height":413,"caption":"MPLA highlights achievements of President Emeritus"},{"@type":"BreadcrumbList","@id":"https:\/\/www.africa-press.net\/angola\/all-news\/mpla-highlights-achievements-of-president-emeritus#breadcrumb","itemListElement":[{"@type":"ListItem","position":1,"name":"Home","item":"https:\/\/www.africa-press.net\/angola\/"},{"@type":"ListItem","position":2,"name":"MPLA highlights achievements of President Emeritus"}]},{"@type":"WebSite","@id":"https:\/\/www.africa-press.net\/angola\/#website","url":"https:\/\/www.africa-press.net\/angola\/","name":"Angola","description":"Just another Africa News Agency Sites site","potentialAction":[{"@type":"SearchAction","target":{"@type":"EntryPoint","urlTemplate":"https:\/\/www.africa-press.net\/angola\/?s={search_term_string}"},"query-input":{"@type":"PropertyValueSpecification","valueRequired":true,"valueName":"search_term_string"}}],"inLanguage":"en-US"},{"@type":"Person","@id":"https:\/\/www.africa-press.net\/angola\/#\/schema\/person\/068c7ab4e9634ae78ec5d54ec46598bb","name":"cfeditoren","image":{"@type":"ImageObject","inLanguage":"en-US","@id":"https:\/\/www.africa-press.net\/angola\/#\/schema\/person\/image\/","url":"https:\/\/secure.gravatar.com\/avatar\/7417380fa9e23b5c57fdbfdaf3fdf92ee478f759a084addda5faa3732853e74a?s=96&d=mm&r=g","contentUrl":"https:\/\/secure.gravatar.com\/avatar\/7417380fa9e23b5c57fdbfdaf3fdf92ee478f759a084addda5faa3732853e74a?s=96&d=mm&r=g","caption":"cfeditoren"}}]}},"_links":{"self":[{"href":"https:\/\/www.africa-press.net\/angola\/wp-json\/wp\/v2\/posts\/15140","targetHints":{"allow":["GET"]}}],"collection":[{"href":"https:\/\/www.africa-press.net\/angola\/wp-json\/wp\/v2\/posts"}],"about":[{"href":"https:\/\/www.africa-press.net\/angola\/wp-json\/wp\/v2\/types\/post"}],"author":[{"embeddable":true,"href":"https:\/\/www.africa-press.net\/angola\/wp-json\/wp\/v2\/users\/84"}],"replies":[{"embeddable":true,"href":"https:\/\/www.africa-press.net\/angola\/wp-json\/wp\/v2\/comments?post=15140"}],"version-history":[{"count":0,"href":"https:\/\/www.africa-press.net\/angola\/wp-json\/wp\/v2\/posts\/15140\/revisions"}],"wp:featuredmedia":[{"embeddable":true,"href":"https:\/\/www.africa-press.net\/angola\/wp-json\/wp\/v2\/media\/15139"}],"wp:attachment":[{"href":"https:\/\/www.africa-press.net\/angola\/wp-json\/wp\/v2\/media?parent=15140"}],"wp:term":[{"taxonomy":"category","embeddable":true,"href":"https:\/\/www.africa-press.net\/angola\/wp-json\/wp\/v2\/categories?post=15140"},{"taxonomy":"post_tag","embeddable":true,"href":"https:\/\/www.africa-press.net\/angola\/wp-json\/wp\/v2\/tags?post=15140"}],"curies":[{"name":"wp","href":"https:\/\/api.w.org\/{rel}","templated":true}]}}