{"id":27592,"date":"2023-02-14T07:32:13","date_gmt":"2023-02-14T07:32:13","guid":{"rendered":"https:\/\/www.africa-press.net\/angola\/all-news\/bpc-opens-exclusive-branch-for-pensioners-in-namibe"},"modified":"2023-02-14T07:35:41","modified_gmt":"2023-02-14T07:35:41","slug":"bpc-opens-exclusive-branch-for-pensioners-in-namibe","status":"publish","type":"post","link":"https:\/\/www.africa-press.net\/angola\/all-news\/bpc-opens-exclusive-branch-for-pensioners-in-namibe","title":{"rendered":"BPC opens exclusive branch for pensioners in Namibe"},"content":{"rendered":"<p><span style=\"color: #ff6600\"><strong>Africa-Press &#8211; Angola. <\/strong><\/span><b>The Banco de Poupan\u00e7a e Cr\u00e9dito (BPC) opened, on Monday, in Mo\u00e7\u00e2medes, Namibe province, an exclusive branch for pensioner customers, as part of a project called \u201cO Meu Balc\u00e3o\u201d.<\/b><\/p>\n<p>The inaugural ribbon was cut by the Governor of Namibe, Archer Mangueira, noting that the opening of this space marks the beginning of a differentiated service to pensioners, congratulating BPC for the initiative.<\/p>\n<p>He said that the beneficiaries are, by the way, people who throughout a lifetime dedicated all their time to public service, appealing to BPC officials and their technicians to serve pensioners with professionalism and efficiency.<\/p>\n<p>He stressed that the counter will allow for a more humane service and reduce the queues that were seen at banks for a long time on pension processing days, in addition to the embarrassment it caused to the people themselves, a treatment that did not give a good image.<\/p>\n<p>BPC&#8217;s administrator, Lu\u00eds Duarte, recognized that the bank has experienced difficult times in the last three years, due to the cyber attack it suffered in 2021, but despite the difficulties, it outlined some lines of action that were limited to improving customer service, with the opening of some branches exclusively for pensioners.<\/p>\n<p>He said that with this branch, BPC now has its 12th branch across the country, exclusively for pensioners.<\/p>\n<p>The representative of the Provincial Institute of Social Security in Namibe, Arieth Pinheiro, said that the INSS welcomes the BPC initiative, which will contribute to improving relations between the Bank and the INSS, in particular pensioners in terms of your contribution.<\/p>\n<p><strong>For More News And Analysis About <a href=\"https:\/\/www.africa-press.net\/angola\">Angola<\/a> Follow <a href=\"https:\/\/www.africa-press.net\/\">Africa-Press<\/a><\/strong><\/p>\n","protected":false},"excerpt":{"rendered":"<p>Africa-Press &#8211; Angola. The Banco de Poupan\u00e7a e Cr\u00e9dito (BPC) opened, on Monday, in Mo\u00e7\u00e2medes, Namibe province, an exclusive branch for pensioner customers, as part of a project called \u201cO Meu Balc\u00e3o\u201d. The inaugural ribbon was cut by the Governor of Namibe, Archer Mangueira, noting that the opening of this space marks the beginning of [&hellip;]<\/p>\n","protected":false},"author":84,"featured_media":27591,"comment_status":"open","ping_status":"open","sticky":false,"template":"","format":"standard","meta":{"footnotes":""},"categories":[2,5],"tags":[233,337,329],"class_list":["post-27592","post","type-post","status-publish","format-standard","has-post-thumbnail","hentry","category-all-news","category-economy","tag-africa-press","tag-africa-press-angola","tag-angola"],"yoast_head":"<!-- This site is optimized with the Yoast SEO Premium plugin v26.1 (Yoast SEO v27.0) - https:\/\/yoast.com\/product\/yoast-seo-premium-wordpress\/ -->\n<title>BPC opens exclusive branch for pensioners in Namibe - Angola<\/title>\n<meta name=\"description\" content=\"The Banco de Poupan\u00e7a e Cr\u00e9dito (BPC) opened, on Monday, in Mo\u00e7\u00e2medes, Namibe province, an exclusive branch for pensi ...\" \/>\n<meta name=\"robots\" content=\"index, follow, max-snippet:-1, max-image-preview:large, max-video-preview:-1\" \/>\n<link rel=\"canonical\" href=\"https:\/\/www.africa-press.net\/angola\/all-news\/bpc-opens-exclusive-branch-for-pensioners-in-namibe\" \/>\n<meta property=\"og:locale\" content=\"en_US\" \/>\n<meta property=\"og:type\" content=\"article\" \/>\n<meta property=\"og:title\" content=\"BPC opens exclusive branch for pensioners in Namibe\" \/>\n<meta property=\"og:description\" content=\"The Banco de Poupan\u00e7a e Cr\u00e9dito (BPC) opened, on Monday, in Mo\u00e7\u00e2medes, Namibe province, an exclusive branch for pensi ...\" \/>\n<meta property=\"og:url\" content=\"https:\/\/www.africa-press.net\/angola\/all-news\/bpc-opens-exclusive-branch-for-pensioners-in-namibe\" \/>\n<meta property=\"og:site_name\" content=\"Angola\" \/>\n<meta property=\"article:publisher\" content=\"https:\/\/www.facebook.com\/AfricaPressTunisiaa\" \/>\n<meta property=\"article:published_time\" content=\"2023-02-14T07:32:13+00:00\" \/>\n<meta property=\"article:modified_time\" content=\"2023-02-14T07:35:41+00:00\" \/>\n<meta property=\"og:image\" content=\"https:\/\/static.africa-press.net\/angola\/sites\/65\/2023\/02\/postQueueImg_1676347484.87.jpg\" \/>\n\t<meta property=\"og:image:width\" content=\"899\" \/>\n\t<meta property=\"og:image:height\" content=\"577\" \/>\n\t<meta property=\"og:image:type\" content=\"image\/jpeg\" \/>\n<meta name=\"author\" content=\"cfeditoren\" \/>\n<meta name=\"twitter:card\" content=\"summary_large_image\" \/>\n<meta name=\"twitter:label1\" content=\"Written by\" \/>\n\t<meta name=\"twitter:data1\" content=\"cfeditoren\" \/>\n\t<meta name=\"twitter:label2\" content=\"Est. reading time\" \/>\n\t<meta name=\"twitter:data2\" content=\"1 minute\" \/>\n<script type=\"application\/ld+json\" class=\"yoast-schema-graph\">{\"@context\":\"https:\/\/schema.org\",\"@graph\":[{\"@type\":\"Article\",\"@id\":\"https:\/\/www.africa-press.net\/angola\/all-news\/bpc-opens-exclusive-branch-for-pensioners-in-namibe#article\",\"isPartOf\":{\"@id\":\"https:\/\/www.africa-press.net\/angola\/all-news\/bpc-opens-exclusive-branch-for-pensioners-in-namibe\"},\"author\":{\"name\":\"cfeditoren\",\"@id\":\"https:\/\/www.africa-press.net\/angola\/#\/schema\/person\/068c7ab4e9634ae78ec5d54ec46598bb\"},\"headline\":\"BPC opens exclusive branch for pensioners in Namibe\",\"datePublished\":\"2023-02-14T07:32:13+00:00\",\"dateModified\":\"2023-02-14T07:35:41+00:00\",\"mainEntityOfPage\":{\"@id\":\"https:\/\/www.africa-press.net\/angola\/all-news\/bpc-opens-exclusive-branch-for-pensioners-in-namibe\"},\"wordCount\":282,\"commentCount\":0,\"image\":{\"@id\":\"https:\/\/www.africa-press.net\/angola\/all-news\/bpc-opens-exclusive-branch-for-pensioners-in-namibe#primaryimage\"},\"thumbnailUrl\":\"https:\/\/static.africa-press.net\/angola\/sites\/65\/2023\/02\/postQueueImg_1676347484.87.jpg\",\"keywords\":[\"Africa Press\",\"Africa Press-Angola\",\"Angola\"],\"articleSection\":[\"all news\",\"economy\"],\"inLanguage\":\"en-US\",\"potentialAction\":[{\"@type\":\"CommentAction\",\"name\":\"Comment\",\"target\":[\"https:\/\/www.africa-press.net\/angola\/all-news\/bpc-opens-exclusive-branch-for-pensioners-in-namibe#respond\"]}]},{\"@type\":\"WebPage\",\"@id\":\"https:\/\/www.africa-press.net\/angola\/all-news\/bpc-opens-exclusive-branch-for-pensioners-in-namibe\",\"url\":\"https:\/\/www.africa-press.net\/angola\/all-news\/bpc-opens-exclusive-branch-for-pensioners-in-namibe\",\"name\":\"BPC opens exclusive branch for pensioners in Namibe - Angola\",\"isPartOf\":{\"@id\":\"https:\/\/www.africa-press.net\/angola\/#website\"},\"primaryImageOfPage\":{\"@id\":\"https:\/\/www.africa-press.net\/angola\/all-news\/bpc-opens-exclusive-branch-for-pensioners-in-namibe#primaryimage\"},\"image\":{\"@id\":\"https:\/\/www.africa-press.net\/angola\/all-news\/bpc-opens-exclusive-branch-for-pensioners-in-namibe#primaryimage\"},\"thumbnailUrl\":\"https:\/\/static.africa-press.net\/angola\/sites\/65\/2023\/02\/postQueueImg_1676347484.87.jpg\",\"datePublished\":\"2023-02-14T07:32:13+00:00\",\"dateModified\":\"2023-02-14T07:35:41+00:00\",\"author\":{\"@id\":\"https:\/\/www.africa-press.net\/angola\/#\/schema\/person\/068c7ab4e9634ae78ec5d54ec46598bb\"},\"description\":\"The Banco de Poupan\u00e7a e Cr\u00e9dito (BPC) opened, on Monday, in Mo\u00e7\u00e2medes, Namibe province, an exclusive branch for pensi ...\",\"breadcrumb\":{\"@id\":\"https:\/\/www.africa-press.net\/angola\/all-news\/bpc-opens-exclusive-branch-for-pensioners-in-namibe#breadcrumb\"},\"inLanguage\":\"en-US\",\"potentialAction\":[{\"@type\":\"ReadAction\",\"target\":[\"https:\/\/www.africa-press.net\/angola\/all-news\/bpc-opens-exclusive-branch-for-pensioners-in-namibe\"]}]},{\"@type\":\"ImageObject\",\"inLanguage\":\"en-US\",\"@id\":\"https:\/\/www.africa-press.net\/angola\/all-news\/bpc-opens-exclusive-branch-for-pensioners-in-namibe#primaryimage\",\"url\":\"https:\/\/static.africa-press.net\/angola\/sites\/65\/2023\/02\/postQueueImg_1676347484.87.jpg\",\"contentUrl\":\"https:\/\/static.africa-press.net\/angola\/sites\/65\/2023\/02\/postQueueImg_1676347484.87.jpg\",\"width\":899,\"height\":577,\"caption\":\"BPC opens exclusive branch for pensioners in Namibe\"},{\"@type\":\"BreadcrumbList\",\"@id\":\"https:\/\/www.africa-press.net\/angola\/all-news\/bpc-opens-exclusive-branch-for-pensioners-in-namibe#breadcrumb\",\"itemListElement\":[{\"@type\":\"ListItem\",\"position\":1,\"name\":\"Home\",\"item\":\"https:\/\/www.africa-press.net\/angola\/\"},{\"@type\":\"ListItem\",\"position\":2,\"name\":\"BPC opens exclusive branch for pensioners in Namibe\"}]},{\"@type\":\"WebSite\",\"@id\":\"https:\/\/www.africa-press.net\/angola\/#website\",\"url\":\"https:\/\/www.africa-press.net\/angola\/\",\"name\":\"Angola\",\"description\":\"Just another Africa News Agency Sites site\",\"potentialAction\":[{\"@type\":\"SearchAction\",\"target\":{\"@type\":\"EntryPoint\",\"urlTemplate\":\"https:\/\/www.africa-press.net\/angola\/?s={search_term_string}\"},\"query-input\":{\"@type\":\"PropertyValueSpecification\",\"valueRequired\":true,\"valueName\":\"search_term_string\"}}],\"inLanguage\":\"en-US\"},{\"@type\":\"Person\",\"@id\":\"https:\/\/www.africa-press.net\/angola\/#\/schema\/person\/068c7ab4e9634ae78ec5d54ec46598bb\",\"name\":\"cfeditoren\",\"image\":{\"@type\":\"ImageObject\",\"inLanguage\":\"en-US\",\"@id\":\"https:\/\/www.africa-press.net\/angola\/#\/schema\/person\/image\/\",\"url\":\"https:\/\/secure.gravatar.com\/avatar\/7417380fa9e23b5c57fdbfdaf3fdf92ee478f759a084addda5faa3732853e74a?s=96&d=mm&r=g\",\"contentUrl\":\"https:\/\/secure.gravatar.com\/avatar\/7417380fa9e23b5c57fdbfdaf3fdf92ee478f759a084addda5faa3732853e74a?s=96&d=mm&r=g\",\"caption\":\"cfeditoren\"}}]}<\/script>\n<!-- \/ Yoast SEO Premium plugin. -->","yoast_head_json":{"title":"BPC opens exclusive branch for pensioners in Namibe - Angola","description":"The Banco de Poupan\u00e7a e Cr\u00e9dito (BPC) opened, on Monday, in Mo\u00e7\u00e2medes, Namibe province, an exclusive branch for pensi ...","robots":{"index":"index","follow":"follow","max-snippet":"max-snippet:-1","max-image-preview":"max-image-preview:large","max-video-preview":"max-video-preview:-1"},"canonical":"https:\/\/www.africa-press.net\/angola\/all-news\/bpc-opens-exclusive-branch-for-pensioners-in-namibe","og_locale":"en_US","og_type":"article","og_title":"BPC opens exclusive branch for pensioners in Namibe","og_description":"The Banco de Poupan\u00e7a e Cr\u00e9dito (BPC) opened, on Monday, in Mo\u00e7\u00e2medes, Namibe province, an exclusive branch for pensi ...","og_url":"https:\/\/www.africa-press.net\/angola\/all-news\/bpc-opens-exclusive-branch-for-pensioners-in-namibe","og_site_name":"Angola","article_publisher":"https:\/\/www.facebook.com\/AfricaPressTunisiaa","article_published_time":"2023-02-14T07:32:13+00:00","article_modified_time":"2023-02-14T07:35:41+00:00","og_image":[{"width":899,"height":577,"url":"https:\/\/static.africa-press.net\/angola\/sites\/65\/2023\/02\/postQueueImg_1676347484.87.jpg","type":"image\/jpeg"}],"author":"cfeditoren","twitter_card":"summary_large_image","twitter_misc":{"Written by":"cfeditoren","Est. reading time":"1 minute"},"schema":{"@context":"https:\/\/schema.org","@graph":[{"@type":"Article","@id":"https:\/\/www.africa-press.net\/angola\/all-news\/bpc-opens-exclusive-branch-for-pensioners-in-namibe#article","isPartOf":{"@id":"https:\/\/www.africa-press.net\/angola\/all-news\/bpc-opens-exclusive-branch-for-pensioners-in-namibe"},"author":{"name":"cfeditoren","@id":"https:\/\/www.africa-press.net\/angola\/#\/schema\/person\/068c7ab4e9634ae78ec5d54ec46598bb"},"headline":"BPC opens exclusive branch for pensioners in Namibe","datePublished":"2023-02-14T07:32:13+00:00","dateModified":"2023-02-14T07:35:41+00:00","mainEntityOfPage":{"@id":"https:\/\/www.africa-press.net\/angola\/all-news\/bpc-opens-exclusive-branch-for-pensioners-in-namibe"},"wordCount":282,"commentCount":0,"image":{"@id":"https:\/\/www.africa-press.net\/angola\/all-news\/bpc-opens-exclusive-branch-for-pensioners-in-namibe#primaryimage"},"thumbnailUrl":"https:\/\/static.africa-press.net\/angola\/sites\/65\/2023\/02\/postQueueImg_1676347484.87.jpg","keywords":["Africa Press","Africa Press-Angola","Angola"],"articleSection":["all news","economy"],"inLanguage":"en-US","potentialAction":[{"@type":"CommentAction","name":"Comment","target":["https:\/\/www.africa-press.net\/angola\/all-news\/bpc-opens-exclusive-branch-for-pensioners-in-namibe#respond"]}]},{"@type":"WebPage","@id":"https:\/\/www.africa-press.net\/angola\/all-news\/bpc-opens-exclusive-branch-for-pensioners-in-namibe","url":"https:\/\/www.africa-press.net\/angola\/all-news\/bpc-opens-exclusive-branch-for-pensioners-in-namibe","name":"BPC opens exclusive branch for pensioners in Namibe - Angola","isPartOf":{"@id":"https:\/\/www.africa-press.net\/angola\/#website"},"primaryImageOfPage":{"@id":"https:\/\/www.africa-press.net\/angola\/all-news\/bpc-opens-exclusive-branch-for-pensioners-in-namibe#primaryimage"},"image":{"@id":"https:\/\/www.africa-press.net\/angola\/all-news\/bpc-opens-exclusive-branch-for-pensioners-in-namibe#primaryimage"},"thumbnailUrl":"https:\/\/static.africa-press.net\/angola\/sites\/65\/2023\/02\/postQueueImg_1676347484.87.jpg","datePublished":"2023-02-14T07:32:13+00:00","dateModified":"2023-02-14T07:35:41+00:00","author":{"@id":"https:\/\/www.africa-press.net\/angola\/#\/schema\/person\/068c7ab4e9634ae78ec5d54ec46598bb"},"description":"The Banco de Poupan\u00e7a e Cr\u00e9dito (BPC) opened, on Monday, in Mo\u00e7\u00e2medes, Namibe province, an exclusive branch for pensi ...","breadcrumb":{"@id":"https:\/\/www.africa-press.net\/angola\/all-news\/bpc-opens-exclusive-branch-for-pensioners-in-namibe#breadcrumb"},"inLanguage":"en-US","potentialAction":[{"@type":"ReadAction","target":["https:\/\/www.africa-press.net\/angola\/all-news\/bpc-opens-exclusive-branch-for-pensioners-in-namibe"]}]},{"@type":"ImageObject","inLanguage":"en-US","@id":"https:\/\/www.africa-press.net\/angola\/all-news\/bpc-opens-exclusive-branch-for-pensioners-in-namibe#primaryimage","url":"https:\/\/static.africa-press.net\/angola\/sites\/65\/2023\/02\/postQueueImg_1676347484.87.jpg","contentUrl":"https:\/\/static.africa-press.net\/angola\/sites\/65\/2023\/02\/postQueueImg_1676347484.87.jpg","width":899,"height":577,"caption":"BPC opens exclusive branch for pensioners in Namibe"},{"@type":"BreadcrumbList","@id":"https:\/\/www.africa-press.net\/angola\/all-news\/bpc-opens-exclusive-branch-for-pensioners-in-namibe#breadcrumb","itemListElement":[{"@type":"ListItem","position":1,"name":"Home","item":"https:\/\/www.africa-press.net\/angola\/"},{"@type":"ListItem","position":2,"name":"BPC opens exclusive branch for pensioners in Namibe"}]},{"@type":"WebSite","@id":"https:\/\/www.africa-press.net\/angola\/#website","url":"https:\/\/www.africa-press.net\/angola\/","name":"Angola","description":"Just another Africa News Agency Sites site","potentialAction":[{"@type":"SearchAction","target":{"@type":"EntryPoint","urlTemplate":"https:\/\/www.africa-press.net\/angola\/?s={search_term_string}"},"query-input":{"@type":"PropertyValueSpecification","valueRequired":true,"valueName":"search_term_string"}}],"inLanguage":"en-US"},{"@type":"Person","@id":"https:\/\/www.africa-press.net\/angola\/#\/schema\/person\/068c7ab4e9634ae78ec5d54ec46598bb","name":"cfeditoren","image":{"@type":"ImageObject","inLanguage":"en-US","@id":"https:\/\/www.africa-press.net\/angola\/#\/schema\/person\/image\/","url":"https:\/\/secure.gravatar.com\/avatar\/7417380fa9e23b5c57fdbfdaf3fdf92ee478f759a084addda5faa3732853e74a?s=96&d=mm&r=g","contentUrl":"https:\/\/secure.gravatar.com\/avatar\/7417380fa9e23b5c57fdbfdaf3fdf92ee478f759a084addda5faa3732853e74a?s=96&d=mm&r=g","caption":"cfeditoren"}}]}},"_links":{"self":[{"href":"https:\/\/www.africa-press.net\/angola\/wp-json\/wp\/v2\/posts\/27592","targetHints":{"allow":["GET"]}}],"collection":[{"href":"https:\/\/www.africa-press.net\/angola\/wp-json\/wp\/v2\/posts"}],"about":[{"href":"https:\/\/www.africa-press.net\/angola\/wp-json\/wp\/v2\/types\/post"}],"author":[{"embeddable":true,"href":"https:\/\/www.africa-press.net\/angola\/wp-json\/wp\/v2\/users\/84"}],"replies":[{"embeddable":true,"href":"https:\/\/www.africa-press.net\/angola\/wp-json\/wp\/v2\/comments?post=27592"}],"version-history":[{"count":0,"href":"https:\/\/www.africa-press.net\/angola\/wp-json\/wp\/v2\/posts\/27592\/revisions"}],"wp:featuredmedia":[{"embeddable":true,"href":"https:\/\/www.africa-press.net\/angola\/wp-json\/wp\/v2\/media\/27591"}],"wp:attachment":[{"href":"https:\/\/www.africa-press.net\/angola\/wp-json\/wp\/v2\/media?parent=27592"}],"wp:term":[{"taxonomy":"category","embeddable":true,"href":"https:\/\/www.africa-press.net\/angola\/wp-json\/wp\/v2\/categories?post=27592"},{"taxonomy":"post_tag","embeddable":true,"href":"https:\/\/www.africa-press.net\/angola\/wp-json\/wp\/v2\/tags?post=27592"}],"curies":[{"name":"wp","href":"https:\/\/api.w.org\/{rel}","templated":true}]}}