{"id":41872,"date":"2023-08-12T18:34:23","date_gmt":"2023-08-12T18:34:23","guid":{"rendered":"https:\/\/www.africa-press.net\/angola\/all-news\/nucleo-de-arte-angu-agua-exhibits-amnesia-at-cit"},"modified":"2023-08-12T20:03:04","modified_gmt":"2023-08-12T20:03:04","slug":"nucleo-de-arte-angu-agua-exhibits-amnesia-at-cit","status":"publish","type":"post","link":"https:\/\/www.africa-press.net\/angola\/all-news\/nucleo-de-arte-angu-agua-exhibits-amnesia-at-cit","title":{"rendered":"N\u00facleo de Arte Ang\u00fa-\u00c1gua exhibits &#8220;Amnesia&#8221; at CIT"},"content":{"rendered":"<p><span style=\"color: #ff6600\"><strong>Africa-Press &#8211; Angola. <\/strong><\/span><b>The Agu\u0301-A\u0301gua Performance Art nucleus takes the stage this Friday in Luanda, with the exhibition of the show entitled &#8220;Amne\u0301sia&#8221;, within the scope of the eighth edition of the International Theater Circuit (CIT), which takes place at the Teatro Elinga, until September 14th.<\/b><\/p>\n<p>The group performs for the second time at the festival, after performing on the 4th of August with the play &#8220;O Ringue&#8221;, which tells the story of a boxer who dreams of becoming world champion in the &#8220;Pesos Pesados&#8221; category. .<\/p>\n<p>This time, the Nu\u0301cleo de Arte Agu\u0301-A\u0301gua Performance presents as a scenic proposal the show &#8220;Amne\u0301sia&#8221;, which portrays the story of the couple Massoxi and Elavoco.<\/p>\n<p>Both lead a life based on the advice of Doctor &#8220;Satisfeito&#8221;. However, out of curiosity, the couple decides to investigate a little more about the doctor&#8217;s life and are surprised by many irregularities. Realizing the great mystery of Doctor &#8220;Satisfeito&#8221;, they decide to resort to the same pathetic paths, to obtain the same results and lifestyle.<\/p>\n<p>The Nu\u0301cleo de Artes Agu\u0301-A\u0301gua Performance, located in the municipality of Kilamba Kiaxi, Bairro Popular, was founded on July 29, 2020 by the actors Elvirany Vivian, Marques Gomes &#8220;Inapem\u201d and Agu\u0301-A\u0301gua, who gives the group its name.<\/p>\n<p>&#8220;A Rage&#8221; returns to the stage<\/p>\n<p>On Saturday, also as part of the CIT programme, Companhia Enigma Teatro will take the stage. As a proposal, they will present, at Teatro Elinga, the play &#8220;A Raiva&#8221;, winner of the Cidade de Luanda Prize, in 2010.<\/p>\n<p>The piece portrays the daily life of people living in Luanda, calling for the rescue of lost moral and civic values, as well as healthy coexistence among people in the community.<\/p>\n<p>Staged and directed by Tony Frampe\u0301nio, director of the company, the play draws a parallel between rage in irrational animals and that which occurs in the human personality, in order to provide a profound reflection on the way people deal with each other on a daily basis. everyday life, where excesses and irrational selfishness take precedence over healthy coexistence. The play calls for the promotion of moral values.<\/p>\n<p>The Theater Company, founded in 1998, is the result of the confluence of the Makotes, created in 1987, and the Komba Meneck, which appeared in 1997. Among other trophies, the Company received the gold medal for best text, staging and actor, at the National Theater Competition, held by the Angolan Theater Association (AAT) in 2009, as well as winning the National Culture and Arts Award, in 2014.<\/p>\n<p>The Enigma Teatro Company performed more than ten shows, among which &#8220;A Grande Question&#8221;, &#8220;From Luandina to Luanda to Luanda\u0303o&#8221;, &#8220;Sabutchuca&#8221;, &#8220;The Thought of the Day&#8221;, &#8220;A Casa dos Loudos&#8221;, &#8220;Apaixonados por deceit \u201d, &#8220;The empty can\u201d, &#8220;If they weren&#8217;t women\u201d and &#8220;On the tightrope&#8221;. To close this week&#8217;s theatrical journey, Sunday is reserved for the People of the Sun Project, which proposes the play &#8220;Na Nzua e Amira\u0301 \u201d.<\/p>\n<p>religion and tradition<\/p>\n<p>On the same day and place, the Rei Mandume Performing Arts Collective &#8220;Colacerma&#8221;, from the province of Namibe, exhibits the show &#8220;Yalisa- African Spirituality&#8221;, included in the CIT programme.<\/p>\n<p>According to the synopsis, the play seeks to draw attention to the importance of recovering moral values \u200b\u200band the Angolan cultural matrix.<\/p>\n<p>In search of African spirituality, Yelisa, a young woman, is anointed by her ancestors to follow the African way of worshiping and takes this knowledge to Tchapeseca, her brother, to convince him to give up his dream of becoming a seminarian. The 45-minute drama has a cast of Adriano Cahala (Tchapeseca) and Rosalina Wandakassuki (Yelisa), directed and staged by Gerva\u0301sio Gourgel.<\/p>\n<p>Tchapeseca is a 23-year-old young man, devoutly Catholic, who has been attending the seminary since he was 17. According to the plot, he dreams of becoming a priest, while Yelisa is a determined 20-year-old who believes she is anointed to found the religion that will preserve African culture.<\/p>\n<p>The Rei Mandume Performing Arts Collective was founded on June 20, 2011, in Saco-Mar, Namibe province. Its main objective is to participate in the integral formation of man through the performing arts.<\/p>\n<p>About CIT<\/p>\n<p>In recent years, the International Theater Circuit has been one of the biggest platforms for theater and for encouraging the exchange of experiences between national and foreign companies, which has allowed the creation of new cultural and artistic facts for the dynamization of the performing arts.<\/p>\n<p>The CIT is the main platform of the &#8220;Cultura para Todos&#8221; project and since its creation, in October 2015, it has honored several figures linked to the performing arts and national culture, among which Jose\u0301 Mena Abrantes, Agnela Barros, Fragata de Morais, Manuel Sebastia\u0303o and Diogo Colombo.<\/p>\n<p>The &#8220;Cultura para Todos&#8221; project is an artistic-cultural initiative for social inclusion, whose mission and vision are focused on training people to maintain Peace, strengthen Culture, Education and Science.<\/p>\n<p>This year, it started on the 30th of July with a tribute to the director of the company Horizonte Njinga Mbande, Adelino Caracol, and will last two months.<\/p>\n<p>The program included performances by the groups Massoxi, Ngau Moyo, Unprevisto, Sa\u0303o Jose\u0301 dos Campos (Brazil), Grupo Girassol (Mozambique), Feloma Mussanzala, Ndokweno Artes, Miragens, Enigma Teatro, Kamba Artes, Conjuntura d&#8217;Artes, Imbondeiro, Etu -Ngo, Mussanzala, Etu Lene and Horizonte Njinga Mbande.<\/p>\n<p>The event will count on the participation of groups from Luanda, Cuando Cubango, Bie\u0301, Benguela, and Cuanza Sul, Namibe and Huambo, who are exchanging experiences on theater techniques, in classes and lectures.<\/p>\n<p>The organization will award and distinguish, this year, the best groups that participate in the festival and award the prize for the best adaptation of the book &#8220;A visita&#8221;.<\/p>\n<p>The organization intends to distinguish the best theater groups in the categories of career, artist, actor, actress, director, revelation, costumes and best group.<\/p>\n<p>The winner of the \u201cJose\u0301 Mena Abrantes\u201d Theater Writing Prize is allocated two million kwanzas.<\/p>\n<p><strong>For More News And Analysis About <a href=\"https:\/\/www.africa-press.net\/angola\">Angola<\/a> Follow <a href=\"https:\/\/www.africa-press.net\/\">Africa-Press<\/a><\/strong><\/p>\n","protected":false},"excerpt":{"rendered":"<p>Africa-Press &#8211; Angola. The Agu\u0301-A\u0301gua Performance Art nucleus takes the stage this Friday in Luanda, with the exhibition of the show entitled &#8220;Amne\u0301sia&#8221;, within the scope of the eighth edition of the International Theater Circuit (CIT), which takes place at the Teatro Elinga, until September 14th. The group performs for the second time at the [&hellip;]<\/p>\n","protected":false},"author":84,"featured_media":41871,"comment_status":"open","ping_status":"open","sticky":false,"template":"","format":"standard","meta":{"footnotes":""},"categories":[2,4],"tags":[233,337,329],"class_list":["post-41872","post","type-post","status-publish","format-standard","has-post-thumbnail","hentry","category-all-news","category-culture-and-art","tag-africa-press","tag-africa-press-angola","tag-angola"],"yoast_head":"<!-- This site is optimized with the Yoast SEO Premium plugin v26.1 (Yoast SEO v27.0) - https:\/\/yoast.com\/product\/yoast-seo-premium-wordpress\/ -->\n<title>N\u00facleo de Arte Ang\u00fa-\u00c1gua exhibits &quot;Amnesia&quot; at CIT - Angola<\/title>\n<meta name=\"description\" content=\"The Agu\u0301-A\u0301gua Performance Art nucleus takes the stage this Friday in Luanda, with the exhibition of the show entitle ...\" \/>\n<meta name=\"robots\" content=\"index, follow, max-snippet:-1, max-image-preview:large, max-video-preview:-1\" \/>\n<link rel=\"canonical\" href=\"https:\/\/www.africa-press.net\/angola\/all-news\/nucleo-de-arte-angu-agua-exhibits-amnesia-at-cit\" \/>\n<meta property=\"og:locale\" content=\"en_US\" \/>\n<meta property=\"og:type\" content=\"article\" \/>\n<meta property=\"og:title\" content=\"N\u00facleo de Arte Ang\u00fa-\u00c1gua exhibits &quot;Amnesia&quot; at CIT\" \/>\n<meta property=\"og:description\" content=\"The Agu\u0301-A\u0301gua Performance Art nucleus takes the stage this Friday in Luanda, with the exhibition of the show entitle ...\" \/>\n<meta property=\"og:url\" content=\"https:\/\/www.africa-press.net\/angola\/all-news\/nucleo-de-arte-angu-agua-exhibits-amnesia-at-cit\" \/>\n<meta property=\"og:site_name\" content=\"Angola\" \/>\n<meta property=\"article:publisher\" content=\"https:\/\/www.facebook.com\/AfricaPressTunisiaa\" \/>\n<meta property=\"article:published_time\" content=\"2023-08-12T18:34:23+00:00\" \/>\n<meta property=\"article:modified_time\" content=\"2023-08-12T20:03:04+00:00\" \/>\n<meta property=\"og:image\" content=\"https:\/\/static.africa-press.net\/angola\/sites\/65\/2023\/08\/sm_1691854072.772454.jpg\" \/>\n\t<meta property=\"og:image:width\" content=\"1706\" \/>\n\t<meta property=\"og:image:height\" content=\"1096\" \/>\n\t<meta property=\"og:image:type\" content=\"image\/jpeg\" \/>\n<meta name=\"author\" content=\"cfeditoren\" \/>\n<meta name=\"twitter:card\" content=\"summary_large_image\" \/>\n<meta name=\"twitter:label1\" content=\"Written by\" \/>\n\t<meta name=\"twitter:data1\" content=\"cfeditoren\" \/>\n\t<meta name=\"twitter:label2\" content=\"Est. reading time\" \/>\n\t<meta name=\"twitter:data2\" content=\"5 minutes\" \/>\n<script type=\"application\/ld+json\" class=\"yoast-schema-graph\">{\"@context\":\"https:\/\/schema.org\",\"@graph\":[{\"@type\":\"Article\",\"@id\":\"https:\/\/www.africa-press.net\/angola\/all-news\/nucleo-de-arte-angu-agua-exhibits-amnesia-at-cit#article\",\"isPartOf\":{\"@id\":\"https:\/\/www.africa-press.net\/angola\/all-news\/nucleo-de-arte-angu-agua-exhibits-amnesia-at-cit\"},\"author\":{\"name\":\"cfeditoren\",\"@id\":\"https:\/\/www.africa-press.net\/angola\/#\/schema\/person\/068c7ab4e9634ae78ec5d54ec46598bb\"},\"headline\":\"N\u00facleo de Arte Ang\u00fa-\u00c1gua exhibits &#8220;Amnesia&#8221; at CIT\",\"datePublished\":\"2023-08-12T18:34:23+00:00\",\"dateModified\":\"2023-08-12T20:03:04+00:00\",\"mainEntityOfPage\":{\"@id\":\"https:\/\/www.africa-press.net\/angola\/all-news\/nucleo-de-arte-angu-agua-exhibits-amnesia-at-cit\"},\"wordCount\":998,\"commentCount\":0,\"image\":{\"@id\":\"https:\/\/www.africa-press.net\/angola\/all-news\/nucleo-de-arte-angu-agua-exhibits-amnesia-at-cit#primaryimage\"},\"thumbnailUrl\":\"https:\/\/static.africa-press.net\/angola\/sites\/65\/2023\/08\/sm_1691854072.772454.jpg\",\"keywords\":[\"Africa Press\",\"Africa Press-Angola\",\"Angola\"],\"articleSection\":[\"all news\",\"culture and art\"],\"inLanguage\":\"en-US\",\"potentialAction\":[{\"@type\":\"CommentAction\",\"name\":\"Comment\",\"target\":[\"https:\/\/www.africa-press.net\/angola\/all-news\/nucleo-de-arte-angu-agua-exhibits-amnesia-at-cit#respond\"]}]},{\"@type\":\"WebPage\",\"@id\":\"https:\/\/www.africa-press.net\/angola\/all-news\/nucleo-de-arte-angu-agua-exhibits-amnesia-at-cit\",\"url\":\"https:\/\/www.africa-press.net\/angola\/all-news\/nucleo-de-arte-angu-agua-exhibits-amnesia-at-cit\",\"name\":\"N\u00facleo de Arte Ang\u00fa-\u00c1gua exhibits \\\"Amnesia\\\" at CIT - Angola\",\"isPartOf\":{\"@id\":\"https:\/\/www.africa-press.net\/angola\/#website\"},\"primaryImageOfPage\":{\"@id\":\"https:\/\/www.africa-press.net\/angola\/all-news\/nucleo-de-arte-angu-agua-exhibits-amnesia-at-cit#primaryimage\"},\"image\":{\"@id\":\"https:\/\/www.africa-press.net\/angola\/all-news\/nucleo-de-arte-angu-agua-exhibits-amnesia-at-cit#primaryimage\"},\"thumbnailUrl\":\"https:\/\/static.africa-press.net\/angola\/sites\/65\/2023\/08\/sm_1691854072.772454.jpg\",\"datePublished\":\"2023-08-12T18:34:23+00:00\",\"dateModified\":\"2023-08-12T20:03:04+00:00\",\"author\":{\"@id\":\"https:\/\/www.africa-press.net\/angola\/#\/schema\/person\/068c7ab4e9634ae78ec5d54ec46598bb\"},\"description\":\"The Agu\u0301-A\u0301gua Performance Art nucleus takes the stage this Friday in Luanda, with the exhibition of the show entitle ...\",\"breadcrumb\":{\"@id\":\"https:\/\/www.africa-press.net\/angola\/all-news\/nucleo-de-arte-angu-agua-exhibits-amnesia-at-cit#breadcrumb\"},\"inLanguage\":\"en-US\",\"potentialAction\":[{\"@type\":\"ReadAction\",\"target\":[\"https:\/\/www.africa-press.net\/angola\/all-news\/nucleo-de-arte-angu-agua-exhibits-amnesia-at-cit\"]}]},{\"@type\":\"ImageObject\",\"inLanguage\":\"en-US\",\"@id\":\"https:\/\/www.africa-press.net\/angola\/all-news\/nucleo-de-arte-angu-agua-exhibits-amnesia-at-cit#primaryimage\",\"url\":\"https:\/\/static.africa-press.net\/angola\/sites\/65\/2023\/08\/sm_1691854072.772454.jpg\",\"contentUrl\":\"https:\/\/static.africa-press.net\/angola\/sites\/65\/2023\/08\/sm_1691854072.772454.jpg\",\"width\":1706,\"height\":1096,\"caption\":\"N\u00facleo de Arte Ang\u00fa-\u00c1gua exhibits \\\"Amnesia\\\" at CIT\"},{\"@type\":\"BreadcrumbList\",\"@id\":\"https:\/\/www.africa-press.net\/angola\/all-news\/nucleo-de-arte-angu-agua-exhibits-amnesia-at-cit#breadcrumb\",\"itemListElement\":[{\"@type\":\"ListItem\",\"position\":1,\"name\":\"Home\",\"item\":\"https:\/\/www.africa-press.net\/angola\/\"},{\"@type\":\"ListItem\",\"position\":2,\"name\":\"N\u00facleo de Arte Ang\u00fa-\u00c1gua exhibits &#8220;Amnesia&#8221; at CIT\"}]},{\"@type\":\"WebSite\",\"@id\":\"https:\/\/www.africa-press.net\/angola\/#website\",\"url\":\"https:\/\/www.africa-press.net\/angola\/\",\"name\":\"Angola\",\"description\":\"Just another Africa News Agency Sites site\",\"potentialAction\":[{\"@type\":\"SearchAction\",\"target\":{\"@type\":\"EntryPoint\",\"urlTemplate\":\"https:\/\/www.africa-press.net\/angola\/?s={search_term_string}\"},\"query-input\":{\"@type\":\"PropertyValueSpecification\",\"valueRequired\":true,\"valueName\":\"search_term_string\"}}],\"inLanguage\":\"en-US\"},{\"@type\":\"Person\",\"@id\":\"https:\/\/www.africa-press.net\/angola\/#\/schema\/person\/068c7ab4e9634ae78ec5d54ec46598bb\",\"name\":\"cfeditoren\",\"image\":{\"@type\":\"ImageObject\",\"inLanguage\":\"en-US\",\"@id\":\"https:\/\/www.africa-press.net\/angola\/#\/schema\/person\/image\/\",\"url\":\"https:\/\/secure.gravatar.com\/avatar\/7417380fa9e23b5c57fdbfdaf3fdf92ee478f759a084addda5faa3732853e74a?s=96&d=mm&r=g\",\"contentUrl\":\"https:\/\/secure.gravatar.com\/avatar\/7417380fa9e23b5c57fdbfdaf3fdf92ee478f759a084addda5faa3732853e74a?s=96&d=mm&r=g\",\"caption\":\"cfeditoren\"}}]}<\/script>\n<!-- \/ Yoast SEO Premium plugin. -->","yoast_head_json":{"title":"N\u00facleo de Arte Ang\u00fa-\u00c1gua exhibits \"Amnesia\" at CIT - Angola","description":"The Agu\u0301-A\u0301gua Performance Art nucleus takes the stage this Friday in Luanda, with the exhibition of the show entitle ...","robots":{"index":"index","follow":"follow","max-snippet":"max-snippet:-1","max-image-preview":"max-image-preview:large","max-video-preview":"max-video-preview:-1"},"canonical":"https:\/\/www.africa-press.net\/angola\/all-news\/nucleo-de-arte-angu-agua-exhibits-amnesia-at-cit","og_locale":"en_US","og_type":"article","og_title":"N\u00facleo de Arte Ang\u00fa-\u00c1gua exhibits \"Amnesia\" at CIT","og_description":"The Agu\u0301-A\u0301gua Performance Art nucleus takes the stage this Friday in Luanda, with the exhibition of the show entitle ...","og_url":"https:\/\/www.africa-press.net\/angola\/all-news\/nucleo-de-arte-angu-agua-exhibits-amnesia-at-cit","og_site_name":"Angola","article_publisher":"https:\/\/www.facebook.com\/AfricaPressTunisiaa","article_published_time":"2023-08-12T18:34:23+00:00","article_modified_time":"2023-08-12T20:03:04+00:00","og_image":[{"width":1706,"height":1096,"url":"https:\/\/static.africa-press.net\/angola\/sites\/65\/2023\/08\/sm_1691854072.772454.jpg","type":"image\/jpeg"}],"author":"cfeditoren","twitter_card":"summary_large_image","twitter_misc":{"Written by":"cfeditoren","Est. reading time":"5 minutes"},"schema":{"@context":"https:\/\/schema.org","@graph":[{"@type":"Article","@id":"https:\/\/www.africa-press.net\/angola\/all-news\/nucleo-de-arte-angu-agua-exhibits-amnesia-at-cit#article","isPartOf":{"@id":"https:\/\/www.africa-press.net\/angola\/all-news\/nucleo-de-arte-angu-agua-exhibits-amnesia-at-cit"},"author":{"name":"cfeditoren","@id":"https:\/\/www.africa-press.net\/angola\/#\/schema\/person\/068c7ab4e9634ae78ec5d54ec46598bb"},"headline":"N\u00facleo de Arte Ang\u00fa-\u00c1gua exhibits &#8220;Amnesia&#8221; at CIT","datePublished":"2023-08-12T18:34:23+00:00","dateModified":"2023-08-12T20:03:04+00:00","mainEntityOfPage":{"@id":"https:\/\/www.africa-press.net\/angola\/all-news\/nucleo-de-arte-angu-agua-exhibits-amnesia-at-cit"},"wordCount":998,"commentCount":0,"image":{"@id":"https:\/\/www.africa-press.net\/angola\/all-news\/nucleo-de-arte-angu-agua-exhibits-amnesia-at-cit#primaryimage"},"thumbnailUrl":"https:\/\/static.africa-press.net\/angola\/sites\/65\/2023\/08\/sm_1691854072.772454.jpg","keywords":["Africa Press","Africa Press-Angola","Angola"],"articleSection":["all news","culture and art"],"inLanguage":"en-US","potentialAction":[{"@type":"CommentAction","name":"Comment","target":["https:\/\/www.africa-press.net\/angola\/all-news\/nucleo-de-arte-angu-agua-exhibits-amnesia-at-cit#respond"]}]},{"@type":"WebPage","@id":"https:\/\/www.africa-press.net\/angola\/all-news\/nucleo-de-arte-angu-agua-exhibits-amnesia-at-cit","url":"https:\/\/www.africa-press.net\/angola\/all-news\/nucleo-de-arte-angu-agua-exhibits-amnesia-at-cit","name":"N\u00facleo de Arte Ang\u00fa-\u00c1gua exhibits \"Amnesia\" at CIT - Angola","isPartOf":{"@id":"https:\/\/www.africa-press.net\/angola\/#website"},"primaryImageOfPage":{"@id":"https:\/\/www.africa-press.net\/angola\/all-news\/nucleo-de-arte-angu-agua-exhibits-amnesia-at-cit#primaryimage"},"image":{"@id":"https:\/\/www.africa-press.net\/angola\/all-news\/nucleo-de-arte-angu-agua-exhibits-amnesia-at-cit#primaryimage"},"thumbnailUrl":"https:\/\/static.africa-press.net\/angola\/sites\/65\/2023\/08\/sm_1691854072.772454.jpg","datePublished":"2023-08-12T18:34:23+00:00","dateModified":"2023-08-12T20:03:04+00:00","author":{"@id":"https:\/\/www.africa-press.net\/angola\/#\/schema\/person\/068c7ab4e9634ae78ec5d54ec46598bb"},"description":"The Agu\u0301-A\u0301gua Performance Art nucleus takes the stage this Friday in Luanda, with the exhibition of the show entitle ...","breadcrumb":{"@id":"https:\/\/www.africa-press.net\/angola\/all-news\/nucleo-de-arte-angu-agua-exhibits-amnesia-at-cit#breadcrumb"},"inLanguage":"en-US","potentialAction":[{"@type":"ReadAction","target":["https:\/\/www.africa-press.net\/angola\/all-news\/nucleo-de-arte-angu-agua-exhibits-amnesia-at-cit"]}]},{"@type":"ImageObject","inLanguage":"en-US","@id":"https:\/\/www.africa-press.net\/angola\/all-news\/nucleo-de-arte-angu-agua-exhibits-amnesia-at-cit#primaryimage","url":"https:\/\/static.africa-press.net\/angola\/sites\/65\/2023\/08\/sm_1691854072.772454.jpg","contentUrl":"https:\/\/static.africa-press.net\/angola\/sites\/65\/2023\/08\/sm_1691854072.772454.jpg","width":1706,"height":1096,"caption":"N\u00facleo de Arte Ang\u00fa-\u00c1gua exhibits \"Amnesia\" at CIT"},{"@type":"BreadcrumbList","@id":"https:\/\/www.africa-press.net\/angola\/all-news\/nucleo-de-arte-angu-agua-exhibits-amnesia-at-cit#breadcrumb","itemListElement":[{"@type":"ListItem","position":1,"name":"Home","item":"https:\/\/www.africa-press.net\/angola\/"},{"@type":"ListItem","position":2,"name":"N\u00facleo de Arte Ang\u00fa-\u00c1gua exhibits &#8220;Amnesia&#8221; at CIT"}]},{"@type":"WebSite","@id":"https:\/\/www.africa-press.net\/angola\/#website","url":"https:\/\/www.africa-press.net\/angola\/","name":"Angola","description":"Just another Africa News Agency Sites site","potentialAction":[{"@type":"SearchAction","target":{"@type":"EntryPoint","urlTemplate":"https:\/\/www.africa-press.net\/angola\/?s={search_term_string}"},"query-input":{"@type":"PropertyValueSpecification","valueRequired":true,"valueName":"search_term_string"}}],"inLanguage":"en-US"},{"@type":"Person","@id":"https:\/\/www.africa-press.net\/angola\/#\/schema\/person\/068c7ab4e9634ae78ec5d54ec46598bb","name":"cfeditoren","image":{"@type":"ImageObject","inLanguage":"en-US","@id":"https:\/\/www.africa-press.net\/angola\/#\/schema\/person\/image\/","url":"https:\/\/secure.gravatar.com\/avatar\/7417380fa9e23b5c57fdbfdaf3fdf92ee478f759a084addda5faa3732853e74a?s=96&d=mm&r=g","contentUrl":"https:\/\/secure.gravatar.com\/avatar\/7417380fa9e23b5c57fdbfdaf3fdf92ee478f759a084addda5faa3732853e74a?s=96&d=mm&r=g","caption":"cfeditoren"}}]}},"_links":{"self":[{"href":"https:\/\/www.africa-press.net\/angola\/wp-json\/wp\/v2\/posts\/41872","targetHints":{"allow":["GET"]}}],"collection":[{"href":"https:\/\/www.africa-press.net\/angola\/wp-json\/wp\/v2\/posts"}],"about":[{"href":"https:\/\/www.africa-press.net\/angola\/wp-json\/wp\/v2\/types\/post"}],"author":[{"embeddable":true,"href":"https:\/\/www.africa-press.net\/angola\/wp-json\/wp\/v2\/users\/84"}],"replies":[{"embeddable":true,"href":"https:\/\/www.africa-press.net\/angola\/wp-json\/wp\/v2\/comments?post=41872"}],"version-history":[{"count":0,"href":"https:\/\/www.africa-press.net\/angola\/wp-json\/wp\/v2\/posts\/41872\/revisions"}],"wp:featuredmedia":[{"embeddable":true,"href":"https:\/\/www.africa-press.net\/angola\/wp-json\/wp\/v2\/media\/41871"}],"wp:attachment":[{"href":"https:\/\/www.africa-press.net\/angola\/wp-json\/wp\/v2\/media?parent=41872"}],"wp:term":[{"taxonomy":"category","embeddable":true,"href":"https:\/\/www.africa-press.net\/angola\/wp-json\/wp\/v2\/categories?post=41872"},{"taxonomy":"post_tag","embeddable":true,"href":"https:\/\/www.africa-press.net\/angola\/wp-json\/wp\/v2\/tags?post=41872"}],"curies":[{"name":"wp","href":"https:\/\/api.w.org\/{rel}","templated":true}]}}