{"id":43187,"date":"2023-08-28T07:14:22","date_gmt":"2023-08-28T07:14:22","guid":{"rendered":"https:\/\/www.africa-press.net\/angola\/all-news\/pr-travels-to-sao-tome-and-principe-for-cplp-summit"},"modified":"2023-08-28T07:47:09","modified_gmt":"2023-08-28T07:47:09","slug":"pr-travels-to-sao-tome-and-principe-for-cplp-summit","status":"publish","type":"post","link":"https:\/\/www.africa-press.net\/angola\/all-news\/pr-travels-to-sao-tome-and-principe-for-cplp-summit","title":{"rendered":"PR travels to S\u00e3o Tom\u00e9 and Pr\u00edncipe for CPLP Summit"},"content":{"rendered":"<p><span style=\"color: #ff6600\"><strong>Africa-Press &#8211; Angola. <\/strong><\/span><b>The President of the Republic, Joa\u0303o Lourenc\u0327o, travels to Sa\u0303o Tome\u0301 and Pri\u0301ncipe on Sunday, to participate in the XIV Conference of Heads of State and Government of the Community of Portuguese Speaking Countries (CPLP).<\/b><\/p>\n<p>The information was released this Saturday by the Secretary of the President of the Republic for Institutional and Press Affairs, Lui\u0301s Fernando, adding that the return of the Head of State to Luanda is scheduled for the same day.<\/p>\n<p>During the Summit, the organizing country, Sa\u0303o Tome\u0301 and Pri\u0301ncipe, will assume the presidency of the organization for two years, replacing Angola.<\/p>\n<p>The Summit of Heads of State and Government is the highest body of the CPLP. Its responsibilities are to define and guide the organization&#8217;s general policy and strategies.<\/p>\n<p>This body is also responsible for adopting the necessary legal instruments and implementing the statutes.<\/p>\n<p>The CPLP enshrines political and diplomatic coordination, respect for independence and equal sovereignty, non-interference in internal affairs and defense of the territorial integrity of Member States.<\/p>\n<p>The organization proposes to promote Peace, Democracy, Human Rights, as well as Development and Social Justice.<\/p>\n<p>The organization, founded on July 17, 1996, includes Angola, Brazil, Cape Verde, Guinea-Bissau, Equatorial Guinea, Mozambique, Portugal, Sa\u0303o Tome\u0301 and Pri\u0301ncipe and East Timor.<\/p>\n<p><strong>For More News And Analysis About <a href=\"https:\/\/www.africa-press.net\/angola\">Angola<\/a> Follow <a href=\"https:\/\/www.africa-press.net\/\">Africa-Press<\/a><\/strong><\/p>\n","protected":false},"excerpt":{"rendered":"<p>Africa-Press &#8211; Angola. The President of the Republic, Joa\u0303o Lourenc\u0327o, travels to Sa\u0303o Tome\u0301 and Pri\u0301ncipe on Sunday, to participate in the XIV Conference of Heads of State and Government of the Community of Portuguese Speaking Countries (CPLP). The information was released this Saturday by the Secretary of the President of the Republic for Institutional [&hellip;]<\/p>\n","protected":false},"author":84,"featured_media":43185,"comment_status":"open","ping_status":"open","sticky":false,"template":"","format":"standard","meta":{"footnotes":""},"categories":[2,12],"tags":[233,337,329],"class_list":["post-43187","post","type-post","status-publish","format-standard","has-post-thumbnail","hentry","category-all-news","category-policy","tag-africa-press","tag-africa-press-angola","tag-angola"],"yoast_head":"<!-- This site is optimized with the Yoast SEO Premium plugin v26.1 (Yoast SEO v27.0) - https:\/\/yoast.com\/product\/yoast-seo-premium-wordpress\/ -->\n<title>PR travels to S\u00e3o Tom\u00e9 and Pr\u00edncipe for CPLP Summit - Angola<\/title>\n<meta name=\"description\" content=\"The President of the Republic, Joa\u0303o Lourenc\u0327o, travels to Sa\u0303o Tome\u0301 and Pri\u0301ncipe on Sunday, to participate in the ...\" \/>\n<meta name=\"robots\" content=\"index, follow, max-snippet:-1, max-image-preview:large, max-video-preview:-1\" \/>\n<link rel=\"canonical\" href=\"https:\/\/www.africa-press.net\/angola\/all-news\/pr-travels-to-sao-tome-and-principe-for-cplp-summit\" \/>\n<meta property=\"og:locale\" content=\"en_US\" \/>\n<meta property=\"og:type\" content=\"article\" \/>\n<meta property=\"og:title\" content=\"PR travels to S\u00e3o Tom\u00e9 and Pr\u00edncipe for CPLP Summit\" \/>\n<meta property=\"og:description\" content=\"The President of the Republic, Joa\u0303o Lourenc\u0327o, travels to Sa\u0303o Tome\u0301 and Pri\u0301ncipe on Sunday, to participate in the ...\" \/>\n<meta property=\"og:url\" content=\"https:\/\/www.africa-press.net\/angola\/all-news\/pr-travels-to-sao-tome-and-principe-for-cplp-summit\" \/>\n<meta property=\"og:site_name\" content=\"Angola\" \/>\n<meta property=\"article:publisher\" content=\"https:\/\/www.facebook.com\/AfricaPressTunisiaa\" \/>\n<meta property=\"article:published_time\" content=\"2023-08-28T07:14:22+00:00\" \/>\n<meta property=\"article:modified_time\" content=\"2023-08-28T07:47:09+00:00\" \/>\n<meta property=\"og:image\" content=\"https:\/\/static.africa-press.net\/angola\/sites\/65\/2023\/08\/sm_1693196066.810124.jpg\" \/>\n\t<meta property=\"og:image:width\" content=\"1280\" \/>\n\t<meta property=\"og:image:height\" content=\"720\" \/>\n\t<meta property=\"og:image:type\" content=\"image\/jpeg\" \/>\n<meta name=\"author\" content=\"cfeditoren\" \/>\n<meta name=\"twitter:card\" content=\"summary_large_image\" \/>\n<meta name=\"twitter:label1\" content=\"Written by\" \/>\n\t<meta name=\"twitter:data1\" content=\"cfeditoren\" \/>\n\t<meta name=\"twitter:label2\" content=\"Est. reading time\" \/>\n\t<meta name=\"twitter:data2\" content=\"1 minute\" \/>\n<script type=\"application\/ld+json\" class=\"yoast-schema-graph\">{\"@context\":\"https:\/\/schema.org\",\"@graph\":[{\"@type\":\"Article\",\"@id\":\"https:\/\/www.africa-press.net\/angola\/all-news\/pr-travels-to-sao-tome-and-principe-for-cplp-summit#article\",\"isPartOf\":{\"@id\":\"https:\/\/www.africa-press.net\/angola\/all-news\/pr-travels-to-sao-tome-and-principe-for-cplp-summit\"},\"author\":{\"name\":\"cfeditoren\",\"@id\":\"https:\/\/www.africa-press.net\/angola\/#\/schema\/person\/068c7ab4e9634ae78ec5d54ec46598bb\"},\"headline\":\"PR travels to S\u00e3o Tom\u00e9 and Pr\u00edncipe for CPLP Summit\",\"datePublished\":\"2023-08-28T07:14:22+00:00\",\"dateModified\":\"2023-08-28T07:47:09+00:00\",\"mainEntityOfPage\":{\"@id\":\"https:\/\/www.africa-press.net\/angola\/all-news\/pr-travels-to-sao-tome-and-principe-for-cplp-summit\"},\"wordCount\":237,\"commentCount\":0,\"image\":{\"@id\":\"https:\/\/www.africa-press.net\/angola\/all-news\/pr-travels-to-sao-tome-and-principe-for-cplp-summit#primaryimage\"},\"thumbnailUrl\":\"https:\/\/static.africa-press.net\/angola\/sites\/65\/2023\/08\/sm_1693196066.810124.jpg\",\"keywords\":[\"Africa Press\",\"Africa Press-Angola\",\"Angola\"],\"articleSection\":[\"all news\",\"policy\"],\"inLanguage\":\"en-US\",\"potentialAction\":[{\"@type\":\"CommentAction\",\"name\":\"Comment\",\"target\":[\"https:\/\/www.africa-press.net\/angola\/all-news\/pr-travels-to-sao-tome-and-principe-for-cplp-summit#respond\"]}]},{\"@type\":\"WebPage\",\"@id\":\"https:\/\/www.africa-press.net\/angola\/all-news\/pr-travels-to-sao-tome-and-principe-for-cplp-summit\",\"url\":\"https:\/\/www.africa-press.net\/angola\/all-news\/pr-travels-to-sao-tome-and-principe-for-cplp-summit\",\"name\":\"PR travels to S\u00e3o Tom\u00e9 and Pr\u00edncipe for CPLP Summit - Angola\",\"isPartOf\":{\"@id\":\"https:\/\/www.africa-press.net\/angola\/#website\"},\"primaryImageOfPage\":{\"@id\":\"https:\/\/www.africa-press.net\/angola\/all-news\/pr-travels-to-sao-tome-and-principe-for-cplp-summit#primaryimage\"},\"image\":{\"@id\":\"https:\/\/www.africa-press.net\/angola\/all-news\/pr-travels-to-sao-tome-and-principe-for-cplp-summit#primaryimage\"},\"thumbnailUrl\":\"https:\/\/static.africa-press.net\/angola\/sites\/65\/2023\/08\/sm_1693196066.810124.jpg\",\"datePublished\":\"2023-08-28T07:14:22+00:00\",\"dateModified\":\"2023-08-28T07:47:09+00:00\",\"author\":{\"@id\":\"https:\/\/www.africa-press.net\/angola\/#\/schema\/person\/068c7ab4e9634ae78ec5d54ec46598bb\"},\"description\":\"The President of the Republic, Joa\u0303o Lourenc\u0327o, travels to Sa\u0303o Tome\u0301 and Pri\u0301ncipe on Sunday, to participate in the ...\",\"breadcrumb\":{\"@id\":\"https:\/\/www.africa-press.net\/angola\/all-news\/pr-travels-to-sao-tome-and-principe-for-cplp-summit#breadcrumb\"},\"inLanguage\":\"en-US\",\"potentialAction\":[{\"@type\":\"ReadAction\",\"target\":[\"https:\/\/www.africa-press.net\/angola\/all-news\/pr-travels-to-sao-tome-and-principe-for-cplp-summit\"]}]},{\"@type\":\"ImageObject\",\"inLanguage\":\"en-US\",\"@id\":\"https:\/\/www.africa-press.net\/angola\/all-news\/pr-travels-to-sao-tome-and-principe-for-cplp-summit#primaryimage\",\"url\":\"https:\/\/static.africa-press.net\/angola\/sites\/65\/2023\/08\/sm_1693196066.810124.jpg\",\"contentUrl\":\"https:\/\/static.africa-press.net\/angola\/sites\/65\/2023\/08\/sm_1693196066.810124.jpg\",\"width\":1280,\"height\":720,\"caption\":\"PR travels to S\u00e3o Tom\u00e9 and Pr\u00edncipe for CPLP Summit\"},{\"@type\":\"BreadcrumbList\",\"@id\":\"https:\/\/www.africa-press.net\/angola\/all-news\/pr-travels-to-sao-tome-and-principe-for-cplp-summit#breadcrumb\",\"itemListElement\":[{\"@type\":\"ListItem\",\"position\":1,\"name\":\"Home\",\"item\":\"https:\/\/www.africa-press.net\/angola\/\"},{\"@type\":\"ListItem\",\"position\":2,\"name\":\"PR travels to S\u00e3o Tom\u00e9 and Pr\u00edncipe for CPLP Summit\"}]},{\"@type\":\"WebSite\",\"@id\":\"https:\/\/www.africa-press.net\/angola\/#website\",\"url\":\"https:\/\/www.africa-press.net\/angola\/\",\"name\":\"Angola\",\"description\":\"Just another Africa News Agency Sites site\",\"potentialAction\":[{\"@type\":\"SearchAction\",\"target\":{\"@type\":\"EntryPoint\",\"urlTemplate\":\"https:\/\/www.africa-press.net\/angola\/?s={search_term_string}\"},\"query-input\":{\"@type\":\"PropertyValueSpecification\",\"valueRequired\":true,\"valueName\":\"search_term_string\"}}],\"inLanguage\":\"en-US\"},{\"@type\":\"Person\",\"@id\":\"https:\/\/www.africa-press.net\/angola\/#\/schema\/person\/068c7ab4e9634ae78ec5d54ec46598bb\",\"name\":\"cfeditoren\",\"image\":{\"@type\":\"ImageObject\",\"inLanguage\":\"en-US\",\"@id\":\"https:\/\/www.africa-press.net\/angola\/#\/schema\/person\/image\/\",\"url\":\"https:\/\/secure.gravatar.com\/avatar\/7417380fa9e23b5c57fdbfdaf3fdf92ee478f759a084addda5faa3732853e74a?s=96&d=mm&r=g\",\"contentUrl\":\"https:\/\/secure.gravatar.com\/avatar\/7417380fa9e23b5c57fdbfdaf3fdf92ee478f759a084addda5faa3732853e74a?s=96&d=mm&r=g\",\"caption\":\"cfeditoren\"}}]}<\/script>\n<!-- \/ Yoast SEO Premium plugin. -->","yoast_head_json":{"title":"PR travels to S\u00e3o Tom\u00e9 and Pr\u00edncipe for CPLP Summit - Angola","description":"The President of the Republic, Joa\u0303o Lourenc\u0327o, travels to Sa\u0303o Tome\u0301 and Pri\u0301ncipe on Sunday, to participate in the ...","robots":{"index":"index","follow":"follow","max-snippet":"max-snippet:-1","max-image-preview":"max-image-preview:large","max-video-preview":"max-video-preview:-1"},"canonical":"https:\/\/www.africa-press.net\/angola\/all-news\/pr-travels-to-sao-tome-and-principe-for-cplp-summit","og_locale":"en_US","og_type":"article","og_title":"PR travels to S\u00e3o Tom\u00e9 and Pr\u00edncipe for CPLP Summit","og_description":"The President of the Republic, Joa\u0303o Lourenc\u0327o, travels to Sa\u0303o Tome\u0301 and Pri\u0301ncipe on Sunday, to participate in the ...","og_url":"https:\/\/www.africa-press.net\/angola\/all-news\/pr-travels-to-sao-tome-and-principe-for-cplp-summit","og_site_name":"Angola","article_publisher":"https:\/\/www.facebook.com\/AfricaPressTunisiaa","article_published_time":"2023-08-28T07:14:22+00:00","article_modified_time":"2023-08-28T07:47:09+00:00","og_image":[{"width":1280,"height":720,"url":"https:\/\/static.africa-press.net\/angola\/sites\/65\/2023\/08\/sm_1693196066.810124.jpg","type":"image\/jpeg"}],"author":"cfeditoren","twitter_card":"summary_large_image","twitter_misc":{"Written by":"cfeditoren","Est. reading time":"1 minute"},"schema":{"@context":"https:\/\/schema.org","@graph":[{"@type":"Article","@id":"https:\/\/www.africa-press.net\/angola\/all-news\/pr-travels-to-sao-tome-and-principe-for-cplp-summit#article","isPartOf":{"@id":"https:\/\/www.africa-press.net\/angola\/all-news\/pr-travels-to-sao-tome-and-principe-for-cplp-summit"},"author":{"name":"cfeditoren","@id":"https:\/\/www.africa-press.net\/angola\/#\/schema\/person\/068c7ab4e9634ae78ec5d54ec46598bb"},"headline":"PR travels to S\u00e3o Tom\u00e9 and Pr\u00edncipe for CPLP Summit","datePublished":"2023-08-28T07:14:22+00:00","dateModified":"2023-08-28T07:47:09+00:00","mainEntityOfPage":{"@id":"https:\/\/www.africa-press.net\/angola\/all-news\/pr-travels-to-sao-tome-and-principe-for-cplp-summit"},"wordCount":237,"commentCount":0,"image":{"@id":"https:\/\/www.africa-press.net\/angola\/all-news\/pr-travels-to-sao-tome-and-principe-for-cplp-summit#primaryimage"},"thumbnailUrl":"https:\/\/static.africa-press.net\/angola\/sites\/65\/2023\/08\/sm_1693196066.810124.jpg","keywords":["Africa Press","Africa Press-Angola","Angola"],"articleSection":["all news","policy"],"inLanguage":"en-US","potentialAction":[{"@type":"CommentAction","name":"Comment","target":["https:\/\/www.africa-press.net\/angola\/all-news\/pr-travels-to-sao-tome-and-principe-for-cplp-summit#respond"]}]},{"@type":"WebPage","@id":"https:\/\/www.africa-press.net\/angola\/all-news\/pr-travels-to-sao-tome-and-principe-for-cplp-summit","url":"https:\/\/www.africa-press.net\/angola\/all-news\/pr-travels-to-sao-tome-and-principe-for-cplp-summit","name":"PR travels to S\u00e3o Tom\u00e9 and Pr\u00edncipe for CPLP Summit - Angola","isPartOf":{"@id":"https:\/\/www.africa-press.net\/angola\/#website"},"primaryImageOfPage":{"@id":"https:\/\/www.africa-press.net\/angola\/all-news\/pr-travels-to-sao-tome-and-principe-for-cplp-summit#primaryimage"},"image":{"@id":"https:\/\/www.africa-press.net\/angola\/all-news\/pr-travels-to-sao-tome-and-principe-for-cplp-summit#primaryimage"},"thumbnailUrl":"https:\/\/static.africa-press.net\/angola\/sites\/65\/2023\/08\/sm_1693196066.810124.jpg","datePublished":"2023-08-28T07:14:22+00:00","dateModified":"2023-08-28T07:47:09+00:00","author":{"@id":"https:\/\/www.africa-press.net\/angola\/#\/schema\/person\/068c7ab4e9634ae78ec5d54ec46598bb"},"description":"The President of the Republic, Joa\u0303o Lourenc\u0327o, travels to Sa\u0303o Tome\u0301 and Pri\u0301ncipe on Sunday, to participate in the ...","breadcrumb":{"@id":"https:\/\/www.africa-press.net\/angola\/all-news\/pr-travels-to-sao-tome-and-principe-for-cplp-summit#breadcrumb"},"inLanguage":"en-US","potentialAction":[{"@type":"ReadAction","target":["https:\/\/www.africa-press.net\/angola\/all-news\/pr-travels-to-sao-tome-and-principe-for-cplp-summit"]}]},{"@type":"ImageObject","inLanguage":"en-US","@id":"https:\/\/www.africa-press.net\/angola\/all-news\/pr-travels-to-sao-tome-and-principe-for-cplp-summit#primaryimage","url":"https:\/\/static.africa-press.net\/angola\/sites\/65\/2023\/08\/sm_1693196066.810124.jpg","contentUrl":"https:\/\/static.africa-press.net\/angola\/sites\/65\/2023\/08\/sm_1693196066.810124.jpg","width":1280,"height":720,"caption":"PR travels to S\u00e3o Tom\u00e9 and Pr\u00edncipe for CPLP Summit"},{"@type":"BreadcrumbList","@id":"https:\/\/www.africa-press.net\/angola\/all-news\/pr-travels-to-sao-tome-and-principe-for-cplp-summit#breadcrumb","itemListElement":[{"@type":"ListItem","position":1,"name":"Home","item":"https:\/\/www.africa-press.net\/angola\/"},{"@type":"ListItem","position":2,"name":"PR travels to S\u00e3o Tom\u00e9 and Pr\u00edncipe for CPLP Summit"}]},{"@type":"WebSite","@id":"https:\/\/www.africa-press.net\/angola\/#website","url":"https:\/\/www.africa-press.net\/angola\/","name":"Angola","description":"Just another Africa News Agency Sites site","potentialAction":[{"@type":"SearchAction","target":{"@type":"EntryPoint","urlTemplate":"https:\/\/www.africa-press.net\/angola\/?s={search_term_string}"},"query-input":{"@type":"PropertyValueSpecification","valueRequired":true,"valueName":"search_term_string"}}],"inLanguage":"en-US"},{"@type":"Person","@id":"https:\/\/www.africa-press.net\/angola\/#\/schema\/person\/068c7ab4e9634ae78ec5d54ec46598bb","name":"cfeditoren","image":{"@type":"ImageObject","inLanguage":"en-US","@id":"https:\/\/www.africa-press.net\/angola\/#\/schema\/person\/image\/","url":"https:\/\/secure.gravatar.com\/avatar\/7417380fa9e23b5c57fdbfdaf3fdf92ee478f759a084addda5faa3732853e74a?s=96&d=mm&r=g","contentUrl":"https:\/\/secure.gravatar.com\/avatar\/7417380fa9e23b5c57fdbfdaf3fdf92ee478f759a084addda5faa3732853e74a?s=96&d=mm&r=g","caption":"cfeditoren"}}]}},"_links":{"self":[{"href":"https:\/\/www.africa-press.net\/angola\/wp-json\/wp\/v2\/posts\/43187","targetHints":{"allow":["GET"]}}],"collection":[{"href":"https:\/\/www.africa-press.net\/angola\/wp-json\/wp\/v2\/posts"}],"about":[{"href":"https:\/\/www.africa-press.net\/angola\/wp-json\/wp\/v2\/types\/post"}],"author":[{"embeddable":true,"href":"https:\/\/www.africa-press.net\/angola\/wp-json\/wp\/v2\/users\/84"}],"replies":[{"embeddable":true,"href":"https:\/\/www.africa-press.net\/angola\/wp-json\/wp\/v2\/comments?post=43187"}],"version-history":[{"count":0,"href":"https:\/\/www.africa-press.net\/angola\/wp-json\/wp\/v2\/posts\/43187\/revisions"}],"wp:featuredmedia":[{"embeddable":true,"href":"https:\/\/www.africa-press.net\/angola\/wp-json\/wp\/v2\/media\/43185"}],"wp:attachment":[{"href":"https:\/\/www.africa-press.net\/angola\/wp-json\/wp\/v2\/media?parent=43187"}],"wp:term":[{"taxonomy":"category","embeddable":true,"href":"https:\/\/www.africa-press.net\/angola\/wp-json\/wp\/v2\/categories?post=43187"},{"taxonomy":"post_tag","embeddable":true,"href":"https:\/\/www.africa-press.net\/angola\/wp-json\/wp\/v2\/tags?post=43187"}],"curies":[{"name":"wp","href":"https:\/\/api.w.org\/{rel}","templated":true}]}}