{"id":43208,"date":"2023-08-28T14:34:46","date_gmt":"2023-08-28T14:34:46","guid":{"rendered":"https:\/\/www.africa-press.net\/angola\/?p=43208"},"modified":"2023-08-28T14:10:55","modified_gmt":"2023-08-28T14:10:55","slug":"joao-lourenco-on-his-way-to-sao-tome-and-principe","status":"publish","type":"post","link":"https:\/\/www.africa-press.net\/angola\/all-news\/joao-lourenco-on-his-way-to-sao-tome-and-principe","title":{"rendered":"Jo\u00e3o Louren\u00e7o on his way to S\u00e3o Tom\u00e9 and Pr\u00edncipe"},"content":{"rendered":"<p><span style=\"color: #ff6600\"><strong>Africa-Press &#8211; Angola. <\/strong><\/span><b>The President of the Republic, Joa\u0303o Lourenc\u0327o, left the country, around 9 am, on his way to Sa\u0303o Tome\u0301 and Pri\u0301ncipe, to participate in the XIV Conference of Heads of State and Government of the CPLP.<\/b><\/p>\n<p>At the 4 de Fevereiro International Airport, the Head of State was dismissed, among other entities, by the Vice President of the Republic, Esperanc\u0327a da Costa, and by the provincial governor of Luanda, Manuel Homem.<\/p>\n<p>According to the secretary of the President of the Republic for Institutional Affairs and the Press, Lui\u0301s Fernando, Joa\u0303o Lourenc\u0327o and the First Lady, Ana Dias Lourenc\u0327o, will return to Luanda at the end of the afternoon of the same Sunday.<\/p>\n<p>During this XIV Summit of Heads of State and Government of Portuguese-Speaking Countries, Sa\u0303o Tome\u0301 and Pri\u0301ncipe will assume the presidency of the organization for two years, replacing Angola.<\/p>\n<p>The said Summit constitutes the highest body of the CPLP, having the competences, among others, to define and guide the general policy and strategies of the organization, the adoption of the necessary legal instruments and the implementation of the statutes.<\/p>\n<p>The CPLP enshrines political and diplomatic coordination, respect for independence and equal sovereignty, non-interference in internal affairs and defense of the territorial integrity of Member States.<\/p>\n<p>The organization proposes to promote Peace, Democracy, Human Rights, as well as Development and Social Justice, and integrates Brazil, Cape Verde, Guinea-Bissau, Equatorial Guinea, Mozambique, Portugal, Sa\u0303o Tome\u0301 and Pri\u0301ncipe and East Timor.<\/p>\n<p>It was founded on July 17, 1996, and has had Angola in its rotating presidency on several occasions.<\/p>\n<p><strong>For More News And Analysis About <a href=\"https:\/\/www.africa-press.net\/angola\">Angola<\/a> Follow <a href=\"https:\/\/www.africa-press.net\/\">Africa-Press<\/a><\/strong><\/p>\n","protected":false},"excerpt":{"rendered":"<p>Africa-Press &#8211; Angola. The President of the Republic, Joa\u0303o Lourenc\u0327o, left the country, around 9 am, on his way to Sa\u0303o Tome\u0301 and Pri\u0301ncipe, to participate in the XIV Conference of Heads of State and Government of the CPLP. At the 4 de Fevereiro International Airport, the Head of State was dismissed, among other entities, [&hellip;]<\/p>\n","protected":false},"author":84,"featured_media":43207,"comment_status":"open","ping_status":"open","sticky":false,"template":"","format":"standard","meta":{"footnotes":""},"categories":[2,7,12],"tags":[233,337,329],"class_list":["post-43208","post","type-post","status-publish","format-standard","has-post-thumbnail","hentry","category-all-news","category-head-lines","category-policy","tag-africa-press","tag-africa-press-angola","tag-angola"],"yoast_head":"<!-- This site is optimized with the Yoast SEO Premium plugin v26.1 (Yoast SEO v27.0) - https:\/\/yoast.com\/product\/yoast-seo-premium-wordpress\/ -->\n<title>Jo\u00e3o Louren\u00e7o on his way to S\u00e3o Tom\u00e9 and Pr\u00edncipe - Angola<\/title>\n<meta name=\"description\" content=\"The President of the Republic, Joa\u0303o Lourenc\u0327o, left the country, around 9 am, on his way to Sa\u0303o Tome\u0301 and Pri\u0301ncipe ...\" \/>\n<meta name=\"robots\" content=\"index, follow, max-snippet:-1, max-image-preview:large, max-video-preview:-1\" \/>\n<link rel=\"canonical\" href=\"https:\/\/www.africa-press.net\/angola\/all-news\/joao-lourenco-on-his-way-to-sao-tome-and-principe\" \/>\n<meta property=\"og:locale\" content=\"en_US\" \/>\n<meta property=\"og:type\" content=\"article\" \/>\n<meta property=\"og:title\" content=\"Jo\u00e3o Louren\u00e7o on his way to S\u00e3o Tom\u00e9 and Pr\u00edncipe\" \/>\n<meta property=\"og:description\" content=\"The President of the Republic, Joa\u0303o Lourenc\u0327o, left the country, around 9 am, on his way to Sa\u0303o Tome\u0301 and Pri\u0301ncipe ...\" \/>\n<meta property=\"og:url\" content=\"https:\/\/www.africa-press.net\/angola\/all-news\/joao-lourenco-on-his-way-to-sao-tome-and-principe\" \/>\n<meta property=\"og:site_name\" content=\"Angola\" \/>\n<meta property=\"article:publisher\" content=\"https:\/\/www.facebook.com\/AfricaPressTunisiaa\" \/>\n<meta property=\"article:published_time\" content=\"2023-08-28T14:34:46+00:00\" \/>\n<meta property=\"og:image\" content=\"https:\/\/static.africa-press.net\/angola\/sites\/65\/2023\/08\/sm_1693219193.43116.jpg\" \/>\n\t<meta property=\"og:image:width\" content=\"1677\" \/>\n\t<meta property=\"og:image:height\" content=\"1077\" \/>\n\t<meta property=\"og:image:type\" content=\"image\/jpeg\" \/>\n<meta name=\"author\" content=\"cfeditoren\" \/>\n<meta name=\"twitter:card\" content=\"summary_large_image\" \/>\n<meta name=\"twitter:label1\" content=\"Written by\" \/>\n\t<meta name=\"twitter:data1\" content=\"cfeditoren\" \/>\n\t<meta name=\"twitter:label2\" content=\"Est. reading time\" \/>\n\t<meta name=\"twitter:data2\" content=\"2 minutes\" \/>\n<script type=\"application\/ld+json\" class=\"yoast-schema-graph\">{\"@context\":\"https:\/\/schema.org\",\"@graph\":[{\"@type\":\"Article\",\"@id\":\"https:\/\/www.africa-press.net\/angola\/all-news\/joao-lourenco-on-his-way-to-sao-tome-and-principe#article\",\"isPartOf\":{\"@id\":\"https:\/\/www.africa-press.net\/angola\/all-news\/joao-lourenco-on-his-way-to-sao-tome-and-principe\"},\"author\":{\"name\":\"cfeditoren\",\"@id\":\"https:\/\/www.africa-press.net\/angola\/#\/schema\/person\/068c7ab4e9634ae78ec5d54ec46598bb\"},\"headline\":\"Jo\u00e3o Louren\u00e7o on his way to S\u00e3o Tom\u00e9 and Pr\u00edncipe\",\"datePublished\":\"2023-08-28T14:34:46+00:00\",\"mainEntityOfPage\":{\"@id\":\"https:\/\/www.africa-press.net\/angola\/all-news\/joao-lourenco-on-his-way-to-sao-tome-and-principe\"},\"wordCount\":293,\"commentCount\":0,\"image\":{\"@id\":\"https:\/\/www.africa-press.net\/angola\/all-news\/joao-lourenco-on-his-way-to-sao-tome-and-principe#primaryimage\"},\"thumbnailUrl\":\"https:\/\/static.africa-press.net\/angola\/sites\/65\/2023\/08\/sm_1693219193.43116.jpg\",\"keywords\":[\"Africa Press\",\"Africa Press-Angola\",\"Angola\"],\"articleSection\":[\"all news\",\"head lines\",\"policy\"],\"inLanguage\":\"en-US\",\"potentialAction\":[{\"@type\":\"CommentAction\",\"name\":\"Comment\",\"target\":[\"https:\/\/www.africa-press.net\/angola\/all-news\/joao-lourenco-on-his-way-to-sao-tome-and-principe#respond\"]}]},{\"@type\":\"WebPage\",\"@id\":\"https:\/\/www.africa-press.net\/angola\/all-news\/joao-lourenco-on-his-way-to-sao-tome-and-principe\",\"url\":\"https:\/\/www.africa-press.net\/angola\/all-news\/joao-lourenco-on-his-way-to-sao-tome-and-principe\",\"name\":\"Jo\u00e3o Louren\u00e7o on his way to S\u00e3o Tom\u00e9 and Pr\u00edncipe - Angola\",\"isPartOf\":{\"@id\":\"https:\/\/www.africa-press.net\/angola\/#website\"},\"primaryImageOfPage\":{\"@id\":\"https:\/\/www.africa-press.net\/angola\/all-news\/joao-lourenco-on-his-way-to-sao-tome-and-principe#primaryimage\"},\"image\":{\"@id\":\"https:\/\/www.africa-press.net\/angola\/all-news\/joao-lourenco-on-his-way-to-sao-tome-and-principe#primaryimage\"},\"thumbnailUrl\":\"https:\/\/static.africa-press.net\/angola\/sites\/65\/2023\/08\/sm_1693219193.43116.jpg\",\"datePublished\":\"2023-08-28T14:34:46+00:00\",\"author\":{\"@id\":\"https:\/\/www.africa-press.net\/angola\/#\/schema\/person\/068c7ab4e9634ae78ec5d54ec46598bb\"},\"description\":\"The President of the Republic, Joa\u0303o Lourenc\u0327o, left the country, around 9 am, on his way to Sa\u0303o Tome\u0301 and Pri\u0301ncipe ...\",\"breadcrumb\":{\"@id\":\"https:\/\/www.africa-press.net\/angola\/all-news\/joao-lourenco-on-his-way-to-sao-tome-and-principe#breadcrumb\"},\"inLanguage\":\"en-US\",\"potentialAction\":[{\"@type\":\"ReadAction\",\"target\":[\"https:\/\/www.africa-press.net\/angola\/all-news\/joao-lourenco-on-his-way-to-sao-tome-and-principe\"]}]},{\"@type\":\"ImageObject\",\"inLanguage\":\"en-US\",\"@id\":\"https:\/\/www.africa-press.net\/angola\/all-news\/joao-lourenco-on-his-way-to-sao-tome-and-principe#primaryimage\",\"url\":\"https:\/\/static.africa-press.net\/angola\/sites\/65\/2023\/08\/sm_1693219193.43116.jpg\",\"contentUrl\":\"https:\/\/static.africa-press.net\/angola\/sites\/65\/2023\/08\/sm_1693219193.43116.jpg\",\"width\":1677,\"height\":1077,\"caption\":\"Jo\u00e3o Louren\u00e7o on his way to S\u00e3o Tom\u00e9 and Pr\u00edncipe\"},{\"@type\":\"BreadcrumbList\",\"@id\":\"https:\/\/www.africa-press.net\/angola\/all-news\/joao-lourenco-on-his-way-to-sao-tome-and-principe#breadcrumb\",\"itemListElement\":[{\"@type\":\"ListItem\",\"position\":1,\"name\":\"Home\",\"item\":\"https:\/\/www.africa-press.net\/angola\/\"},{\"@type\":\"ListItem\",\"position\":2,\"name\":\"Jo\u00e3o Louren\u00e7o on his way to S\u00e3o Tom\u00e9 and Pr\u00edncipe\"}]},{\"@type\":\"WebSite\",\"@id\":\"https:\/\/www.africa-press.net\/angola\/#website\",\"url\":\"https:\/\/www.africa-press.net\/angola\/\",\"name\":\"Angola\",\"description\":\"Just another Africa News Agency Sites site\",\"potentialAction\":[{\"@type\":\"SearchAction\",\"target\":{\"@type\":\"EntryPoint\",\"urlTemplate\":\"https:\/\/www.africa-press.net\/angola\/?s={search_term_string}\"},\"query-input\":{\"@type\":\"PropertyValueSpecification\",\"valueRequired\":true,\"valueName\":\"search_term_string\"}}],\"inLanguage\":\"en-US\"},{\"@type\":\"Person\",\"@id\":\"https:\/\/www.africa-press.net\/angola\/#\/schema\/person\/068c7ab4e9634ae78ec5d54ec46598bb\",\"name\":\"cfeditoren\",\"image\":{\"@type\":\"ImageObject\",\"inLanguage\":\"en-US\",\"@id\":\"https:\/\/www.africa-press.net\/angola\/#\/schema\/person\/image\/\",\"url\":\"https:\/\/secure.gravatar.com\/avatar\/7417380fa9e23b5c57fdbfdaf3fdf92ee478f759a084addda5faa3732853e74a?s=96&d=mm&r=g\",\"contentUrl\":\"https:\/\/secure.gravatar.com\/avatar\/7417380fa9e23b5c57fdbfdaf3fdf92ee478f759a084addda5faa3732853e74a?s=96&d=mm&r=g\",\"caption\":\"cfeditoren\"}}]}<\/script>\n<!-- \/ Yoast SEO Premium plugin. -->","yoast_head_json":{"title":"Jo\u00e3o Louren\u00e7o on his way to S\u00e3o Tom\u00e9 and Pr\u00edncipe - Angola","description":"The President of the Republic, Joa\u0303o Lourenc\u0327o, left the country, around 9 am, on his way to Sa\u0303o Tome\u0301 and Pri\u0301ncipe ...","robots":{"index":"index","follow":"follow","max-snippet":"max-snippet:-1","max-image-preview":"max-image-preview:large","max-video-preview":"max-video-preview:-1"},"canonical":"https:\/\/www.africa-press.net\/angola\/all-news\/joao-lourenco-on-his-way-to-sao-tome-and-principe","og_locale":"en_US","og_type":"article","og_title":"Jo\u00e3o Louren\u00e7o on his way to S\u00e3o Tom\u00e9 and Pr\u00edncipe","og_description":"The President of the Republic, Joa\u0303o Lourenc\u0327o, left the country, around 9 am, on his way to Sa\u0303o Tome\u0301 and Pri\u0301ncipe ...","og_url":"https:\/\/www.africa-press.net\/angola\/all-news\/joao-lourenco-on-his-way-to-sao-tome-and-principe","og_site_name":"Angola","article_publisher":"https:\/\/www.facebook.com\/AfricaPressTunisiaa","article_published_time":"2023-08-28T14:34:46+00:00","og_image":[{"width":1677,"height":1077,"url":"https:\/\/static.africa-press.net\/angola\/sites\/65\/2023\/08\/sm_1693219193.43116.jpg","type":"image\/jpeg"}],"author":"cfeditoren","twitter_card":"summary_large_image","twitter_misc":{"Written by":"cfeditoren","Est. reading time":"2 minutes"},"schema":{"@context":"https:\/\/schema.org","@graph":[{"@type":"Article","@id":"https:\/\/www.africa-press.net\/angola\/all-news\/joao-lourenco-on-his-way-to-sao-tome-and-principe#article","isPartOf":{"@id":"https:\/\/www.africa-press.net\/angola\/all-news\/joao-lourenco-on-his-way-to-sao-tome-and-principe"},"author":{"name":"cfeditoren","@id":"https:\/\/www.africa-press.net\/angola\/#\/schema\/person\/068c7ab4e9634ae78ec5d54ec46598bb"},"headline":"Jo\u00e3o Louren\u00e7o on his way to S\u00e3o Tom\u00e9 and Pr\u00edncipe","datePublished":"2023-08-28T14:34:46+00:00","mainEntityOfPage":{"@id":"https:\/\/www.africa-press.net\/angola\/all-news\/joao-lourenco-on-his-way-to-sao-tome-and-principe"},"wordCount":293,"commentCount":0,"image":{"@id":"https:\/\/www.africa-press.net\/angola\/all-news\/joao-lourenco-on-his-way-to-sao-tome-and-principe#primaryimage"},"thumbnailUrl":"https:\/\/static.africa-press.net\/angola\/sites\/65\/2023\/08\/sm_1693219193.43116.jpg","keywords":["Africa Press","Africa Press-Angola","Angola"],"articleSection":["all news","head lines","policy"],"inLanguage":"en-US","potentialAction":[{"@type":"CommentAction","name":"Comment","target":["https:\/\/www.africa-press.net\/angola\/all-news\/joao-lourenco-on-his-way-to-sao-tome-and-principe#respond"]}]},{"@type":"WebPage","@id":"https:\/\/www.africa-press.net\/angola\/all-news\/joao-lourenco-on-his-way-to-sao-tome-and-principe","url":"https:\/\/www.africa-press.net\/angola\/all-news\/joao-lourenco-on-his-way-to-sao-tome-and-principe","name":"Jo\u00e3o Louren\u00e7o on his way to S\u00e3o Tom\u00e9 and Pr\u00edncipe - Angola","isPartOf":{"@id":"https:\/\/www.africa-press.net\/angola\/#website"},"primaryImageOfPage":{"@id":"https:\/\/www.africa-press.net\/angola\/all-news\/joao-lourenco-on-his-way-to-sao-tome-and-principe#primaryimage"},"image":{"@id":"https:\/\/www.africa-press.net\/angola\/all-news\/joao-lourenco-on-his-way-to-sao-tome-and-principe#primaryimage"},"thumbnailUrl":"https:\/\/static.africa-press.net\/angola\/sites\/65\/2023\/08\/sm_1693219193.43116.jpg","datePublished":"2023-08-28T14:34:46+00:00","author":{"@id":"https:\/\/www.africa-press.net\/angola\/#\/schema\/person\/068c7ab4e9634ae78ec5d54ec46598bb"},"description":"The President of the Republic, Joa\u0303o Lourenc\u0327o, left the country, around 9 am, on his way to Sa\u0303o Tome\u0301 and Pri\u0301ncipe ...","breadcrumb":{"@id":"https:\/\/www.africa-press.net\/angola\/all-news\/joao-lourenco-on-his-way-to-sao-tome-and-principe#breadcrumb"},"inLanguage":"en-US","potentialAction":[{"@type":"ReadAction","target":["https:\/\/www.africa-press.net\/angola\/all-news\/joao-lourenco-on-his-way-to-sao-tome-and-principe"]}]},{"@type":"ImageObject","inLanguage":"en-US","@id":"https:\/\/www.africa-press.net\/angola\/all-news\/joao-lourenco-on-his-way-to-sao-tome-and-principe#primaryimage","url":"https:\/\/static.africa-press.net\/angola\/sites\/65\/2023\/08\/sm_1693219193.43116.jpg","contentUrl":"https:\/\/static.africa-press.net\/angola\/sites\/65\/2023\/08\/sm_1693219193.43116.jpg","width":1677,"height":1077,"caption":"Jo\u00e3o Louren\u00e7o on his way to S\u00e3o Tom\u00e9 and Pr\u00edncipe"},{"@type":"BreadcrumbList","@id":"https:\/\/www.africa-press.net\/angola\/all-news\/joao-lourenco-on-his-way-to-sao-tome-and-principe#breadcrumb","itemListElement":[{"@type":"ListItem","position":1,"name":"Home","item":"https:\/\/www.africa-press.net\/angola\/"},{"@type":"ListItem","position":2,"name":"Jo\u00e3o Louren\u00e7o on his way to S\u00e3o Tom\u00e9 and Pr\u00edncipe"}]},{"@type":"WebSite","@id":"https:\/\/www.africa-press.net\/angola\/#website","url":"https:\/\/www.africa-press.net\/angola\/","name":"Angola","description":"Just another Africa News Agency Sites site","potentialAction":[{"@type":"SearchAction","target":{"@type":"EntryPoint","urlTemplate":"https:\/\/www.africa-press.net\/angola\/?s={search_term_string}"},"query-input":{"@type":"PropertyValueSpecification","valueRequired":true,"valueName":"search_term_string"}}],"inLanguage":"en-US"},{"@type":"Person","@id":"https:\/\/www.africa-press.net\/angola\/#\/schema\/person\/068c7ab4e9634ae78ec5d54ec46598bb","name":"cfeditoren","image":{"@type":"ImageObject","inLanguage":"en-US","@id":"https:\/\/www.africa-press.net\/angola\/#\/schema\/person\/image\/","url":"https:\/\/secure.gravatar.com\/avatar\/7417380fa9e23b5c57fdbfdaf3fdf92ee478f759a084addda5faa3732853e74a?s=96&d=mm&r=g","contentUrl":"https:\/\/secure.gravatar.com\/avatar\/7417380fa9e23b5c57fdbfdaf3fdf92ee478f759a084addda5faa3732853e74a?s=96&d=mm&r=g","caption":"cfeditoren"}}]}},"_links":{"self":[{"href":"https:\/\/www.africa-press.net\/angola\/wp-json\/wp\/v2\/posts\/43208","targetHints":{"allow":["GET"]}}],"collection":[{"href":"https:\/\/www.africa-press.net\/angola\/wp-json\/wp\/v2\/posts"}],"about":[{"href":"https:\/\/www.africa-press.net\/angola\/wp-json\/wp\/v2\/types\/post"}],"author":[{"embeddable":true,"href":"https:\/\/www.africa-press.net\/angola\/wp-json\/wp\/v2\/users\/84"}],"replies":[{"embeddable":true,"href":"https:\/\/www.africa-press.net\/angola\/wp-json\/wp\/v2\/comments?post=43208"}],"version-history":[{"count":0,"href":"https:\/\/www.africa-press.net\/angola\/wp-json\/wp\/v2\/posts\/43208\/revisions"}],"wp:featuredmedia":[{"embeddable":true,"href":"https:\/\/www.africa-press.net\/angola\/wp-json\/wp\/v2\/media\/43207"}],"wp:attachment":[{"href":"https:\/\/www.africa-press.net\/angola\/wp-json\/wp\/v2\/media?parent=43208"}],"wp:term":[{"taxonomy":"category","embeddable":true,"href":"https:\/\/www.africa-press.net\/angola\/wp-json\/wp\/v2\/categories?post=43208"},{"taxonomy":"post_tag","embeddable":true,"href":"https:\/\/www.africa-press.net\/angola\/wp-json\/wp\/v2\/tags?post=43208"}],"curies":[{"name":"wp","href":"https:\/\/api.w.org\/{rel}","templated":true}]}}