{"id":43211,"date":"2023-08-28T14:36:02","date_gmt":"2023-08-28T14:36:02","guid":{"rendered":"https:\/\/www.africa-press.net\/angola\/?p=43211"},"modified":"2023-08-28T14:11:17","modified_gmt":"2023-08-28T14:11:17","slug":"joao-lourenco-arrives-in-sao-tome-for-cplp-summit","status":"publish","type":"post","link":"https:\/\/www.africa-press.net\/angola\/all-news\/joao-lourenco-arrives-in-sao-tome-for-cplp-summit","title":{"rendered":"Jo\u00e3o Louren\u00e7o arrives in S\u00e3o Tom\u00e9 for CPLP Summit"},"content":{"rendered":"<p><span style=\"color: #ff6600\"><strong>Africa-Press &#8211; Angola. <\/strong><\/span><b>The President of the Republic, Joa\u0303o Lourenc\u0327o, arrived this Sunday morning, in Sa\u0303o Tome\u0301 and Pri\u0301ncipe, to participate in the XIV Summit of Heads of State and Government of the Community of Portuguese Speaking Countries (CPLP) .<\/b><\/p>\n<p>During the Summit, the Angolan statesman will hand over the rotating presidency of the organisation, which lasts for a period of two years, to his counterpart from Sa\u0303o Tome\u0301 and Pri\u0301ncipe, Carlos Vila Nova.<\/p>\n<p>The meeting&#8217;s program foresees an intervention by the Angolan Head of State, after the welcome speech by the host, Carlos Vila Nova.<\/p>\n<p>As part of the Summit, Joa\u0303o Lourenc\u0327o should be distinguished with the Jose\u0301 Aparecido de Oliveira prize, which honors personalities and institutions that stand out in defending and promoting the principles and values \u200b\u200bof the CPLP.<\/p>\n<p>This is a distinction instituted in 2011 and biennial in nature.<\/p>\n<p>The Summit&#8217;s agenda also foresees the presentation of &#8220;Priorities of the mandate of Sa\u0303o Tome\u0301 and Pri\u0301ncipe for the period 2023-2025&#8221; and a political debate on &#8220;Youth and sustainability in the CPLP&#8221;, the latter being the theme of the mandate of Sa\u0303o Tome\u0301 and Pri\u0301ncipe Prince.<\/p>\n<p>The conclave should also debate the reappointment of the CPLP executive secretary, Zacarias da Costa.<\/p>\n<p>The Summit of Heads of State and Government is the highest body of the CPLP.<\/p>\n<p>Its responsibilities are to define and guide the organization&#8217;s general policy and strategies.<\/p>\n<p>The organization, founded on July 17, 1996, includes Angola, Brazil, Cape Verde, Guinea-Bissau, Equatorial Guinea, Mozambique, Portugal, Sa\u0303o Tome\u0301 and Pri\u0301ncipe and East Timor.<\/p>\n<p><strong>For More News And Analysis About <a href=\"https:\/\/www.africa-press.net\/angola\">Angola<\/a> Follow <a href=\"https:\/\/www.africa-press.net\/\">Africa-Press<\/a><\/strong><\/p>\n","protected":false},"excerpt":{"rendered":"<p>Africa-Press &#8211; Angola. The President of the Republic, Joa\u0303o Lourenc\u0327o, arrived this Sunday morning, in Sa\u0303o Tome\u0301 and Pri\u0301ncipe, to participate in the XIV Summit of Heads of State and Government of the Community of Portuguese Speaking Countries (CPLP) . During the Summit, the Angolan statesman will hand over the rotating presidency of the organisation, [&hellip;]<\/p>\n","protected":false},"author":84,"featured_media":43210,"comment_status":"open","ping_status":"open","sticky":false,"template":"","format":"standard","meta":{"footnotes":""},"categories":[2,7,12,244],"tags":[233,337,329],"class_list":["post-43211","post","type-post","status-publish","format-standard","has-post-thumbnail","hentry","category-all-news","category-head-lines","category-policy","category-to-homepage","tag-africa-press","tag-africa-press-angola","tag-angola"],"yoast_head":"<!-- This site is optimized with the Yoast SEO Premium plugin v26.1 (Yoast SEO v27.0) - https:\/\/yoast.com\/product\/yoast-seo-premium-wordpress\/ -->\n<title>Jo\u00e3o Louren\u00e7o arrives in S\u00e3o Tom\u00e9 for CPLP Summit - Angola<\/title>\n<meta name=\"description\" content=\"The President of the Republic, Joa\u0303o Lourenc\u0327o, arrived this Sunday morning, in Sa\u0303o Tome\u0301 and Pri\u0301ncipe, to particip ...\" \/>\n<meta name=\"robots\" content=\"index, follow, max-snippet:-1, max-image-preview:large, max-video-preview:-1\" \/>\n<link rel=\"canonical\" href=\"https:\/\/www.africa-press.net\/angola\/all-news\/joao-lourenco-arrives-in-sao-tome-for-cplp-summit\" \/>\n<meta property=\"og:locale\" content=\"en_US\" \/>\n<meta property=\"og:type\" content=\"article\" \/>\n<meta property=\"og:title\" content=\"Jo\u00e3o Louren\u00e7o arrives in S\u00e3o Tom\u00e9 for CPLP Summit\" \/>\n<meta property=\"og:description\" content=\"The President of the Republic, Joa\u0303o Lourenc\u0327o, arrived this Sunday morning, in Sa\u0303o Tome\u0301 and Pri\u0301ncipe, to particip ...\" \/>\n<meta property=\"og:url\" content=\"https:\/\/www.africa-press.net\/angola\/all-news\/joao-lourenco-arrives-in-sao-tome-for-cplp-summit\" \/>\n<meta property=\"og:site_name\" content=\"Angola\" \/>\n<meta property=\"article:publisher\" content=\"https:\/\/www.facebook.com\/AfricaPressTunisiaa\" \/>\n<meta property=\"article:published_time\" content=\"2023-08-28T14:36:02+00:00\" \/>\n<meta property=\"og:image\" content=\"https:\/\/static.africa-press.net\/angola\/sites\/65\/2023\/08\/sm_1693219216.267345.jpg\" \/>\n\t<meta property=\"og:image:width\" content=\"1280\" \/>\n\t<meta property=\"og:image:height\" content=\"720\" \/>\n\t<meta property=\"og:image:type\" content=\"image\/jpeg\" \/>\n<meta name=\"author\" content=\"cfeditoren\" \/>\n<meta name=\"twitter:card\" content=\"summary_large_image\" \/>\n<meta name=\"twitter:label1\" content=\"Written by\" \/>\n\t<meta name=\"twitter:data1\" content=\"cfeditoren\" \/>\n\t<meta name=\"twitter:label2\" content=\"Est. reading time\" \/>\n\t<meta name=\"twitter:data2\" content=\"2 minutes\" \/>\n<script type=\"application\/ld+json\" class=\"yoast-schema-graph\">{\"@context\":\"https:\/\/schema.org\",\"@graph\":[{\"@type\":\"Article\",\"@id\":\"https:\/\/www.africa-press.net\/angola\/all-news\/joao-lourenco-arrives-in-sao-tome-for-cplp-summit#article\",\"isPartOf\":{\"@id\":\"https:\/\/www.africa-press.net\/angola\/all-news\/joao-lourenco-arrives-in-sao-tome-for-cplp-summit\"},\"author\":{\"name\":\"cfeditoren\",\"@id\":\"https:\/\/www.africa-press.net\/angola\/#\/schema\/person\/068c7ab4e9634ae78ec5d54ec46598bb\"},\"headline\":\"Jo\u00e3o Louren\u00e7o arrives in S\u00e3o Tom\u00e9 for CPLP Summit\",\"datePublished\":\"2023-08-28T14:36:02+00:00\",\"mainEntityOfPage\":{\"@id\":\"https:\/\/www.africa-press.net\/angola\/all-news\/joao-lourenco-arrives-in-sao-tome-for-cplp-summit\"},\"wordCount\":290,\"commentCount\":0,\"image\":{\"@id\":\"https:\/\/www.africa-press.net\/angola\/all-news\/joao-lourenco-arrives-in-sao-tome-for-cplp-summit#primaryimage\"},\"thumbnailUrl\":\"https:\/\/static.africa-press.net\/angola\/sites\/65\/2023\/08\/sm_1693219216.267345.jpg\",\"keywords\":[\"Africa Press\",\"Africa Press-Angola\",\"Angola\"],\"articleSection\":[\"all news\",\"head lines\",\"policy\",\"to-homepage\"],\"inLanguage\":\"en-US\",\"potentialAction\":[{\"@type\":\"CommentAction\",\"name\":\"Comment\",\"target\":[\"https:\/\/www.africa-press.net\/angola\/all-news\/joao-lourenco-arrives-in-sao-tome-for-cplp-summit#respond\"]}]},{\"@type\":\"WebPage\",\"@id\":\"https:\/\/www.africa-press.net\/angola\/all-news\/joao-lourenco-arrives-in-sao-tome-for-cplp-summit\",\"url\":\"https:\/\/www.africa-press.net\/angola\/all-news\/joao-lourenco-arrives-in-sao-tome-for-cplp-summit\",\"name\":\"Jo\u00e3o Louren\u00e7o arrives in S\u00e3o Tom\u00e9 for CPLP Summit - Angola\",\"isPartOf\":{\"@id\":\"https:\/\/www.africa-press.net\/angola\/#website\"},\"primaryImageOfPage\":{\"@id\":\"https:\/\/www.africa-press.net\/angola\/all-news\/joao-lourenco-arrives-in-sao-tome-for-cplp-summit#primaryimage\"},\"image\":{\"@id\":\"https:\/\/www.africa-press.net\/angola\/all-news\/joao-lourenco-arrives-in-sao-tome-for-cplp-summit#primaryimage\"},\"thumbnailUrl\":\"https:\/\/static.africa-press.net\/angola\/sites\/65\/2023\/08\/sm_1693219216.267345.jpg\",\"datePublished\":\"2023-08-28T14:36:02+00:00\",\"author\":{\"@id\":\"https:\/\/www.africa-press.net\/angola\/#\/schema\/person\/068c7ab4e9634ae78ec5d54ec46598bb\"},\"description\":\"The President of the Republic, Joa\u0303o Lourenc\u0327o, arrived this Sunday morning, in Sa\u0303o Tome\u0301 and Pri\u0301ncipe, to particip ...\",\"breadcrumb\":{\"@id\":\"https:\/\/www.africa-press.net\/angola\/all-news\/joao-lourenco-arrives-in-sao-tome-for-cplp-summit#breadcrumb\"},\"inLanguage\":\"en-US\",\"potentialAction\":[{\"@type\":\"ReadAction\",\"target\":[\"https:\/\/www.africa-press.net\/angola\/all-news\/joao-lourenco-arrives-in-sao-tome-for-cplp-summit\"]}]},{\"@type\":\"ImageObject\",\"inLanguage\":\"en-US\",\"@id\":\"https:\/\/www.africa-press.net\/angola\/all-news\/joao-lourenco-arrives-in-sao-tome-for-cplp-summit#primaryimage\",\"url\":\"https:\/\/static.africa-press.net\/angola\/sites\/65\/2023\/08\/sm_1693219216.267345.jpg\",\"contentUrl\":\"https:\/\/static.africa-press.net\/angola\/sites\/65\/2023\/08\/sm_1693219216.267345.jpg\",\"width\":1280,\"height\":720,\"caption\":\"Jo\u00e3o Louren\u00e7o arrives in S\u00e3o Tom\u00e9 for CPLP Summit\"},{\"@type\":\"BreadcrumbList\",\"@id\":\"https:\/\/www.africa-press.net\/angola\/all-news\/joao-lourenco-arrives-in-sao-tome-for-cplp-summit#breadcrumb\",\"itemListElement\":[{\"@type\":\"ListItem\",\"position\":1,\"name\":\"Home\",\"item\":\"https:\/\/www.africa-press.net\/angola\/\"},{\"@type\":\"ListItem\",\"position\":2,\"name\":\"Jo\u00e3o Louren\u00e7o arrives in S\u00e3o Tom\u00e9 for CPLP Summit\"}]},{\"@type\":\"WebSite\",\"@id\":\"https:\/\/www.africa-press.net\/angola\/#website\",\"url\":\"https:\/\/www.africa-press.net\/angola\/\",\"name\":\"Angola\",\"description\":\"Just another Africa News Agency Sites site\",\"potentialAction\":[{\"@type\":\"SearchAction\",\"target\":{\"@type\":\"EntryPoint\",\"urlTemplate\":\"https:\/\/www.africa-press.net\/angola\/?s={search_term_string}\"},\"query-input\":{\"@type\":\"PropertyValueSpecification\",\"valueRequired\":true,\"valueName\":\"search_term_string\"}}],\"inLanguage\":\"en-US\"},{\"@type\":\"Person\",\"@id\":\"https:\/\/www.africa-press.net\/angola\/#\/schema\/person\/068c7ab4e9634ae78ec5d54ec46598bb\",\"name\":\"cfeditoren\",\"image\":{\"@type\":\"ImageObject\",\"inLanguage\":\"en-US\",\"@id\":\"https:\/\/www.africa-press.net\/angola\/#\/schema\/person\/image\/\",\"url\":\"https:\/\/secure.gravatar.com\/avatar\/7417380fa9e23b5c57fdbfdaf3fdf92ee478f759a084addda5faa3732853e74a?s=96&d=mm&r=g\",\"contentUrl\":\"https:\/\/secure.gravatar.com\/avatar\/7417380fa9e23b5c57fdbfdaf3fdf92ee478f759a084addda5faa3732853e74a?s=96&d=mm&r=g\",\"caption\":\"cfeditoren\"}}]}<\/script>\n<!-- \/ Yoast SEO Premium plugin. -->","yoast_head_json":{"title":"Jo\u00e3o Louren\u00e7o arrives in S\u00e3o Tom\u00e9 for CPLP Summit - Angola","description":"The President of the Republic, Joa\u0303o Lourenc\u0327o, arrived this Sunday morning, in Sa\u0303o Tome\u0301 and Pri\u0301ncipe, to particip ...","robots":{"index":"index","follow":"follow","max-snippet":"max-snippet:-1","max-image-preview":"max-image-preview:large","max-video-preview":"max-video-preview:-1"},"canonical":"https:\/\/www.africa-press.net\/angola\/all-news\/joao-lourenco-arrives-in-sao-tome-for-cplp-summit","og_locale":"en_US","og_type":"article","og_title":"Jo\u00e3o Louren\u00e7o arrives in S\u00e3o Tom\u00e9 for CPLP Summit","og_description":"The President of the Republic, Joa\u0303o Lourenc\u0327o, arrived this Sunday morning, in Sa\u0303o Tome\u0301 and Pri\u0301ncipe, to particip ...","og_url":"https:\/\/www.africa-press.net\/angola\/all-news\/joao-lourenco-arrives-in-sao-tome-for-cplp-summit","og_site_name":"Angola","article_publisher":"https:\/\/www.facebook.com\/AfricaPressTunisiaa","article_published_time":"2023-08-28T14:36:02+00:00","og_image":[{"width":1280,"height":720,"url":"https:\/\/static.africa-press.net\/angola\/sites\/65\/2023\/08\/sm_1693219216.267345.jpg","type":"image\/jpeg"}],"author":"cfeditoren","twitter_card":"summary_large_image","twitter_misc":{"Written by":"cfeditoren","Est. reading time":"2 minutes"},"schema":{"@context":"https:\/\/schema.org","@graph":[{"@type":"Article","@id":"https:\/\/www.africa-press.net\/angola\/all-news\/joao-lourenco-arrives-in-sao-tome-for-cplp-summit#article","isPartOf":{"@id":"https:\/\/www.africa-press.net\/angola\/all-news\/joao-lourenco-arrives-in-sao-tome-for-cplp-summit"},"author":{"name":"cfeditoren","@id":"https:\/\/www.africa-press.net\/angola\/#\/schema\/person\/068c7ab4e9634ae78ec5d54ec46598bb"},"headline":"Jo\u00e3o Louren\u00e7o arrives in S\u00e3o Tom\u00e9 for CPLP Summit","datePublished":"2023-08-28T14:36:02+00:00","mainEntityOfPage":{"@id":"https:\/\/www.africa-press.net\/angola\/all-news\/joao-lourenco-arrives-in-sao-tome-for-cplp-summit"},"wordCount":290,"commentCount":0,"image":{"@id":"https:\/\/www.africa-press.net\/angola\/all-news\/joao-lourenco-arrives-in-sao-tome-for-cplp-summit#primaryimage"},"thumbnailUrl":"https:\/\/static.africa-press.net\/angola\/sites\/65\/2023\/08\/sm_1693219216.267345.jpg","keywords":["Africa Press","Africa Press-Angola","Angola"],"articleSection":["all news","head lines","policy","to-homepage"],"inLanguage":"en-US","potentialAction":[{"@type":"CommentAction","name":"Comment","target":["https:\/\/www.africa-press.net\/angola\/all-news\/joao-lourenco-arrives-in-sao-tome-for-cplp-summit#respond"]}]},{"@type":"WebPage","@id":"https:\/\/www.africa-press.net\/angola\/all-news\/joao-lourenco-arrives-in-sao-tome-for-cplp-summit","url":"https:\/\/www.africa-press.net\/angola\/all-news\/joao-lourenco-arrives-in-sao-tome-for-cplp-summit","name":"Jo\u00e3o Louren\u00e7o arrives in S\u00e3o Tom\u00e9 for CPLP Summit - Angola","isPartOf":{"@id":"https:\/\/www.africa-press.net\/angola\/#website"},"primaryImageOfPage":{"@id":"https:\/\/www.africa-press.net\/angola\/all-news\/joao-lourenco-arrives-in-sao-tome-for-cplp-summit#primaryimage"},"image":{"@id":"https:\/\/www.africa-press.net\/angola\/all-news\/joao-lourenco-arrives-in-sao-tome-for-cplp-summit#primaryimage"},"thumbnailUrl":"https:\/\/static.africa-press.net\/angola\/sites\/65\/2023\/08\/sm_1693219216.267345.jpg","datePublished":"2023-08-28T14:36:02+00:00","author":{"@id":"https:\/\/www.africa-press.net\/angola\/#\/schema\/person\/068c7ab4e9634ae78ec5d54ec46598bb"},"description":"The President of the Republic, Joa\u0303o Lourenc\u0327o, arrived this Sunday morning, in Sa\u0303o Tome\u0301 and Pri\u0301ncipe, to particip ...","breadcrumb":{"@id":"https:\/\/www.africa-press.net\/angola\/all-news\/joao-lourenco-arrives-in-sao-tome-for-cplp-summit#breadcrumb"},"inLanguage":"en-US","potentialAction":[{"@type":"ReadAction","target":["https:\/\/www.africa-press.net\/angola\/all-news\/joao-lourenco-arrives-in-sao-tome-for-cplp-summit"]}]},{"@type":"ImageObject","inLanguage":"en-US","@id":"https:\/\/www.africa-press.net\/angola\/all-news\/joao-lourenco-arrives-in-sao-tome-for-cplp-summit#primaryimage","url":"https:\/\/static.africa-press.net\/angola\/sites\/65\/2023\/08\/sm_1693219216.267345.jpg","contentUrl":"https:\/\/static.africa-press.net\/angola\/sites\/65\/2023\/08\/sm_1693219216.267345.jpg","width":1280,"height":720,"caption":"Jo\u00e3o Louren\u00e7o arrives in S\u00e3o Tom\u00e9 for CPLP Summit"},{"@type":"BreadcrumbList","@id":"https:\/\/www.africa-press.net\/angola\/all-news\/joao-lourenco-arrives-in-sao-tome-for-cplp-summit#breadcrumb","itemListElement":[{"@type":"ListItem","position":1,"name":"Home","item":"https:\/\/www.africa-press.net\/angola\/"},{"@type":"ListItem","position":2,"name":"Jo\u00e3o Louren\u00e7o arrives in S\u00e3o Tom\u00e9 for CPLP Summit"}]},{"@type":"WebSite","@id":"https:\/\/www.africa-press.net\/angola\/#website","url":"https:\/\/www.africa-press.net\/angola\/","name":"Angola","description":"Just another Africa News Agency Sites site","potentialAction":[{"@type":"SearchAction","target":{"@type":"EntryPoint","urlTemplate":"https:\/\/www.africa-press.net\/angola\/?s={search_term_string}"},"query-input":{"@type":"PropertyValueSpecification","valueRequired":true,"valueName":"search_term_string"}}],"inLanguage":"en-US"},{"@type":"Person","@id":"https:\/\/www.africa-press.net\/angola\/#\/schema\/person\/068c7ab4e9634ae78ec5d54ec46598bb","name":"cfeditoren","image":{"@type":"ImageObject","inLanguage":"en-US","@id":"https:\/\/www.africa-press.net\/angola\/#\/schema\/person\/image\/","url":"https:\/\/secure.gravatar.com\/avatar\/7417380fa9e23b5c57fdbfdaf3fdf92ee478f759a084addda5faa3732853e74a?s=96&d=mm&r=g","contentUrl":"https:\/\/secure.gravatar.com\/avatar\/7417380fa9e23b5c57fdbfdaf3fdf92ee478f759a084addda5faa3732853e74a?s=96&d=mm&r=g","caption":"cfeditoren"}}]}},"_links":{"self":[{"href":"https:\/\/www.africa-press.net\/angola\/wp-json\/wp\/v2\/posts\/43211","targetHints":{"allow":["GET"]}}],"collection":[{"href":"https:\/\/www.africa-press.net\/angola\/wp-json\/wp\/v2\/posts"}],"about":[{"href":"https:\/\/www.africa-press.net\/angola\/wp-json\/wp\/v2\/types\/post"}],"author":[{"embeddable":true,"href":"https:\/\/www.africa-press.net\/angola\/wp-json\/wp\/v2\/users\/84"}],"replies":[{"embeddable":true,"href":"https:\/\/www.africa-press.net\/angola\/wp-json\/wp\/v2\/comments?post=43211"}],"version-history":[{"count":0,"href":"https:\/\/www.africa-press.net\/angola\/wp-json\/wp\/v2\/posts\/43211\/revisions"}],"wp:featuredmedia":[{"embeddable":true,"href":"https:\/\/www.africa-press.net\/angola\/wp-json\/wp\/v2\/media\/43210"}],"wp:attachment":[{"href":"https:\/\/www.africa-press.net\/angola\/wp-json\/wp\/v2\/media?parent=43211"}],"wp:term":[{"taxonomy":"category","embeddable":true,"href":"https:\/\/www.africa-press.net\/angola\/wp-json\/wp\/v2\/categories?post=43211"},{"taxonomy":"post_tag","embeddable":true,"href":"https:\/\/www.africa-press.net\/angola\/wp-json\/wp\/v2\/tags?post=43211"}],"curies":[{"name":"wp","href":"https:\/\/api.w.org\/{rel}","templated":true}]}}