{"id":8421,"date":"2022-05-21T14:29:09","date_gmt":"2022-05-21T14:29:09","guid":{"rendered":"https:\/\/www.africa-press.net\/angola\/all-news\/president-joao-lourenco-with-new-leader-of-the-united-arab-emirates"},"modified":"2022-05-21T16:39:19","modified_gmt":"2022-05-21T16:39:19","slug":"president-joao-lourenco-with-new-leader-of-the-united-arab-emirates","status":"publish","type":"post","link":"https:\/\/www.africa-press.net\/angola\/all-news\/president-joao-lourenco-with-new-leader-of-the-united-arab-emirates","title":{"rendered":"President Jo\u00e3o Louren\u00e7o with new leader of the United Arab Emirates"},"content":{"rendered":"<p><span style=\"color: #ff6600\"><strong>Africa-Press &#8211; Angola. <\/strong><\/span><b>The Angolan Head of State, Jo\u00e3o Louren\u00e7o, met, this Friday, in Abu Dhabi, with the new President of the United Arab Emirates, Mohammed bin Zayed Al Nahyan.<\/b><\/p>\n<p>The meeting took place at the Presidential Palace, in the Emirati capital, and the Head of State was accompanied by the Minister of Foreign Affairs, T\u00e9te Ant\u00f3nio, and the Angolan ambassador accredited to Abu Dhabi, Albino Malungo.<\/p>\n<p>Since assuming the presidency in September 2017, Jo\u00e3o Louren\u00e7o has already been on a working visit to the United Arab Emirates in January 2019, December 2021 and now, May 2022.<\/p>\n<p>Angola and the United Arab Emirates signed, in 2019, an agreement for the mutual protection of investments, the starting point for the start of the new phase of cooperation.<\/p>\n<p>The governments of the two countries have ratified a convention to avoid double taxation and tax evasion, which has been in force since March 2020, focusing on economic cooperation, with emphasis on Transport, Agriculture and Industry.<\/p>\n<p><strong>For More News And Analysis About <a href=\"https:\/\/www.africa-press.net\/angola\">Angola<\/a> Follow <a href=\"https:\/\/www.africa-press.net\/\">Africa-Press<\/a><\/strong><\/p>\n","protected":false},"excerpt":{"rendered":"<p>Africa-Press &#8211; Angola. The Angolan Head of State, Jo\u00e3o Louren\u00e7o, met, this Friday, in Abu Dhabi, with the new President of the United Arab Emirates, Mohammed bin Zayed Al Nahyan. The meeting took place at the Presidential Palace, in the Emirati capital, and the Head of State was accompanied by the Minister of Foreign Affairs, [&hellip;]<\/p>\n","protected":false},"author":84,"featured_media":8420,"comment_status":"open","ping_status":"open","sticky":false,"template":"","format":"standard","meta":{"footnotes":""},"categories":[2,7,8,12,16],"tags":[233,337,329],"class_list":["post-8421","post","type-post","status-publish","format-standard","has-post-thumbnail","hentry","category-all-news","category-head-lines","category-homepage-english","category-policy","category-twitter","tag-africa-press","tag-africa-press-angola","tag-angola"],"yoast_head":"<!-- This site is optimized with the Yoast SEO Premium plugin v26.1 (Yoast SEO v27.0) - https:\/\/yoast.com\/product\/yoast-seo-premium-wordpress\/ -->\n<title>President Jo\u00e3o Louren\u00e7o with new leader of the United Arab Emirates - Angola<\/title>\n<meta name=\"description\" content=\"The Angolan Head of State, Jo\u00e3o Louren\u00e7o, met, this Friday, in Abu Dhabi, with the new President of the United Arab E ...\" \/>\n<meta name=\"robots\" content=\"index, follow, max-snippet:-1, max-image-preview:large, max-video-preview:-1\" \/>\n<link rel=\"canonical\" href=\"https:\/\/www.africa-press.net\/angola\/all-news\/president-joao-lourenco-with-new-leader-of-the-united-arab-emirates\" \/>\n<meta property=\"og:locale\" content=\"en_US\" \/>\n<meta property=\"og:type\" content=\"article\" \/>\n<meta property=\"og:title\" content=\"President Jo\u00e3o Louren\u00e7o with new leader of the United Arab Emirates\" \/>\n<meta property=\"og:description\" content=\"The Angolan Head of State, Jo\u00e3o Louren\u00e7o, met, this Friday, in Abu Dhabi, with the new President of the United Arab E ...\" \/>\n<meta property=\"og:url\" content=\"https:\/\/www.africa-press.net\/angola\/all-news\/president-joao-lourenco-with-new-leader-of-the-united-arab-emirates\" \/>\n<meta property=\"og:site_name\" content=\"Angola\" \/>\n<meta property=\"article:publisher\" content=\"https:\/\/www.facebook.com\/AfricaPressTunisiaa\" \/>\n<meta property=\"article:published_time\" content=\"2022-05-21T14:29:09+00:00\" \/>\n<meta property=\"article:modified_time\" content=\"2022-05-21T16:39:19+00:00\" \/>\n<meta property=\"og:image\" content=\"https:\/\/static.africa-press.net\/angola\/sites\/65\/2022\/05\/img-62891593baebb.jpg\" \/>\n\t<meta property=\"og:image:width\" content=\"620\" \/>\n\t<meta property=\"og:image:height\" content=\"354\" \/>\n\t<meta property=\"og:image:type\" content=\"image\/jpeg\" \/>\n<meta name=\"author\" content=\"cfeditoren\" \/>\n<meta name=\"twitter:card\" content=\"summary_large_image\" \/>\n<meta name=\"twitter:label1\" content=\"Written by\" \/>\n\t<meta name=\"twitter:data1\" content=\"cfeditoren\" \/>\n\t<meta name=\"twitter:label2\" content=\"Est. reading time\" \/>\n\t<meta name=\"twitter:data2\" content=\"1 minute\" \/>\n<script type=\"application\/ld+json\" class=\"yoast-schema-graph\">{\"@context\":\"https:\/\/schema.org\",\"@graph\":[{\"@type\":\"Article\",\"@id\":\"https:\/\/www.africa-press.net\/angola\/all-news\/president-joao-lourenco-with-new-leader-of-the-united-arab-emirates#article\",\"isPartOf\":{\"@id\":\"https:\/\/www.africa-press.net\/angola\/all-news\/president-joao-lourenco-with-new-leader-of-the-united-arab-emirates\"},\"author\":{\"name\":\"cfeditoren\",\"@id\":\"https:\/\/www.africa-press.net\/angola\/#\/schema\/person\/068c7ab4e9634ae78ec5d54ec46598bb\"},\"headline\":\"President Jo\u00e3o Louren\u00e7o with new leader of the United Arab Emirates\",\"datePublished\":\"2022-05-21T14:29:09+00:00\",\"dateModified\":\"2022-05-21T16:39:19+00:00\",\"mainEntityOfPage\":{\"@id\":\"https:\/\/www.africa-press.net\/angola\/all-news\/president-joao-lourenco-with-new-leader-of-the-united-arab-emirates\"},\"wordCount\":184,\"commentCount\":0,\"image\":{\"@id\":\"https:\/\/www.africa-press.net\/angola\/all-news\/president-joao-lourenco-with-new-leader-of-the-united-arab-emirates#primaryimage\"},\"thumbnailUrl\":\"https:\/\/static.africa-press.net\/angola\/sites\/65\/2022\/05\/img-62891593baebb.jpg\",\"keywords\":[\"Africa Press\",\"Africa Press-Angola\",\"Angola\"],\"articleSection\":[\"all news\",\"head lines\",\"homepage-english\",\"policy\",\"twitter\"],\"inLanguage\":\"en-US\",\"potentialAction\":[{\"@type\":\"CommentAction\",\"name\":\"Comment\",\"target\":[\"https:\/\/www.africa-press.net\/angola\/all-news\/president-joao-lourenco-with-new-leader-of-the-united-arab-emirates#respond\"]}]},{\"@type\":\"WebPage\",\"@id\":\"https:\/\/www.africa-press.net\/angola\/all-news\/president-joao-lourenco-with-new-leader-of-the-united-arab-emirates\",\"url\":\"https:\/\/www.africa-press.net\/angola\/all-news\/president-joao-lourenco-with-new-leader-of-the-united-arab-emirates\",\"name\":\"President Jo\u00e3o Louren\u00e7o with new leader of the United Arab Emirates - Angola\",\"isPartOf\":{\"@id\":\"https:\/\/www.africa-press.net\/angola\/#website\"},\"primaryImageOfPage\":{\"@id\":\"https:\/\/www.africa-press.net\/angola\/all-news\/president-joao-lourenco-with-new-leader-of-the-united-arab-emirates#primaryimage\"},\"image\":{\"@id\":\"https:\/\/www.africa-press.net\/angola\/all-news\/president-joao-lourenco-with-new-leader-of-the-united-arab-emirates#primaryimage\"},\"thumbnailUrl\":\"https:\/\/static.africa-press.net\/angola\/sites\/65\/2022\/05\/img-62891593baebb.jpg\",\"datePublished\":\"2022-05-21T14:29:09+00:00\",\"dateModified\":\"2022-05-21T16:39:19+00:00\",\"author\":{\"@id\":\"https:\/\/www.africa-press.net\/angola\/#\/schema\/person\/068c7ab4e9634ae78ec5d54ec46598bb\"},\"description\":\"The Angolan Head of State, Jo\u00e3o Louren\u00e7o, met, this Friday, in Abu Dhabi, with the new President of the United Arab E ...\",\"breadcrumb\":{\"@id\":\"https:\/\/www.africa-press.net\/angola\/all-news\/president-joao-lourenco-with-new-leader-of-the-united-arab-emirates#breadcrumb\"},\"inLanguage\":\"en-US\",\"potentialAction\":[{\"@type\":\"ReadAction\",\"target\":[\"https:\/\/www.africa-press.net\/angola\/all-news\/president-joao-lourenco-with-new-leader-of-the-united-arab-emirates\"]}]},{\"@type\":\"ImageObject\",\"inLanguage\":\"en-US\",\"@id\":\"https:\/\/www.africa-press.net\/angola\/all-news\/president-joao-lourenco-with-new-leader-of-the-united-arab-emirates#primaryimage\",\"url\":\"https:\/\/static.africa-press.net\/angola\/sites\/65\/2022\/05\/img-62891593baebb.jpg\",\"contentUrl\":\"https:\/\/static.africa-press.net\/angola\/sites\/65\/2022\/05\/img-62891593baebb.jpg\",\"width\":620,\"height\":354,\"caption\":\"President Jo\u00e3o Louren\u00e7o with new leader of the United Arab Emirates\"},{\"@type\":\"BreadcrumbList\",\"@id\":\"https:\/\/www.africa-press.net\/angola\/all-news\/president-joao-lourenco-with-new-leader-of-the-united-arab-emirates#breadcrumb\",\"itemListElement\":[{\"@type\":\"ListItem\",\"position\":1,\"name\":\"Home\",\"item\":\"https:\/\/www.africa-press.net\/angola\/\"},{\"@type\":\"ListItem\",\"position\":2,\"name\":\"President Jo\u00e3o Louren\u00e7o with new leader of the United Arab Emirates\"}]},{\"@type\":\"WebSite\",\"@id\":\"https:\/\/www.africa-press.net\/angola\/#website\",\"url\":\"https:\/\/www.africa-press.net\/angola\/\",\"name\":\"Angola\",\"description\":\"Just another Africa News Agency Sites site\",\"potentialAction\":[{\"@type\":\"SearchAction\",\"target\":{\"@type\":\"EntryPoint\",\"urlTemplate\":\"https:\/\/www.africa-press.net\/angola\/?s={search_term_string}\"},\"query-input\":{\"@type\":\"PropertyValueSpecification\",\"valueRequired\":true,\"valueName\":\"search_term_string\"}}],\"inLanguage\":\"en-US\"},{\"@type\":\"Person\",\"@id\":\"https:\/\/www.africa-press.net\/angola\/#\/schema\/person\/068c7ab4e9634ae78ec5d54ec46598bb\",\"name\":\"cfeditoren\",\"image\":{\"@type\":\"ImageObject\",\"inLanguage\":\"en-US\",\"@id\":\"https:\/\/www.africa-press.net\/angola\/#\/schema\/person\/image\/\",\"url\":\"https:\/\/secure.gravatar.com\/avatar\/7417380fa9e23b5c57fdbfdaf3fdf92ee478f759a084addda5faa3732853e74a?s=96&d=mm&r=g\",\"contentUrl\":\"https:\/\/secure.gravatar.com\/avatar\/7417380fa9e23b5c57fdbfdaf3fdf92ee478f759a084addda5faa3732853e74a?s=96&d=mm&r=g\",\"caption\":\"cfeditoren\"}}]}<\/script>\n<!-- \/ Yoast SEO Premium plugin. -->","yoast_head_json":{"title":"President Jo\u00e3o Louren\u00e7o with new leader of the United Arab Emirates - Angola","description":"The Angolan Head of State, Jo\u00e3o Louren\u00e7o, met, this Friday, in Abu Dhabi, with the new President of the United Arab E ...","robots":{"index":"index","follow":"follow","max-snippet":"max-snippet:-1","max-image-preview":"max-image-preview:large","max-video-preview":"max-video-preview:-1"},"canonical":"https:\/\/www.africa-press.net\/angola\/all-news\/president-joao-lourenco-with-new-leader-of-the-united-arab-emirates","og_locale":"en_US","og_type":"article","og_title":"President Jo\u00e3o Louren\u00e7o with new leader of the United Arab Emirates","og_description":"The Angolan Head of State, Jo\u00e3o Louren\u00e7o, met, this Friday, in Abu Dhabi, with the new President of the United Arab E ...","og_url":"https:\/\/www.africa-press.net\/angola\/all-news\/president-joao-lourenco-with-new-leader-of-the-united-arab-emirates","og_site_name":"Angola","article_publisher":"https:\/\/www.facebook.com\/AfricaPressTunisiaa","article_published_time":"2022-05-21T14:29:09+00:00","article_modified_time":"2022-05-21T16:39:19+00:00","og_image":[{"width":620,"height":354,"url":"https:\/\/static.africa-press.net\/angola\/sites\/65\/2022\/05\/img-62891593baebb.jpg","type":"image\/jpeg"}],"author":"cfeditoren","twitter_card":"summary_large_image","twitter_misc":{"Written by":"cfeditoren","Est. reading time":"1 minute"},"schema":{"@context":"https:\/\/schema.org","@graph":[{"@type":"Article","@id":"https:\/\/www.africa-press.net\/angola\/all-news\/president-joao-lourenco-with-new-leader-of-the-united-arab-emirates#article","isPartOf":{"@id":"https:\/\/www.africa-press.net\/angola\/all-news\/president-joao-lourenco-with-new-leader-of-the-united-arab-emirates"},"author":{"name":"cfeditoren","@id":"https:\/\/www.africa-press.net\/angola\/#\/schema\/person\/068c7ab4e9634ae78ec5d54ec46598bb"},"headline":"President Jo\u00e3o Louren\u00e7o with new leader of the United Arab Emirates","datePublished":"2022-05-21T14:29:09+00:00","dateModified":"2022-05-21T16:39:19+00:00","mainEntityOfPage":{"@id":"https:\/\/www.africa-press.net\/angola\/all-news\/president-joao-lourenco-with-new-leader-of-the-united-arab-emirates"},"wordCount":184,"commentCount":0,"image":{"@id":"https:\/\/www.africa-press.net\/angola\/all-news\/president-joao-lourenco-with-new-leader-of-the-united-arab-emirates#primaryimage"},"thumbnailUrl":"https:\/\/static.africa-press.net\/angola\/sites\/65\/2022\/05\/img-62891593baebb.jpg","keywords":["Africa Press","Africa Press-Angola","Angola"],"articleSection":["all news","head lines","homepage-english","policy","twitter"],"inLanguage":"en-US","potentialAction":[{"@type":"CommentAction","name":"Comment","target":["https:\/\/www.africa-press.net\/angola\/all-news\/president-joao-lourenco-with-new-leader-of-the-united-arab-emirates#respond"]}]},{"@type":"WebPage","@id":"https:\/\/www.africa-press.net\/angola\/all-news\/president-joao-lourenco-with-new-leader-of-the-united-arab-emirates","url":"https:\/\/www.africa-press.net\/angola\/all-news\/president-joao-lourenco-with-new-leader-of-the-united-arab-emirates","name":"President Jo\u00e3o Louren\u00e7o with new leader of the United Arab Emirates - Angola","isPartOf":{"@id":"https:\/\/www.africa-press.net\/angola\/#website"},"primaryImageOfPage":{"@id":"https:\/\/www.africa-press.net\/angola\/all-news\/president-joao-lourenco-with-new-leader-of-the-united-arab-emirates#primaryimage"},"image":{"@id":"https:\/\/www.africa-press.net\/angola\/all-news\/president-joao-lourenco-with-new-leader-of-the-united-arab-emirates#primaryimage"},"thumbnailUrl":"https:\/\/static.africa-press.net\/angola\/sites\/65\/2022\/05\/img-62891593baebb.jpg","datePublished":"2022-05-21T14:29:09+00:00","dateModified":"2022-05-21T16:39:19+00:00","author":{"@id":"https:\/\/www.africa-press.net\/angola\/#\/schema\/person\/068c7ab4e9634ae78ec5d54ec46598bb"},"description":"The Angolan Head of State, Jo\u00e3o Louren\u00e7o, met, this Friday, in Abu Dhabi, with the new President of the United Arab E ...","breadcrumb":{"@id":"https:\/\/www.africa-press.net\/angola\/all-news\/president-joao-lourenco-with-new-leader-of-the-united-arab-emirates#breadcrumb"},"inLanguage":"en-US","potentialAction":[{"@type":"ReadAction","target":["https:\/\/www.africa-press.net\/angola\/all-news\/president-joao-lourenco-with-new-leader-of-the-united-arab-emirates"]}]},{"@type":"ImageObject","inLanguage":"en-US","@id":"https:\/\/www.africa-press.net\/angola\/all-news\/president-joao-lourenco-with-new-leader-of-the-united-arab-emirates#primaryimage","url":"https:\/\/static.africa-press.net\/angola\/sites\/65\/2022\/05\/img-62891593baebb.jpg","contentUrl":"https:\/\/static.africa-press.net\/angola\/sites\/65\/2022\/05\/img-62891593baebb.jpg","width":620,"height":354,"caption":"President Jo\u00e3o Louren\u00e7o with new leader of the United Arab Emirates"},{"@type":"BreadcrumbList","@id":"https:\/\/www.africa-press.net\/angola\/all-news\/president-joao-lourenco-with-new-leader-of-the-united-arab-emirates#breadcrumb","itemListElement":[{"@type":"ListItem","position":1,"name":"Home","item":"https:\/\/www.africa-press.net\/angola\/"},{"@type":"ListItem","position":2,"name":"President Jo\u00e3o Louren\u00e7o with new leader of the United Arab Emirates"}]},{"@type":"WebSite","@id":"https:\/\/www.africa-press.net\/angola\/#website","url":"https:\/\/www.africa-press.net\/angola\/","name":"Angola","description":"Just another Africa News Agency Sites site","potentialAction":[{"@type":"SearchAction","target":{"@type":"EntryPoint","urlTemplate":"https:\/\/www.africa-press.net\/angola\/?s={search_term_string}"},"query-input":{"@type":"PropertyValueSpecification","valueRequired":true,"valueName":"search_term_string"}}],"inLanguage":"en-US"},{"@type":"Person","@id":"https:\/\/www.africa-press.net\/angola\/#\/schema\/person\/068c7ab4e9634ae78ec5d54ec46598bb","name":"cfeditoren","image":{"@type":"ImageObject","inLanguage":"en-US","@id":"https:\/\/www.africa-press.net\/angola\/#\/schema\/person\/image\/","url":"https:\/\/secure.gravatar.com\/avatar\/7417380fa9e23b5c57fdbfdaf3fdf92ee478f759a084addda5faa3732853e74a?s=96&d=mm&r=g","contentUrl":"https:\/\/secure.gravatar.com\/avatar\/7417380fa9e23b5c57fdbfdaf3fdf92ee478f759a084addda5faa3732853e74a?s=96&d=mm&r=g","caption":"cfeditoren"}}]}},"_links":{"self":[{"href":"https:\/\/www.africa-press.net\/angola\/wp-json\/wp\/v2\/posts\/8421","targetHints":{"allow":["GET"]}}],"collection":[{"href":"https:\/\/www.africa-press.net\/angola\/wp-json\/wp\/v2\/posts"}],"about":[{"href":"https:\/\/www.africa-press.net\/angola\/wp-json\/wp\/v2\/types\/post"}],"author":[{"embeddable":true,"href":"https:\/\/www.africa-press.net\/angola\/wp-json\/wp\/v2\/users\/84"}],"replies":[{"embeddable":true,"href":"https:\/\/www.africa-press.net\/angola\/wp-json\/wp\/v2\/comments?post=8421"}],"version-history":[{"count":0,"href":"https:\/\/www.africa-press.net\/angola\/wp-json\/wp\/v2\/posts\/8421\/revisions"}],"wp:featuredmedia":[{"embeddable":true,"href":"https:\/\/www.africa-press.net\/angola\/wp-json\/wp\/v2\/media\/8420"}],"wp:attachment":[{"href":"https:\/\/www.africa-press.net\/angola\/wp-json\/wp\/v2\/media?parent=8421"}],"wp:term":[{"taxonomy":"category","embeddable":true,"href":"https:\/\/www.africa-press.net\/angola\/wp-json\/wp\/v2\/categories?post=8421"},{"taxonomy":"post_tag","embeddable":true,"href":"https:\/\/www.africa-press.net\/angola\/wp-json\/wp\/v2\/tags?post=8421"}],"curies":[{"name":"wp","href":"https:\/\/api.w.org\/{rel}","templated":true}]}}