{"id":8567,"date":"2022-05-24T10:53:14","date_gmt":"2022-05-24T10:53:14","guid":{"rendered":"https:\/\/www.africa-press.net\/angola\/all-news\/angolans-are-the-focus-of-the-exhibition-in-lisbon"},"modified":"2022-05-24T14:02:37","modified_gmt":"2022-05-24T14:02:37","slug":"angolans-are-the-focus-of-the-exhibition-in-lisbon","status":"publish","type":"post","link":"https:\/\/www.africa-press.net\/angola\/all-news\/angolans-are-the-focus-of-the-exhibition-in-lisbon","title":{"rendered":"Angolans are the focus of the exhibition in Lisbon"},"content":{"rendered":"<p><span style=\"color: #ff6600\"><strong>Africa-Press &#8211; Angola. <\/strong><\/span><b>\u201cPaintings and Sculptures\u201d is the title of the collective exhibition, which brings together, until the end of this month, in Lisbon, Portugal, the works of Angolan artists Indira Mateta, Dila Moniz, Lino Dami\u00e3o, Hor\u00e1cio D\u00e1 Mesquita, Carlos Bajouca, M\u00e1rio Tendinha and Luandino Carvalho.<\/b><\/p>\n<p>The exhibition, held at the headquarters of the Community of Portuguese Speaking Countries (CPLP), in Lisbon, curated by Carlos Bajouca and Lino Dami\u00e3o, was inaugurated for the celebrations of the 5th of May, World Portuguese Language Day.<\/p>\n<p>For the president of Casa de Angola in Lisbon, Guilherme Gerv\u00e1sio, the invitation to national artists represents recognition of the work done by them, particularly in recent years.<\/p>\n<p><strong>For More News And Analysis About <a href=\"https:\/\/www.africa-press.net\/angola\">Angola<\/a> Follow <a href=\"https:\/\/www.africa-press.net\/\">Africa-Press<\/a><\/strong><\/p>\n","protected":false},"excerpt":{"rendered":"<p>Africa-Press &#8211; Angola. \u201cPaintings and Sculptures\u201d is the title of the collective exhibition, which brings together, until the end of this month, in Lisbon, Portugal, the works of Angolan artists Indira Mateta, Dila Moniz, Lino Dami\u00e3o, Hor\u00e1cio D\u00e1 Mesquita, Carlos Bajouca, M\u00e1rio Tendinha and Luandino Carvalho. The exhibition, held at the headquarters of the Community [&hellip;]<\/p>\n","protected":false},"author":84,"featured_media":8566,"comment_status":"open","ping_status":"open","sticky":false,"template":"","format":"standard","meta":{"footnotes":""},"categories":[2,4,8,16],"tags":[233,337,329],"class_list":["post-8567","post","type-post","status-publish","format-standard","has-post-thumbnail","hentry","category-all-news","category-culture-and-art","category-homepage-english","category-twitter","tag-africa-press","tag-africa-press-angola","tag-angola"],"yoast_head":"<!-- This site is optimized with the Yoast SEO Premium plugin v26.1 (Yoast SEO v27.0) - https:\/\/yoast.com\/product\/yoast-seo-premium-wordpress\/ -->\n<title>Angolans are the focus of the exhibition in Lisbon - Angola<\/title>\n<meta name=\"description\" content=\"\u201cPaintings and Sculptures\u201d is the title of the collective exhibition, which brings together, until the end of this mo ...\" \/>\n<meta name=\"robots\" content=\"index, follow, max-snippet:-1, max-image-preview:large, max-video-preview:-1\" \/>\n<link rel=\"canonical\" href=\"https:\/\/www.africa-press.net\/angola\/all-news\/angolans-are-the-focus-of-the-exhibition-in-lisbon\" \/>\n<meta property=\"og:locale\" content=\"en_US\" \/>\n<meta property=\"og:type\" content=\"article\" \/>\n<meta property=\"og:title\" content=\"Angolans are the focus of the exhibition in Lisbon\" \/>\n<meta property=\"og:description\" content=\"\u201cPaintings and Sculptures\u201d is the title of the collective exhibition, which brings together, until the end of this mo ...\" \/>\n<meta property=\"og:url\" content=\"https:\/\/www.africa-press.net\/angola\/all-news\/angolans-are-the-focus-of-the-exhibition-in-lisbon\" \/>\n<meta property=\"og:site_name\" content=\"Angola\" \/>\n<meta property=\"article:publisher\" content=\"https:\/\/www.facebook.com\/AfricaPressTunisiaa\" \/>\n<meta property=\"article:published_time\" content=\"2022-05-24T10:53:14+00:00\" \/>\n<meta property=\"article:modified_time\" content=\"2022-05-24T14:02:37+00:00\" \/>\n<meta property=\"og:image\" content=\"https:\/\/static.africa-press.net\/angola\/sites\/65\/2022\/05\/img-628ce56672b3e.jpg\" \/>\n\t<meta property=\"og:image:width\" content=\"620\" \/>\n\t<meta property=\"og:image:height\" content=\"355\" \/>\n\t<meta property=\"og:image:type\" content=\"image\/jpeg\" \/>\n<meta name=\"author\" content=\"cfeditoren\" \/>\n<meta name=\"twitter:card\" content=\"summary_large_image\" \/>\n<meta name=\"twitter:label1\" content=\"Written by\" \/>\n\t<meta name=\"twitter:data1\" content=\"cfeditoren\" \/>\n\t<meta name=\"twitter:label2\" content=\"Est. reading time\" \/>\n\t<meta name=\"twitter:data2\" content=\"1 minute\" \/>\n<script type=\"application\/ld+json\" class=\"yoast-schema-graph\">{\"@context\":\"https:\/\/schema.org\",\"@graph\":[{\"@type\":\"Article\",\"@id\":\"https:\/\/www.africa-press.net\/angola\/all-news\/angolans-are-the-focus-of-the-exhibition-in-lisbon#article\",\"isPartOf\":{\"@id\":\"https:\/\/www.africa-press.net\/angola\/all-news\/angolans-are-the-focus-of-the-exhibition-in-lisbon\"},\"author\":{\"name\":\"cfeditoren\",\"@id\":\"https:\/\/www.africa-press.net\/angola\/#\/schema\/person\/068c7ab4e9634ae78ec5d54ec46598bb\"},\"headline\":\"Angolans are the focus of the exhibition in Lisbon\",\"datePublished\":\"2022-05-24T10:53:14+00:00\",\"dateModified\":\"2022-05-24T14:02:37+00:00\",\"mainEntityOfPage\":{\"@id\":\"https:\/\/www.africa-press.net\/angola\/all-news\/angolans-are-the-focus-of-the-exhibition-in-lisbon\"},\"wordCount\":134,\"commentCount\":0,\"image\":{\"@id\":\"https:\/\/www.africa-press.net\/angola\/all-news\/angolans-are-the-focus-of-the-exhibition-in-lisbon#primaryimage\"},\"thumbnailUrl\":\"https:\/\/static.africa-press.net\/angola\/sites\/65\/2022\/05\/img-628ce56672b3e.jpg\",\"keywords\":[\"Africa Press\",\"Africa Press-Angola\",\"Angola\"],\"articleSection\":[\"all news\",\"culture and art\",\"homepage-english\",\"twitter\"],\"inLanguage\":\"en-US\",\"potentialAction\":[{\"@type\":\"CommentAction\",\"name\":\"Comment\",\"target\":[\"https:\/\/www.africa-press.net\/angola\/all-news\/angolans-are-the-focus-of-the-exhibition-in-lisbon#respond\"]}]},{\"@type\":\"WebPage\",\"@id\":\"https:\/\/www.africa-press.net\/angola\/all-news\/angolans-are-the-focus-of-the-exhibition-in-lisbon\",\"url\":\"https:\/\/www.africa-press.net\/angola\/all-news\/angolans-are-the-focus-of-the-exhibition-in-lisbon\",\"name\":\"Angolans are the focus of the exhibition in Lisbon - Angola\",\"isPartOf\":{\"@id\":\"https:\/\/www.africa-press.net\/angola\/#website\"},\"primaryImageOfPage\":{\"@id\":\"https:\/\/www.africa-press.net\/angola\/all-news\/angolans-are-the-focus-of-the-exhibition-in-lisbon#primaryimage\"},\"image\":{\"@id\":\"https:\/\/www.africa-press.net\/angola\/all-news\/angolans-are-the-focus-of-the-exhibition-in-lisbon#primaryimage\"},\"thumbnailUrl\":\"https:\/\/static.africa-press.net\/angola\/sites\/65\/2022\/05\/img-628ce56672b3e.jpg\",\"datePublished\":\"2022-05-24T10:53:14+00:00\",\"dateModified\":\"2022-05-24T14:02:37+00:00\",\"author\":{\"@id\":\"https:\/\/www.africa-press.net\/angola\/#\/schema\/person\/068c7ab4e9634ae78ec5d54ec46598bb\"},\"description\":\"\u201cPaintings and Sculptures\u201d is the title of the collective exhibition, which brings together, until the end of this mo ...\",\"breadcrumb\":{\"@id\":\"https:\/\/www.africa-press.net\/angola\/all-news\/angolans-are-the-focus-of-the-exhibition-in-lisbon#breadcrumb\"},\"inLanguage\":\"en-US\",\"potentialAction\":[{\"@type\":\"ReadAction\",\"target\":[\"https:\/\/www.africa-press.net\/angola\/all-news\/angolans-are-the-focus-of-the-exhibition-in-lisbon\"]}]},{\"@type\":\"ImageObject\",\"inLanguage\":\"en-US\",\"@id\":\"https:\/\/www.africa-press.net\/angola\/all-news\/angolans-are-the-focus-of-the-exhibition-in-lisbon#primaryimage\",\"url\":\"https:\/\/static.africa-press.net\/angola\/sites\/65\/2022\/05\/img-628ce56672b3e.jpg\",\"contentUrl\":\"https:\/\/static.africa-press.net\/angola\/sites\/65\/2022\/05\/img-628ce56672b3e.jpg\",\"width\":620,\"height\":355,\"caption\":\"Angolans are the focus of the exhibition in Lisbon\"},{\"@type\":\"BreadcrumbList\",\"@id\":\"https:\/\/www.africa-press.net\/angola\/all-news\/angolans-are-the-focus-of-the-exhibition-in-lisbon#breadcrumb\",\"itemListElement\":[{\"@type\":\"ListItem\",\"position\":1,\"name\":\"Home\",\"item\":\"https:\/\/www.africa-press.net\/angola\/\"},{\"@type\":\"ListItem\",\"position\":2,\"name\":\"Angolans are the focus of the exhibition in Lisbon\"}]},{\"@type\":\"WebSite\",\"@id\":\"https:\/\/www.africa-press.net\/angola\/#website\",\"url\":\"https:\/\/www.africa-press.net\/angola\/\",\"name\":\"Angola\",\"description\":\"Just another Africa News Agency Sites site\",\"potentialAction\":[{\"@type\":\"SearchAction\",\"target\":{\"@type\":\"EntryPoint\",\"urlTemplate\":\"https:\/\/www.africa-press.net\/angola\/?s={search_term_string}\"},\"query-input\":{\"@type\":\"PropertyValueSpecification\",\"valueRequired\":true,\"valueName\":\"search_term_string\"}}],\"inLanguage\":\"en-US\"},{\"@type\":\"Person\",\"@id\":\"https:\/\/www.africa-press.net\/angola\/#\/schema\/person\/068c7ab4e9634ae78ec5d54ec46598bb\",\"name\":\"cfeditoren\",\"image\":{\"@type\":\"ImageObject\",\"inLanguage\":\"en-US\",\"@id\":\"https:\/\/www.africa-press.net\/angola\/#\/schema\/person\/image\/\",\"url\":\"https:\/\/secure.gravatar.com\/avatar\/7417380fa9e23b5c57fdbfdaf3fdf92ee478f759a084addda5faa3732853e74a?s=96&d=mm&r=g\",\"contentUrl\":\"https:\/\/secure.gravatar.com\/avatar\/7417380fa9e23b5c57fdbfdaf3fdf92ee478f759a084addda5faa3732853e74a?s=96&d=mm&r=g\",\"caption\":\"cfeditoren\"}}]}<\/script>\n<!-- \/ Yoast SEO Premium plugin. -->","yoast_head_json":{"title":"Angolans are the focus of the exhibition in Lisbon - Angola","description":"\u201cPaintings and Sculptures\u201d is the title of the collective exhibition, which brings together, until the end of this mo ...","robots":{"index":"index","follow":"follow","max-snippet":"max-snippet:-1","max-image-preview":"max-image-preview:large","max-video-preview":"max-video-preview:-1"},"canonical":"https:\/\/www.africa-press.net\/angola\/all-news\/angolans-are-the-focus-of-the-exhibition-in-lisbon","og_locale":"en_US","og_type":"article","og_title":"Angolans are the focus of the exhibition in Lisbon","og_description":"\u201cPaintings and Sculptures\u201d is the title of the collective exhibition, which brings together, until the end of this mo ...","og_url":"https:\/\/www.africa-press.net\/angola\/all-news\/angolans-are-the-focus-of-the-exhibition-in-lisbon","og_site_name":"Angola","article_publisher":"https:\/\/www.facebook.com\/AfricaPressTunisiaa","article_published_time":"2022-05-24T10:53:14+00:00","article_modified_time":"2022-05-24T14:02:37+00:00","og_image":[{"width":620,"height":355,"url":"https:\/\/static.africa-press.net\/angola\/sites\/65\/2022\/05\/img-628ce56672b3e.jpg","type":"image\/jpeg"}],"author":"cfeditoren","twitter_card":"summary_large_image","twitter_misc":{"Written by":"cfeditoren","Est. reading time":"1 minute"},"schema":{"@context":"https:\/\/schema.org","@graph":[{"@type":"Article","@id":"https:\/\/www.africa-press.net\/angola\/all-news\/angolans-are-the-focus-of-the-exhibition-in-lisbon#article","isPartOf":{"@id":"https:\/\/www.africa-press.net\/angola\/all-news\/angolans-are-the-focus-of-the-exhibition-in-lisbon"},"author":{"name":"cfeditoren","@id":"https:\/\/www.africa-press.net\/angola\/#\/schema\/person\/068c7ab4e9634ae78ec5d54ec46598bb"},"headline":"Angolans are the focus of the exhibition in Lisbon","datePublished":"2022-05-24T10:53:14+00:00","dateModified":"2022-05-24T14:02:37+00:00","mainEntityOfPage":{"@id":"https:\/\/www.africa-press.net\/angola\/all-news\/angolans-are-the-focus-of-the-exhibition-in-lisbon"},"wordCount":134,"commentCount":0,"image":{"@id":"https:\/\/www.africa-press.net\/angola\/all-news\/angolans-are-the-focus-of-the-exhibition-in-lisbon#primaryimage"},"thumbnailUrl":"https:\/\/static.africa-press.net\/angola\/sites\/65\/2022\/05\/img-628ce56672b3e.jpg","keywords":["Africa Press","Africa Press-Angola","Angola"],"articleSection":["all news","culture and art","homepage-english","twitter"],"inLanguage":"en-US","potentialAction":[{"@type":"CommentAction","name":"Comment","target":["https:\/\/www.africa-press.net\/angola\/all-news\/angolans-are-the-focus-of-the-exhibition-in-lisbon#respond"]}]},{"@type":"WebPage","@id":"https:\/\/www.africa-press.net\/angola\/all-news\/angolans-are-the-focus-of-the-exhibition-in-lisbon","url":"https:\/\/www.africa-press.net\/angola\/all-news\/angolans-are-the-focus-of-the-exhibition-in-lisbon","name":"Angolans are the focus of the exhibition in Lisbon - Angola","isPartOf":{"@id":"https:\/\/www.africa-press.net\/angola\/#website"},"primaryImageOfPage":{"@id":"https:\/\/www.africa-press.net\/angola\/all-news\/angolans-are-the-focus-of-the-exhibition-in-lisbon#primaryimage"},"image":{"@id":"https:\/\/www.africa-press.net\/angola\/all-news\/angolans-are-the-focus-of-the-exhibition-in-lisbon#primaryimage"},"thumbnailUrl":"https:\/\/static.africa-press.net\/angola\/sites\/65\/2022\/05\/img-628ce56672b3e.jpg","datePublished":"2022-05-24T10:53:14+00:00","dateModified":"2022-05-24T14:02:37+00:00","author":{"@id":"https:\/\/www.africa-press.net\/angola\/#\/schema\/person\/068c7ab4e9634ae78ec5d54ec46598bb"},"description":"\u201cPaintings and Sculptures\u201d is the title of the collective exhibition, which brings together, until the end of this mo ...","breadcrumb":{"@id":"https:\/\/www.africa-press.net\/angola\/all-news\/angolans-are-the-focus-of-the-exhibition-in-lisbon#breadcrumb"},"inLanguage":"en-US","potentialAction":[{"@type":"ReadAction","target":["https:\/\/www.africa-press.net\/angola\/all-news\/angolans-are-the-focus-of-the-exhibition-in-lisbon"]}]},{"@type":"ImageObject","inLanguage":"en-US","@id":"https:\/\/www.africa-press.net\/angola\/all-news\/angolans-are-the-focus-of-the-exhibition-in-lisbon#primaryimage","url":"https:\/\/static.africa-press.net\/angola\/sites\/65\/2022\/05\/img-628ce56672b3e.jpg","contentUrl":"https:\/\/static.africa-press.net\/angola\/sites\/65\/2022\/05\/img-628ce56672b3e.jpg","width":620,"height":355,"caption":"Angolans are the focus of the exhibition in Lisbon"},{"@type":"BreadcrumbList","@id":"https:\/\/www.africa-press.net\/angola\/all-news\/angolans-are-the-focus-of-the-exhibition-in-lisbon#breadcrumb","itemListElement":[{"@type":"ListItem","position":1,"name":"Home","item":"https:\/\/www.africa-press.net\/angola\/"},{"@type":"ListItem","position":2,"name":"Angolans are the focus of the exhibition in Lisbon"}]},{"@type":"WebSite","@id":"https:\/\/www.africa-press.net\/angola\/#website","url":"https:\/\/www.africa-press.net\/angola\/","name":"Angola","description":"Just another Africa News Agency Sites site","potentialAction":[{"@type":"SearchAction","target":{"@type":"EntryPoint","urlTemplate":"https:\/\/www.africa-press.net\/angola\/?s={search_term_string}"},"query-input":{"@type":"PropertyValueSpecification","valueRequired":true,"valueName":"search_term_string"}}],"inLanguage":"en-US"},{"@type":"Person","@id":"https:\/\/www.africa-press.net\/angola\/#\/schema\/person\/068c7ab4e9634ae78ec5d54ec46598bb","name":"cfeditoren","image":{"@type":"ImageObject","inLanguage":"en-US","@id":"https:\/\/www.africa-press.net\/angola\/#\/schema\/person\/image\/","url":"https:\/\/secure.gravatar.com\/avatar\/7417380fa9e23b5c57fdbfdaf3fdf92ee478f759a084addda5faa3732853e74a?s=96&d=mm&r=g","contentUrl":"https:\/\/secure.gravatar.com\/avatar\/7417380fa9e23b5c57fdbfdaf3fdf92ee478f759a084addda5faa3732853e74a?s=96&d=mm&r=g","caption":"cfeditoren"}}]}},"_links":{"self":[{"href":"https:\/\/www.africa-press.net\/angola\/wp-json\/wp\/v2\/posts\/8567","targetHints":{"allow":["GET"]}}],"collection":[{"href":"https:\/\/www.africa-press.net\/angola\/wp-json\/wp\/v2\/posts"}],"about":[{"href":"https:\/\/www.africa-press.net\/angola\/wp-json\/wp\/v2\/types\/post"}],"author":[{"embeddable":true,"href":"https:\/\/www.africa-press.net\/angola\/wp-json\/wp\/v2\/users\/84"}],"replies":[{"embeddable":true,"href":"https:\/\/www.africa-press.net\/angola\/wp-json\/wp\/v2\/comments?post=8567"}],"version-history":[{"count":0,"href":"https:\/\/www.africa-press.net\/angola\/wp-json\/wp\/v2\/posts\/8567\/revisions"}],"wp:featuredmedia":[{"embeddable":true,"href":"https:\/\/www.africa-press.net\/angola\/wp-json\/wp\/v2\/media\/8566"}],"wp:attachment":[{"href":"https:\/\/www.africa-press.net\/angola\/wp-json\/wp\/v2\/media?parent=8567"}],"wp:term":[{"taxonomy":"category","embeddable":true,"href":"https:\/\/www.africa-press.net\/angola\/wp-json\/wp\/v2\/categories?post=8567"},{"taxonomy":"post_tag","embeddable":true,"href":"https:\/\/www.africa-press.net\/angola\/wp-json\/wp\/v2\/tags?post=8567"}],"curies":[{"name":"wp","href":"https:\/\/api.w.org\/{rel}","templated":true}]}}