{"id":8582,"date":"2022-05-24T10:11:17","date_gmt":"2022-05-24T10:11:17","guid":{"rendered":"https:\/\/www.africa-press.net\/angola\/all-news\/mpla-proposes-esperanca-da-costa-as-vice-president-of-the-republic"},"modified":"2022-05-24T14:07:02","modified_gmt":"2022-05-24T14:07:02","slug":"mpla-proposes-esperanca-da-costa-as-vice-president-of-the-republic","status":"publish","type":"post","link":"https:\/\/www.africa-press.net\/angola\/all-news\/mpla-proposes-esperanca-da-costa-as-vice-president-of-the-republic","title":{"rendered":"MPLA proposes Esperan\u00e7a da Costa as Vice-President of the Republic"},"content":{"rendered":"<p><span style=\"color: #ff6600\"><strong>Africa-Press &#8211; Angola. <\/strong><\/span><b>Jo\u00e3o Louren\u00e7o confirmed as the head of the party&#8217;s list for the August elections and two women nominated for the positions of Vice-President of the Republic and President of the National Assembly. The list was approved by the members of the Central Committee with 580 votes in favour, corresponding to 94.5 percent, 23 votes against and 11 abstentions.<\/b><\/p>\n<p>The MPLA Central Committee, meeting yesterday in an extraordinary session led by the party leader, Jo\u00e3o Louren\u00e7o, approved the general list of candidates for deputies to the National Assembly, for the five-year period 2022\/2027, which also indicates Esperan\u00e7a Maria Eduardo Francisco. da Costa, current Secretary of State for Fisheries, for the position of Vice-President of the Republic, and Carolina Cerqueira, for the position of President of the National Assembly.<\/p>\n<p>The list, which confirms Jo\u00e3o Louren\u00e7o as the head of the list and the two women in the second and third places, was approved with 580 votes in favour, corresponding to 94.5 percent, 23 votes against and 11 abstentions. In the event that the MPLA emerges victorious in the next general elections, it will make history, taking into account that it will be the first time since independence that two women will hold high state functions, namely in the positions of Vice-President of the Republic and President of the National Assembly.<\/p>\n<p>Speaking at the opening of the meeting, Jo\u00e3o Louren\u00e7o clarified that the non-appointment of Bornito de Sousa for the same position is due to the fact that he had expressed this intention, right at the beginning of the current term, a decision he said he respected. When referring to the list of party candidates for deputies to the National Assembly, the MPLA president said that it respects the necessary gender balance and a significant representation of young cadres in the phase of being launched for new responsibilities and challenges, which , he underlined, &#8220;it only confirms the bet that the MPLA has always made on Angolan youth&#8221;.<\/p>\n<p>The members of the Central Committee were also informed about the draft government program and the MPLA electoral manifesto, whose approval was sent to the next extraordinary session, to be held on the 2nd of June. In relation to the proposed Government program and the electoral manifesto, Jo\u00e3o Louren\u00e7o informed that they are based on the commitment to the continuous fight against corruption and impunity, creation of a business environment, attraction of direct private investment, diversification of the economy, increase in production domestic market, in the imperative need to reduce imports and increase exports.<\/p>\n<p>The MPLA president said that this program proposal pays particular attention to the need to continue to improve infrastructures, the quality of life of Angolans, through continuous investment in human training, access to education, health, housing, as well as a greater supply of potable water, electricity and the creation of a greater supply of jobs.<\/p>\n<p>&#8220;Although the world is experiencing a situation of economic crisis, with no end in sight, our government program is focused on ensuring the country&#8217;s economic and social growth and development in the coming years&#8221;, assured the MPLA president.<\/p>\n<p><b>&#8230; Elections In August<\/b><br \/>\nRegarding the holding of the next general elections, scheduled for next August, Jo\u00e3o Louren\u00e7o said he expects a large participation of voters, who are in legal conditions to exercise the right to choose their representatives in the National Assembly and the President of the Republic. He mentioned that, taking into account the implementation of the process, every five years, it should be seen as routine, but, due to the importance it has, in the consolidation of our democracy and in the lives of the citizens, it always creates a lot of expectation and anxiety about the way it will take place, as well as the expected results.<\/p>\n<p>Jo\u00e3o Louren\u00e7o stressed that elections are a process that involve several actors, ranging from the National Assembly, which approves the laws governing the organization of elections, the National Electoral Commission, the Executive, the political parties competing in the electoral process, the Constitutional, the President of the Republic, who has the responsibility to convene them, under the terms of the Constitution and the law, and, also, of the voting citizen, who votes.<\/p>\n<p>&#8220;As we have just seen, all of us are summoned by the Nation to do their part within the responsibilities they have&#8221;, stressed the MPLA leader.<\/p>\n<p><b>Thanks To Party Members<\/b><br \/>\nThe MPLA president thanked the efforts made by militants, friends and party sympathizers throughout the country during this pre-campaign period, which, as he advanced, should serve, above all, to identify strengths and weaknesses, in order to correct and improve in the electoral campaign. &#8220;Our mass acts are successful thanks to the high level of organization, planning and execution, which the party committees, at different levels, have been able to imprint&#8221;, acknowledged Jo\u00e3o Louren\u00e7o, for whom this table constitutes an important barometer to measure the popularity and degree of acceptance that the party enjoys among the Angolan people and society.<\/p>\n<p>&#8220;We will continue to carry out this work, which I consider important, but not sufficient, as we must, in parallel with this work, carry out another, perhaps more important work, the work of proximity to the Party Action Committees, which will guarantee that, on election day, voters will actually go to polling stations and vote correctly&#8221;, he stressed.<\/p>\n<p>The president of the MPLA, Jo\u00e3o Louren\u00e7o, said that, despite being in the cold season, the heat of the pre-campaign and the campaign itself, &#8220;will rise, in a good way&#8221;, as we will work more and sleep less, to ensure victory. &#8220;But we have to know how to manage time and our energies, manage the physical and emotional burden, manage all kinds of resources, whether human or logistical, in the broadest sense&#8221;, he stressed.<\/p>\n<p><b>Discrediting The General Elections<\/b><br \/>\nThe MPLA president denounced that political opponents are carrying out an internal and external campaign to discredit the elections, even before they take place, a fact that he considered unprecedented in the history of elections in the world, since, he highlighted, Electoral disputes can only arise after the elections have been held and under the terms defined by law. However, he recalled that these same political opponents are part of the organization of the elections, insofar as they are in the National Assembly, where laws are approved, including electoral ones, in the National Electoral Commission, where they have commissioners, at all levels, even being part of the deliberations taken at these levels.<\/p>\n<p>Jo\u00e3o Louren\u00e7o stressed that the Constitution of the Republic establishes that general elections must be held in Angola every five years, but it goes so far as to define that, in that electoral year, they must necessarily take place in the month of August, not being, therefore, a matter of choice for any entity, but a legal obligation embodied not in an ordinary law, but in the Constitution.<\/p>\n<p>He mentioned that some political formations are showing obvious signs that they are not prepared to contest these elections, because they have wasted time promoting and organizing activities of social destabilization, vandalism, which even threaten public security and public property, which the everyone belongs.<\/p>\n<p>&#8220;The MPLA will continue to prepare, conveniently, for the electoral dispute in August of this year, which the President of the Republic, in due course, must convene, in respect of the Constitution that we are all obliged to comply with&#8221;, stressed the leader of the MPLA, Jo\u00e3o Louren\u00e7o.<\/p>\n<p><b>Central Committee Praises Actions<\/b><br \/>\nThe members of the Central Committee encouraged the President to continue with the actions in progress, in the spirit of &#8220;correct what is wrong, and improve what is right&#8221;. As part of the implementation of the National Development Plan 2018-2022, they also welcomed the results achieved in the materialization of various programs of a socio-economic nature, with emphasis on PIIM, KWENDA, PRODESI and PREI, for the improvements in living conditions of the populations, which reflect substantial contributions to the sustainable development of the country, reads the final communiqu\u00e9.<\/p>\n<p><strong>For More News And Analysis About <a href=\"https:\/\/www.africa-press.net\/angola\">Angola<\/a> Follow <a href=\"https:\/\/www.africa-press.net\/\">Africa-Press<\/a><\/strong><\/p>\n","protected":false},"excerpt":{"rendered":"<p>Africa-Press &#8211; Angola. Jo\u00e3o Louren\u00e7o confirmed as the head of the party&#8217;s list for the August elections and two women nominated for the positions of Vice-President of the Republic and President of the National Assembly. The list was approved by the members of the Central Committee with 580 votes in favour, corresponding to 94.5 percent, [&hellip;]<\/p>\n","protected":false},"author":84,"featured_media":8581,"comment_status":"open","ping_status":"open","sticky":false,"template":"","format":"standard","meta":{"footnotes":""},"categories":[2,8,10,16],"tags":[233,337,329],"class_list":["post-8582","post","type-post","status-publish","format-standard","has-post-thumbnail","hentry","category-all-news","category-homepage-english","category-parties","category-twitter","tag-africa-press","tag-africa-press-angola","tag-angola"],"yoast_head":"<!-- This site is optimized with the Yoast SEO Premium plugin v26.1 (Yoast SEO v27.0) - https:\/\/yoast.com\/product\/yoast-seo-premium-wordpress\/ -->\n<title>MPLA proposes Esperan\u00e7a da Costa as Vice-President of the Republic - Angola<\/title>\n<meta name=\"description\" content=\"Jo\u00e3o Louren\u00e7o confirmed as the head of the party&#039;s list for the August elections and two women nominated for the posi ...\" \/>\n<meta name=\"robots\" content=\"index, follow, max-snippet:-1, max-image-preview:large, max-video-preview:-1\" \/>\n<link rel=\"canonical\" href=\"https:\/\/www.africa-press.net\/angola\/all-news\/mpla-proposes-esperanca-da-costa-as-vice-president-of-the-republic\" \/>\n<meta property=\"og:locale\" content=\"en_US\" \/>\n<meta property=\"og:type\" content=\"article\" \/>\n<meta property=\"og:title\" content=\"MPLA proposes Esperan\u00e7a da Costa as Vice-President of the Republic\" \/>\n<meta property=\"og:description\" content=\"Jo\u00e3o Louren\u00e7o confirmed as the head of the party&#039;s list for the August elections and two women nominated for the posi ...\" \/>\n<meta property=\"og:url\" content=\"https:\/\/www.africa-press.net\/angola\/all-news\/mpla-proposes-esperanca-da-costa-as-vice-president-of-the-republic\" \/>\n<meta property=\"og:site_name\" content=\"Angola\" \/>\n<meta property=\"article:publisher\" content=\"https:\/\/www.facebook.com\/AfricaPressTunisiaa\" \/>\n<meta property=\"article:published_time\" content=\"2022-05-24T10:11:17+00:00\" \/>\n<meta property=\"article:modified_time\" content=\"2022-05-24T14:07:02+00:00\" \/>\n<meta property=\"og:image\" content=\"https:\/\/static.africa-press.net\/angola\/sites\/65\/2022\/05\/img-628ce66d9df9b.jpg\" \/>\n\t<meta property=\"og:image:width\" content=\"620\" \/>\n\t<meta property=\"og:image:height\" content=\"355\" \/>\n\t<meta property=\"og:image:type\" content=\"image\/jpeg\" \/>\n<meta name=\"author\" content=\"cfeditoren\" \/>\n<meta name=\"twitter:card\" content=\"summary_large_image\" \/>\n<meta name=\"twitter:label1\" content=\"Written by\" \/>\n\t<meta name=\"twitter:data1\" content=\"cfeditoren\" \/>\n\t<meta name=\"twitter:label2\" content=\"Est. reading time\" \/>\n\t<meta name=\"twitter:data2\" content=\"7 minutes\" \/>\n<script type=\"application\/ld+json\" class=\"yoast-schema-graph\">{\"@context\":\"https:\/\/schema.org\",\"@graph\":[{\"@type\":\"Article\",\"@id\":\"https:\/\/www.africa-press.net\/angola\/all-news\/mpla-proposes-esperanca-da-costa-as-vice-president-of-the-republic#article\",\"isPartOf\":{\"@id\":\"https:\/\/www.africa-press.net\/angola\/all-news\/mpla-proposes-esperanca-da-costa-as-vice-president-of-the-republic\"},\"author\":{\"name\":\"cfeditoren\",\"@id\":\"https:\/\/www.africa-press.net\/angola\/#\/schema\/person\/068c7ab4e9634ae78ec5d54ec46598bb\"},\"headline\":\"MPLA proposes Esperan\u00e7a da Costa as Vice-President of the Republic\",\"datePublished\":\"2022-05-24T10:11:17+00:00\",\"dateModified\":\"2022-05-24T14:07:02+00:00\",\"mainEntityOfPage\":{\"@id\":\"https:\/\/www.africa-press.net\/angola\/all-news\/mpla-proposes-esperanca-da-costa-as-vice-president-of-the-republic\"},\"wordCount\":1360,\"commentCount\":0,\"image\":{\"@id\":\"https:\/\/www.africa-press.net\/angola\/all-news\/mpla-proposes-esperanca-da-costa-as-vice-president-of-the-republic#primaryimage\"},\"thumbnailUrl\":\"https:\/\/static.africa-press.net\/angola\/sites\/65\/2022\/05\/img-628ce66d9df9b.jpg\",\"keywords\":[\"Africa Press\",\"Africa Press-Angola\",\"Angola\"],\"articleSection\":[\"all news\",\"homepage-english\",\"parties\",\"twitter\"],\"inLanguage\":\"en-US\",\"potentialAction\":[{\"@type\":\"CommentAction\",\"name\":\"Comment\",\"target\":[\"https:\/\/www.africa-press.net\/angola\/all-news\/mpla-proposes-esperanca-da-costa-as-vice-president-of-the-republic#respond\"]}]},{\"@type\":\"WebPage\",\"@id\":\"https:\/\/www.africa-press.net\/angola\/all-news\/mpla-proposes-esperanca-da-costa-as-vice-president-of-the-republic\",\"url\":\"https:\/\/www.africa-press.net\/angola\/all-news\/mpla-proposes-esperanca-da-costa-as-vice-president-of-the-republic\",\"name\":\"MPLA proposes Esperan\u00e7a da Costa as Vice-President of the Republic - Angola\",\"isPartOf\":{\"@id\":\"https:\/\/www.africa-press.net\/angola\/#website\"},\"primaryImageOfPage\":{\"@id\":\"https:\/\/www.africa-press.net\/angola\/all-news\/mpla-proposes-esperanca-da-costa-as-vice-president-of-the-republic#primaryimage\"},\"image\":{\"@id\":\"https:\/\/www.africa-press.net\/angola\/all-news\/mpla-proposes-esperanca-da-costa-as-vice-president-of-the-republic#primaryimage\"},\"thumbnailUrl\":\"https:\/\/static.africa-press.net\/angola\/sites\/65\/2022\/05\/img-628ce66d9df9b.jpg\",\"datePublished\":\"2022-05-24T10:11:17+00:00\",\"dateModified\":\"2022-05-24T14:07:02+00:00\",\"author\":{\"@id\":\"https:\/\/www.africa-press.net\/angola\/#\/schema\/person\/068c7ab4e9634ae78ec5d54ec46598bb\"},\"description\":\"Jo\u00e3o Louren\u00e7o confirmed as the head of the party's list for the August elections and two women nominated for the posi ...\",\"breadcrumb\":{\"@id\":\"https:\/\/www.africa-press.net\/angola\/all-news\/mpla-proposes-esperanca-da-costa-as-vice-president-of-the-republic#breadcrumb\"},\"inLanguage\":\"en-US\",\"potentialAction\":[{\"@type\":\"ReadAction\",\"target\":[\"https:\/\/www.africa-press.net\/angola\/all-news\/mpla-proposes-esperanca-da-costa-as-vice-president-of-the-republic\"]}]},{\"@type\":\"ImageObject\",\"inLanguage\":\"en-US\",\"@id\":\"https:\/\/www.africa-press.net\/angola\/all-news\/mpla-proposes-esperanca-da-costa-as-vice-president-of-the-republic#primaryimage\",\"url\":\"https:\/\/static.africa-press.net\/angola\/sites\/65\/2022\/05\/img-628ce66d9df9b.jpg\",\"contentUrl\":\"https:\/\/static.africa-press.net\/angola\/sites\/65\/2022\/05\/img-628ce66d9df9b.jpg\",\"width\":620,\"height\":355,\"caption\":\"MPLA proposes Esperan\u00e7a da Costa as Vice-President of the Republic\"},{\"@type\":\"BreadcrumbList\",\"@id\":\"https:\/\/www.africa-press.net\/angola\/all-news\/mpla-proposes-esperanca-da-costa-as-vice-president-of-the-republic#breadcrumb\",\"itemListElement\":[{\"@type\":\"ListItem\",\"position\":1,\"name\":\"Home\",\"item\":\"https:\/\/www.africa-press.net\/angola\/\"},{\"@type\":\"ListItem\",\"position\":2,\"name\":\"MPLA proposes Esperan\u00e7a da Costa as Vice-President of the Republic\"}]},{\"@type\":\"WebSite\",\"@id\":\"https:\/\/www.africa-press.net\/angola\/#website\",\"url\":\"https:\/\/www.africa-press.net\/angola\/\",\"name\":\"Angola\",\"description\":\"Just another Africa News Agency Sites site\",\"potentialAction\":[{\"@type\":\"SearchAction\",\"target\":{\"@type\":\"EntryPoint\",\"urlTemplate\":\"https:\/\/www.africa-press.net\/angola\/?s={search_term_string}\"},\"query-input\":{\"@type\":\"PropertyValueSpecification\",\"valueRequired\":true,\"valueName\":\"search_term_string\"}}],\"inLanguage\":\"en-US\"},{\"@type\":\"Person\",\"@id\":\"https:\/\/www.africa-press.net\/angola\/#\/schema\/person\/068c7ab4e9634ae78ec5d54ec46598bb\",\"name\":\"cfeditoren\",\"image\":{\"@type\":\"ImageObject\",\"inLanguage\":\"en-US\",\"@id\":\"https:\/\/www.africa-press.net\/angola\/#\/schema\/person\/image\/\",\"url\":\"https:\/\/secure.gravatar.com\/avatar\/7417380fa9e23b5c57fdbfdaf3fdf92ee478f759a084addda5faa3732853e74a?s=96&d=mm&r=g\",\"contentUrl\":\"https:\/\/secure.gravatar.com\/avatar\/7417380fa9e23b5c57fdbfdaf3fdf92ee478f759a084addda5faa3732853e74a?s=96&d=mm&r=g\",\"caption\":\"cfeditoren\"}}]}<\/script>\n<!-- \/ Yoast SEO Premium plugin. -->","yoast_head_json":{"title":"MPLA proposes Esperan\u00e7a da Costa as Vice-President of the Republic - Angola","description":"Jo\u00e3o Louren\u00e7o confirmed as the head of the party's list for the August elections and two women nominated for the posi ...","robots":{"index":"index","follow":"follow","max-snippet":"max-snippet:-1","max-image-preview":"max-image-preview:large","max-video-preview":"max-video-preview:-1"},"canonical":"https:\/\/www.africa-press.net\/angola\/all-news\/mpla-proposes-esperanca-da-costa-as-vice-president-of-the-republic","og_locale":"en_US","og_type":"article","og_title":"MPLA proposes Esperan\u00e7a da Costa as Vice-President of the Republic","og_description":"Jo\u00e3o Louren\u00e7o confirmed as the head of the party's list for the August elections and two women nominated for the posi ...","og_url":"https:\/\/www.africa-press.net\/angola\/all-news\/mpla-proposes-esperanca-da-costa-as-vice-president-of-the-republic","og_site_name":"Angola","article_publisher":"https:\/\/www.facebook.com\/AfricaPressTunisiaa","article_published_time":"2022-05-24T10:11:17+00:00","article_modified_time":"2022-05-24T14:07:02+00:00","og_image":[{"width":620,"height":355,"url":"https:\/\/static.africa-press.net\/angola\/sites\/65\/2022\/05\/img-628ce66d9df9b.jpg","type":"image\/jpeg"}],"author":"cfeditoren","twitter_card":"summary_large_image","twitter_misc":{"Written by":"cfeditoren","Est. reading time":"7 minutes"},"schema":{"@context":"https:\/\/schema.org","@graph":[{"@type":"Article","@id":"https:\/\/www.africa-press.net\/angola\/all-news\/mpla-proposes-esperanca-da-costa-as-vice-president-of-the-republic#article","isPartOf":{"@id":"https:\/\/www.africa-press.net\/angola\/all-news\/mpla-proposes-esperanca-da-costa-as-vice-president-of-the-republic"},"author":{"name":"cfeditoren","@id":"https:\/\/www.africa-press.net\/angola\/#\/schema\/person\/068c7ab4e9634ae78ec5d54ec46598bb"},"headline":"MPLA proposes Esperan\u00e7a da Costa as Vice-President of the Republic","datePublished":"2022-05-24T10:11:17+00:00","dateModified":"2022-05-24T14:07:02+00:00","mainEntityOfPage":{"@id":"https:\/\/www.africa-press.net\/angola\/all-news\/mpla-proposes-esperanca-da-costa-as-vice-president-of-the-republic"},"wordCount":1360,"commentCount":0,"image":{"@id":"https:\/\/www.africa-press.net\/angola\/all-news\/mpla-proposes-esperanca-da-costa-as-vice-president-of-the-republic#primaryimage"},"thumbnailUrl":"https:\/\/static.africa-press.net\/angola\/sites\/65\/2022\/05\/img-628ce66d9df9b.jpg","keywords":["Africa Press","Africa Press-Angola","Angola"],"articleSection":["all news","homepage-english","parties","twitter"],"inLanguage":"en-US","potentialAction":[{"@type":"CommentAction","name":"Comment","target":["https:\/\/www.africa-press.net\/angola\/all-news\/mpla-proposes-esperanca-da-costa-as-vice-president-of-the-republic#respond"]}]},{"@type":"WebPage","@id":"https:\/\/www.africa-press.net\/angola\/all-news\/mpla-proposes-esperanca-da-costa-as-vice-president-of-the-republic","url":"https:\/\/www.africa-press.net\/angola\/all-news\/mpla-proposes-esperanca-da-costa-as-vice-president-of-the-republic","name":"MPLA proposes Esperan\u00e7a da Costa as Vice-President of the Republic - Angola","isPartOf":{"@id":"https:\/\/www.africa-press.net\/angola\/#website"},"primaryImageOfPage":{"@id":"https:\/\/www.africa-press.net\/angola\/all-news\/mpla-proposes-esperanca-da-costa-as-vice-president-of-the-republic#primaryimage"},"image":{"@id":"https:\/\/www.africa-press.net\/angola\/all-news\/mpla-proposes-esperanca-da-costa-as-vice-president-of-the-republic#primaryimage"},"thumbnailUrl":"https:\/\/static.africa-press.net\/angola\/sites\/65\/2022\/05\/img-628ce66d9df9b.jpg","datePublished":"2022-05-24T10:11:17+00:00","dateModified":"2022-05-24T14:07:02+00:00","author":{"@id":"https:\/\/www.africa-press.net\/angola\/#\/schema\/person\/068c7ab4e9634ae78ec5d54ec46598bb"},"description":"Jo\u00e3o Louren\u00e7o confirmed as the head of the party's list for the August elections and two women nominated for the posi ...","breadcrumb":{"@id":"https:\/\/www.africa-press.net\/angola\/all-news\/mpla-proposes-esperanca-da-costa-as-vice-president-of-the-republic#breadcrumb"},"inLanguage":"en-US","potentialAction":[{"@type":"ReadAction","target":["https:\/\/www.africa-press.net\/angola\/all-news\/mpla-proposes-esperanca-da-costa-as-vice-president-of-the-republic"]}]},{"@type":"ImageObject","inLanguage":"en-US","@id":"https:\/\/www.africa-press.net\/angola\/all-news\/mpla-proposes-esperanca-da-costa-as-vice-president-of-the-republic#primaryimage","url":"https:\/\/static.africa-press.net\/angola\/sites\/65\/2022\/05\/img-628ce66d9df9b.jpg","contentUrl":"https:\/\/static.africa-press.net\/angola\/sites\/65\/2022\/05\/img-628ce66d9df9b.jpg","width":620,"height":355,"caption":"MPLA proposes Esperan\u00e7a da Costa as Vice-President of the Republic"},{"@type":"BreadcrumbList","@id":"https:\/\/www.africa-press.net\/angola\/all-news\/mpla-proposes-esperanca-da-costa-as-vice-president-of-the-republic#breadcrumb","itemListElement":[{"@type":"ListItem","position":1,"name":"Home","item":"https:\/\/www.africa-press.net\/angola\/"},{"@type":"ListItem","position":2,"name":"MPLA proposes Esperan\u00e7a da Costa as Vice-President of the Republic"}]},{"@type":"WebSite","@id":"https:\/\/www.africa-press.net\/angola\/#website","url":"https:\/\/www.africa-press.net\/angola\/","name":"Angola","description":"Just another Africa News Agency Sites site","potentialAction":[{"@type":"SearchAction","target":{"@type":"EntryPoint","urlTemplate":"https:\/\/www.africa-press.net\/angola\/?s={search_term_string}"},"query-input":{"@type":"PropertyValueSpecification","valueRequired":true,"valueName":"search_term_string"}}],"inLanguage":"en-US"},{"@type":"Person","@id":"https:\/\/www.africa-press.net\/angola\/#\/schema\/person\/068c7ab4e9634ae78ec5d54ec46598bb","name":"cfeditoren","image":{"@type":"ImageObject","inLanguage":"en-US","@id":"https:\/\/www.africa-press.net\/angola\/#\/schema\/person\/image\/","url":"https:\/\/secure.gravatar.com\/avatar\/7417380fa9e23b5c57fdbfdaf3fdf92ee478f759a084addda5faa3732853e74a?s=96&d=mm&r=g","contentUrl":"https:\/\/secure.gravatar.com\/avatar\/7417380fa9e23b5c57fdbfdaf3fdf92ee478f759a084addda5faa3732853e74a?s=96&d=mm&r=g","caption":"cfeditoren"}}]}},"_links":{"self":[{"href":"https:\/\/www.africa-press.net\/angola\/wp-json\/wp\/v2\/posts\/8582","targetHints":{"allow":["GET"]}}],"collection":[{"href":"https:\/\/www.africa-press.net\/angola\/wp-json\/wp\/v2\/posts"}],"about":[{"href":"https:\/\/www.africa-press.net\/angola\/wp-json\/wp\/v2\/types\/post"}],"author":[{"embeddable":true,"href":"https:\/\/www.africa-press.net\/angola\/wp-json\/wp\/v2\/users\/84"}],"replies":[{"embeddable":true,"href":"https:\/\/www.africa-press.net\/angola\/wp-json\/wp\/v2\/comments?post=8582"}],"version-history":[{"count":0,"href":"https:\/\/www.africa-press.net\/angola\/wp-json\/wp\/v2\/posts\/8582\/revisions"}],"wp:featuredmedia":[{"embeddable":true,"href":"https:\/\/www.africa-press.net\/angola\/wp-json\/wp\/v2\/media\/8581"}],"wp:attachment":[{"href":"https:\/\/www.africa-press.net\/angola\/wp-json\/wp\/v2\/media?parent=8582"}],"wp:term":[{"taxonomy":"category","embeddable":true,"href":"https:\/\/www.africa-press.net\/angola\/wp-json\/wp\/v2\/categories?post=8582"},{"taxonomy":"post_tag","embeddable":true,"href":"https:\/\/www.africa-press.net\/angola\/wp-json\/wp\/v2\/tags?post=8582"}],"curies":[{"name":"wp","href":"https:\/\/api.w.org\/{rel}","templated":true}]}}