{"id":8585,"date":"2022-05-24T10:16:33","date_gmt":"2022-05-24T10:16:33","guid":{"rendered":"https:\/\/www.africa-press.net\/angola\/all-news\/president-of-senegal-starts-visit-to-angola-on-tuesday"},"modified":"2022-05-24T14:09:49","modified_gmt":"2022-05-24T14:09:49","slug":"president-of-senegal-starts-visit-to-angola-on-tuesday","status":"publish","type":"post","link":"https:\/\/www.africa-press.net\/angola\/all-news\/president-of-senegal-starts-visit-to-angola-on-tuesday","title":{"rendered":"President of Senegal starts visit to Angola on Tuesday"},"content":{"rendered":"<p><span style=\"color: #ff6600\"><strong>Africa-Press &#8211; Angola. <\/strong><\/span><b>The President of the Republic of Senegal, Macky Sall, started this Tuesday, 24, a 72-hour State visit to Angola, at the invitation of the Angolan Head of State, Jo\u00e3o Louren\u00e7o.<\/b><\/p>\n<p>According to the program of the visit, Macky Sall, who is also the acting president of the African Union, will, among other activities, lay a wreath on the sarcophagus of Ant\u00f3nio Agostinho Neto (First President of Angola), held a meeting with the President Jo\u00e3o Louren\u00e7o and addressed an Extraordinary Session in the National Assembly.<\/p>\n<p><b>Signing Of Agreements<\/b><br \/>\nThe occasion will also be used for the two countries to strengthen political and diplomatic ties with the signing of agreements in the fields of Justice, Trade, Tourism, Oil and Energy, Promotion and Protection of Investment.<\/p>\n<p>Senegal is a country located in West Africa, it borders the Atlantic Ocean to the west, Mauritania to the north and east, Mali to the east, and Guinea and Guinea-Bissau to the south.<\/p>\n<p>Senegal has a high profile in many international organizations and was a Non-Permanent Member of the United Nations Security Council between 1988\u20131989 and 2015\u20132016.<\/p>\n<p>The country was also elected to the United Nations Commission on Human Rights in 1997.<\/p>\n<p>The Republic of Senegal has the fourth largest economy in its region, is part of the Economic Community of West African States and is also a member of the African Union and the Community of Sahel-Sahara States, among other organizations.<\/p>\n<p><strong>For More News And Analysis About <a href=\"https:\/\/www.africa-press.net\/angola\">Angola<\/a> Follow <a href=\"https:\/\/www.africa-press.net\/\">Africa-Press<\/a><\/strong><\/p>\n","protected":false},"excerpt":{"rendered":"<p>Africa-Press &#8211; Angola. The President of the Republic of Senegal, Macky Sall, started this Tuesday, 24, a 72-hour State visit to Angola, at the invitation of the Angolan Head of State, Jo\u00e3o Louren\u00e7o. According to the program of the visit, Macky Sall, who is also the acting president of the African Union, will, among other [&hellip;]<\/p>\n","protected":false},"author":84,"featured_media":8584,"comment_status":"open","ping_status":"open","sticky":false,"template":"","format":"standard","meta":{"footnotes":""},"categories":[2,8,12,16],"tags":[233,337,329],"class_list":["post-8585","post","type-post","status-publish","format-standard","has-post-thumbnail","hentry","category-all-news","category-homepage-english","category-policy","category-twitter","tag-africa-press","tag-africa-press-angola","tag-angola"],"yoast_head":"<!-- This site is optimized with the Yoast SEO Premium plugin v26.1 (Yoast SEO v27.0) - https:\/\/yoast.com\/product\/yoast-seo-premium-wordpress\/ -->\n<title>President of Senegal starts visit to Angola on Tuesday - Angola<\/title>\n<meta name=\"description\" content=\"The President of the Republic of Senegal, Macky Sall, started this Tuesday, 24, a 72-hour State visit to Angola, at t ...\" \/>\n<meta name=\"robots\" content=\"index, follow, max-snippet:-1, max-image-preview:large, max-video-preview:-1\" \/>\n<link rel=\"canonical\" href=\"https:\/\/www.africa-press.net\/angola\/all-news\/president-of-senegal-starts-visit-to-angola-on-tuesday\" \/>\n<meta property=\"og:locale\" content=\"en_US\" \/>\n<meta property=\"og:type\" content=\"article\" \/>\n<meta property=\"og:title\" content=\"President of Senegal starts visit to Angola on Tuesday\" \/>\n<meta property=\"og:description\" content=\"The President of the Republic of Senegal, Macky Sall, started this Tuesday, 24, a 72-hour State visit to Angola, at t ...\" \/>\n<meta property=\"og:url\" content=\"https:\/\/www.africa-press.net\/angola\/all-news\/president-of-senegal-starts-visit-to-angola-on-tuesday\" \/>\n<meta property=\"og:site_name\" content=\"Angola\" \/>\n<meta property=\"article:publisher\" content=\"https:\/\/www.facebook.com\/AfricaPressTunisiaa\" \/>\n<meta property=\"article:published_time\" content=\"2022-05-24T10:16:33+00:00\" \/>\n<meta property=\"article:modified_time\" content=\"2022-05-24T14:09:49+00:00\" \/>\n<meta property=\"og:image\" content=\"https:\/\/static.africa-press.net\/angola\/sites\/65\/2022\/05\/img-628ce714ad05c.jpg\" \/>\n\t<meta property=\"og:image:width\" content=\"1280\" \/>\n\t<meta property=\"og:image:height\" content=\"1280\" \/>\n\t<meta property=\"og:image:type\" content=\"image\/jpeg\" \/>\n<meta name=\"author\" content=\"cfeditoren\" \/>\n<meta name=\"twitter:card\" content=\"summary_large_image\" \/>\n<meta name=\"twitter:label1\" content=\"Written by\" \/>\n\t<meta name=\"twitter:data1\" content=\"cfeditoren\" \/>\n\t<meta name=\"twitter:label2\" content=\"Est. reading time\" \/>\n\t<meta name=\"twitter:data2\" content=\"1 minute\" \/>\n<script type=\"application\/ld+json\" class=\"yoast-schema-graph\">{\"@context\":\"https:\/\/schema.org\",\"@graph\":[{\"@type\":\"Article\",\"@id\":\"https:\/\/www.africa-press.net\/angola\/all-news\/president-of-senegal-starts-visit-to-angola-on-tuesday#article\",\"isPartOf\":{\"@id\":\"https:\/\/www.africa-press.net\/angola\/all-news\/president-of-senegal-starts-visit-to-angola-on-tuesday\"},\"author\":{\"name\":\"cfeditoren\",\"@id\":\"https:\/\/www.africa-press.net\/angola\/#\/schema\/person\/068c7ab4e9634ae78ec5d54ec46598bb\"},\"headline\":\"President of Senegal starts visit to Angola on Tuesday\",\"datePublished\":\"2022-05-24T10:16:33+00:00\",\"dateModified\":\"2022-05-24T14:09:49+00:00\",\"mainEntityOfPage\":{\"@id\":\"https:\/\/www.africa-press.net\/angola\/all-news\/president-of-senegal-starts-visit-to-angola-on-tuesday\"},\"wordCount\":257,\"commentCount\":0,\"image\":{\"@id\":\"https:\/\/www.africa-press.net\/angola\/all-news\/president-of-senegal-starts-visit-to-angola-on-tuesday#primaryimage\"},\"thumbnailUrl\":\"https:\/\/static.africa-press.net\/angola\/sites\/65\/2022\/05\/img-628ce714ad05c.jpg\",\"keywords\":[\"Africa Press\",\"Africa Press-Angola\",\"Angola\"],\"articleSection\":[\"all news\",\"homepage-english\",\"policy\",\"twitter\"],\"inLanguage\":\"en-US\",\"potentialAction\":[{\"@type\":\"CommentAction\",\"name\":\"Comment\",\"target\":[\"https:\/\/www.africa-press.net\/angola\/all-news\/president-of-senegal-starts-visit-to-angola-on-tuesday#respond\"]}]},{\"@type\":\"WebPage\",\"@id\":\"https:\/\/www.africa-press.net\/angola\/all-news\/president-of-senegal-starts-visit-to-angola-on-tuesday\",\"url\":\"https:\/\/www.africa-press.net\/angola\/all-news\/president-of-senegal-starts-visit-to-angola-on-tuesday\",\"name\":\"President of Senegal starts visit to Angola on Tuesday - Angola\",\"isPartOf\":{\"@id\":\"https:\/\/www.africa-press.net\/angola\/#website\"},\"primaryImageOfPage\":{\"@id\":\"https:\/\/www.africa-press.net\/angola\/all-news\/president-of-senegal-starts-visit-to-angola-on-tuesday#primaryimage\"},\"image\":{\"@id\":\"https:\/\/www.africa-press.net\/angola\/all-news\/president-of-senegal-starts-visit-to-angola-on-tuesday#primaryimage\"},\"thumbnailUrl\":\"https:\/\/static.africa-press.net\/angola\/sites\/65\/2022\/05\/img-628ce714ad05c.jpg\",\"datePublished\":\"2022-05-24T10:16:33+00:00\",\"dateModified\":\"2022-05-24T14:09:49+00:00\",\"author\":{\"@id\":\"https:\/\/www.africa-press.net\/angola\/#\/schema\/person\/068c7ab4e9634ae78ec5d54ec46598bb\"},\"description\":\"The President of the Republic of Senegal, Macky Sall, started this Tuesday, 24, a 72-hour State visit to Angola, at t ...\",\"breadcrumb\":{\"@id\":\"https:\/\/www.africa-press.net\/angola\/all-news\/president-of-senegal-starts-visit-to-angola-on-tuesday#breadcrumb\"},\"inLanguage\":\"en-US\",\"potentialAction\":[{\"@type\":\"ReadAction\",\"target\":[\"https:\/\/www.africa-press.net\/angola\/all-news\/president-of-senegal-starts-visit-to-angola-on-tuesday\"]}]},{\"@type\":\"ImageObject\",\"inLanguage\":\"en-US\",\"@id\":\"https:\/\/www.africa-press.net\/angola\/all-news\/president-of-senegal-starts-visit-to-angola-on-tuesday#primaryimage\",\"url\":\"https:\/\/static.africa-press.net\/angola\/sites\/65\/2022\/05\/img-628ce714ad05c.jpg\",\"contentUrl\":\"https:\/\/static.africa-press.net\/angola\/sites\/65\/2022\/05\/img-628ce714ad05c.jpg\",\"width\":1280,\"height\":1280,\"caption\":\"President of Senegal starts visit to Angola on Tuesday\"},{\"@type\":\"BreadcrumbList\",\"@id\":\"https:\/\/www.africa-press.net\/angola\/all-news\/president-of-senegal-starts-visit-to-angola-on-tuesday#breadcrumb\",\"itemListElement\":[{\"@type\":\"ListItem\",\"position\":1,\"name\":\"Home\",\"item\":\"https:\/\/www.africa-press.net\/angola\/\"},{\"@type\":\"ListItem\",\"position\":2,\"name\":\"President of Senegal starts visit to Angola on Tuesday\"}]},{\"@type\":\"WebSite\",\"@id\":\"https:\/\/www.africa-press.net\/angola\/#website\",\"url\":\"https:\/\/www.africa-press.net\/angola\/\",\"name\":\"Angola\",\"description\":\"Just another Africa News Agency Sites site\",\"potentialAction\":[{\"@type\":\"SearchAction\",\"target\":{\"@type\":\"EntryPoint\",\"urlTemplate\":\"https:\/\/www.africa-press.net\/angola\/?s={search_term_string}\"},\"query-input\":{\"@type\":\"PropertyValueSpecification\",\"valueRequired\":true,\"valueName\":\"search_term_string\"}}],\"inLanguage\":\"en-US\"},{\"@type\":\"Person\",\"@id\":\"https:\/\/www.africa-press.net\/angola\/#\/schema\/person\/068c7ab4e9634ae78ec5d54ec46598bb\",\"name\":\"cfeditoren\",\"image\":{\"@type\":\"ImageObject\",\"inLanguage\":\"en-US\",\"@id\":\"https:\/\/www.africa-press.net\/angola\/#\/schema\/person\/image\/\",\"url\":\"https:\/\/secure.gravatar.com\/avatar\/7417380fa9e23b5c57fdbfdaf3fdf92ee478f759a084addda5faa3732853e74a?s=96&d=mm&r=g\",\"contentUrl\":\"https:\/\/secure.gravatar.com\/avatar\/7417380fa9e23b5c57fdbfdaf3fdf92ee478f759a084addda5faa3732853e74a?s=96&d=mm&r=g\",\"caption\":\"cfeditoren\"}}]}<\/script>\n<!-- \/ Yoast SEO Premium plugin. -->","yoast_head_json":{"title":"President of Senegal starts visit to Angola on Tuesday - Angola","description":"The President of the Republic of Senegal, Macky Sall, started this Tuesday, 24, a 72-hour State visit to Angola, at t ...","robots":{"index":"index","follow":"follow","max-snippet":"max-snippet:-1","max-image-preview":"max-image-preview:large","max-video-preview":"max-video-preview:-1"},"canonical":"https:\/\/www.africa-press.net\/angola\/all-news\/president-of-senegal-starts-visit-to-angola-on-tuesday","og_locale":"en_US","og_type":"article","og_title":"President of Senegal starts visit to Angola on Tuesday","og_description":"The President of the Republic of Senegal, Macky Sall, started this Tuesday, 24, a 72-hour State visit to Angola, at t ...","og_url":"https:\/\/www.africa-press.net\/angola\/all-news\/president-of-senegal-starts-visit-to-angola-on-tuesday","og_site_name":"Angola","article_publisher":"https:\/\/www.facebook.com\/AfricaPressTunisiaa","article_published_time":"2022-05-24T10:16:33+00:00","article_modified_time":"2022-05-24T14:09:49+00:00","og_image":[{"width":1280,"height":1280,"url":"https:\/\/static.africa-press.net\/angola\/sites\/65\/2022\/05\/img-628ce714ad05c.jpg","type":"image\/jpeg"}],"author":"cfeditoren","twitter_card":"summary_large_image","twitter_misc":{"Written by":"cfeditoren","Est. reading time":"1 minute"},"schema":{"@context":"https:\/\/schema.org","@graph":[{"@type":"Article","@id":"https:\/\/www.africa-press.net\/angola\/all-news\/president-of-senegal-starts-visit-to-angola-on-tuesday#article","isPartOf":{"@id":"https:\/\/www.africa-press.net\/angola\/all-news\/president-of-senegal-starts-visit-to-angola-on-tuesday"},"author":{"name":"cfeditoren","@id":"https:\/\/www.africa-press.net\/angola\/#\/schema\/person\/068c7ab4e9634ae78ec5d54ec46598bb"},"headline":"President of Senegal starts visit to Angola on Tuesday","datePublished":"2022-05-24T10:16:33+00:00","dateModified":"2022-05-24T14:09:49+00:00","mainEntityOfPage":{"@id":"https:\/\/www.africa-press.net\/angola\/all-news\/president-of-senegal-starts-visit-to-angola-on-tuesday"},"wordCount":257,"commentCount":0,"image":{"@id":"https:\/\/www.africa-press.net\/angola\/all-news\/president-of-senegal-starts-visit-to-angola-on-tuesday#primaryimage"},"thumbnailUrl":"https:\/\/static.africa-press.net\/angola\/sites\/65\/2022\/05\/img-628ce714ad05c.jpg","keywords":["Africa Press","Africa Press-Angola","Angola"],"articleSection":["all news","homepage-english","policy","twitter"],"inLanguage":"en-US","potentialAction":[{"@type":"CommentAction","name":"Comment","target":["https:\/\/www.africa-press.net\/angola\/all-news\/president-of-senegal-starts-visit-to-angola-on-tuesday#respond"]}]},{"@type":"WebPage","@id":"https:\/\/www.africa-press.net\/angola\/all-news\/president-of-senegal-starts-visit-to-angola-on-tuesday","url":"https:\/\/www.africa-press.net\/angola\/all-news\/president-of-senegal-starts-visit-to-angola-on-tuesday","name":"President of Senegal starts visit to Angola on Tuesday - Angola","isPartOf":{"@id":"https:\/\/www.africa-press.net\/angola\/#website"},"primaryImageOfPage":{"@id":"https:\/\/www.africa-press.net\/angola\/all-news\/president-of-senegal-starts-visit-to-angola-on-tuesday#primaryimage"},"image":{"@id":"https:\/\/www.africa-press.net\/angola\/all-news\/president-of-senegal-starts-visit-to-angola-on-tuesday#primaryimage"},"thumbnailUrl":"https:\/\/static.africa-press.net\/angola\/sites\/65\/2022\/05\/img-628ce714ad05c.jpg","datePublished":"2022-05-24T10:16:33+00:00","dateModified":"2022-05-24T14:09:49+00:00","author":{"@id":"https:\/\/www.africa-press.net\/angola\/#\/schema\/person\/068c7ab4e9634ae78ec5d54ec46598bb"},"description":"The President of the Republic of Senegal, Macky Sall, started this Tuesday, 24, a 72-hour State visit to Angola, at t ...","breadcrumb":{"@id":"https:\/\/www.africa-press.net\/angola\/all-news\/president-of-senegal-starts-visit-to-angola-on-tuesday#breadcrumb"},"inLanguage":"en-US","potentialAction":[{"@type":"ReadAction","target":["https:\/\/www.africa-press.net\/angola\/all-news\/president-of-senegal-starts-visit-to-angola-on-tuesday"]}]},{"@type":"ImageObject","inLanguage":"en-US","@id":"https:\/\/www.africa-press.net\/angola\/all-news\/president-of-senegal-starts-visit-to-angola-on-tuesday#primaryimage","url":"https:\/\/static.africa-press.net\/angola\/sites\/65\/2022\/05\/img-628ce714ad05c.jpg","contentUrl":"https:\/\/static.africa-press.net\/angola\/sites\/65\/2022\/05\/img-628ce714ad05c.jpg","width":1280,"height":1280,"caption":"President of Senegal starts visit to Angola on Tuesday"},{"@type":"BreadcrumbList","@id":"https:\/\/www.africa-press.net\/angola\/all-news\/president-of-senegal-starts-visit-to-angola-on-tuesday#breadcrumb","itemListElement":[{"@type":"ListItem","position":1,"name":"Home","item":"https:\/\/www.africa-press.net\/angola\/"},{"@type":"ListItem","position":2,"name":"President of Senegal starts visit to Angola on Tuesday"}]},{"@type":"WebSite","@id":"https:\/\/www.africa-press.net\/angola\/#website","url":"https:\/\/www.africa-press.net\/angola\/","name":"Angola","description":"Just another Africa News Agency Sites site","potentialAction":[{"@type":"SearchAction","target":{"@type":"EntryPoint","urlTemplate":"https:\/\/www.africa-press.net\/angola\/?s={search_term_string}"},"query-input":{"@type":"PropertyValueSpecification","valueRequired":true,"valueName":"search_term_string"}}],"inLanguage":"en-US"},{"@type":"Person","@id":"https:\/\/www.africa-press.net\/angola\/#\/schema\/person\/068c7ab4e9634ae78ec5d54ec46598bb","name":"cfeditoren","image":{"@type":"ImageObject","inLanguage":"en-US","@id":"https:\/\/www.africa-press.net\/angola\/#\/schema\/person\/image\/","url":"https:\/\/secure.gravatar.com\/avatar\/7417380fa9e23b5c57fdbfdaf3fdf92ee478f759a084addda5faa3732853e74a?s=96&d=mm&r=g","contentUrl":"https:\/\/secure.gravatar.com\/avatar\/7417380fa9e23b5c57fdbfdaf3fdf92ee478f759a084addda5faa3732853e74a?s=96&d=mm&r=g","caption":"cfeditoren"}}]}},"_links":{"self":[{"href":"https:\/\/www.africa-press.net\/angola\/wp-json\/wp\/v2\/posts\/8585","targetHints":{"allow":["GET"]}}],"collection":[{"href":"https:\/\/www.africa-press.net\/angola\/wp-json\/wp\/v2\/posts"}],"about":[{"href":"https:\/\/www.africa-press.net\/angola\/wp-json\/wp\/v2\/types\/post"}],"author":[{"embeddable":true,"href":"https:\/\/www.africa-press.net\/angola\/wp-json\/wp\/v2\/users\/84"}],"replies":[{"embeddable":true,"href":"https:\/\/www.africa-press.net\/angola\/wp-json\/wp\/v2\/comments?post=8585"}],"version-history":[{"count":0,"href":"https:\/\/www.africa-press.net\/angola\/wp-json\/wp\/v2\/posts\/8585\/revisions"}],"wp:featuredmedia":[{"embeddable":true,"href":"https:\/\/www.africa-press.net\/angola\/wp-json\/wp\/v2\/media\/8584"}],"wp:attachment":[{"href":"https:\/\/www.africa-press.net\/angola\/wp-json\/wp\/v2\/media?parent=8585"}],"wp:term":[{"taxonomy":"category","embeddable":true,"href":"https:\/\/www.africa-press.net\/angola\/wp-json\/wp\/v2\/categories?post=8585"},{"taxonomy":"post_tag","embeddable":true,"href":"https:\/\/www.africa-press.net\/angola\/wp-json\/wp\/v2\/tags?post=8585"}],"curies":[{"name":"wp","href":"https:\/\/api.w.org\/{rel}","templated":true}]}}