{"id":8591,"date":"2022-05-24T10:21:32","date_gmt":"2022-05-24T10:21:32","guid":{"rendered":"https:\/\/www.africa-press.net\/angola\/all-news\/president-of-senegal-begins-visit-to-angola-today"},"modified":"2022-05-24T14:11:07","modified_gmt":"2022-05-24T14:11:07","slug":"president-of-senegal-begins-visit-to-angola-today","status":"publish","type":"post","link":"https:\/\/www.africa-press.net\/angola\/all-news\/president-of-senegal-begins-visit-to-angola-today","title":{"rendered":"President of Senegal begins visit to Angola today"},"content":{"rendered":"<p><span style=\"color: #ff6600\"><strong>Africa-Press &#8211; Angola. <\/strong><\/span><b>The President of the Republic of Senegal, Macky Sall, arrives in the country today, as part of a 72-hour State visit, at the invitation of the Head of State, Jo\u00e3o Louren\u00e7o, encouraged by political and diplomatic ties and the strengthening of bilateral cooperation, dominated by by various legal instruments and agreements in areas of mutual interest.<\/b><\/p>\n<p>The agenda of President Macky Sall, according to the itinerary of the State visit, will have a meeting with the Head of State, Jo\u00e3o Louren\u00e7o, in addition to the laying of a wreath in the sarcophagus of the Founder of the Angolan Nation, Dr. Ant\u00f3nio Agostinho Neto, target of an extensive program of tributes for its centenary. Macky will also address the National Assembly in an extraordinary session.<\/p>\n<p>The Republics of Angola and Senegal have developed important mechanisms in the field of strengthening cooperation, allowing the two States to bring together political, economic and diplomatic lines. In this perspective, the Angolan Minister of Foreign Affairs, T\u00e9te Ant\u00f3nio, paid an official visit to Dakar, capital of Senegal, on the 4th and 5th of August 2021, as a bearer of a message from the Head of State, Jo\u00e3o Louren\u00e7o, to the his Senegalese counterpart, Macky Sall.<\/p>\n<p>On the occasion, the General Agreement on Technical, Scientific and Economic Cooperation, Agreement on the Creation of the Bilateral Commission, Momorando on Political Consultations between the Ministry of Foreign Affairs of Angola and the Ministry of Foreign Affairs and Senegalese Abroad was signed. . The two countries also signed the Agreement on Suppression of Visas in Diplomatic, Official and Service Passports.<\/p>\n<p>These legal instruments, according to a note from the Ministry of Foreign Affairs to which Jornal de Angola had access, reflect the will of the two countries to strengthen existing ties of friendship, fraternity and cooperation, as well as establishing the list of the main means of cooperation.<\/p>\n<p>During the inauguration of the Cape Verdean President, Jos\u00e9 Maria Neves, a bilateral meeting took place between the Head of State, Jo\u00e3o Louren\u00e7o, and his Senegalese counterpart, Macky Sall, with the aim of strengthening cooperation between the two countries.<\/p>\n<p><strong>For More News And Analysis About <a href=\"https:\/\/www.africa-press.net\/angola\">Angola<\/a> Follow <a href=\"https:\/\/www.africa-press.net\/\">Africa-Press<\/a><\/strong><\/p>\n","protected":false},"excerpt":{"rendered":"<p>Africa-Press &#8211; Angola. The President of the Republic of Senegal, Macky Sall, arrives in the country today, as part of a 72-hour State visit, at the invitation of the Head of State, Jo\u00e3o Louren\u00e7o, encouraged by political and diplomatic ties and the strengthening of bilateral cooperation, dominated by by various legal instruments and agreements in [&hellip;]<\/p>\n","protected":false},"author":84,"featured_media":8590,"comment_status":"open","ping_status":"open","sticky":false,"template":"","format":"standard","meta":{"footnotes":""},"categories":[2,7,8,12,16],"tags":[233,337,329],"class_list":["post-8591","post","type-post","status-publish","format-standard","has-post-thumbnail","hentry","category-all-news","category-head-lines","category-homepage-english","category-policy","category-twitter","tag-africa-press","tag-africa-press-angola","tag-angola"],"yoast_head":"<!-- This site is optimized with the Yoast SEO Premium plugin v26.1 (Yoast SEO v27.0) - https:\/\/yoast.com\/product\/yoast-seo-premium-wordpress\/ -->\n<title>President of Senegal begins visit to Angola today - Angola<\/title>\n<meta name=\"description\" content=\"The President of the Republic of Senegal, Macky Sall, arrives in the country today, as part of a 72-hour State visit, ...\" \/>\n<meta name=\"robots\" content=\"index, follow, max-snippet:-1, max-image-preview:large, max-video-preview:-1\" \/>\n<link rel=\"canonical\" href=\"https:\/\/www.africa-press.net\/angola\/all-news\/president-of-senegal-begins-visit-to-angola-today\" \/>\n<meta property=\"og:locale\" content=\"en_US\" \/>\n<meta property=\"og:type\" content=\"article\" \/>\n<meta property=\"og:title\" content=\"President of Senegal begins visit to Angola today\" \/>\n<meta property=\"og:description\" content=\"The President of the Republic of Senegal, Macky Sall, arrives in the country today, as part of a 72-hour State visit, ...\" \/>\n<meta property=\"og:url\" content=\"https:\/\/www.africa-press.net\/angola\/all-news\/president-of-senegal-begins-visit-to-angola-today\" \/>\n<meta property=\"og:site_name\" content=\"Angola\" \/>\n<meta property=\"article:publisher\" content=\"https:\/\/www.facebook.com\/AfricaPressTunisiaa\" \/>\n<meta property=\"article:published_time\" content=\"2022-05-24T10:21:32+00:00\" \/>\n<meta property=\"article:modified_time\" content=\"2022-05-24T14:11:07+00:00\" \/>\n<meta property=\"og:image\" content=\"https:\/\/static.africa-press.net\/angola\/sites\/65\/2022\/05\/img-628ce758178cd.jpg\" \/>\n\t<meta property=\"og:image:width\" content=\"863\" \/>\n\t<meta property=\"og:image:height\" content=\"486\" \/>\n\t<meta property=\"og:image:type\" content=\"image\/jpeg\" \/>\n<meta name=\"author\" content=\"cfeditoren\" \/>\n<meta name=\"twitter:card\" content=\"summary_large_image\" \/>\n<meta name=\"twitter:label1\" content=\"Written by\" \/>\n\t<meta name=\"twitter:data1\" content=\"cfeditoren\" \/>\n\t<meta name=\"twitter:label2\" content=\"Est. reading time\" \/>\n\t<meta name=\"twitter:data2\" content=\"2 minutes\" \/>\n<script type=\"application\/ld+json\" class=\"yoast-schema-graph\">{\"@context\":\"https:\/\/schema.org\",\"@graph\":[{\"@type\":\"Article\",\"@id\":\"https:\/\/www.africa-press.net\/angola\/all-news\/president-of-senegal-begins-visit-to-angola-today#article\",\"isPartOf\":{\"@id\":\"https:\/\/www.africa-press.net\/angola\/all-news\/president-of-senegal-begins-visit-to-angola-today\"},\"author\":{\"name\":\"cfeditoren\",\"@id\":\"https:\/\/www.africa-press.net\/angola\/#\/schema\/person\/068c7ab4e9634ae78ec5d54ec46598bb\"},\"headline\":\"President of Senegal begins visit to Angola today\",\"datePublished\":\"2022-05-24T10:21:32+00:00\",\"dateModified\":\"2022-05-24T14:11:07+00:00\",\"mainEntityOfPage\":{\"@id\":\"https:\/\/www.africa-press.net\/angola\/all-news\/president-of-senegal-begins-visit-to-angola-today\"},\"wordCount\":377,\"commentCount\":0,\"image\":{\"@id\":\"https:\/\/www.africa-press.net\/angola\/all-news\/president-of-senegal-begins-visit-to-angola-today#primaryimage\"},\"thumbnailUrl\":\"https:\/\/static.africa-press.net\/angola\/sites\/65\/2022\/05\/img-628ce758178cd.jpg\",\"keywords\":[\"Africa Press\",\"Africa Press-Angola\",\"Angola\"],\"articleSection\":[\"all news\",\"head lines\",\"homepage-english\",\"policy\",\"twitter\"],\"inLanguage\":\"en-US\",\"potentialAction\":[{\"@type\":\"CommentAction\",\"name\":\"Comment\",\"target\":[\"https:\/\/www.africa-press.net\/angola\/all-news\/president-of-senegal-begins-visit-to-angola-today#respond\"]}]},{\"@type\":\"WebPage\",\"@id\":\"https:\/\/www.africa-press.net\/angola\/all-news\/president-of-senegal-begins-visit-to-angola-today\",\"url\":\"https:\/\/www.africa-press.net\/angola\/all-news\/president-of-senegal-begins-visit-to-angola-today\",\"name\":\"President of Senegal begins visit to Angola today - Angola\",\"isPartOf\":{\"@id\":\"https:\/\/www.africa-press.net\/angola\/#website\"},\"primaryImageOfPage\":{\"@id\":\"https:\/\/www.africa-press.net\/angola\/all-news\/president-of-senegal-begins-visit-to-angola-today#primaryimage\"},\"image\":{\"@id\":\"https:\/\/www.africa-press.net\/angola\/all-news\/president-of-senegal-begins-visit-to-angola-today#primaryimage\"},\"thumbnailUrl\":\"https:\/\/static.africa-press.net\/angola\/sites\/65\/2022\/05\/img-628ce758178cd.jpg\",\"datePublished\":\"2022-05-24T10:21:32+00:00\",\"dateModified\":\"2022-05-24T14:11:07+00:00\",\"author\":{\"@id\":\"https:\/\/www.africa-press.net\/angola\/#\/schema\/person\/068c7ab4e9634ae78ec5d54ec46598bb\"},\"description\":\"The President of the Republic of Senegal, Macky Sall, arrives in the country today, as part of a 72-hour State visit, ...\",\"breadcrumb\":{\"@id\":\"https:\/\/www.africa-press.net\/angola\/all-news\/president-of-senegal-begins-visit-to-angola-today#breadcrumb\"},\"inLanguage\":\"en-US\",\"potentialAction\":[{\"@type\":\"ReadAction\",\"target\":[\"https:\/\/www.africa-press.net\/angola\/all-news\/president-of-senegal-begins-visit-to-angola-today\"]}]},{\"@type\":\"ImageObject\",\"inLanguage\":\"en-US\",\"@id\":\"https:\/\/www.africa-press.net\/angola\/all-news\/president-of-senegal-begins-visit-to-angola-today#primaryimage\",\"url\":\"https:\/\/static.africa-press.net\/angola\/sites\/65\/2022\/05\/img-628ce758178cd.jpg\",\"contentUrl\":\"https:\/\/static.africa-press.net\/angola\/sites\/65\/2022\/05\/img-628ce758178cd.jpg\",\"width\":863,\"height\":486,\"caption\":\"President of Senegal begins visit to Angola today\"},{\"@type\":\"BreadcrumbList\",\"@id\":\"https:\/\/www.africa-press.net\/angola\/all-news\/president-of-senegal-begins-visit-to-angola-today#breadcrumb\",\"itemListElement\":[{\"@type\":\"ListItem\",\"position\":1,\"name\":\"Home\",\"item\":\"https:\/\/www.africa-press.net\/angola\/\"},{\"@type\":\"ListItem\",\"position\":2,\"name\":\"President of Senegal begins visit to Angola today\"}]},{\"@type\":\"WebSite\",\"@id\":\"https:\/\/www.africa-press.net\/angola\/#website\",\"url\":\"https:\/\/www.africa-press.net\/angola\/\",\"name\":\"Angola\",\"description\":\"Just another Africa News Agency Sites site\",\"potentialAction\":[{\"@type\":\"SearchAction\",\"target\":{\"@type\":\"EntryPoint\",\"urlTemplate\":\"https:\/\/www.africa-press.net\/angola\/?s={search_term_string}\"},\"query-input\":{\"@type\":\"PropertyValueSpecification\",\"valueRequired\":true,\"valueName\":\"search_term_string\"}}],\"inLanguage\":\"en-US\"},{\"@type\":\"Person\",\"@id\":\"https:\/\/www.africa-press.net\/angola\/#\/schema\/person\/068c7ab4e9634ae78ec5d54ec46598bb\",\"name\":\"cfeditoren\",\"image\":{\"@type\":\"ImageObject\",\"inLanguage\":\"en-US\",\"@id\":\"https:\/\/www.africa-press.net\/angola\/#\/schema\/person\/image\/\",\"url\":\"https:\/\/secure.gravatar.com\/avatar\/7417380fa9e23b5c57fdbfdaf3fdf92ee478f759a084addda5faa3732853e74a?s=96&d=mm&r=g\",\"contentUrl\":\"https:\/\/secure.gravatar.com\/avatar\/7417380fa9e23b5c57fdbfdaf3fdf92ee478f759a084addda5faa3732853e74a?s=96&d=mm&r=g\",\"caption\":\"cfeditoren\"}}]}<\/script>\n<!-- \/ Yoast SEO Premium plugin. -->","yoast_head_json":{"title":"President of Senegal begins visit to Angola today - Angola","description":"The President of the Republic of Senegal, Macky Sall, arrives in the country today, as part of a 72-hour State visit, ...","robots":{"index":"index","follow":"follow","max-snippet":"max-snippet:-1","max-image-preview":"max-image-preview:large","max-video-preview":"max-video-preview:-1"},"canonical":"https:\/\/www.africa-press.net\/angola\/all-news\/president-of-senegal-begins-visit-to-angola-today","og_locale":"en_US","og_type":"article","og_title":"President of Senegal begins visit to Angola today","og_description":"The President of the Republic of Senegal, Macky Sall, arrives in the country today, as part of a 72-hour State visit, ...","og_url":"https:\/\/www.africa-press.net\/angola\/all-news\/president-of-senegal-begins-visit-to-angola-today","og_site_name":"Angola","article_publisher":"https:\/\/www.facebook.com\/AfricaPressTunisiaa","article_published_time":"2022-05-24T10:21:32+00:00","article_modified_time":"2022-05-24T14:11:07+00:00","og_image":[{"width":863,"height":486,"url":"https:\/\/static.africa-press.net\/angola\/sites\/65\/2022\/05\/img-628ce758178cd.jpg","type":"image\/jpeg"}],"author":"cfeditoren","twitter_card":"summary_large_image","twitter_misc":{"Written by":"cfeditoren","Est. reading time":"2 minutes"},"schema":{"@context":"https:\/\/schema.org","@graph":[{"@type":"Article","@id":"https:\/\/www.africa-press.net\/angola\/all-news\/president-of-senegal-begins-visit-to-angola-today#article","isPartOf":{"@id":"https:\/\/www.africa-press.net\/angola\/all-news\/president-of-senegal-begins-visit-to-angola-today"},"author":{"name":"cfeditoren","@id":"https:\/\/www.africa-press.net\/angola\/#\/schema\/person\/068c7ab4e9634ae78ec5d54ec46598bb"},"headline":"President of Senegal begins visit to Angola today","datePublished":"2022-05-24T10:21:32+00:00","dateModified":"2022-05-24T14:11:07+00:00","mainEntityOfPage":{"@id":"https:\/\/www.africa-press.net\/angola\/all-news\/president-of-senegal-begins-visit-to-angola-today"},"wordCount":377,"commentCount":0,"image":{"@id":"https:\/\/www.africa-press.net\/angola\/all-news\/president-of-senegal-begins-visit-to-angola-today#primaryimage"},"thumbnailUrl":"https:\/\/static.africa-press.net\/angola\/sites\/65\/2022\/05\/img-628ce758178cd.jpg","keywords":["Africa Press","Africa Press-Angola","Angola"],"articleSection":["all news","head lines","homepage-english","policy","twitter"],"inLanguage":"en-US","potentialAction":[{"@type":"CommentAction","name":"Comment","target":["https:\/\/www.africa-press.net\/angola\/all-news\/president-of-senegal-begins-visit-to-angola-today#respond"]}]},{"@type":"WebPage","@id":"https:\/\/www.africa-press.net\/angola\/all-news\/president-of-senegal-begins-visit-to-angola-today","url":"https:\/\/www.africa-press.net\/angola\/all-news\/president-of-senegal-begins-visit-to-angola-today","name":"President of Senegal begins visit to Angola today - Angola","isPartOf":{"@id":"https:\/\/www.africa-press.net\/angola\/#website"},"primaryImageOfPage":{"@id":"https:\/\/www.africa-press.net\/angola\/all-news\/president-of-senegal-begins-visit-to-angola-today#primaryimage"},"image":{"@id":"https:\/\/www.africa-press.net\/angola\/all-news\/president-of-senegal-begins-visit-to-angola-today#primaryimage"},"thumbnailUrl":"https:\/\/static.africa-press.net\/angola\/sites\/65\/2022\/05\/img-628ce758178cd.jpg","datePublished":"2022-05-24T10:21:32+00:00","dateModified":"2022-05-24T14:11:07+00:00","author":{"@id":"https:\/\/www.africa-press.net\/angola\/#\/schema\/person\/068c7ab4e9634ae78ec5d54ec46598bb"},"description":"The President of the Republic of Senegal, Macky Sall, arrives in the country today, as part of a 72-hour State visit, ...","breadcrumb":{"@id":"https:\/\/www.africa-press.net\/angola\/all-news\/president-of-senegal-begins-visit-to-angola-today#breadcrumb"},"inLanguage":"en-US","potentialAction":[{"@type":"ReadAction","target":["https:\/\/www.africa-press.net\/angola\/all-news\/president-of-senegal-begins-visit-to-angola-today"]}]},{"@type":"ImageObject","inLanguage":"en-US","@id":"https:\/\/www.africa-press.net\/angola\/all-news\/president-of-senegal-begins-visit-to-angola-today#primaryimage","url":"https:\/\/static.africa-press.net\/angola\/sites\/65\/2022\/05\/img-628ce758178cd.jpg","contentUrl":"https:\/\/static.africa-press.net\/angola\/sites\/65\/2022\/05\/img-628ce758178cd.jpg","width":863,"height":486,"caption":"President of Senegal begins visit to Angola today"},{"@type":"BreadcrumbList","@id":"https:\/\/www.africa-press.net\/angola\/all-news\/president-of-senegal-begins-visit-to-angola-today#breadcrumb","itemListElement":[{"@type":"ListItem","position":1,"name":"Home","item":"https:\/\/www.africa-press.net\/angola\/"},{"@type":"ListItem","position":2,"name":"President of Senegal begins visit to Angola today"}]},{"@type":"WebSite","@id":"https:\/\/www.africa-press.net\/angola\/#website","url":"https:\/\/www.africa-press.net\/angola\/","name":"Angola","description":"Just another Africa News Agency Sites site","potentialAction":[{"@type":"SearchAction","target":{"@type":"EntryPoint","urlTemplate":"https:\/\/www.africa-press.net\/angola\/?s={search_term_string}"},"query-input":{"@type":"PropertyValueSpecification","valueRequired":true,"valueName":"search_term_string"}}],"inLanguage":"en-US"},{"@type":"Person","@id":"https:\/\/www.africa-press.net\/angola\/#\/schema\/person\/068c7ab4e9634ae78ec5d54ec46598bb","name":"cfeditoren","image":{"@type":"ImageObject","inLanguage":"en-US","@id":"https:\/\/www.africa-press.net\/angola\/#\/schema\/person\/image\/","url":"https:\/\/secure.gravatar.com\/avatar\/7417380fa9e23b5c57fdbfdaf3fdf92ee478f759a084addda5faa3732853e74a?s=96&d=mm&r=g","contentUrl":"https:\/\/secure.gravatar.com\/avatar\/7417380fa9e23b5c57fdbfdaf3fdf92ee478f759a084addda5faa3732853e74a?s=96&d=mm&r=g","caption":"cfeditoren"}}]}},"_links":{"self":[{"href":"https:\/\/www.africa-press.net\/angola\/wp-json\/wp\/v2\/posts\/8591","targetHints":{"allow":["GET"]}}],"collection":[{"href":"https:\/\/www.africa-press.net\/angola\/wp-json\/wp\/v2\/posts"}],"about":[{"href":"https:\/\/www.africa-press.net\/angola\/wp-json\/wp\/v2\/types\/post"}],"author":[{"embeddable":true,"href":"https:\/\/www.africa-press.net\/angola\/wp-json\/wp\/v2\/users\/84"}],"replies":[{"embeddable":true,"href":"https:\/\/www.africa-press.net\/angola\/wp-json\/wp\/v2\/comments?post=8591"}],"version-history":[{"count":0,"href":"https:\/\/www.africa-press.net\/angola\/wp-json\/wp\/v2\/posts\/8591\/revisions"}],"wp:featuredmedia":[{"embeddable":true,"href":"https:\/\/www.africa-press.net\/angola\/wp-json\/wp\/v2\/media\/8590"}],"wp:attachment":[{"href":"https:\/\/www.africa-press.net\/angola\/wp-json\/wp\/v2\/media?parent=8591"}],"wp:term":[{"taxonomy":"category","embeddable":true,"href":"https:\/\/www.africa-press.net\/angola\/wp-json\/wp\/v2\/categories?post=8591"},{"taxonomy":"post_tag","embeddable":true,"href":"https:\/\/www.africa-press.net\/angola\/wp-json\/wp\/v2\/tags?post=8591"}],"curies":[{"name":"wp","href":"https:\/\/api.w.org\/{rel}","templated":true}]}}