{"id":8782,"date":"2022-05-27T21:47:59","date_gmt":"2022-05-27T21:47:59","guid":{"rendered":"https:\/\/www.africa-press.net\/angola\/?p=8782"},"modified":"2022-05-27T19:56:52","modified_gmt":"2022-05-27T19:56:52","slug":"president-joao-lourenco-leads-au-summit-sessions","status":"publish","type":"post","link":"https:\/\/www.africa-press.net\/angola\/all-news\/president-joao-lourenco-leads-au-summit-sessions","title":{"rendered":"President Jo\u00e3o Louren\u00e7o leads AU Summit sessions"},"content":{"rendered":"<p><span style=\"color: #ff6600\"><strong>Africa-Press &#8211; Angola. <\/strong><\/span><b>The President of the Republic, Jo\u00e3o Louren\u00e7o, will lead the working sessions of the Extraordinary Summit on Humanitarian Issues and the Donor Conference, which takes place in Malabo, Equatorial Guinea.<\/b><\/p>\n<p>The Angolan statesman assumes the role of one of the vice-presidents of the Bureau of the Assembly of Heads of State and Government of the AU, due to the unavailability of Libya.<\/p>\n<p><strong>For More News And Analysis About <a href=\"https:\/\/www.africa-press.net\/angola\">Angola<\/a> Follow <a href=\"https:\/\/www.africa-press.net\/\">Africa-Press<\/a><\/strong><\/p>\n","protected":false},"excerpt":{"rendered":"<p>Africa-Press &#8211; Angola. The President of the Republic, Jo\u00e3o Louren\u00e7o, will lead the working sessions of the Extraordinary Summit on Humanitarian Issues and the Donor Conference, which takes place in Malabo, Equatorial Guinea. The Angolan statesman assumes the role of one of the vice-presidents of the Bureau of the Assembly of Heads of State and [&hellip;]<\/p>\n","protected":false},"author":84,"featured_media":8781,"comment_status":"open","ping_status":"open","sticky":false,"template":"","format":"standard","meta":{"footnotes":""},"categories":[2,7,8,12,16],"tags":[233,337,329],"class_list":["post-8782","post","type-post","status-publish","format-standard","has-post-thumbnail","hentry","category-all-news","category-head-lines","category-homepage-english","category-policy","category-twitter","tag-africa-press","tag-africa-press-angola","tag-angola"],"yoast_head":"<!-- This site is optimized with the Yoast SEO Premium plugin v26.1 (Yoast SEO v27.0) - https:\/\/yoast.com\/product\/yoast-seo-premium-wordpress\/ -->\n<title>President Jo\u00e3o Louren\u00e7o leads AU Summit sessions - Angola<\/title>\n<meta name=\"description\" content=\"The President of the Republic, Jo\u00e3o Louren\u00e7o, will lead the working sessions of the Extraordinary Summit on Humanitar ...\" \/>\n<meta name=\"robots\" content=\"index, follow, max-snippet:-1, max-image-preview:large, max-video-preview:-1\" \/>\n<link rel=\"canonical\" href=\"https:\/\/www.africa-press.net\/angola\/all-news\/president-joao-lourenco-leads-au-summit-sessions\" \/>\n<meta property=\"og:locale\" content=\"en_US\" \/>\n<meta property=\"og:type\" content=\"article\" \/>\n<meta property=\"og:title\" content=\"President Jo\u00e3o Louren\u00e7o leads AU Summit sessions\" \/>\n<meta property=\"og:description\" content=\"The President of the Republic, Jo\u00e3o Louren\u00e7o, will lead the working sessions of the Extraordinary Summit on Humanitar ...\" \/>\n<meta property=\"og:url\" content=\"https:\/\/www.africa-press.net\/angola\/all-news\/president-joao-lourenco-leads-au-summit-sessions\" \/>\n<meta property=\"og:site_name\" content=\"Angola\" \/>\n<meta property=\"article:publisher\" content=\"https:\/\/www.facebook.com\/AfricaPressTunisiaa\" \/>\n<meta property=\"article:published_time\" content=\"2022-05-27T21:47:59+00:00\" \/>\n<meta property=\"og:image\" content=\"https:\/\/static.africa-press.net\/angola\/sites\/65\/2022\/05\/img-62912ce842760.jpg\" \/>\n\t<meta property=\"og:image:width\" content=\"620\" \/>\n\t<meta property=\"og:image:height\" content=\"413\" \/>\n\t<meta property=\"og:image:type\" content=\"image\/jpeg\" \/>\n<meta name=\"author\" content=\"cfeditoren\" \/>\n<meta name=\"twitter:card\" content=\"summary_large_image\" \/>\n<meta name=\"twitter:label1\" content=\"Written by\" \/>\n\t<meta name=\"twitter:data1\" content=\"cfeditoren\" \/>\n<script type=\"application\/ld+json\" class=\"yoast-schema-graph\">{\"@context\":\"https:\/\/schema.org\",\"@graph\":[{\"@type\":\"Article\",\"@id\":\"https:\/\/www.africa-press.net\/angola\/all-news\/president-joao-lourenco-leads-au-summit-sessions#article\",\"isPartOf\":{\"@id\":\"https:\/\/www.africa-press.net\/angola\/all-news\/president-joao-lourenco-leads-au-summit-sessions\"},\"author\":{\"name\":\"cfeditoren\",\"@id\":\"https:\/\/www.africa-press.net\/angola\/#\/schema\/person\/068c7ab4e9634ae78ec5d54ec46598bb\"},\"headline\":\"President Jo\u00e3o Louren\u00e7o leads AU Summit sessions\",\"datePublished\":\"2022-05-27T21:47:59+00:00\",\"mainEntityOfPage\":{\"@id\":\"https:\/\/www.africa-press.net\/angola\/all-news\/president-joao-lourenco-leads-au-summit-sessions\"},\"wordCount\":85,\"commentCount\":0,\"image\":{\"@id\":\"https:\/\/www.africa-press.net\/angola\/all-news\/president-joao-lourenco-leads-au-summit-sessions#primaryimage\"},\"thumbnailUrl\":\"https:\/\/static.africa-press.net\/angola\/sites\/65\/2022\/05\/img-62912ce842760.jpg\",\"keywords\":[\"Africa Press\",\"Africa Press-Angola\",\"Angola\"],\"articleSection\":[\"all news\",\"head lines\",\"homepage-english\",\"policy\",\"twitter\"],\"inLanguage\":\"en-US\",\"potentialAction\":[{\"@type\":\"CommentAction\",\"name\":\"Comment\",\"target\":[\"https:\/\/www.africa-press.net\/angola\/all-news\/president-joao-lourenco-leads-au-summit-sessions#respond\"]}]},{\"@type\":\"WebPage\",\"@id\":\"https:\/\/www.africa-press.net\/angola\/all-news\/president-joao-lourenco-leads-au-summit-sessions\",\"url\":\"https:\/\/www.africa-press.net\/angola\/all-news\/president-joao-lourenco-leads-au-summit-sessions\",\"name\":\"President Jo\u00e3o Louren\u00e7o leads AU Summit sessions - Angola\",\"isPartOf\":{\"@id\":\"https:\/\/www.africa-press.net\/angola\/#website\"},\"primaryImageOfPage\":{\"@id\":\"https:\/\/www.africa-press.net\/angola\/all-news\/president-joao-lourenco-leads-au-summit-sessions#primaryimage\"},\"image\":{\"@id\":\"https:\/\/www.africa-press.net\/angola\/all-news\/president-joao-lourenco-leads-au-summit-sessions#primaryimage\"},\"thumbnailUrl\":\"https:\/\/static.africa-press.net\/angola\/sites\/65\/2022\/05\/img-62912ce842760.jpg\",\"datePublished\":\"2022-05-27T21:47:59+00:00\",\"author\":{\"@id\":\"https:\/\/www.africa-press.net\/angola\/#\/schema\/person\/068c7ab4e9634ae78ec5d54ec46598bb\"},\"description\":\"The President of the Republic, Jo\u00e3o Louren\u00e7o, will lead the working sessions of the Extraordinary Summit on Humanitar ...\",\"breadcrumb\":{\"@id\":\"https:\/\/www.africa-press.net\/angola\/all-news\/president-joao-lourenco-leads-au-summit-sessions#breadcrumb\"},\"inLanguage\":\"en-US\",\"potentialAction\":[{\"@type\":\"ReadAction\",\"target\":[\"https:\/\/www.africa-press.net\/angola\/all-news\/president-joao-lourenco-leads-au-summit-sessions\"]}]},{\"@type\":\"ImageObject\",\"inLanguage\":\"en-US\",\"@id\":\"https:\/\/www.africa-press.net\/angola\/all-news\/president-joao-lourenco-leads-au-summit-sessions#primaryimage\",\"url\":\"https:\/\/static.africa-press.net\/angola\/sites\/65\/2022\/05\/img-62912ce842760.jpg\",\"contentUrl\":\"https:\/\/static.africa-press.net\/angola\/sites\/65\/2022\/05\/img-62912ce842760.jpg\",\"width\":620,\"height\":413,\"caption\":\"President Jo\u00e3o Louren\u00e7o leads AU Summit sessions\"},{\"@type\":\"BreadcrumbList\",\"@id\":\"https:\/\/www.africa-press.net\/angola\/all-news\/president-joao-lourenco-leads-au-summit-sessions#breadcrumb\",\"itemListElement\":[{\"@type\":\"ListItem\",\"position\":1,\"name\":\"Home\",\"item\":\"https:\/\/www.africa-press.net\/angola\/\"},{\"@type\":\"ListItem\",\"position\":2,\"name\":\"President Jo\u00e3o Louren\u00e7o leads AU Summit sessions\"}]},{\"@type\":\"WebSite\",\"@id\":\"https:\/\/www.africa-press.net\/angola\/#website\",\"url\":\"https:\/\/www.africa-press.net\/angola\/\",\"name\":\"Angola\",\"description\":\"Just another Africa News Agency Sites site\",\"potentialAction\":[{\"@type\":\"SearchAction\",\"target\":{\"@type\":\"EntryPoint\",\"urlTemplate\":\"https:\/\/www.africa-press.net\/angola\/?s={search_term_string}\"},\"query-input\":{\"@type\":\"PropertyValueSpecification\",\"valueRequired\":true,\"valueName\":\"search_term_string\"}}],\"inLanguage\":\"en-US\"},{\"@type\":\"Person\",\"@id\":\"https:\/\/www.africa-press.net\/angola\/#\/schema\/person\/068c7ab4e9634ae78ec5d54ec46598bb\",\"name\":\"cfeditoren\",\"image\":{\"@type\":\"ImageObject\",\"inLanguage\":\"en-US\",\"@id\":\"https:\/\/www.africa-press.net\/angola\/#\/schema\/person\/image\/\",\"url\":\"https:\/\/secure.gravatar.com\/avatar\/7417380fa9e23b5c57fdbfdaf3fdf92ee478f759a084addda5faa3732853e74a?s=96&d=mm&r=g\",\"contentUrl\":\"https:\/\/secure.gravatar.com\/avatar\/7417380fa9e23b5c57fdbfdaf3fdf92ee478f759a084addda5faa3732853e74a?s=96&d=mm&r=g\",\"caption\":\"cfeditoren\"}}]}<\/script>\n<!-- \/ Yoast SEO Premium plugin. -->","yoast_head_json":{"title":"President Jo\u00e3o Louren\u00e7o leads AU Summit sessions - Angola","description":"The President of the Republic, Jo\u00e3o Louren\u00e7o, will lead the working sessions of the Extraordinary Summit on Humanitar ...","robots":{"index":"index","follow":"follow","max-snippet":"max-snippet:-1","max-image-preview":"max-image-preview:large","max-video-preview":"max-video-preview:-1"},"canonical":"https:\/\/www.africa-press.net\/angola\/all-news\/president-joao-lourenco-leads-au-summit-sessions","og_locale":"en_US","og_type":"article","og_title":"President Jo\u00e3o Louren\u00e7o leads AU Summit sessions","og_description":"The President of the Republic, Jo\u00e3o Louren\u00e7o, will lead the working sessions of the Extraordinary Summit on Humanitar ...","og_url":"https:\/\/www.africa-press.net\/angola\/all-news\/president-joao-lourenco-leads-au-summit-sessions","og_site_name":"Angola","article_publisher":"https:\/\/www.facebook.com\/AfricaPressTunisiaa","article_published_time":"2022-05-27T21:47:59+00:00","og_image":[{"width":620,"height":413,"url":"https:\/\/static.africa-press.net\/angola\/sites\/65\/2022\/05\/img-62912ce842760.jpg","type":"image\/jpeg"}],"author":"cfeditoren","twitter_card":"summary_large_image","twitter_misc":{"Written by":"cfeditoren"},"schema":{"@context":"https:\/\/schema.org","@graph":[{"@type":"Article","@id":"https:\/\/www.africa-press.net\/angola\/all-news\/president-joao-lourenco-leads-au-summit-sessions#article","isPartOf":{"@id":"https:\/\/www.africa-press.net\/angola\/all-news\/president-joao-lourenco-leads-au-summit-sessions"},"author":{"name":"cfeditoren","@id":"https:\/\/www.africa-press.net\/angola\/#\/schema\/person\/068c7ab4e9634ae78ec5d54ec46598bb"},"headline":"President Jo\u00e3o Louren\u00e7o leads AU Summit sessions","datePublished":"2022-05-27T21:47:59+00:00","mainEntityOfPage":{"@id":"https:\/\/www.africa-press.net\/angola\/all-news\/president-joao-lourenco-leads-au-summit-sessions"},"wordCount":85,"commentCount":0,"image":{"@id":"https:\/\/www.africa-press.net\/angola\/all-news\/president-joao-lourenco-leads-au-summit-sessions#primaryimage"},"thumbnailUrl":"https:\/\/static.africa-press.net\/angola\/sites\/65\/2022\/05\/img-62912ce842760.jpg","keywords":["Africa Press","Africa Press-Angola","Angola"],"articleSection":["all news","head lines","homepage-english","policy","twitter"],"inLanguage":"en-US","potentialAction":[{"@type":"CommentAction","name":"Comment","target":["https:\/\/www.africa-press.net\/angola\/all-news\/president-joao-lourenco-leads-au-summit-sessions#respond"]}]},{"@type":"WebPage","@id":"https:\/\/www.africa-press.net\/angola\/all-news\/president-joao-lourenco-leads-au-summit-sessions","url":"https:\/\/www.africa-press.net\/angola\/all-news\/president-joao-lourenco-leads-au-summit-sessions","name":"President Jo\u00e3o Louren\u00e7o leads AU Summit sessions - Angola","isPartOf":{"@id":"https:\/\/www.africa-press.net\/angola\/#website"},"primaryImageOfPage":{"@id":"https:\/\/www.africa-press.net\/angola\/all-news\/president-joao-lourenco-leads-au-summit-sessions#primaryimage"},"image":{"@id":"https:\/\/www.africa-press.net\/angola\/all-news\/president-joao-lourenco-leads-au-summit-sessions#primaryimage"},"thumbnailUrl":"https:\/\/static.africa-press.net\/angola\/sites\/65\/2022\/05\/img-62912ce842760.jpg","datePublished":"2022-05-27T21:47:59+00:00","author":{"@id":"https:\/\/www.africa-press.net\/angola\/#\/schema\/person\/068c7ab4e9634ae78ec5d54ec46598bb"},"description":"The President of the Republic, Jo\u00e3o Louren\u00e7o, will lead the working sessions of the Extraordinary Summit on Humanitar ...","breadcrumb":{"@id":"https:\/\/www.africa-press.net\/angola\/all-news\/president-joao-lourenco-leads-au-summit-sessions#breadcrumb"},"inLanguage":"en-US","potentialAction":[{"@type":"ReadAction","target":["https:\/\/www.africa-press.net\/angola\/all-news\/president-joao-lourenco-leads-au-summit-sessions"]}]},{"@type":"ImageObject","inLanguage":"en-US","@id":"https:\/\/www.africa-press.net\/angola\/all-news\/president-joao-lourenco-leads-au-summit-sessions#primaryimage","url":"https:\/\/static.africa-press.net\/angola\/sites\/65\/2022\/05\/img-62912ce842760.jpg","contentUrl":"https:\/\/static.africa-press.net\/angola\/sites\/65\/2022\/05\/img-62912ce842760.jpg","width":620,"height":413,"caption":"President Jo\u00e3o Louren\u00e7o leads AU Summit sessions"},{"@type":"BreadcrumbList","@id":"https:\/\/www.africa-press.net\/angola\/all-news\/president-joao-lourenco-leads-au-summit-sessions#breadcrumb","itemListElement":[{"@type":"ListItem","position":1,"name":"Home","item":"https:\/\/www.africa-press.net\/angola\/"},{"@type":"ListItem","position":2,"name":"President Jo\u00e3o Louren\u00e7o leads AU Summit sessions"}]},{"@type":"WebSite","@id":"https:\/\/www.africa-press.net\/angola\/#website","url":"https:\/\/www.africa-press.net\/angola\/","name":"Angola","description":"Just another Africa News Agency Sites site","potentialAction":[{"@type":"SearchAction","target":{"@type":"EntryPoint","urlTemplate":"https:\/\/www.africa-press.net\/angola\/?s={search_term_string}"},"query-input":{"@type":"PropertyValueSpecification","valueRequired":true,"valueName":"search_term_string"}}],"inLanguage":"en-US"},{"@type":"Person","@id":"https:\/\/www.africa-press.net\/angola\/#\/schema\/person\/068c7ab4e9634ae78ec5d54ec46598bb","name":"cfeditoren","image":{"@type":"ImageObject","inLanguage":"en-US","@id":"https:\/\/www.africa-press.net\/angola\/#\/schema\/person\/image\/","url":"https:\/\/secure.gravatar.com\/avatar\/7417380fa9e23b5c57fdbfdaf3fdf92ee478f759a084addda5faa3732853e74a?s=96&d=mm&r=g","contentUrl":"https:\/\/secure.gravatar.com\/avatar\/7417380fa9e23b5c57fdbfdaf3fdf92ee478f759a084addda5faa3732853e74a?s=96&d=mm&r=g","caption":"cfeditoren"}}]}},"_links":{"self":[{"href":"https:\/\/www.africa-press.net\/angola\/wp-json\/wp\/v2\/posts\/8782","targetHints":{"allow":["GET"]}}],"collection":[{"href":"https:\/\/www.africa-press.net\/angola\/wp-json\/wp\/v2\/posts"}],"about":[{"href":"https:\/\/www.africa-press.net\/angola\/wp-json\/wp\/v2\/types\/post"}],"author":[{"embeddable":true,"href":"https:\/\/www.africa-press.net\/angola\/wp-json\/wp\/v2\/users\/84"}],"replies":[{"embeddable":true,"href":"https:\/\/www.africa-press.net\/angola\/wp-json\/wp\/v2\/comments?post=8782"}],"version-history":[{"count":0,"href":"https:\/\/www.africa-press.net\/angola\/wp-json\/wp\/v2\/posts\/8782\/revisions"}],"wp:featuredmedia":[{"embeddable":true,"href":"https:\/\/www.africa-press.net\/angola\/wp-json\/wp\/v2\/media\/8781"}],"wp:attachment":[{"href":"https:\/\/www.africa-press.net\/angola\/wp-json\/wp\/v2\/media?parent=8782"}],"wp:term":[{"taxonomy":"category","embeddable":true,"href":"https:\/\/www.africa-press.net\/angola\/wp-json\/wp\/v2\/categories?post=8782"},{"taxonomy":"post_tag","embeddable":true,"href":"https:\/\/www.africa-press.net\/angola\/wp-json\/wp\/v2\/tags?post=8782"}],"curies":[{"name":"wp","href":"https:\/\/api.w.org\/{rel}","templated":true}]}}