{"id":8892,"date":"2022-05-30T10:20:27","date_gmt":"2022-05-30T10:20:27","guid":{"rendered":"https:\/\/www.africa-press.net\/angola\/all-news\/angola-and-sao-tome-and-principe-analyze-bilateral-cooperation"},"modified":"2022-05-30T19:19:07","modified_gmt":"2022-05-30T19:19:07","slug":"angola-and-sao-tome-and-principe-analyze-bilateral-cooperation","status":"publish","type":"post","link":"https:\/\/www.africa-press.net\/angola\/all-news\/angola-and-sao-tome-and-principe-analyze-bilateral-cooperation","title":{"rendered":"Angola and S\u00e3o Tom\u00e9 and Pr\u00edncipe analyze bilateral cooperation"},"content":{"rendered":"<p><span style=\"color: #ff6600\"><strong>Africa-Press &#8211; Angola. <\/strong><\/span><b>The republics of Angola and S\u00e3o Tom\u00e9 and Pr\u00edncipe hold the Eighth Session of the Bilateral Commission on Monday, during which several legal instruments will be signed with a view to strengthening and expanding cooperation in different areas of common interest.<\/b><\/p>\n<p>For this mission, the Minister of Foreign Affairs, T\u00e9te Ant\u00f3nio, who heads the multisectoral delegation from Angola, arrived yesterday in S\u00e3o Tom\u00e9 and Pr\u00edncipe, after having participated in Malabo (Equatorial Guinea) in the Extraordinary Summit of Heads of State and Government of African Union on Terrorism and Unconstitutional Changes of Government in Africa.<\/p>\n<p>Upon arrival, T\u00e9te Ant\u00f3nio received a warm welcome from Edite Ramos da Costa Ten Jua, Minister of Foreign Affairs, Cooperation and Communities of the Republic of S\u00e3o Tom\u00e9 and Pr\u00edncipe, in addition to the Reception Committee integrated, among others, by Domingos Cust\u00f3dio Vieira Lopes , Secretary of State for International Cooperation and Angolan Communities Abroad and the Angolan ambassador to S\u00e3o Tom\u00e9 and Pr\u00edncipe, Joaquim Pombo.<\/p>\n<p>To integrate the Angolan multisectoral delegation, Jo\u00e3o Ernesto dos Santos &#8220;Liberdade&#8221;, Minister of National Defense and Homeland Veterans, senior officials from the Ministries of Foreign Affairs, Interior, Finance, Transport, Public Works and Spatial Planning, Economy and Planning, Culture, Tourism and Environment, Mineral and Petroleum Resources, Telecommunications, Information and Social Communication Technologies and Agriculture and Fisheries.<\/p>\n<p>Angola and S\u00e3o Tom\u00e9 and Pr\u00edncipe formalized cooperation in February 1978, through the General Agreement on Friendship and Cooperation, and the Bilateral Joint Commission, created in January 1980.<\/p>\n<p><strong>For More News And Analysis About <a href=\"https:\/\/www.africa-press.net\/angola\">Angola<\/a> Follow <a href=\"https:\/\/www.africa-press.net\/\">Africa-Press<\/a><\/strong><\/p>\n","protected":false},"excerpt":{"rendered":"<p>Africa-Press &#8211; Angola. The republics of Angola and S\u00e3o Tom\u00e9 and Pr\u00edncipe hold the Eighth Session of the Bilateral Commission on Monday, during which several legal instruments will be signed with a view to strengthening and expanding cooperation in different areas of common interest. For this mission, the Minister of Foreign Affairs, T\u00e9te Ant\u00f3nio, who [&hellip;]<\/p>\n","protected":false},"author":84,"featured_media":8891,"comment_status":"open","ping_status":"open","sticky":false,"template":"","format":"standard","meta":{"footnotes":""},"categories":[2,8,12,16],"tags":[233,337,329],"class_list":["post-8892","post","type-post","status-publish","format-standard","has-post-thumbnail","hentry","category-all-news","category-homepage-english","category-policy","category-twitter","tag-africa-press","tag-africa-press-angola","tag-angola"],"yoast_head":"<!-- This site is optimized with the Yoast SEO Premium plugin v26.1 (Yoast SEO v27.0) - https:\/\/yoast.com\/product\/yoast-seo-premium-wordpress\/ -->\n<title>Angola and S\u00e3o Tom\u00e9 and Pr\u00edncipe analyze bilateral cooperation - Angola<\/title>\n<meta name=\"description\" content=\"The republics of Angola and S\u00e3o Tom\u00e9 and Pr\u00edncipe hold the Eighth Session of the Bilateral Commission on Monday, duri ...\" \/>\n<meta name=\"robots\" content=\"index, follow, max-snippet:-1, max-image-preview:large, max-video-preview:-1\" \/>\n<link rel=\"canonical\" href=\"https:\/\/www.africa-press.net\/angola\/all-news\/angola-and-sao-tome-and-principe-analyze-bilateral-cooperation\" \/>\n<meta property=\"og:locale\" content=\"en_US\" \/>\n<meta property=\"og:type\" content=\"article\" \/>\n<meta property=\"og:title\" content=\"Angola and S\u00e3o Tom\u00e9 and Pr\u00edncipe analyze bilateral cooperation\" \/>\n<meta property=\"og:description\" content=\"The republics of Angola and S\u00e3o Tom\u00e9 and Pr\u00edncipe hold the Eighth Session of the Bilateral Commission on Monday, duri ...\" \/>\n<meta property=\"og:url\" content=\"https:\/\/www.africa-press.net\/angola\/all-news\/angola-and-sao-tome-and-principe-analyze-bilateral-cooperation\" \/>\n<meta property=\"og:site_name\" content=\"Angola\" \/>\n<meta property=\"article:publisher\" content=\"https:\/\/www.facebook.com\/AfricaPressTunisiaa\" \/>\n<meta property=\"article:published_time\" content=\"2022-05-30T10:20:27+00:00\" \/>\n<meta property=\"article:modified_time\" content=\"2022-05-30T19:19:07+00:00\" \/>\n<meta property=\"og:image\" content=\"https:\/\/static.africa-press.net\/angola\/sites\/65\/2022\/05\/img-6295188fd7773.jpg\" \/>\n\t<meta property=\"og:image:width\" content=\"620\" \/>\n\t<meta property=\"og:image:height\" content=\"465\" \/>\n\t<meta property=\"og:image:type\" content=\"image\/jpeg\" \/>\n<meta name=\"author\" content=\"cfeditoren\" \/>\n<meta name=\"twitter:card\" content=\"summary_large_image\" \/>\n<meta name=\"twitter:label1\" content=\"Written by\" \/>\n\t<meta name=\"twitter:data1\" content=\"cfeditoren\" \/>\n\t<meta name=\"twitter:label2\" content=\"Est. reading time\" \/>\n\t<meta name=\"twitter:data2\" content=\"1 minute\" \/>\n<script type=\"application\/ld+json\" class=\"yoast-schema-graph\">{\"@context\":\"https:\/\/schema.org\",\"@graph\":[{\"@type\":\"Article\",\"@id\":\"https:\/\/www.africa-press.net\/angola\/all-news\/angola-and-sao-tome-and-principe-analyze-bilateral-cooperation#article\",\"isPartOf\":{\"@id\":\"https:\/\/www.africa-press.net\/angola\/all-news\/angola-and-sao-tome-and-principe-analyze-bilateral-cooperation\"},\"author\":{\"name\":\"cfeditoren\",\"@id\":\"https:\/\/www.africa-press.net\/angola\/#\/schema\/person\/068c7ab4e9634ae78ec5d54ec46598bb\"},\"headline\":\"Angola and S\u00e3o Tom\u00e9 and Pr\u00edncipe analyze bilateral cooperation\",\"datePublished\":\"2022-05-30T10:20:27+00:00\",\"dateModified\":\"2022-05-30T19:19:07+00:00\",\"mainEntityOfPage\":{\"@id\":\"https:\/\/www.africa-press.net\/angola\/all-news\/angola-and-sao-tome-and-principe-analyze-bilateral-cooperation\"},\"wordCount\":279,\"commentCount\":0,\"image\":{\"@id\":\"https:\/\/www.africa-press.net\/angola\/all-news\/angola-and-sao-tome-and-principe-analyze-bilateral-cooperation#primaryimage\"},\"thumbnailUrl\":\"https:\/\/static.africa-press.net\/angola\/sites\/65\/2022\/05\/img-6295188fd7773.jpg\",\"keywords\":[\"Africa Press\",\"Africa Press-Angola\",\"Angola\"],\"articleSection\":[\"all news\",\"homepage-english\",\"policy\",\"twitter\"],\"inLanguage\":\"en-US\",\"potentialAction\":[{\"@type\":\"CommentAction\",\"name\":\"Comment\",\"target\":[\"https:\/\/www.africa-press.net\/angola\/all-news\/angola-and-sao-tome-and-principe-analyze-bilateral-cooperation#respond\"]}]},{\"@type\":\"WebPage\",\"@id\":\"https:\/\/www.africa-press.net\/angola\/all-news\/angola-and-sao-tome-and-principe-analyze-bilateral-cooperation\",\"url\":\"https:\/\/www.africa-press.net\/angola\/all-news\/angola-and-sao-tome-and-principe-analyze-bilateral-cooperation\",\"name\":\"Angola and S\u00e3o Tom\u00e9 and Pr\u00edncipe analyze bilateral cooperation - Angola\",\"isPartOf\":{\"@id\":\"https:\/\/www.africa-press.net\/angola\/#website\"},\"primaryImageOfPage\":{\"@id\":\"https:\/\/www.africa-press.net\/angola\/all-news\/angola-and-sao-tome-and-principe-analyze-bilateral-cooperation#primaryimage\"},\"image\":{\"@id\":\"https:\/\/www.africa-press.net\/angola\/all-news\/angola-and-sao-tome-and-principe-analyze-bilateral-cooperation#primaryimage\"},\"thumbnailUrl\":\"https:\/\/static.africa-press.net\/angola\/sites\/65\/2022\/05\/img-6295188fd7773.jpg\",\"datePublished\":\"2022-05-30T10:20:27+00:00\",\"dateModified\":\"2022-05-30T19:19:07+00:00\",\"author\":{\"@id\":\"https:\/\/www.africa-press.net\/angola\/#\/schema\/person\/068c7ab4e9634ae78ec5d54ec46598bb\"},\"description\":\"The republics of Angola and S\u00e3o Tom\u00e9 and Pr\u00edncipe hold the Eighth Session of the Bilateral Commission on Monday, duri ...\",\"breadcrumb\":{\"@id\":\"https:\/\/www.africa-press.net\/angola\/all-news\/angola-and-sao-tome-and-principe-analyze-bilateral-cooperation#breadcrumb\"},\"inLanguage\":\"en-US\",\"potentialAction\":[{\"@type\":\"ReadAction\",\"target\":[\"https:\/\/www.africa-press.net\/angola\/all-news\/angola-and-sao-tome-and-principe-analyze-bilateral-cooperation\"]}]},{\"@type\":\"ImageObject\",\"inLanguage\":\"en-US\",\"@id\":\"https:\/\/www.africa-press.net\/angola\/all-news\/angola-and-sao-tome-and-principe-analyze-bilateral-cooperation#primaryimage\",\"url\":\"https:\/\/static.africa-press.net\/angola\/sites\/65\/2022\/05\/img-6295188fd7773.jpg\",\"contentUrl\":\"https:\/\/static.africa-press.net\/angola\/sites\/65\/2022\/05\/img-6295188fd7773.jpg\",\"width\":620,\"height\":465,\"caption\":\"Angola and S\u00e3o Tom\u00e9 and Pr\u00edncipe analyze bilateral cooperation\"},{\"@type\":\"BreadcrumbList\",\"@id\":\"https:\/\/www.africa-press.net\/angola\/all-news\/angola-and-sao-tome-and-principe-analyze-bilateral-cooperation#breadcrumb\",\"itemListElement\":[{\"@type\":\"ListItem\",\"position\":1,\"name\":\"Home\",\"item\":\"https:\/\/www.africa-press.net\/angola\/\"},{\"@type\":\"ListItem\",\"position\":2,\"name\":\"Angola and S\u00e3o Tom\u00e9 and Pr\u00edncipe analyze bilateral cooperation\"}]},{\"@type\":\"WebSite\",\"@id\":\"https:\/\/www.africa-press.net\/angola\/#website\",\"url\":\"https:\/\/www.africa-press.net\/angola\/\",\"name\":\"Angola\",\"description\":\"Just another Africa News Agency Sites site\",\"potentialAction\":[{\"@type\":\"SearchAction\",\"target\":{\"@type\":\"EntryPoint\",\"urlTemplate\":\"https:\/\/www.africa-press.net\/angola\/?s={search_term_string}\"},\"query-input\":{\"@type\":\"PropertyValueSpecification\",\"valueRequired\":true,\"valueName\":\"search_term_string\"}}],\"inLanguage\":\"en-US\"},{\"@type\":\"Person\",\"@id\":\"https:\/\/www.africa-press.net\/angola\/#\/schema\/person\/068c7ab4e9634ae78ec5d54ec46598bb\",\"name\":\"cfeditoren\",\"image\":{\"@type\":\"ImageObject\",\"inLanguage\":\"en-US\",\"@id\":\"https:\/\/www.africa-press.net\/angola\/#\/schema\/person\/image\/\",\"url\":\"https:\/\/secure.gravatar.com\/avatar\/7417380fa9e23b5c57fdbfdaf3fdf92ee478f759a084addda5faa3732853e74a?s=96&d=mm&r=g\",\"contentUrl\":\"https:\/\/secure.gravatar.com\/avatar\/7417380fa9e23b5c57fdbfdaf3fdf92ee478f759a084addda5faa3732853e74a?s=96&d=mm&r=g\",\"caption\":\"cfeditoren\"}}]}<\/script>\n<!-- \/ Yoast SEO Premium plugin. -->","yoast_head_json":{"title":"Angola and S\u00e3o Tom\u00e9 and Pr\u00edncipe analyze bilateral cooperation - Angola","description":"The republics of Angola and S\u00e3o Tom\u00e9 and Pr\u00edncipe hold the Eighth Session of the Bilateral Commission on Monday, duri ...","robots":{"index":"index","follow":"follow","max-snippet":"max-snippet:-1","max-image-preview":"max-image-preview:large","max-video-preview":"max-video-preview:-1"},"canonical":"https:\/\/www.africa-press.net\/angola\/all-news\/angola-and-sao-tome-and-principe-analyze-bilateral-cooperation","og_locale":"en_US","og_type":"article","og_title":"Angola and S\u00e3o Tom\u00e9 and Pr\u00edncipe analyze bilateral cooperation","og_description":"The republics of Angola and S\u00e3o Tom\u00e9 and Pr\u00edncipe hold the Eighth Session of the Bilateral Commission on Monday, duri ...","og_url":"https:\/\/www.africa-press.net\/angola\/all-news\/angola-and-sao-tome-and-principe-analyze-bilateral-cooperation","og_site_name":"Angola","article_publisher":"https:\/\/www.facebook.com\/AfricaPressTunisiaa","article_published_time":"2022-05-30T10:20:27+00:00","article_modified_time":"2022-05-30T19:19:07+00:00","og_image":[{"width":620,"height":465,"url":"https:\/\/static.africa-press.net\/angola\/sites\/65\/2022\/05\/img-6295188fd7773.jpg","type":"image\/jpeg"}],"author":"cfeditoren","twitter_card":"summary_large_image","twitter_misc":{"Written by":"cfeditoren","Est. reading time":"1 minute"},"schema":{"@context":"https:\/\/schema.org","@graph":[{"@type":"Article","@id":"https:\/\/www.africa-press.net\/angola\/all-news\/angola-and-sao-tome-and-principe-analyze-bilateral-cooperation#article","isPartOf":{"@id":"https:\/\/www.africa-press.net\/angola\/all-news\/angola-and-sao-tome-and-principe-analyze-bilateral-cooperation"},"author":{"name":"cfeditoren","@id":"https:\/\/www.africa-press.net\/angola\/#\/schema\/person\/068c7ab4e9634ae78ec5d54ec46598bb"},"headline":"Angola and S\u00e3o Tom\u00e9 and Pr\u00edncipe analyze bilateral cooperation","datePublished":"2022-05-30T10:20:27+00:00","dateModified":"2022-05-30T19:19:07+00:00","mainEntityOfPage":{"@id":"https:\/\/www.africa-press.net\/angola\/all-news\/angola-and-sao-tome-and-principe-analyze-bilateral-cooperation"},"wordCount":279,"commentCount":0,"image":{"@id":"https:\/\/www.africa-press.net\/angola\/all-news\/angola-and-sao-tome-and-principe-analyze-bilateral-cooperation#primaryimage"},"thumbnailUrl":"https:\/\/static.africa-press.net\/angola\/sites\/65\/2022\/05\/img-6295188fd7773.jpg","keywords":["Africa Press","Africa Press-Angola","Angola"],"articleSection":["all news","homepage-english","policy","twitter"],"inLanguage":"en-US","potentialAction":[{"@type":"CommentAction","name":"Comment","target":["https:\/\/www.africa-press.net\/angola\/all-news\/angola-and-sao-tome-and-principe-analyze-bilateral-cooperation#respond"]}]},{"@type":"WebPage","@id":"https:\/\/www.africa-press.net\/angola\/all-news\/angola-and-sao-tome-and-principe-analyze-bilateral-cooperation","url":"https:\/\/www.africa-press.net\/angola\/all-news\/angola-and-sao-tome-and-principe-analyze-bilateral-cooperation","name":"Angola and S\u00e3o Tom\u00e9 and Pr\u00edncipe analyze bilateral cooperation - Angola","isPartOf":{"@id":"https:\/\/www.africa-press.net\/angola\/#website"},"primaryImageOfPage":{"@id":"https:\/\/www.africa-press.net\/angola\/all-news\/angola-and-sao-tome-and-principe-analyze-bilateral-cooperation#primaryimage"},"image":{"@id":"https:\/\/www.africa-press.net\/angola\/all-news\/angola-and-sao-tome-and-principe-analyze-bilateral-cooperation#primaryimage"},"thumbnailUrl":"https:\/\/static.africa-press.net\/angola\/sites\/65\/2022\/05\/img-6295188fd7773.jpg","datePublished":"2022-05-30T10:20:27+00:00","dateModified":"2022-05-30T19:19:07+00:00","author":{"@id":"https:\/\/www.africa-press.net\/angola\/#\/schema\/person\/068c7ab4e9634ae78ec5d54ec46598bb"},"description":"The republics of Angola and S\u00e3o Tom\u00e9 and Pr\u00edncipe hold the Eighth Session of the Bilateral Commission on Monday, duri ...","breadcrumb":{"@id":"https:\/\/www.africa-press.net\/angola\/all-news\/angola-and-sao-tome-and-principe-analyze-bilateral-cooperation#breadcrumb"},"inLanguage":"en-US","potentialAction":[{"@type":"ReadAction","target":["https:\/\/www.africa-press.net\/angola\/all-news\/angola-and-sao-tome-and-principe-analyze-bilateral-cooperation"]}]},{"@type":"ImageObject","inLanguage":"en-US","@id":"https:\/\/www.africa-press.net\/angola\/all-news\/angola-and-sao-tome-and-principe-analyze-bilateral-cooperation#primaryimage","url":"https:\/\/static.africa-press.net\/angola\/sites\/65\/2022\/05\/img-6295188fd7773.jpg","contentUrl":"https:\/\/static.africa-press.net\/angola\/sites\/65\/2022\/05\/img-6295188fd7773.jpg","width":620,"height":465,"caption":"Angola and S\u00e3o Tom\u00e9 and Pr\u00edncipe analyze bilateral cooperation"},{"@type":"BreadcrumbList","@id":"https:\/\/www.africa-press.net\/angola\/all-news\/angola-and-sao-tome-and-principe-analyze-bilateral-cooperation#breadcrumb","itemListElement":[{"@type":"ListItem","position":1,"name":"Home","item":"https:\/\/www.africa-press.net\/angola\/"},{"@type":"ListItem","position":2,"name":"Angola and S\u00e3o Tom\u00e9 and Pr\u00edncipe analyze bilateral cooperation"}]},{"@type":"WebSite","@id":"https:\/\/www.africa-press.net\/angola\/#website","url":"https:\/\/www.africa-press.net\/angola\/","name":"Angola","description":"Just another Africa News Agency Sites site","potentialAction":[{"@type":"SearchAction","target":{"@type":"EntryPoint","urlTemplate":"https:\/\/www.africa-press.net\/angola\/?s={search_term_string}"},"query-input":{"@type":"PropertyValueSpecification","valueRequired":true,"valueName":"search_term_string"}}],"inLanguage":"en-US"},{"@type":"Person","@id":"https:\/\/www.africa-press.net\/angola\/#\/schema\/person\/068c7ab4e9634ae78ec5d54ec46598bb","name":"cfeditoren","image":{"@type":"ImageObject","inLanguage":"en-US","@id":"https:\/\/www.africa-press.net\/angola\/#\/schema\/person\/image\/","url":"https:\/\/secure.gravatar.com\/avatar\/7417380fa9e23b5c57fdbfdaf3fdf92ee478f759a084addda5faa3732853e74a?s=96&d=mm&r=g","contentUrl":"https:\/\/secure.gravatar.com\/avatar\/7417380fa9e23b5c57fdbfdaf3fdf92ee478f759a084addda5faa3732853e74a?s=96&d=mm&r=g","caption":"cfeditoren"}}]}},"_links":{"self":[{"href":"https:\/\/www.africa-press.net\/angola\/wp-json\/wp\/v2\/posts\/8892","targetHints":{"allow":["GET"]}}],"collection":[{"href":"https:\/\/www.africa-press.net\/angola\/wp-json\/wp\/v2\/posts"}],"about":[{"href":"https:\/\/www.africa-press.net\/angola\/wp-json\/wp\/v2\/types\/post"}],"author":[{"embeddable":true,"href":"https:\/\/www.africa-press.net\/angola\/wp-json\/wp\/v2\/users\/84"}],"replies":[{"embeddable":true,"href":"https:\/\/www.africa-press.net\/angola\/wp-json\/wp\/v2\/comments?post=8892"}],"version-history":[{"count":0,"href":"https:\/\/www.africa-press.net\/angola\/wp-json\/wp\/v2\/posts\/8892\/revisions"}],"wp:featuredmedia":[{"embeddable":true,"href":"https:\/\/www.africa-press.net\/angola\/wp-json\/wp\/v2\/media\/8891"}],"wp:attachment":[{"href":"https:\/\/www.africa-press.net\/angola\/wp-json\/wp\/v2\/media?parent=8892"}],"wp:term":[{"taxonomy":"category","embeddable":true,"href":"https:\/\/www.africa-press.net\/angola\/wp-json\/wp\/v2\/categories?post=8892"},{"taxonomy":"post_tag","embeddable":true,"href":"https:\/\/www.africa-press.net\/angola\/wp-json\/wp\/v2\/tags?post=8892"}],"curies":[{"name":"wp","href":"https:\/\/api.w.org\/{rel}","templated":true}]}}