{"id":8934,"date":"2022-05-30T17:29:32","date_gmt":"2022-05-30T17:29:32","guid":{"rendered":"https:\/\/www.africa-press.net\/angola\/all-news\/minister-tete-antonio-highlights-the-importance-of-cooperation-with-sao-tome-and-principe"},"modified":"2022-05-30T20:03:37","modified_gmt":"2022-05-30T20:03:37","slug":"minister-tete-antonio-highlights-the-importance-of-cooperation-with-sao-tome-and-principe","status":"publish","type":"post","link":"https:\/\/www.africa-press.net\/angola\/all-news\/minister-tete-antonio-highlights-the-importance-of-cooperation-with-sao-tome-and-principe","title":{"rendered":"Minister Tet\u00e9 Ant\u00f3nio highlights the importance of cooperation with S\u00e3o Tom\u00e9 and Pr\u00edncipe"},"content":{"rendered":"<p><span style=\"color: #ff6600\"><strong>Africa-Press &#8211; Angola. <\/strong><\/span><b>The Minister of Foreign Affairs, T\u00e9te Ant\u00f3nio, said this Monday that the Angolan Executive considers the promotion, implementation and consolidation of cooperation with the Republic of S\u00e3o Tom\u00e9 and Pr\u00edncipe to be fundamental, the results of which are in line with the aspirations of the two countries. .<\/b><\/p>\n<p>T\u00e9te Ant\u00f3nio, who was speaking in the city of S\u00e3o Tom\u00e9 and Pr\u00edncipe, on the occasion of the Eighth Bilateral Cooperation Commission between Angola and S\u00e3o Tom\u00e9 and Pr\u00edncipe, acknowledged that, over the last 11 years, the two States have experienced numerous changes and challenges, where the its central concerns have been the development of both countries and the well-being of their co-citizens.<\/p>\n<p>According to the minister, the presence of an Angolan multisectoral delegation to S\u00e3o Tom\u00e9 and Pr\u00edncipe corresponds to the will of the two Heads of State, Jo\u00e3o Louren\u00e7o, and Carlos Manuel Vila Nova, to elevate the existing cooperation relations between both countries to the level of excellent relations. personal relationships between the two Leaders.<\/p>\n<p>The head of Angolan diplomacy also clarified that Angola considers as a priority the Political-Diplomatic, Defense, Security and Public Order, Migration, Finance domains; Commerce, Justice and Human Rights, Agriculture, Telecommunications and Information Technologies, Mineral Resources, Oil and Gas, Transport, Tourism, Culture; Promotion of Investments, Education and Staff Training.<\/p>\n<p><strong>For More News And Analysis About <a href=\"https:\/\/www.africa-press.net\/angola\">Angola<\/a> Follow <a href=\"https:\/\/www.africa-press.net\/\">Africa-Press<\/a><\/strong><\/p>\n","protected":false},"excerpt":{"rendered":"<p>Africa-Press &#8211; Angola. The Minister of Foreign Affairs, T\u00e9te Ant\u00f3nio, said this Monday that the Angolan Executive considers the promotion, implementation and consolidation of cooperation with the Republic of S\u00e3o Tom\u00e9 and Pr\u00edncipe to be fundamental, the results of which are in line with the aspirations of the two countries. . T\u00e9te Ant\u00f3nio, who was [&hellip;]<\/p>\n","protected":false},"author":84,"featured_media":8933,"comment_status":"open","ping_status":"open","sticky":false,"template":"","format":"standard","meta":{"footnotes":""},"categories":[2,7,8,12,16],"tags":[233,337,329],"class_list":["post-8934","post","type-post","status-publish","format-standard","has-post-thumbnail","hentry","category-all-news","category-head-lines","category-homepage-english","category-policy","category-twitter","tag-africa-press","tag-africa-press-angola","tag-angola"],"yoast_head":"<!-- This site is optimized with the Yoast SEO Premium plugin v26.1 (Yoast SEO v27.0) - https:\/\/yoast.com\/product\/yoast-seo-premium-wordpress\/ -->\n<title>Minister Tet\u00e9 Ant\u00f3nio highlights the importance of cooperation with S\u00e3o Tom\u00e9 and Pr\u00edncipe - Angola<\/title>\n<meta name=\"description\" content=\"The Minister of Foreign Affairs, T\u00e9te Ant\u00f3nio, said this Monday that the Angolan Executive considers the promotion, i ...\" \/>\n<meta name=\"robots\" content=\"index, follow, max-snippet:-1, max-image-preview:large, max-video-preview:-1\" \/>\n<link rel=\"canonical\" href=\"https:\/\/www.africa-press.net\/angola\/all-news\/minister-tete-antonio-highlights-the-importance-of-cooperation-with-sao-tome-and-principe\" \/>\n<meta property=\"og:locale\" content=\"en_US\" \/>\n<meta property=\"og:type\" content=\"article\" \/>\n<meta property=\"og:title\" content=\"Minister Tet\u00e9 Ant\u00f3nio highlights the importance of cooperation with S\u00e3o Tom\u00e9 and Pr\u00edncipe\" \/>\n<meta property=\"og:description\" content=\"The Minister of Foreign Affairs, T\u00e9te Ant\u00f3nio, said this Monday that the Angolan Executive considers the promotion, i ...\" \/>\n<meta property=\"og:url\" content=\"https:\/\/www.africa-press.net\/angola\/all-news\/minister-tete-antonio-highlights-the-importance-of-cooperation-with-sao-tome-and-principe\" \/>\n<meta property=\"og:site_name\" content=\"Angola\" \/>\n<meta property=\"article:publisher\" content=\"https:\/\/www.facebook.com\/AfricaPressTunisiaa\" \/>\n<meta property=\"article:published_time\" content=\"2022-05-30T17:29:32+00:00\" \/>\n<meta property=\"article:modified_time\" content=\"2022-05-30T20:03:37+00:00\" \/>\n<meta property=\"og:image\" content=\"https:\/\/static.africa-press.net\/angola\/sites\/65\/2022\/05\/img-629522fd9048f.jpg\" \/>\n\t<meta property=\"og:image:width\" content=\"620\" \/>\n\t<meta property=\"og:image:height\" content=\"354\" \/>\n\t<meta property=\"og:image:type\" content=\"image\/jpeg\" \/>\n<meta name=\"author\" content=\"cfeditoren\" \/>\n<meta name=\"twitter:card\" content=\"summary_large_image\" \/>\n<meta name=\"twitter:label1\" content=\"Written by\" \/>\n\t<meta name=\"twitter:data1\" content=\"cfeditoren\" \/>\n\t<meta name=\"twitter:label2\" content=\"Est. reading time\" \/>\n\t<meta name=\"twitter:data2\" content=\"1 minute\" \/>\n<script type=\"application\/ld+json\" class=\"yoast-schema-graph\">{\"@context\":\"https:\/\/schema.org\",\"@graph\":[{\"@type\":\"Article\",\"@id\":\"https:\/\/www.africa-press.net\/angola\/all-news\/minister-tete-antonio-highlights-the-importance-of-cooperation-with-sao-tome-and-principe#article\",\"isPartOf\":{\"@id\":\"https:\/\/www.africa-press.net\/angola\/all-news\/minister-tete-antonio-highlights-the-importance-of-cooperation-with-sao-tome-and-principe\"},\"author\":{\"name\":\"cfeditoren\",\"@id\":\"https:\/\/www.africa-press.net\/angola\/#\/schema\/person\/068c7ab4e9634ae78ec5d54ec46598bb\"},\"headline\":\"Minister Tet\u00e9 Ant\u00f3nio highlights the importance of cooperation with S\u00e3o Tom\u00e9 and Pr\u00edncipe\",\"datePublished\":\"2022-05-30T17:29:32+00:00\",\"dateModified\":\"2022-05-30T20:03:37+00:00\",\"mainEntityOfPage\":{\"@id\":\"https:\/\/www.africa-press.net\/angola\/all-news\/minister-tete-antonio-highlights-the-importance-of-cooperation-with-sao-tome-and-principe\"},\"wordCount\":253,\"commentCount\":0,\"image\":{\"@id\":\"https:\/\/www.africa-press.net\/angola\/all-news\/minister-tete-antonio-highlights-the-importance-of-cooperation-with-sao-tome-and-principe#primaryimage\"},\"thumbnailUrl\":\"https:\/\/static.africa-press.net\/angola\/sites\/65\/2022\/05\/img-629522fd9048f.jpg\",\"keywords\":[\"Africa Press\",\"Africa Press-Angola\",\"Angola\"],\"articleSection\":[\"all news\",\"head lines\",\"homepage-english\",\"policy\",\"twitter\"],\"inLanguage\":\"en-US\",\"potentialAction\":[{\"@type\":\"CommentAction\",\"name\":\"Comment\",\"target\":[\"https:\/\/www.africa-press.net\/angola\/all-news\/minister-tete-antonio-highlights-the-importance-of-cooperation-with-sao-tome-and-principe#respond\"]}]},{\"@type\":\"WebPage\",\"@id\":\"https:\/\/www.africa-press.net\/angola\/all-news\/minister-tete-antonio-highlights-the-importance-of-cooperation-with-sao-tome-and-principe\",\"url\":\"https:\/\/www.africa-press.net\/angola\/all-news\/minister-tete-antonio-highlights-the-importance-of-cooperation-with-sao-tome-and-principe\",\"name\":\"Minister Tet\u00e9 Ant\u00f3nio highlights the importance of cooperation with S\u00e3o Tom\u00e9 and Pr\u00edncipe - Angola\",\"isPartOf\":{\"@id\":\"https:\/\/www.africa-press.net\/angola\/#website\"},\"primaryImageOfPage\":{\"@id\":\"https:\/\/www.africa-press.net\/angola\/all-news\/minister-tete-antonio-highlights-the-importance-of-cooperation-with-sao-tome-and-principe#primaryimage\"},\"image\":{\"@id\":\"https:\/\/www.africa-press.net\/angola\/all-news\/minister-tete-antonio-highlights-the-importance-of-cooperation-with-sao-tome-and-principe#primaryimage\"},\"thumbnailUrl\":\"https:\/\/static.africa-press.net\/angola\/sites\/65\/2022\/05\/img-629522fd9048f.jpg\",\"datePublished\":\"2022-05-30T17:29:32+00:00\",\"dateModified\":\"2022-05-30T20:03:37+00:00\",\"author\":{\"@id\":\"https:\/\/www.africa-press.net\/angola\/#\/schema\/person\/068c7ab4e9634ae78ec5d54ec46598bb\"},\"description\":\"The Minister of Foreign Affairs, T\u00e9te Ant\u00f3nio, said this Monday that the Angolan Executive considers the promotion, i ...\",\"breadcrumb\":{\"@id\":\"https:\/\/www.africa-press.net\/angola\/all-news\/minister-tete-antonio-highlights-the-importance-of-cooperation-with-sao-tome-and-principe#breadcrumb\"},\"inLanguage\":\"en-US\",\"potentialAction\":[{\"@type\":\"ReadAction\",\"target\":[\"https:\/\/www.africa-press.net\/angola\/all-news\/minister-tete-antonio-highlights-the-importance-of-cooperation-with-sao-tome-and-principe\"]}]},{\"@type\":\"ImageObject\",\"inLanguage\":\"en-US\",\"@id\":\"https:\/\/www.africa-press.net\/angola\/all-news\/minister-tete-antonio-highlights-the-importance-of-cooperation-with-sao-tome-and-principe#primaryimage\",\"url\":\"https:\/\/static.africa-press.net\/angola\/sites\/65\/2022\/05\/img-629522fd9048f.jpg\",\"contentUrl\":\"https:\/\/static.africa-press.net\/angola\/sites\/65\/2022\/05\/img-629522fd9048f.jpg\",\"width\":620,\"height\":354,\"caption\":\"Minister Tet\u00e9 Ant\u00f3nio highlights the importance of cooperation with S\u00e3o Tom\u00e9 and Pr\u00edncipe\"},{\"@type\":\"BreadcrumbList\",\"@id\":\"https:\/\/www.africa-press.net\/angola\/all-news\/minister-tete-antonio-highlights-the-importance-of-cooperation-with-sao-tome-and-principe#breadcrumb\",\"itemListElement\":[{\"@type\":\"ListItem\",\"position\":1,\"name\":\"Home\",\"item\":\"https:\/\/www.africa-press.net\/angola\/\"},{\"@type\":\"ListItem\",\"position\":2,\"name\":\"Minister Tet\u00e9 Ant\u00f3nio highlights the importance of cooperation with S\u00e3o Tom\u00e9 and Pr\u00edncipe\"}]},{\"@type\":\"WebSite\",\"@id\":\"https:\/\/www.africa-press.net\/angola\/#website\",\"url\":\"https:\/\/www.africa-press.net\/angola\/\",\"name\":\"Angola\",\"description\":\"Just another Africa News Agency Sites site\",\"potentialAction\":[{\"@type\":\"SearchAction\",\"target\":{\"@type\":\"EntryPoint\",\"urlTemplate\":\"https:\/\/www.africa-press.net\/angola\/?s={search_term_string}\"},\"query-input\":{\"@type\":\"PropertyValueSpecification\",\"valueRequired\":true,\"valueName\":\"search_term_string\"}}],\"inLanguage\":\"en-US\"},{\"@type\":\"Person\",\"@id\":\"https:\/\/www.africa-press.net\/angola\/#\/schema\/person\/068c7ab4e9634ae78ec5d54ec46598bb\",\"name\":\"cfeditoren\",\"image\":{\"@type\":\"ImageObject\",\"inLanguage\":\"en-US\",\"@id\":\"https:\/\/www.africa-press.net\/angola\/#\/schema\/person\/image\/\",\"url\":\"https:\/\/secure.gravatar.com\/avatar\/7417380fa9e23b5c57fdbfdaf3fdf92ee478f759a084addda5faa3732853e74a?s=96&d=mm&r=g\",\"contentUrl\":\"https:\/\/secure.gravatar.com\/avatar\/7417380fa9e23b5c57fdbfdaf3fdf92ee478f759a084addda5faa3732853e74a?s=96&d=mm&r=g\",\"caption\":\"cfeditoren\"}}]}<\/script>\n<!-- \/ Yoast SEO Premium plugin. -->","yoast_head_json":{"title":"Minister Tet\u00e9 Ant\u00f3nio highlights the importance of cooperation with S\u00e3o Tom\u00e9 and Pr\u00edncipe - Angola","description":"The Minister of Foreign Affairs, T\u00e9te Ant\u00f3nio, said this Monday that the Angolan Executive considers the promotion, i ...","robots":{"index":"index","follow":"follow","max-snippet":"max-snippet:-1","max-image-preview":"max-image-preview:large","max-video-preview":"max-video-preview:-1"},"canonical":"https:\/\/www.africa-press.net\/angola\/all-news\/minister-tete-antonio-highlights-the-importance-of-cooperation-with-sao-tome-and-principe","og_locale":"en_US","og_type":"article","og_title":"Minister Tet\u00e9 Ant\u00f3nio highlights the importance of cooperation with S\u00e3o Tom\u00e9 and Pr\u00edncipe","og_description":"The Minister of Foreign Affairs, T\u00e9te Ant\u00f3nio, said this Monday that the Angolan Executive considers the promotion, i ...","og_url":"https:\/\/www.africa-press.net\/angola\/all-news\/minister-tete-antonio-highlights-the-importance-of-cooperation-with-sao-tome-and-principe","og_site_name":"Angola","article_publisher":"https:\/\/www.facebook.com\/AfricaPressTunisiaa","article_published_time":"2022-05-30T17:29:32+00:00","article_modified_time":"2022-05-30T20:03:37+00:00","og_image":[{"width":620,"height":354,"url":"https:\/\/static.africa-press.net\/angola\/sites\/65\/2022\/05\/img-629522fd9048f.jpg","type":"image\/jpeg"}],"author":"cfeditoren","twitter_card":"summary_large_image","twitter_misc":{"Written by":"cfeditoren","Est. reading time":"1 minute"},"schema":{"@context":"https:\/\/schema.org","@graph":[{"@type":"Article","@id":"https:\/\/www.africa-press.net\/angola\/all-news\/minister-tete-antonio-highlights-the-importance-of-cooperation-with-sao-tome-and-principe#article","isPartOf":{"@id":"https:\/\/www.africa-press.net\/angola\/all-news\/minister-tete-antonio-highlights-the-importance-of-cooperation-with-sao-tome-and-principe"},"author":{"name":"cfeditoren","@id":"https:\/\/www.africa-press.net\/angola\/#\/schema\/person\/068c7ab4e9634ae78ec5d54ec46598bb"},"headline":"Minister Tet\u00e9 Ant\u00f3nio highlights the importance of cooperation with S\u00e3o Tom\u00e9 and Pr\u00edncipe","datePublished":"2022-05-30T17:29:32+00:00","dateModified":"2022-05-30T20:03:37+00:00","mainEntityOfPage":{"@id":"https:\/\/www.africa-press.net\/angola\/all-news\/minister-tete-antonio-highlights-the-importance-of-cooperation-with-sao-tome-and-principe"},"wordCount":253,"commentCount":0,"image":{"@id":"https:\/\/www.africa-press.net\/angola\/all-news\/minister-tete-antonio-highlights-the-importance-of-cooperation-with-sao-tome-and-principe#primaryimage"},"thumbnailUrl":"https:\/\/static.africa-press.net\/angola\/sites\/65\/2022\/05\/img-629522fd9048f.jpg","keywords":["Africa Press","Africa Press-Angola","Angola"],"articleSection":["all news","head lines","homepage-english","policy","twitter"],"inLanguage":"en-US","potentialAction":[{"@type":"CommentAction","name":"Comment","target":["https:\/\/www.africa-press.net\/angola\/all-news\/minister-tete-antonio-highlights-the-importance-of-cooperation-with-sao-tome-and-principe#respond"]}]},{"@type":"WebPage","@id":"https:\/\/www.africa-press.net\/angola\/all-news\/minister-tete-antonio-highlights-the-importance-of-cooperation-with-sao-tome-and-principe","url":"https:\/\/www.africa-press.net\/angola\/all-news\/minister-tete-antonio-highlights-the-importance-of-cooperation-with-sao-tome-and-principe","name":"Minister Tet\u00e9 Ant\u00f3nio highlights the importance of cooperation with S\u00e3o Tom\u00e9 and Pr\u00edncipe - Angola","isPartOf":{"@id":"https:\/\/www.africa-press.net\/angola\/#website"},"primaryImageOfPage":{"@id":"https:\/\/www.africa-press.net\/angola\/all-news\/minister-tete-antonio-highlights-the-importance-of-cooperation-with-sao-tome-and-principe#primaryimage"},"image":{"@id":"https:\/\/www.africa-press.net\/angola\/all-news\/minister-tete-antonio-highlights-the-importance-of-cooperation-with-sao-tome-and-principe#primaryimage"},"thumbnailUrl":"https:\/\/static.africa-press.net\/angola\/sites\/65\/2022\/05\/img-629522fd9048f.jpg","datePublished":"2022-05-30T17:29:32+00:00","dateModified":"2022-05-30T20:03:37+00:00","author":{"@id":"https:\/\/www.africa-press.net\/angola\/#\/schema\/person\/068c7ab4e9634ae78ec5d54ec46598bb"},"description":"The Minister of Foreign Affairs, T\u00e9te Ant\u00f3nio, said this Monday that the Angolan Executive considers the promotion, i ...","breadcrumb":{"@id":"https:\/\/www.africa-press.net\/angola\/all-news\/minister-tete-antonio-highlights-the-importance-of-cooperation-with-sao-tome-and-principe#breadcrumb"},"inLanguage":"en-US","potentialAction":[{"@type":"ReadAction","target":["https:\/\/www.africa-press.net\/angola\/all-news\/minister-tete-antonio-highlights-the-importance-of-cooperation-with-sao-tome-and-principe"]}]},{"@type":"ImageObject","inLanguage":"en-US","@id":"https:\/\/www.africa-press.net\/angola\/all-news\/minister-tete-antonio-highlights-the-importance-of-cooperation-with-sao-tome-and-principe#primaryimage","url":"https:\/\/static.africa-press.net\/angola\/sites\/65\/2022\/05\/img-629522fd9048f.jpg","contentUrl":"https:\/\/static.africa-press.net\/angola\/sites\/65\/2022\/05\/img-629522fd9048f.jpg","width":620,"height":354,"caption":"Minister Tet\u00e9 Ant\u00f3nio highlights the importance of cooperation with S\u00e3o Tom\u00e9 and Pr\u00edncipe"},{"@type":"BreadcrumbList","@id":"https:\/\/www.africa-press.net\/angola\/all-news\/minister-tete-antonio-highlights-the-importance-of-cooperation-with-sao-tome-and-principe#breadcrumb","itemListElement":[{"@type":"ListItem","position":1,"name":"Home","item":"https:\/\/www.africa-press.net\/angola\/"},{"@type":"ListItem","position":2,"name":"Minister Tet\u00e9 Ant\u00f3nio highlights the importance of cooperation with S\u00e3o Tom\u00e9 and Pr\u00edncipe"}]},{"@type":"WebSite","@id":"https:\/\/www.africa-press.net\/angola\/#website","url":"https:\/\/www.africa-press.net\/angola\/","name":"Angola","description":"Just another Africa News Agency Sites site","potentialAction":[{"@type":"SearchAction","target":{"@type":"EntryPoint","urlTemplate":"https:\/\/www.africa-press.net\/angola\/?s={search_term_string}"},"query-input":{"@type":"PropertyValueSpecification","valueRequired":true,"valueName":"search_term_string"}}],"inLanguage":"en-US"},{"@type":"Person","@id":"https:\/\/www.africa-press.net\/angola\/#\/schema\/person\/068c7ab4e9634ae78ec5d54ec46598bb","name":"cfeditoren","image":{"@type":"ImageObject","inLanguage":"en-US","@id":"https:\/\/www.africa-press.net\/angola\/#\/schema\/person\/image\/","url":"https:\/\/secure.gravatar.com\/avatar\/7417380fa9e23b5c57fdbfdaf3fdf92ee478f759a084addda5faa3732853e74a?s=96&d=mm&r=g","contentUrl":"https:\/\/secure.gravatar.com\/avatar\/7417380fa9e23b5c57fdbfdaf3fdf92ee478f759a084addda5faa3732853e74a?s=96&d=mm&r=g","caption":"cfeditoren"}}]}},"_links":{"self":[{"href":"https:\/\/www.africa-press.net\/angola\/wp-json\/wp\/v2\/posts\/8934","targetHints":{"allow":["GET"]}}],"collection":[{"href":"https:\/\/www.africa-press.net\/angola\/wp-json\/wp\/v2\/posts"}],"about":[{"href":"https:\/\/www.africa-press.net\/angola\/wp-json\/wp\/v2\/types\/post"}],"author":[{"embeddable":true,"href":"https:\/\/www.africa-press.net\/angola\/wp-json\/wp\/v2\/users\/84"}],"replies":[{"embeddable":true,"href":"https:\/\/www.africa-press.net\/angola\/wp-json\/wp\/v2\/comments?post=8934"}],"version-history":[{"count":0,"href":"https:\/\/www.africa-press.net\/angola\/wp-json\/wp\/v2\/posts\/8934\/revisions"}],"wp:featuredmedia":[{"embeddable":true,"href":"https:\/\/www.africa-press.net\/angola\/wp-json\/wp\/v2\/media\/8933"}],"wp:attachment":[{"href":"https:\/\/www.africa-press.net\/angola\/wp-json\/wp\/v2\/media?parent=8934"}],"wp:term":[{"taxonomy":"category","embeddable":true,"href":"https:\/\/www.africa-press.net\/angola\/wp-json\/wp\/v2\/categories?post=8934"},{"taxonomy":"post_tag","embeddable":true,"href":"https:\/\/www.africa-press.net\/angola\/wp-json\/wp\/v2\/tags?post=8934"}],"curies":[{"name":"wp","href":"https:\/\/api.w.org\/{rel}","templated":true}]}}