{"id":8961,"date":"2022-05-31T11:37:42","date_gmt":"2022-05-31T11:37:42","guid":{"rendered":"https:\/\/www.africa-press.net\/angola\/all-news\/message-from-joao-lourenco-transmitted-to-the-homologue-of-sao-tome-and-principe"},"modified":"2022-05-31T15:08:27","modified_gmt":"2022-05-31T15:08:27","slug":"message-from-joao-lourenco-transmitted-to-the-homologue-of-sao-tome-and-principe","status":"publish","type":"post","link":"https:\/\/www.africa-press.net\/angola\/all-news\/message-from-joao-lourenco-transmitted-to-the-homologue-of-sao-tome-and-principe","title":{"rendered":"Message from Jo\u00e3o Louren\u00e7o transmitted to the homologue of S\u00e3o Tom\u00e9 and Pr\u00edncipe"},"content":{"rendered":"<p><span style=\"color: #ff6600\"><strong>Africa-Press &#8211; Angola. <\/strong><\/span><b>A verbal message from the President of the Republic, Jo\u00e3o Louren\u00e7o, was transmitted this Monday to his counterpart in S\u00e3o Tom\u00e9 and Pr\u00edncipe, His Excellency Carlos Vila Nova, by the Minister of Foreign Affairs, T\u00e9te Ant\u00f3nio.<\/b><\/p>\n<p>The Head of Angolan diplomacy who went to the Presidential Palace of S\u00e3o Tom\u00e9, accompanied by the Minister of National Defense and Veterans of the Homeland, Jo\u00e3o Ernesto dos Santos &#8220;Liberdade&#8221;, the Secretary of State for International Cooperation and Angolan Communities, Domingos Vieira Lopes, and the Ambassador of Angola in S\u00e3o Tom\u00e9 and Pr\u00edncipe, Joaquim Duarte Pombo.<\/p>\n<p>On the occasion, Minister T\u00e9te Ant\u00f3nio, on behalf of the Head of State, Jo\u00e3o Louren\u00e7o, expressed solidarity and feeling of regret at the death of the former S\u00e3o Tom\u00e9 President, Evaristo Carvalho, which took place last Saturday, victim of illness, at the Military Hospital of Lisbon. .<\/p>\n<p>Tet\u00e9 Ant\u00f3nio also explained to the Head of State of S\u00e3o Tom\u00e9 and Pr\u00edncipe about the understandings of the Eighth Session of the Bilateral Commission for Cooperation between Angola and S\u00e3o Tom\u00e9 and Pr\u00edncipe, as well as the signed agreements, as well as pending issues enshrined in the Verbal Process.<\/p>\n<p>On another occasion, the Minister of Foreign Affairs was also received by the Prime Minister and Head of the Government of S\u00e3o Tom\u00e9 and Pr\u00edncipe, Jorge Bom Jesus, who was encouraged by the frank and cordial atmosphere that characterized the talks of the Bilateral Commission between Angola and the your country.<\/p>\n<p><strong>For More News And Analysis About <a href=\"https:\/\/www.africa-press.net\/angola\">Angola<\/a> Follow <a href=\"https:\/\/www.africa-press.net\/\">Africa-Press<\/a><\/strong><\/p>\n","protected":false},"excerpt":{"rendered":"<p>Africa-Press &#8211; Angola. A verbal message from the President of the Republic, Jo\u00e3o Louren\u00e7o, was transmitted this Monday to his counterpart in S\u00e3o Tom\u00e9 and Pr\u00edncipe, His Excellency Carlos Vila Nova, by the Minister of Foreign Affairs, T\u00e9te Ant\u00f3nio. The Head of Angolan diplomacy who went to the Presidential Palace of S\u00e3o Tom\u00e9, accompanied by [&hellip;]<\/p>\n","protected":false},"author":84,"featured_media":8960,"comment_status":"open","ping_status":"open","sticky":false,"template":"","format":"standard","meta":{"footnotes":""},"categories":[2,8,12,16],"tags":[233,337,329],"class_list":["post-8961","post","type-post","status-publish","format-standard","has-post-thumbnail","hentry","category-all-news","category-homepage-english","category-policy","category-twitter","tag-africa-press","tag-africa-press-angola","tag-angola"],"yoast_head":"<!-- This site is optimized with the Yoast SEO Premium plugin v26.1 (Yoast SEO v27.0) - https:\/\/yoast.com\/product\/yoast-seo-premium-wordpress\/ -->\n<title>Message from Jo\u00e3o Louren\u00e7o transmitted to the homologue of S\u00e3o Tom\u00e9 and Pr\u00edncipe - Angola<\/title>\n<meta name=\"description\" content=\"A verbal message from the President of the Republic, Jo\u00e3o Louren\u00e7o, was transmitted this Monday to his counterpart in ...\" \/>\n<meta name=\"robots\" content=\"index, follow, max-snippet:-1, max-image-preview:large, max-video-preview:-1\" \/>\n<link rel=\"canonical\" href=\"https:\/\/www.africa-press.net\/angola\/all-news\/message-from-joao-lourenco-transmitted-to-the-homologue-of-sao-tome-and-principe\" \/>\n<meta property=\"og:locale\" content=\"en_US\" \/>\n<meta property=\"og:type\" content=\"article\" \/>\n<meta property=\"og:title\" content=\"Message from Jo\u00e3o Louren\u00e7o transmitted to the homologue of S\u00e3o Tom\u00e9 and Pr\u00edncipe\" \/>\n<meta property=\"og:description\" content=\"A verbal message from the President of the Republic, Jo\u00e3o Louren\u00e7o, was transmitted this Monday to his counterpart in ...\" \/>\n<meta property=\"og:url\" content=\"https:\/\/www.africa-press.net\/angola\/all-news\/message-from-joao-lourenco-transmitted-to-the-homologue-of-sao-tome-and-principe\" \/>\n<meta property=\"og:site_name\" content=\"Angola\" \/>\n<meta property=\"article:publisher\" content=\"https:\/\/www.facebook.com\/AfricaPressTunisiaa\" \/>\n<meta property=\"article:published_time\" content=\"2022-05-31T11:37:42+00:00\" \/>\n<meta property=\"article:modified_time\" content=\"2022-05-31T15:08:27+00:00\" \/>\n<meta property=\"og:image\" content=\"https:\/\/static.africa-press.net\/angola\/sites\/65\/2022\/05\/img-62962f45d13dc.jpg\" \/>\n\t<meta property=\"og:image:width\" content=\"620\" \/>\n\t<meta property=\"og:image:height\" content=\"355\" \/>\n\t<meta property=\"og:image:type\" content=\"image\/jpeg\" \/>\n<meta name=\"author\" content=\"cfeditoren\" \/>\n<meta name=\"twitter:card\" content=\"summary_large_image\" \/>\n<meta name=\"twitter:label1\" content=\"Written by\" \/>\n\t<meta name=\"twitter:data1\" content=\"cfeditoren\" \/>\n\t<meta name=\"twitter:label2\" content=\"Est. reading time\" \/>\n\t<meta name=\"twitter:data2\" content=\"1 minute\" \/>\n<script type=\"application\/ld+json\" class=\"yoast-schema-graph\">{\"@context\":\"https:\/\/schema.org\",\"@graph\":[{\"@type\":\"Article\",\"@id\":\"https:\/\/www.africa-press.net\/angola\/all-news\/message-from-joao-lourenco-transmitted-to-the-homologue-of-sao-tome-and-principe#article\",\"isPartOf\":{\"@id\":\"https:\/\/www.africa-press.net\/angola\/all-news\/message-from-joao-lourenco-transmitted-to-the-homologue-of-sao-tome-and-principe\"},\"author\":{\"name\":\"cfeditoren\",\"@id\":\"https:\/\/www.africa-press.net\/angola\/#\/schema\/person\/068c7ab4e9634ae78ec5d54ec46598bb\"},\"headline\":\"Message from Jo\u00e3o Louren\u00e7o transmitted to the homologue of S\u00e3o Tom\u00e9 and Pr\u00edncipe\",\"datePublished\":\"2022-05-31T11:37:42+00:00\",\"dateModified\":\"2022-05-31T15:08:27+00:00\",\"mainEntityOfPage\":{\"@id\":\"https:\/\/www.africa-press.net\/angola\/all-news\/message-from-joao-lourenco-transmitted-to-the-homologue-of-sao-tome-and-principe\"},\"wordCount\":291,\"commentCount\":0,\"image\":{\"@id\":\"https:\/\/www.africa-press.net\/angola\/all-news\/message-from-joao-lourenco-transmitted-to-the-homologue-of-sao-tome-and-principe#primaryimage\"},\"thumbnailUrl\":\"https:\/\/static.africa-press.net\/angola\/sites\/65\/2022\/05\/img-62962f45d13dc.jpg\",\"keywords\":[\"Africa Press\",\"Africa Press-Angola\",\"Angola\"],\"articleSection\":[\"all news\",\"homepage-english\",\"policy\",\"twitter\"],\"inLanguage\":\"en-US\",\"potentialAction\":[{\"@type\":\"CommentAction\",\"name\":\"Comment\",\"target\":[\"https:\/\/www.africa-press.net\/angola\/all-news\/message-from-joao-lourenco-transmitted-to-the-homologue-of-sao-tome-and-principe#respond\"]}]},{\"@type\":\"WebPage\",\"@id\":\"https:\/\/www.africa-press.net\/angola\/all-news\/message-from-joao-lourenco-transmitted-to-the-homologue-of-sao-tome-and-principe\",\"url\":\"https:\/\/www.africa-press.net\/angola\/all-news\/message-from-joao-lourenco-transmitted-to-the-homologue-of-sao-tome-and-principe\",\"name\":\"Message from Jo\u00e3o Louren\u00e7o transmitted to the homologue of S\u00e3o Tom\u00e9 and Pr\u00edncipe - Angola\",\"isPartOf\":{\"@id\":\"https:\/\/www.africa-press.net\/angola\/#website\"},\"primaryImageOfPage\":{\"@id\":\"https:\/\/www.africa-press.net\/angola\/all-news\/message-from-joao-lourenco-transmitted-to-the-homologue-of-sao-tome-and-principe#primaryimage\"},\"image\":{\"@id\":\"https:\/\/www.africa-press.net\/angola\/all-news\/message-from-joao-lourenco-transmitted-to-the-homologue-of-sao-tome-and-principe#primaryimage\"},\"thumbnailUrl\":\"https:\/\/static.africa-press.net\/angola\/sites\/65\/2022\/05\/img-62962f45d13dc.jpg\",\"datePublished\":\"2022-05-31T11:37:42+00:00\",\"dateModified\":\"2022-05-31T15:08:27+00:00\",\"author\":{\"@id\":\"https:\/\/www.africa-press.net\/angola\/#\/schema\/person\/068c7ab4e9634ae78ec5d54ec46598bb\"},\"description\":\"A verbal message from the President of the Republic, Jo\u00e3o Louren\u00e7o, was transmitted this Monday to his counterpart in ...\",\"breadcrumb\":{\"@id\":\"https:\/\/www.africa-press.net\/angola\/all-news\/message-from-joao-lourenco-transmitted-to-the-homologue-of-sao-tome-and-principe#breadcrumb\"},\"inLanguage\":\"en-US\",\"potentialAction\":[{\"@type\":\"ReadAction\",\"target\":[\"https:\/\/www.africa-press.net\/angola\/all-news\/message-from-joao-lourenco-transmitted-to-the-homologue-of-sao-tome-and-principe\"]}]},{\"@type\":\"ImageObject\",\"inLanguage\":\"en-US\",\"@id\":\"https:\/\/www.africa-press.net\/angola\/all-news\/message-from-joao-lourenco-transmitted-to-the-homologue-of-sao-tome-and-principe#primaryimage\",\"url\":\"https:\/\/static.africa-press.net\/angola\/sites\/65\/2022\/05\/img-62962f45d13dc.jpg\",\"contentUrl\":\"https:\/\/static.africa-press.net\/angola\/sites\/65\/2022\/05\/img-62962f45d13dc.jpg\",\"width\":620,\"height\":355,\"caption\":\"Message from Jo\u00e3o Louren\u00e7o transmitted to the homologue of S\u00e3o Tom\u00e9 and Pr\u00edncipe\"},{\"@type\":\"BreadcrumbList\",\"@id\":\"https:\/\/www.africa-press.net\/angola\/all-news\/message-from-joao-lourenco-transmitted-to-the-homologue-of-sao-tome-and-principe#breadcrumb\",\"itemListElement\":[{\"@type\":\"ListItem\",\"position\":1,\"name\":\"Home\",\"item\":\"https:\/\/www.africa-press.net\/angola\/\"},{\"@type\":\"ListItem\",\"position\":2,\"name\":\"Message from Jo\u00e3o Louren\u00e7o transmitted to the homologue of S\u00e3o Tom\u00e9 and Pr\u00edncipe\"}]},{\"@type\":\"WebSite\",\"@id\":\"https:\/\/www.africa-press.net\/angola\/#website\",\"url\":\"https:\/\/www.africa-press.net\/angola\/\",\"name\":\"Angola\",\"description\":\"Just another Africa News Agency Sites site\",\"potentialAction\":[{\"@type\":\"SearchAction\",\"target\":{\"@type\":\"EntryPoint\",\"urlTemplate\":\"https:\/\/www.africa-press.net\/angola\/?s={search_term_string}\"},\"query-input\":{\"@type\":\"PropertyValueSpecification\",\"valueRequired\":true,\"valueName\":\"search_term_string\"}}],\"inLanguage\":\"en-US\"},{\"@type\":\"Person\",\"@id\":\"https:\/\/www.africa-press.net\/angola\/#\/schema\/person\/068c7ab4e9634ae78ec5d54ec46598bb\",\"name\":\"cfeditoren\",\"image\":{\"@type\":\"ImageObject\",\"inLanguage\":\"en-US\",\"@id\":\"https:\/\/www.africa-press.net\/angola\/#\/schema\/person\/image\/\",\"url\":\"https:\/\/secure.gravatar.com\/avatar\/7417380fa9e23b5c57fdbfdaf3fdf92ee478f759a084addda5faa3732853e74a?s=96&d=mm&r=g\",\"contentUrl\":\"https:\/\/secure.gravatar.com\/avatar\/7417380fa9e23b5c57fdbfdaf3fdf92ee478f759a084addda5faa3732853e74a?s=96&d=mm&r=g\",\"caption\":\"cfeditoren\"}}]}<\/script>\n<!-- \/ Yoast SEO Premium plugin. -->","yoast_head_json":{"title":"Message from Jo\u00e3o Louren\u00e7o transmitted to the homologue of S\u00e3o Tom\u00e9 and Pr\u00edncipe - Angola","description":"A verbal message from the President of the Republic, Jo\u00e3o Louren\u00e7o, was transmitted this Monday to his counterpart in ...","robots":{"index":"index","follow":"follow","max-snippet":"max-snippet:-1","max-image-preview":"max-image-preview:large","max-video-preview":"max-video-preview:-1"},"canonical":"https:\/\/www.africa-press.net\/angola\/all-news\/message-from-joao-lourenco-transmitted-to-the-homologue-of-sao-tome-and-principe","og_locale":"en_US","og_type":"article","og_title":"Message from Jo\u00e3o Louren\u00e7o transmitted to the homologue of S\u00e3o Tom\u00e9 and Pr\u00edncipe","og_description":"A verbal message from the President of the Republic, Jo\u00e3o Louren\u00e7o, was transmitted this Monday to his counterpart in ...","og_url":"https:\/\/www.africa-press.net\/angola\/all-news\/message-from-joao-lourenco-transmitted-to-the-homologue-of-sao-tome-and-principe","og_site_name":"Angola","article_publisher":"https:\/\/www.facebook.com\/AfricaPressTunisiaa","article_published_time":"2022-05-31T11:37:42+00:00","article_modified_time":"2022-05-31T15:08:27+00:00","og_image":[{"width":620,"height":355,"url":"https:\/\/static.africa-press.net\/angola\/sites\/65\/2022\/05\/img-62962f45d13dc.jpg","type":"image\/jpeg"}],"author":"cfeditoren","twitter_card":"summary_large_image","twitter_misc":{"Written by":"cfeditoren","Est. reading time":"1 minute"},"schema":{"@context":"https:\/\/schema.org","@graph":[{"@type":"Article","@id":"https:\/\/www.africa-press.net\/angola\/all-news\/message-from-joao-lourenco-transmitted-to-the-homologue-of-sao-tome-and-principe#article","isPartOf":{"@id":"https:\/\/www.africa-press.net\/angola\/all-news\/message-from-joao-lourenco-transmitted-to-the-homologue-of-sao-tome-and-principe"},"author":{"name":"cfeditoren","@id":"https:\/\/www.africa-press.net\/angola\/#\/schema\/person\/068c7ab4e9634ae78ec5d54ec46598bb"},"headline":"Message from Jo\u00e3o Louren\u00e7o transmitted to the homologue of S\u00e3o Tom\u00e9 and Pr\u00edncipe","datePublished":"2022-05-31T11:37:42+00:00","dateModified":"2022-05-31T15:08:27+00:00","mainEntityOfPage":{"@id":"https:\/\/www.africa-press.net\/angola\/all-news\/message-from-joao-lourenco-transmitted-to-the-homologue-of-sao-tome-and-principe"},"wordCount":291,"commentCount":0,"image":{"@id":"https:\/\/www.africa-press.net\/angola\/all-news\/message-from-joao-lourenco-transmitted-to-the-homologue-of-sao-tome-and-principe#primaryimage"},"thumbnailUrl":"https:\/\/static.africa-press.net\/angola\/sites\/65\/2022\/05\/img-62962f45d13dc.jpg","keywords":["Africa Press","Africa Press-Angola","Angola"],"articleSection":["all news","homepage-english","policy","twitter"],"inLanguage":"en-US","potentialAction":[{"@type":"CommentAction","name":"Comment","target":["https:\/\/www.africa-press.net\/angola\/all-news\/message-from-joao-lourenco-transmitted-to-the-homologue-of-sao-tome-and-principe#respond"]}]},{"@type":"WebPage","@id":"https:\/\/www.africa-press.net\/angola\/all-news\/message-from-joao-lourenco-transmitted-to-the-homologue-of-sao-tome-and-principe","url":"https:\/\/www.africa-press.net\/angola\/all-news\/message-from-joao-lourenco-transmitted-to-the-homologue-of-sao-tome-and-principe","name":"Message from Jo\u00e3o Louren\u00e7o transmitted to the homologue of S\u00e3o Tom\u00e9 and Pr\u00edncipe - Angola","isPartOf":{"@id":"https:\/\/www.africa-press.net\/angola\/#website"},"primaryImageOfPage":{"@id":"https:\/\/www.africa-press.net\/angola\/all-news\/message-from-joao-lourenco-transmitted-to-the-homologue-of-sao-tome-and-principe#primaryimage"},"image":{"@id":"https:\/\/www.africa-press.net\/angola\/all-news\/message-from-joao-lourenco-transmitted-to-the-homologue-of-sao-tome-and-principe#primaryimage"},"thumbnailUrl":"https:\/\/static.africa-press.net\/angola\/sites\/65\/2022\/05\/img-62962f45d13dc.jpg","datePublished":"2022-05-31T11:37:42+00:00","dateModified":"2022-05-31T15:08:27+00:00","author":{"@id":"https:\/\/www.africa-press.net\/angola\/#\/schema\/person\/068c7ab4e9634ae78ec5d54ec46598bb"},"description":"A verbal message from the President of the Republic, Jo\u00e3o Louren\u00e7o, was transmitted this Monday to his counterpart in ...","breadcrumb":{"@id":"https:\/\/www.africa-press.net\/angola\/all-news\/message-from-joao-lourenco-transmitted-to-the-homologue-of-sao-tome-and-principe#breadcrumb"},"inLanguage":"en-US","potentialAction":[{"@type":"ReadAction","target":["https:\/\/www.africa-press.net\/angola\/all-news\/message-from-joao-lourenco-transmitted-to-the-homologue-of-sao-tome-and-principe"]}]},{"@type":"ImageObject","inLanguage":"en-US","@id":"https:\/\/www.africa-press.net\/angola\/all-news\/message-from-joao-lourenco-transmitted-to-the-homologue-of-sao-tome-and-principe#primaryimage","url":"https:\/\/static.africa-press.net\/angola\/sites\/65\/2022\/05\/img-62962f45d13dc.jpg","contentUrl":"https:\/\/static.africa-press.net\/angola\/sites\/65\/2022\/05\/img-62962f45d13dc.jpg","width":620,"height":355,"caption":"Message from Jo\u00e3o Louren\u00e7o transmitted to the homologue of S\u00e3o Tom\u00e9 and Pr\u00edncipe"},{"@type":"BreadcrumbList","@id":"https:\/\/www.africa-press.net\/angola\/all-news\/message-from-joao-lourenco-transmitted-to-the-homologue-of-sao-tome-and-principe#breadcrumb","itemListElement":[{"@type":"ListItem","position":1,"name":"Home","item":"https:\/\/www.africa-press.net\/angola\/"},{"@type":"ListItem","position":2,"name":"Message from Jo\u00e3o Louren\u00e7o transmitted to the homologue of S\u00e3o Tom\u00e9 and Pr\u00edncipe"}]},{"@type":"WebSite","@id":"https:\/\/www.africa-press.net\/angola\/#website","url":"https:\/\/www.africa-press.net\/angola\/","name":"Angola","description":"Just another Africa News Agency Sites site","potentialAction":[{"@type":"SearchAction","target":{"@type":"EntryPoint","urlTemplate":"https:\/\/www.africa-press.net\/angola\/?s={search_term_string}"},"query-input":{"@type":"PropertyValueSpecification","valueRequired":true,"valueName":"search_term_string"}}],"inLanguage":"en-US"},{"@type":"Person","@id":"https:\/\/www.africa-press.net\/angola\/#\/schema\/person\/068c7ab4e9634ae78ec5d54ec46598bb","name":"cfeditoren","image":{"@type":"ImageObject","inLanguage":"en-US","@id":"https:\/\/www.africa-press.net\/angola\/#\/schema\/person\/image\/","url":"https:\/\/secure.gravatar.com\/avatar\/7417380fa9e23b5c57fdbfdaf3fdf92ee478f759a084addda5faa3732853e74a?s=96&d=mm&r=g","contentUrl":"https:\/\/secure.gravatar.com\/avatar\/7417380fa9e23b5c57fdbfdaf3fdf92ee478f759a084addda5faa3732853e74a?s=96&d=mm&r=g","caption":"cfeditoren"}}]}},"_links":{"self":[{"href":"https:\/\/www.africa-press.net\/angola\/wp-json\/wp\/v2\/posts\/8961","targetHints":{"allow":["GET"]}}],"collection":[{"href":"https:\/\/www.africa-press.net\/angola\/wp-json\/wp\/v2\/posts"}],"about":[{"href":"https:\/\/www.africa-press.net\/angola\/wp-json\/wp\/v2\/types\/post"}],"author":[{"embeddable":true,"href":"https:\/\/www.africa-press.net\/angola\/wp-json\/wp\/v2\/users\/84"}],"replies":[{"embeddable":true,"href":"https:\/\/www.africa-press.net\/angola\/wp-json\/wp\/v2\/comments?post=8961"}],"version-history":[{"count":0,"href":"https:\/\/www.africa-press.net\/angola\/wp-json\/wp\/v2\/posts\/8961\/revisions"}],"wp:featuredmedia":[{"embeddable":true,"href":"https:\/\/www.africa-press.net\/angola\/wp-json\/wp\/v2\/media\/8960"}],"wp:attachment":[{"href":"https:\/\/www.africa-press.net\/angola\/wp-json\/wp\/v2\/media?parent=8961"}],"wp:term":[{"taxonomy":"category","embeddable":true,"href":"https:\/\/www.africa-press.net\/angola\/wp-json\/wp\/v2\/categories?post=8961"},{"taxonomy":"post_tag","embeddable":true,"href":"https:\/\/www.africa-press.net\/angola\/wp-json\/wp\/v2\/tags?post=8961"}],"curies":[{"name":"wp","href":"https:\/\/api.w.org\/{rel}","templated":true}]}}