{"id":8967,"date":"2022-05-31T11:44:16","date_gmt":"2022-05-31T11:44:16","guid":{"rendered":"https:\/\/www.africa-press.net\/angola\/all-news\/head-of-state-saddened-by-the-death-of-evaristo-carvalho"},"modified":"2022-05-31T15:09:45","modified_gmt":"2022-05-31T15:09:45","slug":"head-of-state-saddened-by-the-death-of-evaristo-carvalho","status":"publish","type":"post","link":"https:\/\/www.africa-press.net\/angola\/all-news\/head-of-state-saddened-by-the-death-of-evaristo-carvalho","title":{"rendered":"Head of State saddened by the death of Evaristo Carvalho"},"content":{"rendered":"<p><span style=\"color: #ff6600\"><strong>Africa-Press &#8211; Angola. <\/strong><\/span><b>The Head of State, Jo\u00e3o Louren\u00e7o, addressed, this Monday, a message of condolences to his counterpart in S\u00e3o Tom\u00e9 and Pr\u00edncipe, Carlos Vila Nova, due to the death of the former S\u00e3o Tom\u00e9 President, Evaristo Esp\u00edrito Santo Carvalho, which took place on Saturday. , in Lisbon, due to illness.<\/b><\/p>\n<p>In the message, President Jo\u00e3o Louren\u00e7o says that it was &#8220;with particular consternation&#8221; that he became aware of the physical passing of the former Sao Tome Head of State.<\/p>\n<p>&#8220;Faced with the disappearance of such an eminent figure from the political landscape of S\u00e3o Tom\u00e9 and Pr\u00edncipe, widely recognized for his tireless dedication to his country, which led him to direct all the organs of sovereignty of the S\u00e3o Tom\u00e9 State throughout an extraordinary journey of life, I take this opportunity to address, on behalf of the Angolan Executive and on my own, our deepest condolences for the loss of such an illustrious son of S\u00e3o Tom\u00e9 and Pr\u00edncipe, asking Your Excellency to extend them to the bereaved family\u201d, reads up in the message.<\/p>\n<p>The former Sao Tome Head of State (2016-2021) was admitted to a hospital in Lisbon and died around 10pm this Saturday (local time). Elected President of S\u00e3o Tom\u00e9 and Pr\u00edncipe on 18 July 2016, Carvalho held office until 2 October 2021, when he was succeeded by Carlos Vila Nova.<\/p>\n<p><strong>For More News And Analysis About <a href=\"https:\/\/www.africa-press.net\/angola\">Angola<\/a> Follow <a href=\"https:\/\/www.africa-press.net\/\">Africa-Press<\/a><\/strong><\/p>\n","protected":false},"excerpt":{"rendered":"<p>Africa-Press &#8211; Angola. The Head of State, Jo\u00e3o Louren\u00e7o, addressed, this Monday, a message of condolences to his counterpart in S\u00e3o Tom\u00e9 and Pr\u00edncipe, Carlos Vila Nova, due to the death of the former S\u00e3o Tom\u00e9 President, Evaristo Esp\u00edrito Santo Carvalho, which took place on Saturday. , in Lisbon, due to illness. In the message, [&hellip;]<\/p>\n","protected":false},"author":84,"featured_media":8966,"comment_status":"open","ping_status":"open","sticky":false,"template":"","format":"standard","meta":{"footnotes":""},"categories":[2,8,12,16],"tags":[233,337,329],"class_list":["post-8967","post","type-post","status-publish","format-standard","has-post-thumbnail","hentry","category-all-news","category-homepage-english","category-policy","category-twitter","tag-africa-press","tag-africa-press-angola","tag-angola"],"yoast_head":"<!-- This site is optimized with the Yoast SEO Premium plugin v26.1 (Yoast SEO v27.0) - https:\/\/yoast.com\/product\/yoast-seo-premium-wordpress\/ -->\n<title>Head of State saddened by the death of Evaristo Carvalho - Angola<\/title>\n<meta name=\"description\" content=\"The Head of State, Jo\u00e3o Louren\u00e7o, addressed, this Monday, a message of condolences to his counterpart in S\u00e3o Tom\u00e9 and ...\" \/>\n<meta name=\"robots\" content=\"index, follow, max-snippet:-1, max-image-preview:large, max-video-preview:-1\" \/>\n<link rel=\"canonical\" href=\"https:\/\/www.africa-press.net\/angola\/all-news\/head-of-state-saddened-by-the-death-of-evaristo-carvalho\" \/>\n<meta property=\"og:locale\" content=\"en_US\" \/>\n<meta property=\"og:type\" content=\"article\" \/>\n<meta property=\"og:title\" content=\"Head of State saddened by the death of Evaristo Carvalho\" \/>\n<meta property=\"og:description\" content=\"The Head of State, Jo\u00e3o Louren\u00e7o, addressed, this Monday, a message of condolences to his counterpart in S\u00e3o Tom\u00e9 and ...\" \/>\n<meta property=\"og:url\" content=\"https:\/\/www.africa-press.net\/angola\/all-news\/head-of-state-saddened-by-the-death-of-evaristo-carvalho\" \/>\n<meta property=\"og:site_name\" content=\"Angola\" \/>\n<meta property=\"article:publisher\" content=\"https:\/\/www.facebook.com\/AfricaPressTunisiaa\" \/>\n<meta property=\"article:published_time\" content=\"2022-05-31T11:44:16+00:00\" \/>\n<meta property=\"article:modified_time\" content=\"2022-05-31T15:09:45+00:00\" \/>\n<meta property=\"og:image\" content=\"https:\/\/static.africa-press.net\/angola\/sites\/65\/2022\/05\/img-62962f99efaa6.jpg\" \/>\n\t<meta property=\"og:image:width\" content=\"620\" \/>\n\t<meta property=\"og:image:height\" content=\"355\" \/>\n\t<meta property=\"og:image:type\" content=\"image\/jpeg\" \/>\n<meta name=\"author\" content=\"cfeditoren\" \/>\n<meta name=\"twitter:card\" content=\"summary_large_image\" \/>\n<meta name=\"twitter:label1\" content=\"Written by\" \/>\n\t<meta name=\"twitter:data1\" content=\"cfeditoren\" \/>\n\t<meta name=\"twitter:label2\" content=\"Est. reading time\" \/>\n\t<meta name=\"twitter:data2\" content=\"1 minute\" \/>\n<script type=\"application\/ld+json\" class=\"yoast-schema-graph\">{\"@context\":\"https:\/\/schema.org\",\"@graph\":[{\"@type\":\"Article\",\"@id\":\"https:\/\/www.africa-press.net\/angola\/all-news\/head-of-state-saddened-by-the-death-of-evaristo-carvalho#article\",\"isPartOf\":{\"@id\":\"https:\/\/www.africa-press.net\/angola\/all-news\/head-of-state-saddened-by-the-death-of-evaristo-carvalho\"},\"author\":{\"name\":\"cfeditoren\",\"@id\":\"https:\/\/www.africa-press.net\/angola\/#\/schema\/person\/068c7ab4e9634ae78ec5d54ec46598bb\"},\"headline\":\"Head of State saddened by the death of Evaristo Carvalho\",\"datePublished\":\"2022-05-31T11:44:16+00:00\",\"dateModified\":\"2022-05-31T15:09:45+00:00\",\"mainEntityOfPage\":{\"@id\":\"https:\/\/www.africa-press.net\/angola\/all-news\/head-of-state-saddened-by-the-death-of-evaristo-carvalho\"},\"wordCount\":254,\"commentCount\":0,\"image\":{\"@id\":\"https:\/\/www.africa-press.net\/angola\/all-news\/head-of-state-saddened-by-the-death-of-evaristo-carvalho#primaryimage\"},\"thumbnailUrl\":\"https:\/\/static.africa-press.net\/angola\/sites\/65\/2022\/05\/img-62962f99efaa6.jpg\",\"keywords\":[\"Africa Press\",\"Africa Press-Angola\",\"Angola\"],\"articleSection\":[\"all news\",\"homepage-english\",\"policy\",\"twitter\"],\"inLanguage\":\"en-US\",\"potentialAction\":[{\"@type\":\"CommentAction\",\"name\":\"Comment\",\"target\":[\"https:\/\/www.africa-press.net\/angola\/all-news\/head-of-state-saddened-by-the-death-of-evaristo-carvalho#respond\"]}]},{\"@type\":\"WebPage\",\"@id\":\"https:\/\/www.africa-press.net\/angola\/all-news\/head-of-state-saddened-by-the-death-of-evaristo-carvalho\",\"url\":\"https:\/\/www.africa-press.net\/angola\/all-news\/head-of-state-saddened-by-the-death-of-evaristo-carvalho\",\"name\":\"Head of State saddened by the death of Evaristo Carvalho - Angola\",\"isPartOf\":{\"@id\":\"https:\/\/www.africa-press.net\/angola\/#website\"},\"primaryImageOfPage\":{\"@id\":\"https:\/\/www.africa-press.net\/angola\/all-news\/head-of-state-saddened-by-the-death-of-evaristo-carvalho#primaryimage\"},\"image\":{\"@id\":\"https:\/\/www.africa-press.net\/angola\/all-news\/head-of-state-saddened-by-the-death-of-evaristo-carvalho#primaryimage\"},\"thumbnailUrl\":\"https:\/\/static.africa-press.net\/angola\/sites\/65\/2022\/05\/img-62962f99efaa6.jpg\",\"datePublished\":\"2022-05-31T11:44:16+00:00\",\"dateModified\":\"2022-05-31T15:09:45+00:00\",\"author\":{\"@id\":\"https:\/\/www.africa-press.net\/angola\/#\/schema\/person\/068c7ab4e9634ae78ec5d54ec46598bb\"},\"description\":\"The Head of State, Jo\u00e3o Louren\u00e7o, addressed, this Monday, a message of condolences to his counterpart in S\u00e3o Tom\u00e9 and ...\",\"breadcrumb\":{\"@id\":\"https:\/\/www.africa-press.net\/angola\/all-news\/head-of-state-saddened-by-the-death-of-evaristo-carvalho#breadcrumb\"},\"inLanguage\":\"en-US\",\"potentialAction\":[{\"@type\":\"ReadAction\",\"target\":[\"https:\/\/www.africa-press.net\/angola\/all-news\/head-of-state-saddened-by-the-death-of-evaristo-carvalho\"]}]},{\"@type\":\"ImageObject\",\"inLanguage\":\"en-US\",\"@id\":\"https:\/\/www.africa-press.net\/angola\/all-news\/head-of-state-saddened-by-the-death-of-evaristo-carvalho#primaryimage\",\"url\":\"https:\/\/static.africa-press.net\/angola\/sites\/65\/2022\/05\/img-62962f99efaa6.jpg\",\"contentUrl\":\"https:\/\/static.africa-press.net\/angola\/sites\/65\/2022\/05\/img-62962f99efaa6.jpg\",\"width\":620,\"height\":355,\"caption\":\"Head of State saddened by the death of Evaristo Carvalho\"},{\"@type\":\"BreadcrumbList\",\"@id\":\"https:\/\/www.africa-press.net\/angola\/all-news\/head-of-state-saddened-by-the-death-of-evaristo-carvalho#breadcrumb\",\"itemListElement\":[{\"@type\":\"ListItem\",\"position\":1,\"name\":\"Home\",\"item\":\"https:\/\/www.africa-press.net\/angola\/\"},{\"@type\":\"ListItem\",\"position\":2,\"name\":\"Head of State saddened by the death of Evaristo Carvalho\"}]},{\"@type\":\"WebSite\",\"@id\":\"https:\/\/www.africa-press.net\/angola\/#website\",\"url\":\"https:\/\/www.africa-press.net\/angola\/\",\"name\":\"Angola\",\"description\":\"Just another Africa News Agency Sites site\",\"potentialAction\":[{\"@type\":\"SearchAction\",\"target\":{\"@type\":\"EntryPoint\",\"urlTemplate\":\"https:\/\/www.africa-press.net\/angola\/?s={search_term_string}\"},\"query-input\":{\"@type\":\"PropertyValueSpecification\",\"valueRequired\":true,\"valueName\":\"search_term_string\"}}],\"inLanguage\":\"en-US\"},{\"@type\":\"Person\",\"@id\":\"https:\/\/www.africa-press.net\/angola\/#\/schema\/person\/068c7ab4e9634ae78ec5d54ec46598bb\",\"name\":\"cfeditoren\",\"image\":{\"@type\":\"ImageObject\",\"inLanguage\":\"en-US\",\"@id\":\"https:\/\/www.africa-press.net\/angola\/#\/schema\/person\/image\/\",\"url\":\"https:\/\/secure.gravatar.com\/avatar\/7417380fa9e23b5c57fdbfdaf3fdf92ee478f759a084addda5faa3732853e74a?s=96&d=mm&r=g\",\"contentUrl\":\"https:\/\/secure.gravatar.com\/avatar\/7417380fa9e23b5c57fdbfdaf3fdf92ee478f759a084addda5faa3732853e74a?s=96&d=mm&r=g\",\"caption\":\"cfeditoren\"}}]}<\/script>\n<!-- \/ Yoast SEO Premium plugin. -->","yoast_head_json":{"title":"Head of State saddened by the death of Evaristo Carvalho - Angola","description":"The Head of State, Jo\u00e3o Louren\u00e7o, addressed, this Monday, a message of condolences to his counterpart in S\u00e3o Tom\u00e9 and ...","robots":{"index":"index","follow":"follow","max-snippet":"max-snippet:-1","max-image-preview":"max-image-preview:large","max-video-preview":"max-video-preview:-1"},"canonical":"https:\/\/www.africa-press.net\/angola\/all-news\/head-of-state-saddened-by-the-death-of-evaristo-carvalho","og_locale":"en_US","og_type":"article","og_title":"Head of State saddened by the death of Evaristo Carvalho","og_description":"The Head of State, Jo\u00e3o Louren\u00e7o, addressed, this Monday, a message of condolences to his counterpart in S\u00e3o Tom\u00e9 and ...","og_url":"https:\/\/www.africa-press.net\/angola\/all-news\/head-of-state-saddened-by-the-death-of-evaristo-carvalho","og_site_name":"Angola","article_publisher":"https:\/\/www.facebook.com\/AfricaPressTunisiaa","article_published_time":"2022-05-31T11:44:16+00:00","article_modified_time":"2022-05-31T15:09:45+00:00","og_image":[{"width":620,"height":355,"url":"https:\/\/static.africa-press.net\/angola\/sites\/65\/2022\/05\/img-62962f99efaa6.jpg","type":"image\/jpeg"}],"author":"cfeditoren","twitter_card":"summary_large_image","twitter_misc":{"Written by":"cfeditoren","Est. reading time":"1 minute"},"schema":{"@context":"https:\/\/schema.org","@graph":[{"@type":"Article","@id":"https:\/\/www.africa-press.net\/angola\/all-news\/head-of-state-saddened-by-the-death-of-evaristo-carvalho#article","isPartOf":{"@id":"https:\/\/www.africa-press.net\/angola\/all-news\/head-of-state-saddened-by-the-death-of-evaristo-carvalho"},"author":{"name":"cfeditoren","@id":"https:\/\/www.africa-press.net\/angola\/#\/schema\/person\/068c7ab4e9634ae78ec5d54ec46598bb"},"headline":"Head of State saddened by the death of Evaristo Carvalho","datePublished":"2022-05-31T11:44:16+00:00","dateModified":"2022-05-31T15:09:45+00:00","mainEntityOfPage":{"@id":"https:\/\/www.africa-press.net\/angola\/all-news\/head-of-state-saddened-by-the-death-of-evaristo-carvalho"},"wordCount":254,"commentCount":0,"image":{"@id":"https:\/\/www.africa-press.net\/angola\/all-news\/head-of-state-saddened-by-the-death-of-evaristo-carvalho#primaryimage"},"thumbnailUrl":"https:\/\/static.africa-press.net\/angola\/sites\/65\/2022\/05\/img-62962f99efaa6.jpg","keywords":["Africa Press","Africa Press-Angola","Angola"],"articleSection":["all news","homepage-english","policy","twitter"],"inLanguage":"en-US","potentialAction":[{"@type":"CommentAction","name":"Comment","target":["https:\/\/www.africa-press.net\/angola\/all-news\/head-of-state-saddened-by-the-death-of-evaristo-carvalho#respond"]}]},{"@type":"WebPage","@id":"https:\/\/www.africa-press.net\/angola\/all-news\/head-of-state-saddened-by-the-death-of-evaristo-carvalho","url":"https:\/\/www.africa-press.net\/angola\/all-news\/head-of-state-saddened-by-the-death-of-evaristo-carvalho","name":"Head of State saddened by the death of Evaristo Carvalho - Angola","isPartOf":{"@id":"https:\/\/www.africa-press.net\/angola\/#website"},"primaryImageOfPage":{"@id":"https:\/\/www.africa-press.net\/angola\/all-news\/head-of-state-saddened-by-the-death-of-evaristo-carvalho#primaryimage"},"image":{"@id":"https:\/\/www.africa-press.net\/angola\/all-news\/head-of-state-saddened-by-the-death-of-evaristo-carvalho#primaryimage"},"thumbnailUrl":"https:\/\/static.africa-press.net\/angola\/sites\/65\/2022\/05\/img-62962f99efaa6.jpg","datePublished":"2022-05-31T11:44:16+00:00","dateModified":"2022-05-31T15:09:45+00:00","author":{"@id":"https:\/\/www.africa-press.net\/angola\/#\/schema\/person\/068c7ab4e9634ae78ec5d54ec46598bb"},"description":"The Head of State, Jo\u00e3o Louren\u00e7o, addressed, this Monday, a message of condolences to his counterpart in S\u00e3o Tom\u00e9 and ...","breadcrumb":{"@id":"https:\/\/www.africa-press.net\/angola\/all-news\/head-of-state-saddened-by-the-death-of-evaristo-carvalho#breadcrumb"},"inLanguage":"en-US","potentialAction":[{"@type":"ReadAction","target":["https:\/\/www.africa-press.net\/angola\/all-news\/head-of-state-saddened-by-the-death-of-evaristo-carvalho"]}]},{"@type":"ImageObject","inLanguage":"en-US","@id":"https:\/\/www.africa-press.net\/angola\/all-news\/head-of-state-saddened-by-the-death-of-evaristo-carvalho#primaryimage","url":"https:\/\/static.africa-press.net\/angola\/sites\/65\/2022\/05\/img-62962f99efaa6.jpg","contentUrl":"https:\/\/static.africa-press.net\/angola\/sites\/65\/2022\/05\/img-62962f99efaa6.jpg","width":620,"height":355,"caption":"Head of State saddened by the death of Evaristo Carvalho"},{"@type":"BreadcrumbList","@id":"https:\/\/www.africa-press.net\/angola\/all-news\/head-of-state-saddened-by-the-death-of-evaristo-carvalho#breadcrumb","itemListElement":[{"@type":"ListItem","position":1,"name":"Home","item":"https:\/\/www.africa-press.net\/angola\/"},{"@type":"ListItem","position":2,"name":"Head of State saddened by the death of Evaristo Carvalho"}]},{"@type":"WebSite","@id":"https:\/\/www.africa-press.net\/angola\/#website","url":"https:\/\/www.africa-press.net\/angola\/","name":"Angola","description":"Just another Africa News Agency Sites site","potentialAction":[{"@type":"SearchAction","target":{"@type":"EntryPoint","urlTemplate":"https:\/\/www.africa-press.net\/angola\/?s={search_term_string}"},"query-input":{"@type":"PropertyValueSpecification","valueRequired":true,"valueName":"search_term_string"}}],"inLanguage":"en-US"},{"@type":"Person","@id":"https:\/\/www.africa-press.net\/angola\/#\/schema\/person\/068c7ab4e9634ae78ec5d54ec46598bb","name":"cfeditoren","image":{"@type":"ImageObject","inLanguage":"en-US","@id":"https:\/\/www.africa-press.net\/angola\/#\/schema\/person\/image\/","url":"https:\/\/secure.gravatar.com\/avatar\/7417380fa9e23b5c57fdbfdaf3fdf92ee478f759a084addda5faa3732853e74a?s=96&d=mm&r=g","contentUrl":"https:\/\/secure.gravatar.com\/avatar\/7417380fa9e23b5c57fdbfdaf3fdf92ee478f759a084addda5faa3732853e74a?s=96&d=mm&r=g","caption":"cfeditoren"}}]}},"_links":{"self":[{"href":"https:\/\/www.africa-press.net\/angola\/wp-json\/wp\/v2\/posts\/8967","targetHints":{"allow":["GET"]}}],"collection":[{"href":"https:\/\/www.africa-press.net\/angola\/wp-json\/wp\/v2\/posts"}],"about":[{"href":"https:\/\/www.africa-press.net\/angola\/wp-json\/wp\/v2\/types\/post"}],"author":[{"embeddable":true,"href":"https:\/\/www.africa-press.net\/angola\/wp-json\/wp\/v2\/users\/84"}],"replies":[{"embeddable":true,"href":"https:\/\/www.africa-press.net\/angola\/wp-json\/wp\/v2\/comments?post=8967"}],"version-history":[{"count":0,"href":"https:\/\/www.africa-press.net\/angola\/wp-json\/wp\/v2\/posts\/8967\/revisions"}],"wp:featuredmedia":[{"embeddable":true,"href":"https:\/\/www.africa-press.net\/angola\/wp-json\/wp\/v2\/media\/8966"}],"wp:attachment":[{"href":"https:\/\/www.africa-press.net\/angola\/wp-json\/wp\/v2\/media?parent=8967"}],"wp:term":[{"taxonomy":"category","embeddable":true,"href":"https:\/\/www.africa-press.net\/angola\/wp-json\/wp\/v2\/categories?post=8967"},{"taxonomy":"post_tag","embeddable":true,"href":"https:\/\/www.africa-press.net\/angola\/wp-json\/wp\/v2\/tags?post=8967"}],"curies":[{"name":"wp","href":"https:\/\/api.w.org\/{rel}","templated":true}]}}