{"id":9063,"date":"2022-06-01T17:15:31","date_gmt":"2022-06-01T17:15:31","guid":{"rendered":"https:\/\/www.africa-press.net\/angola\/?p=9063"},"modified":"2022-06-01T14:53:43","modified_gmt":"2022-06-01T14:53:43","slug":"luanda-to-host-summit-on-tension-between-drc-and-rwanda","status":"publish","type":"post","link":"https:\/\/www.africa-press.net\/angola\/all-news\/luanda-to-host-summit-on-tension-between-drc-and-rwanda","title":{"rendered":"Luanda to host summit on tension between DRC and Rwanda"},"content":{"rendered":"<p><span style=\"color: #ff6600\"><strong>Africa-Press &#8211; Angola. <\/strong><\/span><b>The country&#8217;s capital will host, on a date to be announced, a summit that will take care of all the aspects inherent to promoting, in a consistent way, the de-escalation of the reigning tension, at the moment, on the border between the Democratic Republic of Congo (DRC) and Rwanda, in order to contribute to the strengthening of peace in the sub-region.<\/b><\/p>\n<p>The information is contained in a statement from the Presidency of the Republic released this Friday (31), at the end of the meeting that the Head of State, Jo\u00e3o Louren\u00e7o, had with his counterpart from the DRC, F\u00e9lix Tshisekedi, at the Presidential Palace, in Cidade Alta. , to address issues related to the growing tension between that country and Rwanda.<\/p>\n<p>According to the document, they will attend the future summit, at the invitation of the Angolan statesman, the President of the DRC, F\u00e9lix Tshisekedi, and the President of Rwanda, Paul Kagame.<\/p>\n<p>The statement also highlights that the President of the Republic held, yesterday afternoon, following the meeting with his counterpart from the DRC, a conversation, by videoconference, with Paul Kagame, during which the same aspects discussed with F\u00e9lix Tshisekedi were discussed. .<\/p>\n<p>The discussions allowed the two Heads of State to reach an understanding on the holding, in Luanda, on a date to be announced, of the aforementioned summit. The action of the Head of State, Jo\u00e3o Louren\u00e7o, stems from the mandate he received at the recent African Union Summit on Terrorism and Unconstitutional Changes of Government in Africa, held in Malabo, capital of Equatorial Guinea.<\/p>\n<p>It should be remembered that the Head of State was designated, at the Malabo Summit, &#8220;Champion for Reconciliation and Peace in Africa&#8221;, in recognition of his commitment to the pacification of the continent, mainly within the scope of the International Conference on the Great Lakes Region ( CIRG), where he is currently the acting president of the body.<\/p>\n<p>The presidency&#8217;s communiqu\u00e9 added that, within the framework of the meeting between Jo\u00e3o Louren\u00e7o and F\u00e9lix Tshisekedi, several aspects were discussed that could contribute to the peaceful resolution of the dispute between the DRC and Rwanda.<\/p>\n<p>F\u00e9lix Tshisekedi agreed, at the request of President Jo\u00e3o Louren\u00e7o, to release two Rwandan soldiers recently captured in the territory of the Democratic Republic of Congo. &#8220;This diligence aims to contribute to the reduction of the tension that hangs in the relationship between the two countries&#8221;.<\/p>\n<p>DRC leader F\u00e9lix Tshisekedi, who was, until recently, acting president of the African Union, left the country&#8217;s capital late yesterday afternoon.<\/p>\n<p><strong>For More News And Analysis About <a href=\"https:\/\/www.africa-press.net\/angola\">Angola<\/a> Follow <a href=\"https:\/\/www.africa-press.net\/\">Africa-Press<\/a><\/strong><\/p>\n","protected":false},"excerpt":{"rendered":"<p>Africa-Press &#8211; Angola. The country&#8217;s capital will host, on a date to be announced, a summit that will take care of all the aspects inherent to promoting, in a consistent way, the de-escalation of the reigning tension, at the moment, on the border between the Democratic Republic of Congo (DRC) and Rwanda, in order to [&hellip;]<\/p>\n","protected":false},"author":84,"featured_media":9062,"comment_status":"open","ping_status":"open","sticky":false,"template":"","format":"standard","meta":{"footnotes":""},"categories":[2,7,8,12,16],"tags":[233,337,329],"class_list":["post-9063","post","type-post","status-publish","format-standard","has-post-thumbnail","hentry","category-all-news","category-head-lines","category-homepage-english","category-policy","category-twitter","tag-africa-press","tag-africa-press-angola","tag-angola"],"yoast_head":"<!-- This site is optimized with the Yoast SEO Premium plugin v26.1 (Yoast SEO v27.0) - https:\/\/yoast.com\/product\/yoast-seo-premium-wordpress\/ -->\n<title>Luanda to host summit on tension between DRC and Rwanda - Angola<\/title>\n<meta name=\"description\" content=\"The country&#039;s capital will host, on a date to be announced, a summit that will take care of all the aspects inherent ...\" \/>\n<meta name=\"robots\" content=\"index, follow, max-snippet:-1, max-image-preview:large, max-video-preview:-1\" \/>\n<link rel=\"canonical\" href=\"https:\/\/www.africa-press.net\/angola\/all-news\/luanda-to-host-summit-on-tension-between-drc-and-rwanda\" \/>\n<meta property=\"og:locale\" content=\"en_US\" \/>\n<meta property=\"og:type\" content=\"article\" \/>\n<meta property=\"og:title\" content=\"Luanda to host summit on tension between DRC and Rwanda\" \/>\n<meta property=\"og:description\" content=\"The country&#039;s capital will host, on a date to be announced, a summit that will take care of all the aspects inherent ...\" \/>\n<meta property=\"og:url\" content=\"https:\/\/www.africa-press.net\/angola\/all-news\/luanda-to-host-summit-on-tension-between-drc-and-rwanda\" \/>\n<meta property=\"og:site_name\" content=\"Angola\" \/>\n<meta property=\"article:publisher\" content=\"https:\/\/www.facebook.com\/AfricaPressTunisiaa\" \/>\n<meta property=\"article:published_time\" content=\"2022-06-01T17:15:31+00:00\" \/>\n<meta property=\"og:image\" content=\"https:\/\/static.africa-press.net\/angola\/sites\/65\/2022\/06\/img-62977d61e3a13.jpg\" \/>\n\t<meta property=\"og:image:width\" content=\"620\" \/>\n\t<meta property=\"og:image:height\" content=\"355\" \/>\n\t<meta property=\"og:image:type\" content=\"image\/jpeg\" \/>\n<meta name=\"author\" content=\"cfeditoren\" \/>\n<meta name=\"twitter:card\" content=\"summary_large_image\" \/>\n<meta name=\"twitter:label1\" content=\"Written by\" \/>\n\t<meta name=\"twitter:data1\" content=\"cfeditoren\" \/>\n\t<meta name=\"twitter:label2\" content=\"Est. reading time\" \/>\n\t<meta name=\"twitter:data2\" content=\"2 minutes\" \/>\n<script type=\"application\/ld+json\" class=\"yoast-schema-graph\">{\"@context\":\"https:\/\/schema.org\",\"@graph\":[{\"@type\":\"Article\",\"@id\":\"https:\/\/www.africa-press.net\/angola\/all-news\/luanda-to-host-summit-on-tension-between-drc-and-rwanda#article\",\"isPartOf\":{\"@id\":\"https:\/\/www.africa-press.net\/angola\/all-news\/luanda-to-host-summit-on-tension-between-drc-and-rwanda\"},\"author\":{\"name\":\"cfeditoren\",\"@id\":\"https:\/\/www.africa-press.net\/angola\/#\/schema\/person\/068c7ab4e9634ae78ec5d54ec46598bb\"},\"headline\":\"Luanda to host summit on tension between DRC and Rwanda\",\"datePublished\":\"2022-06-01T17:15:31+00:00\",\"mainEntityOfPage\":{\"@id\":\"https:\/\/www.africa-press.net\/angola\/all-news\/luanda-to-host-summit-on-tension-between-drc-and-rwanda\"},\"wordCount\":453,\"commentCount\":0,\"image\":{\"@id\":\"https:\/\/www.africa-press.net\/angola\/all-news\/luanda-to-host-summit-on-tension-between-drc-and-rwanda#primaryimage\"},\"thumbnailUrl\":\"https:\/\/static.africa-press.net\/angola\/sites\/65\/2022\/06\/img-62977d61e3a13.jpg\",\"keywords\":[\"Africa Press\",\"Africa Press-Angola\",\"Angola\"],\"articleSection\":[\"all news\",\"head lines\",\"homepage-english\",\"policy\",\"twitter\"],\"inLanguage\":\"en-US\",\"potentialAction\":[{\"@type\":\"CommentAction\",\"name\":\"Comment\",\"target\":[\"https:\/\/www.africa-press.net\/angola\/all-news\/luanda-to-host-summit-on-tension-between-drc-and-rwanda#respond\"]}]},{\"@type\":\"WebPage\",\"@id\":\"https:\/\/www.africa-press.net\/angola\/all-news\/luanda-to-host-summit-on-tension-between-drc-and-rwanda\",\"url\":\"https:\/\/www.africa-press.net\/angola\/all-news\/luanda-to-host-summit-on-tension-between-drc-and-rwanda\",\"name\":\"Luanda to host summit on tension between DRC and Rwanda - Angola\",\"isPartOf\":{\"@id\":\"https:\/\/www.africa-press.net\/angola\/#website\"},\"primaryImageOfPage\":{\"@id\":\"https:\/\/www.africa-press.net\/angola\/all-news\/luanda-to-host-summit-on-tension-between-drc-and-rwanda#primaryimage\"},\"image\":{\"@id\":\"https:\/\/www.africa-press.net\/angola\/all-news\/luanda-to-host-summit-on-tension-between-drc-and-rwanda#primaryimage\"},\"thumbnailUrl\":\"https:\/\/static.africa-press.net\/angola\/sites\/65\/2022\/06\/img-62977d61e3a13.jpg\",\"datePublished\":\"2022-06-01T17:15:31+00:00\",\"author\":{\"@id\":\"https:\/\/www.africa-press.net\/angola\/#\/schema\/person\/068c7ab4e9634ae78ec5d54ec46598bb\"},\"description\":\"The country's capital will host, on a date to be announced, a summit that will take care of all the aspects inherent ...\",\"breadcrumb\":{\"@id\":\"https:\/\/www.africa-press.net\/angola\/all-news\/luanda-to-host-summit-on-tension-between-drc-and-rwanda#breadcrumb\"},\"inLanguage\":\"en-US\",\"potentialAction\":[{\"@type\":\"ReadAction\",\"target\":[\"https:\/\/www.africa-press.net\/angola\/all-news\/luanda-to-host-summit-on-tension-between-drc-and-rwanda\"]}]},{\"@type\":\"ImageObject\",\"inLanguage\":\"en-US\",\"@id\":\"https:\/\/www.africa-press.net\/angola\/all-news\/luanda-to-host-summit-on-tension-between-drc-and-rwanda#primaryimage\",\"url\":\"https:\/\/static.africa-press.net\/angola\/sites\/65\/2022\/06\/img-62977d61e3a13.jpg\",\"contentUrl\":\"https:\/\/static.africa-press.net\/angola\/sites\/65\/2022\/06\/img-62977d61e3a13.jpg\",\"width\":620,\"height\":355,\"caption\":\"Luanda to host summit on tension between DRC and Rwanda\"},{\"@type\":\"BreadcrumbList\",\"@id\":\"https:\/\/www.africa-press.net\/angola\/all-news\/luanda-to-host-summit-on-tension-between-drc-and-rwanda#breadcrumb\",\"itemListElement\":[{\"@type\":\"ListItem\",\"position\":1,\"name\":\"Home\",\"item\":\"https:\/\/www.africa-press.net\/angola\/\"},{\"@type\":\"ListItem\",\"position\":2,\"name\":\"Luanda to host summit on tension between DRC and Rwanda\"}]},{\"@type\":\"WebSite\",\"@id\":\"https:\/\/www.africa-press.net\/angola\/#website\",\"url\":\"https:\/\/www.africa-press.net\/angola\/\",\"name\":\"Angola\",\"description\":\"Just another Africa News Agency Sites site\",\"potentialAction\":[{\"@type\":\"SearchAction\",\"target\":{\"@type\":\"EntryPoint\",\"urlTemplate\":\"https:\/\/www.africa-press.net\/angola\/?s={search_term_string}\"},\"query-input\":{\"@type\":\"PropertyValueSpecification\",\"valueRequired\":true,\"valueName\":\"search_term_string\"}}],\"inLanguage\":\"en-US\"},{\"@type\":\"Person\",\"@id\":\"https:\/\/www.africa-press.net\/angola\/#\/schema\/person\/068c7ab4e9634ae78ec5d54ec46598bb\",\"name\":\"cfeditoren\",\"image\":{\"@type\":\"ImageObject\",\"inLanguage\":\"en-US\",\"@id\":\"https:\/\/www.africa-press.net\/angola\/#\/schema\/person\/image\/\",\"url\":\"https:\/\/secure.gravatar.com\/avatar\/7417380fa9e23b5c57fdbfdaf3fdf92ee478f759a084addda5faa3732853e74a?s=96&d=mm&r=g\",\"contentUrl\":\"https:\/\/secure.gravatar.com\/avatar\/7417380fa9e23b5c57fdbfdaf3fdf92ee478f759a084addda5faa3732853e74a?s=96&d=mm&r=g\",\"caption\":\"cfeditoren\"}}]}<\/script>\n<!-- \/ Yoast SEO Premium plugin. -->","yoast_head_json":{"title":"Luanda to host summit on tension between DRC and Rwanda - Angola","description":"The country's capital will host, on a date to be announced, a summit that will take care of all the aspects inherent ...","robots":{"index":"index","follow":"follow","max-snippet":"max-snippet:-1","max-image-preview":"max-image-preview:large","max-video-preview":"max-video-preview:-1"},"canonical":"https:\/\/www.africa-press.net\/angola\/all-news\/luanda-to-host-summit-on-tension-between-drc-and-rwanda","og_locale":"en_US","og_type":"article","og_title":"Luanda to host summit on tension between DRC and Rwanda","og_description":"The country's capital will host, on a date to be announced, a summit that will take care of all the aspects inherent ...","og_url":"https:\/\/www.africa-press.net\/angola\/all-news\/luanda-to-host-summit-on-tension-between-drc-and-rwanda","og_site_name":"Angola","article_publisher":"https:\/\/www.facebook.com\/AfricaPressTunisiaa","article_published_time":"2022-06-01T17:15:31+00:00","og_image":[{"width":620,"height":355,"url":"https:\/\/static.africa-press.net\/angola\/sites\/65\/2022\/06\/img-62977d61e3a13.jpg","type":"image\/jpeg"}],"author":"cfeditoren","twitter_card":"summary_large_image","twitter_misc":{"Written by":"cfeditoren","Est. reading time":"2 minutes"},"schema":{"@context":"https:\/\/schema.org","@graph":[{"@type":"Article","@id":"https:\/\/www.africa-press.net\/angola\/all-news\/luanda-to-host-summit-on-tension-between-drc-and-rwanda#article","isPartOf":{"@id":"https:\/\/www.africa-press.net\/angola\/all-news\/luanda-to-host-summit-on-tension-between-drc-and-rwanda"},"author":{"name":"cfeditoren","@id":"https:\/\/www.africa-press.net\/angola\/#\/schema\/person\/068c7ab4e9634ae78ec5d54ec46598bb"},"headline":"Luanda to host summit on tension between DRC and Rwanda","datePublished":"2022-06-01T17:15:31+00:00","mainEntityOfPage":{"@id":"https:\/\/www.africa-press.net\/angola\/all-news\/luanda-to-host-summit-on-tension-between-drc-and-rwanda"},"wordCount":453,"commentCount":0,"image":{"@id":"https:\/\/www.africa-press.net\/angola\/all-news\/luanda-to-host-summit-on-tension-between-drc-and-rwanda#primaryimage"},"thumbnailUrl":"https:\/\/static.africa-press.net\/angola\/sites\/65\/2022\/06\/img-62977d61e3a13.jpg","keywords":["Africa Press","Africa Press-Angola","Angola"],"articleSection":["all news","head lines","homepage-english","policy","twitter"],"inLanguage":"en-US","potentialAction":[{"@type":"CommentAction","name":"Comment","target":["https:\/\/www.africa-press.net\/angola\/all-news\/luanda-to-host-summit-on-tension-between-drc-and-rwanda#respond"]}]},{"@type":"WebPage","@id":"https:\/\/www.africa-press.net\/angola\/all-news\/luanda-to-host-summit-on-tension-between-drc-and-rwanda","url":"https:\/\/www.africa-press.net\/angola\/all-news\/luanda-to-host-summit-on-tension-between-drc-and-rwanda","name":"Luanda to host summit on tension between DRC and Rwanda - Angola","isPartOf":{"@id":"https:\/\/www.africa-press.net\/angola\/#website"},"primaryImageOfPage":{"@id":"https:\/\/www.africa-press.net\/angola\/all-news\/luanda-to-host-summit-on-tension-between-drc-and-rwanda#primaryimage"},"image":{"@id":"https:\/\/www.africa-press.net\/angola\/all-news\/luanda-to-host-summit-on-tension-between-drc-and-rwanda#primaryimage"},"thumbnailUrl":"https:\/\/static.africa-press.net\/angola\/sites\/65\/2022\/06\/img-62977d61e3a13.jpg","datePublished":"2022-06-01T17:15:31+00:00","author":{"@id":"https:\/\/www.africa-press.net\/angola\/#\/schema\/person\/068c7ab4e9634ae78ec5d54ec46598bb"},"description":"The country's capital will host, on a date to be announced, a summit that will take care of all the aspects inherent ...","breadcrumb":{"@id":"https:\/\/www.africa-press.net\/angola\/all-news\/luanda-to-host-summit-on-tension-between-drc-and-rwanda#breadcrumb"},"inLanguage":"en-US","potentialAction":[{"@type":"ReadAction","target":["https:\/\/www.africa-press.net\/angola\/all-news\/luanda-to-host-summit-on-tension-between-drc-and-rwanda"]}]},{"@type":"ImageObject","inLanguage":"en-US","@id":"https:\/\/www.africa-press.net\/angola\/all-news\/luanda-to-host-summit-on-tension-between-drc-and-rwanda#primaryimage","url":"https:\/\/static.africa-press.net\/angola\/sites\/65\/2022\/06\/img-62977d61e3a13.jpg","contentUrl":"https:\/\/static.africa-press.net\/angola\/sites\/65\/2022\/06\/img-62977d61e3a13.jpg","width":620,"height":355,"caption":"Luanda to host summit on tension between DRC and Rwanda"},{"@type":"BreadcrumbList","@id":"https:\/\/www.africa-press.net\/angola\/all-news\/luanda-to-host-summit-on-tension-between-drc-and-rwanda#breadcrumb","itemListElement":[{"@type":"ListItem","position":1,"name":"Home","item":"https:\/\/www.africa-press.net\/angola\/"},{"@type":"ListItem","position":2,"name":"Luanda to host summit on tension between DRC and Rwanda"}]},{"@type":"WebSite","@id":"https:\/\/www.africa-press.net\/angola\/#website","url":"https:\/\/www.africa-press.net\/angola\/","name":"Angola","description":"Just another Africa News Agency Sites site","potentialAction":[{"@type":"SearchAction","target":{"@type":"EntryPoint","urlTemplate":"https:\/\/www.africa-press.net\/angola\/?s={search_term_string}"},"query-input":{"@type":"PropertyValueSpecification","valueRequired":true,"valueName":"search_term_string"}}],"inLanguage":"en-US"},{"@type":"Person","@id":"https:\/\/www.africa-press.net\/angola\/#\/schema\/person\/068c7ab4e9634ae78ec5d54ec46598bb","name":"cfeditoren","image":{"@type":"ImageObject","inLanguage":"en-US","@id":"https:\/\/www.africa-press.net\/angola\/#\/schema\/person\/image\/","url":"https:\/\/secure.gravatar.com\/avatar\/7417380fa9e23b5c57fdbfdaf3fdf92ee478f759a084addda5faa3732853e74a?s=96&d=mm&r=g","contentUrl":"https:\/\/secure.gravatar.com\/avatar\/7417380fa9e23b5c57fdbfdaf3fdf92ee478f759a084addda5faa3732853e74a?s=96&d=mm&r=g","caption":"cfeditoren"}}]}},"_links":{"self":[{"href":"https:\/\/www.africa-press.net\/angola\/wp-json\/wp\/v2\/posts\/9063","targetHints":{"allow":["GET"]}}],"collection":[{"href":"https:\/\/www.africa-press.net\/angola\/wp-json\/wp\/v2\/posts"}],"about":[{"href":"https:\/\/www.africa-press.net\/angola\/wp-json\/wp\/v2\/types\/post"}],"author":[{"embeddable":true,"href":"https:\/\/www.africa-press.net\/angola\/wp-json\/wp\/v2\/users\/84"}],"replies":[{"embeddable":true,"href":"https:\/\/www.africa-press.net\/angola\/wp-json\/wp\/v2\/comments?post=9063"}],"version-history":[{"count":0,"href":"https:\/\/www.africa-press.net\/angola\/wp-json\/wp\/v2\/posts\/9063\/revisions"}],"wp:featuredmedia":[{"embeddable":true,"href":"https:\/\/www.africa-press.net\/angola\/wp-json\/wp\/v2\/media\/9062"}],"wp:attachment":[{"href":"https:\/\/www.africa-press.net\/angola\/wp-json\/wp\/v2\/media?parent=9063"}],"wp:term":[{"taxonomy":"category","embeddable":true,"href":"https:\/\/www.africa-press.net\/angola\/wp-json\/wp\/v2\/categories?post=9063"},{"taxonomy":"post_tag","embeddable":true,"href":"https:\/\/www.africa-press.net\/angola\/wp-json\/wp\/v2\/tags?post=9063"}],"curies":[{"name":"wp","href":"https:\/\/api.w.org\/{rel}","templated":true}]}}