{"id":9069,"date":"2022-06-01T10:20:16","date_gmt":"2022-06-01T10:20:16","guid":{"rendered":"https:\/\/www.africa-press.net\/angola\/all-news\/growing-tension-between-drc-and-rwanda-addressed-in-luanda"},"modified":"2022-06-01T14:54:45","modified_gmt":"2022-06-01T14:54:45","slug":"growing-tension-between-drc-and-rwanda-addressed-in-luanda","status":"publish","type":"post","link":"https:\/\/www.africa-press.net\/angola\/all-news\/growing-tension-between-drc-and-rwanda-addressed-in-luanda","title":{"rendered":"Growing tension between DRC and Rwanda addressed in Luanda"},"content":{"rendered":"<p><span style=\"color: #ff6600\"><strong>Africa-Press &#8211; Angola. <\/strong><\/span><b>Following the mandate received at the recent Malabo Summit, the President of the Republic, Jo\u00e3o Louren\u00e7o, welcomed yesterday, in Luanda, his counterpart from the Democratic Republic of Congo (DRC), F\u00e9lix-Antoine Tshisekedi, in a meeting to address issues related to the growing tension that takes place between the DRC and Rwanda.<\/b><\/p>\n<p>In the context of this meeting, several aspects were discussed that can contribute to the peaceful resolution of the dispute between the two countries and, in this sense, F\u00e9lix Antoine Tshisekedi, at the request of his Angolan counterpart, agreed to release two recently captured Rwandan soldiers.<\/p>\n<p>This diligence aims to contribute to the reduction of tension in the relationship between the two countries (DRC and Rwanda), says the Secretary for Institutional Communication and Press Affairs of the President of the Republic.<\/p>\n<p>Following this morning&#8217;s meeting, the Head of State, Jo\u00e3o Louren\u00e7o, held a videoconference conversation this afternoon with Paul Kagame, President of the Republic of Rwanda, during which the same aspects discussed with his counterpart from the DRC were discussed. .<\/p>\n<p>These discussions allowed the two statesmen to reach an understanding on the holding in Luanda, on a date to be announced shortly, of a Summit in which, at the invitation of the Angolan President, the Heads of State of the DRC and Rwanda will participate, in order to take care of all aspects that can help, in a consistent way, to promote the de-escalation of the tension currently prevailing on the border between the two countries and thus contribute to the strengthening of peace in the sub-region.<\/p>\n<p><strong>For More News And Analysis About <a href=\"https:\/\/www.africa-press.net\/angola\">Angola<\/a> Follow <a href=\"https:\/\/www.africa-press.net\/\">Africa-Press<\/a><\/strong><\/p>\n","protected":false},"excerpt":{"rendered":"<p>Africa-Press &#8211; Angola. Following the mandate received at the recent Malabo Summit, the President of the Republic, Jo\u00e3o Louren\u00e7o, welcomed yesterday, in Luanda, his counterpart from the Democratic Republic of Congo (DRC), F\u00e9lix-Antoine Tshisekedi, in a meeting to address issues related to the growing tension that takes place between the DRC and Rwanda. In the [&hellip;]<\/p>\n","protected":false},"author":84,"featured_media":9068,"comment_status":"open","ping_status":"open","sticky":false,"template":"","format":"standard","meta":{"footnotes":""},"categories":[2,8,12,16],"tags":[233,337,329],"class_list":["post-9069","post","type-post","status-publish","format-standard","has-post-thumbnail","hentry","category-all-news","category-homepage-english","category-policy","category-twitter","tag-africa-press","tag-africa-press-angola","tag-angola"],"yoast_head":"<!-- This site is optimized with the Yoast SEO Premium plugin v26.1 (Yoast SEO v27.0) - https:\/\/yoast.com\/product\/yoast-seo-premium-wordpress\/ -->\n<title>Growing tension between DRC and Rwanda addressed in Luanda - Angola<\/title>\n<meta name=\"description\" content=\"Following the mandate received at the recent Malabo Summit, the President of the Republic, Jo\u00e3o Louren\u00e7o, welcomed ye ...\" \/>\n<meta name=\"robots\" content=\"index, follow, max-snippet:-1, max-image-preview:large, max-video-preview:-1\" \/>\n<link rel=\"canonical\" href=\"https:\/\/www.africa-press.net\/angola\/all-news\/growing-tension-between-drc-and-rwanda-addressed-in-luanda\" \/>\n<meta property=\"og:locale\" content=\"en_US\" \/>\n<meta property=\"og:type\" content=\"article\" \/>\n<meta property=\"og:title\" content=\"Growing tension between DRC and Rwanda addressed in Luanda\" \/>\n<meta property=\"og:description\" content=\"Following the mandate received at the recent Malabo Summit, the President of the Republic, Jo\u00e3o Louren\u00e7o, welcomed ye ...\" \/>\n<meta property=\"og:url\" content=\"https:\/\/www.africa-press.net\/angola\/all-news\/growing-tension-between-drc-and-rwanda-addressed-in-luanda\" \/>\n<meta property=\"og:site_name\" content=\"Angola\" \/>\n<meta property=\"article:publisher\" content=\"https:\/\/www.facebook.com\/AfricaPressTunisiaa\" \/>\n<meta property=\"article:published_time\" content=\"2022-06-01T10:20:16+00:00\" \/>\n<meta property=\"article:modified_time\" content=\"2022-06-01T14:54:45+00:00\" \/>\n<meta property=\"og:image\" content=\"https:\/\/static.africa-press.net\/angola\/sites\/65\/2022\/06\/img-62977d9f07855.jpg\" \/>\n\t<meta property=\"og:image:width\" content=\"620\" \/>\n\t<meta property=\"og:image:height\" content=\"413\" \/>\n\t<meta property=\"og:image:type\" content=\"image\/jpeg\" \/>\n<meta name=\"author\" content=\"cfeditoren\" \/>\n<meta name=\"twitter:card\" content=\"summary_large_image\" \/>\n<meta name=\"twitter:label1\" content=\"Written by\" \/>\n\t<meta name=\"twitter:data1\" content=\"cfeditoren\" \/>\n\t<meta name=\"twitter:label2\" content=\"Est. reading time\" \/>\n\t<meta name=\"twitter:data2\" content=\"1 minute\" \/>\n<script type=\"application\/ld+json\" class=\"yoast-schema-graph\">{\"@context\":\"https:\/\/schema.org\",\"@graph\":[{\"@type\":\"Article\",\"@id\":\"https:\/\/www.africa-press.net\/angola\/all-news\/growing-tension-between-drc-and-rwanda-addressed-in-luanda#article\",\"isPartOf\":{\"@id\":\"https:\/\/www.africa-press.net\/angola\/all-news\/growing-tension-between-drc-and-rwanda-addressed-in-luanda\"},\"author\":{\"name\":\"cfeditoren\",\"@id\":\"https:\/\/www.africa-press.net\/angola\/#\/schema\/person\/068c7ab4e9634ae78ec5d54ec46598bb\"},\"headline\":\"Growing tension between DRC and Rwanda addressed in Luanda\",\"datePublished\":\"2022-06-01T10:20:16+00:00\",\"dateModified\":\"2022-06-01T14:54:45+00:00\",\"mainEntityOfPage\":{\"@id\":\"https:\/\/www.africa-press.net\/angola\/all-news\/growing-tension-between-drc-and-rwanda-addressed-in-luanda\"},\"wordCount\":285,\"commentCount\":0,\"image\":{\"@id\":\"https:\/\/www.africa-press.net\/angola\/all-news\/growing-tension-between-drc-and-rwanda-addressed-in-luanda#primaryimage\"},\"thumbnailUrl\":\"https:\/\/static.africa-press.net\/angola\/sites\/65\/2022\/06\/img-62977d9f07855.jpg\",\"keywords\":[\"Africa Press\",\"Africa Press-Angola\",\"Angola\"],\"articleSection\":[\"all news\",\"homepage-english\",\"policy\",\"twitter\"],\"inLanguage\":\"en-US\",\"potentialAction\":[{\"@type\":\"CommentAction\",\"name\":\"Comment\",\"target\":[\"https:\/\/www.africa-press.net\/angola\/all-news\/growing-tension-between-drc-and-rwanda-addressed-in-luanda#respond\"]}]},{\"@type\":\"WebPage\",\"@id\":\"https:\/\/www.africa-press.net\/angola\/all-news\/growing-tension-between-drc-and-rwanda-addressed-in-luanda\",\"url\":\"https:\/\/www.africa-press.net\/angola\/all-news\/growing-tension-between-drc-and-rwanda-addressed-in-luanda\",\"name\":\"Growing tension between DRC and Rwanda addressed in Luanda - Angola\",\"isPartOf\":{\"@id\":\"https:\/\/www.africa-press.net\/angola\/#website\"},\"primaryImageOfPage\":{\"@id\":\"https:\/\/www.africa-press.net\/angola\/all-news\/growing-tension-between-drc-and-rwanda-addressed-in-luanda#primaryimage\"},\"image\":{\"@id\":\"https:\/\/www.africa-press.net\/angola\/all-news\/growing-tension-between-drc-and-rwanda-addressed-in-luanda#primaryimage\"},\"thumbnailUrl\":\"https:\/\/static.africa-press.net\/angola\/sites\/65\/2022\/06\/img-62977d9f07855.jpg\",\"datePublished\":\"2022-06-01T10:20:16+00:00\",\"dateModified\":\"2022-06-01T14:54:45+00:00\",\"author\":{\"@id\":\"https:\/\/www.africa-press.net\/angola\/#\/schema\/person\/068c7ab4e9634ae78ec5d54ec46598bb\"},\"description\":\"Following the mandate received at the recent Malabo Summit, the President of the Republic, Jo\u00e3o Louren\u00e7o, welcomed ye ...\",\"breadcrumb\":{\"@id\":\"https:\/\/www.africa-press.net\/angola\/all-news\/growing-tension-between-drc-and-rwanda-addressed-in-luanda#breadcrumb\"},\"inLanguage\":\"en-US\",\"potentialAction\":[{\"@type\":\"ReadAction\",\"target\":[\"https:\/\/www.africa-press.net\/angola\/all-news\/growing-tension-between-drc-and-rwanda-addressed-in-luanda\"]}]},{\"@type\":\"ImageObject\",\"inLanguage\":\"en-US\",\"@id\":\"https:\/\/www.africa-press.net\/angola\/all-news\/growing-tension-between-drc-and-rwanda-addressed-in-luanda#primaryimage\",\"url\":\"https:\/\/static.africa-press.net\/angola\/sites\/65\/2022\/06\/img-62977d9f07855.jpg\",\"contentUrl\":\"https:\/\/static.africa-press.net\/angola\/sites\/65\/2022\/06\/img-62977d9f07855.jpg\",\"width\":620,\"height\":413,\"caption\":\"Growing tension between DRC and Rwanda addressed in Luanda\"},{\"@type\":\"BreadcrumbList\",\"@id\":\"https:\/\/www.africa-press.net\/angola\/all-news\/growing-tension-between-drc-and-rwanda-addressed-in-luanda#breadcrumb\",\"itemListElement\":[{\"@type\":\"ListItem\",\"position\":1,\"name\":\"Home\",\"item\":\"https:\/\/www.africa-press.net\/angola\/\"},{\"@type\":\"ListItem\",\"position\":2,\"name\":\"Growing tension between DRC and Rwanda addressed in Luanda\"}]},{\"@type\":\"WebSite\",\"@id\":\"https:\/\/www.africa-press.net\/angola\/#website\",\"url\":\"https:\/\/www.africa-press.net\/angola\/\",\"name\":\"Angola\",\"description\":\"Just another Africa News Agency Sites site\",\"potentialAction\":[{\"@type\":\"SearchAction\",\"target\":{\"@type\":\"EntryPoint\",\"urlTemplate\":\"https:\/\/www.africa-press.net\/angola\/?s={search_term_string}\"},\"query-input\":{\"@type\":\"PropertyValueSpecification\",\"valueRequired\":true,\"valueName\":\"search_term_string\"}}],\"inLanguage\":\"en-US\"},{\"@type\":\"Person\",\"@id\":\"https:\/\/www.africa-press.net\/angola\/#\/schema\/person\/068c7ab4e9634ae78ec5d54ec46598bb\",\"name\":\"cfeditoren\",\"image\":{\"@type\":\"ImageObject\",\"inLanguage\":\"en-US\",\"@id\":\"https:\/\/www.africa-press.net\/angola\/#\/schema\/person\/image\/\",\"url\":\"https:\/\/secure.gravatar.com\/avatar\/7417380fa9e23b5c57fdbfdaf3fdf92ee478f759a084addda5faa3732853e74a?s=96&d=mm&r=g\",\"contentUrl\":\"https:\/\/secure.gravatar.com\/avatar\/7417380fa9e23b5c57fdbfdaf3fdf92ee478f759a084addda5faa3732853e74a?s=96&d=mm&r=g\",\"caption\":\"cfeditoren\"}}]}<\/script>\n<!-- \/ Yoast SEO Premium plugin. -->","yoast_head_json":{"title":"Growing tension between DRC and Rwanda addressed in Luanda - Angola","description":"Following the mandate received at the recent Malabo Summit, the President of the Republic, Jo\u00e3o Louren\u00e7o, welcomed ye ...","robots":{"index":"index","follow":"follow","max-snippet":"max-snippet:-1","max-image-preview":"max-image-preview:large","max-video-preview":"max-video-preview:-1"},"canonical":"https:\/\/www.africa-press.net\/angola\/all-news\/growing-tension-between-drc-and-rwanda-addressed-in-luanda","og_locale":"en_US","og_type":"article","og_title":"Growing tension between DRC and Rwanda addressed in Luanda","og_description":"Following the mandate received at the recent Malabo Summit, the President of the Republic, Jo\u00e3o Louren\u00e7o, welcomed ye ...","og_url":"https:\/\/www.africa-press.net\/angola\/all-news\/growing-tension-between-drc-and-rwanda-addressed-in-luanda","og_site_name":"Angola","article_publisher":"https:\/\/www.facebook.com\/AfricaPressTunisiaa","article_published_time":"2022-06-01T10:20:16+00:00","article_modified_time":"2022-06-01T14:54:45+00:00","og_image":[{"width":620,"height":413,"url":"https:\/\/static.africa-press.net\/angola\/sites\/65\/2022\/06\/img-62977d9f07855.jpg","type":"image\/jpeg"}],"author":"cfeditoren","twitter_card":"summary_large_image","twitter_misc":{"Written by":"cfeditoren","Est. reading time":"1 minute"},"schema":{"@context":"https:\/\/schema.org","@graph":[{"@type":"Article","@id":"https:\/\/www.africa-press.net\/angola\/all-news\/growing-tension-between-drc-and-rwanda-addressed-in-luanda#article","isPartOf":{"@id":"https:\/\/www.africa-press.net\/angola\/all-news\/growing-tension-between-drc-and-rwanda-addressed-in-luanda"},"author":{"name":"cfeditoren","@id":"https:\/\/www.africa-press.net\/angola\/#\/schema\/person\/068c7ab4e9634ae78ec5d54ec46598bb"},"headline":"Growing tension between DRC and Rwanda addressed in Luanda","datePublished":"2022-06-01T10:20:16+00:00","dateModified":"2022-06-01T14:54:45+00:00","mainEntityOfPage":{"@id":"https:\/\/www.africa-press.net\/angola\/all-news\/growing-tension-between-drc-and-rwanda-addressed-in-luanda"},"wordCount":285,"commentCount":0,"image":{"@id":"https:\/\/www.africa-press.net\/angola\/all-news\/growing-tension-between-drc-and-rwanda-addressed-in-luanda#primaryimage"},"thumbnailUrl":"https:\/\/static.africa-press.net\/angola\/sites\/65\/2022\/06\/img-62977d9f07855.jpg","keywords":["Africa Press","Africa Press-Angola","Angola"],"articleSection":["all news","homepage-english","policy","twitter"],"inLanguage":"en-US","potentialAction":[{"@type":"CommentAction","name":"Comment","target":["https:\/\/www.africa-press.net\/angola\/all-news\/growing-tension-between-drc-and-rwanda-addressed-in-luanda#respond"]}]},{"@type":"WebPage","@id":"https:\/\/www.africa-press.net\/angola\/all-news\/growing-tension-between-drc-and-rwanda-addressed-in-luanda","url":"https:\/\/www.africa-press.net\/angola\/all-news\/growing-tension-between-drc-and-rwanda-addressed-in-luanda","name":"Growing tension between DRC and Rwanda addressed in Luanda - Angola","isPartOf":{"@id":"https:\/\/www.africa-press.net\/angola\/#website"},"primaryImageOfPage":{"@id":"https:\/\/www.africa-press.net\/angola\/all-news\/growing-tension-between-drc-and-rwanda-addressed-in-luanda#primaryimage"},"image":{"@id":"https:\/\/www.africa-press.net\/angola\/all-news\/growing-tension-between-drc-and-rwanda-addressed-in-luanda#primaryimage"},"thumbnailUrl":"https:\/\/static.africa-press.net\/angola\/sites\/65\/2022\/06\/img-62977d9f07855.jpg","datePublished":"2022-06-01T10:20:16+00:00","dateModified":"2022-06-01T14:54:45+00:00","author":{"@id":"https:\/\/www.africa-press.net\/angola\/#\/schema\/person\/068c7ab4e9634ae78ec5d54ec46598bb"},"description":"Following the mandate received at the recent Malabo Summit, the President of the Republic, Jo\u00e3o Louren\u00e7o, welcomed ye ...","breadcrumb":{"@id":"https:\/\/www.africa-press.net\/angola\/all-news\/growing-tension-between-drc-and-rwanda-addressed-in-luanda#breadcrumb"},"inLanguage":"en-US","potentialAction":[{"@type":"ReadAction","target":["https:\/\/www.africa-press.net\/angola\/all-news\/growing-tension-between-drc-and-rwanda-addressed-in-luanda"]}]},{"@type":"ImageObject","inLanguage":"en-US","@id":"https:\/\/www.africa-press.net\/angola\/all-news\/growing-tension-between-drc-and-rwanda-addressed-in-luanda#primaryimage","url":"https:\/\/static.africa-press.net\/angola\/sites\/65\/2022\/06\/img-62977d9f07855.jpg","contentUrl":"https:\/\/static.africa-press.net\/angola\/sites\/65\/2022\/06\/img-62977d9f07855.jpg","width":620,"height":413,"caption":"Growing tension between DRC and Rwanda addressed in Luanda"},{"@type":"BreadcrumbList","@id":"https:\/\/www.africa-press.net\/angola\/all-news\/growing-tension-between-drc-and-rwanda-addressed-in-luanda#breadcrumb","itemListElement":[{"@type":"ListItem","position":1,"name":"Home","item":"https:\/\/www.africa-press.net\/angola\/"},{"@type":"ListItem","position":2,"name":"Growing tension between DRC and Rwanda addressed in Luanda"}]},{"@type":"WebSite","@id":"https:\/\/www.africa-press.net\/angola\/#website","url":"https:\/\/www.africa-press.net\/angola\/","name":"Angola","description":"Just another Africa News Agency Sites site","potentialAction":[{"@type":"SearchAction","target":{"@type":"EntryPoint","urlTemplate":"https:\/\/www.africa-press.net\/angola\/?s={search_term_string}"},"query-input":{"@type":"PropertyValueSpecification","valueRequired":true,"valueName":"search_term_string"}}],"inLanguage":"en-US"},{"@type":"Person","@id":"https:\/\/www.africa-press.net\/angola\/#\/schema\/person\/068c7ab4e9634ae78ec5d54ec46598bb","name":"cfeditoren","image":{"@type":"ImageObject","inLanguage":"en-US","@id":"https:\/\/www.africa-press.net\/angola\/#\/schema\/person\/image\/","url":"https:\/\/secure.gravatar.com\/avatar\/7417380fa9e23b5c57fdbfdaf3fdf92ee478f759a084addda5faa3732853e74a?s=96&d=mm&r=g","contentUrl":"https:\/\/secure.gravatar.com\/avatar\/7417380fa9e23b5c57fdbfdaf3fdf92ee478f759a084addda5faa3732853e74a?s=96&d=mm&r=g","caption":"cfeditoren"}}]}},"_links":{"self":[{"href":"https:\/\/www.africa-press.net\/angola\/wp-json\/wp\/v2\/posts\/9069","targetHints":{"allow":["GET"]}}],"collection":[{"href":"https:\/\/www.africa-press.net\/angola\/wp-json\/wp\/v2\/posts"}],"about":[{"href":"https:\/\/www.africa-press.net\/angola\/wp-json\/wp\/v2\/types\/post"}],"author":[{"embeddable":true,"href":"https:\/\/www.africa-press.net\/angola\/wp-json\/wp\/v2\/users\/84"}],"replies":[{"embeddable":true,"href":"https:\/\/www.africa-press.net\/angola\/wp-json\/wp\/v2\/comments?post=9069"}],"version-history":[{"count":0,"href":"https:\/\/www.africa-press.net\/angola\/wp-json\/wp\/v2\/posts\/9069\/revisions"}],"wp:featuredmedia":[{"embeddable":true,"href":"https:\/\/www.africa-press.net\/angola\/wp-json\/wp\/v2\/media\/9068"}],"wp:attachment":[{"href":"https:\/\/www.africa-press.net\/angola\/wp-json\/wp\/v2\/media?parent=9069"}],"wp:term":[{"taxonomy":"category","embeddable":true,"href":"https:\/\/www.africa-press.net\/angola\/wp-json\/wp\/v2\/categories?post=9069"},{"taxonomy":"post_tag","embeddable":true,"href":"https:\/\/www.africa-press.net\/angola\/wp-json\/wp\/v2\/tags?post=9069"}],"curies":[{"name":"wp","href":"https:\/\/api.w.org\/{rel}","templated":true}]}}