{"id":9109,"date":"2022-06-02T10:59:35","date_gmt":"2022-06-02T10:59:35","guid":{"rendered":"https:\/\/www.africa-press.net\/angola\/all-news\/president-of-the-republic-inaugurates-hospital-materno-infantil-dr-manuel-pedro-azancot-de-menezes-2"},"modified":"2022-06-02T13:20:46","modified_gmt":"2022-06-02T13:20:46","slug":"president-of-the-republic-inaugurates-hospital-materno-infantil-dr-manuel-pedro-azancot-de-menezes-2","status":"publish","type":"post","link":"https:\/\/www.africa-press.net\/angola\/all-news\/president-of-the-republic-inaugurates-hospital-materno-infantil-dr-manuel-pedro-azancot-de-menezes-2","title":{"rendered":"President of the Republic inaugurates Hospital Materno-Infantil Dr. Manuel Pedro Azancot de Menezes"},"content":{"rendered":"<p><span style=\"color: #ff6600\"><strong>Africa-Press &#8211; Angola. <\/strong><\/span><b>The President of the Republic, Jo\u00e3o Louren\u00e7o, carried out this Wednesday, in Luanda, the inauguration of the Hospital Marterno-Infantil Manuel Pedro Azancot de Menezes, located in the Urban District of Camama, on a day that commemorates the 1st of June (International Day of child).<\/b><\/p>\n<p>The act was witnessed by the Vice-President of the Republic, Bornito de Sousa, the First Lady of the Republic, Ana Dias Louren\u00e7o, members of the Executive, among other guests.<\/p>\n<p>The Hospital Materno-Infantil Dr. Manuel Pedro Azancot de Menezes has seven floors with an administrative area, maternity unit, emergency room, space for outpatient consultations, pediatric intensive care units with 10 beds, two of which are for isolation to treat infectious diseases.<\/p>\n<p>The hospital also has 10 state-of-the-art incubators, two of which are intended for isolation with technical conditions capable of supporting critically ill newborns who need oxygen, a parking lot, among other compartments.<\/p>\n<p>Manuel Pedro Azancot de Menezes was born in S\u00e3o Tom\u00e9 and Pr\u00edncipe in March 1923 and became famous in Angola, Cape Verde, Portugal, S\u00e3o Tom\u00e9 and Pr\u00edncipe and East Timor.<\/p>\n<p><strong>For More News And Analysis About <a href=\"https:\/\/www.africa-press.net\/angola\">Angola<\/a> Follow <a href=\"https:\/\/www.africa-press.net\/\">Africa-Press<\/a><\/strong><\/p>\n","protected":false},"excerpt":{"rendered":"<p>Africa-Press &#8211; Angola. The President of the Republic, Jo\u00e3o Louren\u00e7o, carried out this Wednesday, in Luanda, the inauguration of the Hospital Marterno-Infantil Manuel Pedro Azancot de Menezes, located in the Urban District of Camama, on a day that commemorates the 1st of June (International Day of child). The act was witnessed by the Vice-President of [&hellip;]<\/p>\n","protected":false},"author":84,"featured_media":9108,"comment_status":"open","ping_status":"open","sticky":false,"template":"","format":"standard","meta":{"footnotes":""},"categories":[2,8,12,16],"tags":[233,337,329],"class_list":["post-9109","post","type-post","status-publish","format-standard","has-post-thumbnail","hentry","category-all-news","category-homepage-english","category-policy","category-twitter","tag-africa-press","tag-africa-press-angola","tag-angola"],"yoast_head":"<!-- This site is optimized with the Yoast SEO Premium plugin v26.1 (Yoast SEO v27.0) - https:\/\/yoast.com\/product\/yoast-seo-premium-wordpress\/ -->\n<title>President of the Republic inaugurates Hospital Materno-Infantil Dr. Manuel Pedro Azancot de Menezes - Angola<\/title>\n<meta name=\"description\" content=\"The President of the Republic, Jo\u00e3o Louren\u00e7o, carried out this Wednesday, in Luanda, the inauguration of the Hospital ...\" \/>\n<meta name=\"robots\" content=\"index, follow, max-snippet:-1, max-image-preview:large, max-video-preview:-1\" \/>\n<link rel=\"canonical\" href=\"https:\/\/www.africa-press.net\/angola\/all-news\/president-of-the-republic-inaugurates-hospital-materno-infantil-dr-manuel-pedro-azancot-de-menezes-2\" \/>\n<meta property=\"og:locale\" content=\"en_US\" \/>\n<meta property=\"og:type\" content=\"article\" \/>\n<meta property=\"og:title\" content=\"President of the Republic inaugurates Hospital Materno-Infantil Dr. Manuel Pedro Azancot de Menezes\" \/>\n<meta property=\"og:description\" content=\"The President of the Republic, Jo\u00e3o Louren\u00e7o, carried out this Wednesday, in Luanda, the inauguration of the Hospital ...\" \/>\n<meta property=\"og:url\" content=\"https:\/\/www.africa-press.net\/angola\/all-news\/president-of-the-republic-inaugurates-hospital-materno-infantil-dr-manuel-pedro-azancot-de-menezes-2\" \/>\n<meta property=\"og:site_name\" content=\"Angola\" \/>\n<meta property=\"article:publisher\" content=\"https:\/\/www.facebook.com\/AfricaPressTunisiaa\" \/>\n<meta property=\"article:published_time\" content=\"2022-06-02T10:59:35+00:00\" \/>\n<meta property=\"article:modified_time\" content=\"2022-06-02T13:20:46+00:00\" \/>\n<meta property=\"og:image\" content=\"https:\/\/static.africa-press.net\/angola\/sites\/65\/2022\/06\/img-6298b917ae025.jpg\" \/>\n\t<meta property=\"og:image:width\" content=\"620\" \/>\n\t<meta property=\"og:image:height\" content=\"354\" \/>\n\t<meta property=\"og:image:type\" content=\"image\/jpeg\" \/>\n<meta name=\"author\" content=\"cfeditoren\" \/>\n<meta name=\"twitter:card\" content=\"summary_large_image\" \/>\n<meta name=\"twitter:label1\" content=\"Written by\" \/>\n\t<meta name=\"twitter:data1\" content=\"cfeditoren\" \/>\n\t<meta name=\"twitter:label2\" content=\"Est. reading time\" \/>\n\t<meta name=\"twitter:data2\" content=\"1 minute\" \/>\n<script type=\"application\/ld+json\" class=\"yoast-schema-graph\">{\"@context\":\"https:\/\/schema.org\",\"@graph\":[{\"@type\":\"Article\",\"@id\":\"https:\/\/www.africa-press.net\/angola\/all-news\/president-of-the-republic-inaugurates-hospital-materno-infantil-dr-manuel-pedro-azancot-de-menezes-2#article\",\"isPartOf\":{\"@id\":\"https:\/\/www.africa-press.net\/angola\/all-news\/president-of-the-republic-inaugurates-hospital-materno-infantil-dr-manuel-pedro-azancot-de-menezes-2\"},\"author\":{\"name\":\"cfeditoren\",\"@id\":\"https:\/\/www.africa-press.net\/angola\/#\/schema\/person\/068c7ab4e9634ae78ec5d54ec46598bb\"},\"headline\":\"President of the Republic inaugurates Hospital Materno-Infantil Dr. Manuel Pedro Azancot de Menezes\",\"datePublished\":\"2022-06-02T10:59:35+00:00\",\"dateModified\":\"2022-06-02T13:20:46+00:00\",\"mainEntityOfPage\":{\"@id\":\"https:\/\/www.africa-press.net\/angola\/all-news\/president-of-the-republic-inaugurates-hospital-materno-infantil-dr-manuel-pedro-azancot-de-menezes-2\"},\"wordCount\":205,\"commentCount\":0,\"image\":{\"@id\":\"https:\/\/www.africa-press.net\/angola\/all-news\/president-of-the-republic-inaugurates-hospital-materno-infantil-dr-manuel-pedro-azancot-de-menezes-2#primaryimage\"},\"thumbnailUrl\":\"https:\/\/static.africa-press.net\/angola\/sites\/65\/2022\/06\/img-6298b917ae025.jpg\",\"keywords\":[\"Africa Press\",\"Africa Press-Angola\",\"Angola\"],\"articleSection\":[\"all news\",\"homepage-english\",\"policy\",\"twitter\"],\"inLanguage\":\"en-US\",\"potentialAction\":[{\"@type\":\"CommentAction\",\"name\":\"Comment\",\"target\":[\"https:\/\/www.africa-press.net\/angola\/all-news\/president-of-the-republic-inaugurates-hospital-materno-infantil-dr-manuel-pedro-azancot-de-menezes-2#respond\"]}]},{\"@type\":\"WebPage\",\"@id\":\"https:\/\/www.africa-press.net\/angola\/all-news\/president-of-the-republic-inaugurates-hospital-materno-infantil-dr-manuel-pedro-azancot-de-menezes-2\",\"url\":\"https:\/\/www.africa-press.net\/angola\/all-news\/president-of-the-republic-inaugurates-hospital-materno-infantil-dr-manuel-pedro-azancot-de-menezes-2\",\"name\":\"President of the Republic inaugurates Hospital Materno-Infantil Dr. Manuel Pedro Azancot de Menezes - Angola\",\"isPartOf\":{\"@id\":\"https:\/\/www.africa-press.net\/angola\/#website\"},\"primaryImageOfPage\":{\"@id\":\"https:\/\/www.africa-press.net\/angola\/all-news\/president-of-the-republic-inaugurates-hospital-materno-infantil-dr-manuel-pedro-azancot-de-menezes-2#primaryimage\"},\"image\":{\"@id\":\"https:\/\/www.africa-press.net\/angola\/all-news\/president-of-the-republic-inaugurates-hospital-materno-infantil-dr-manuel-pedro-azancot-de-menezes-2#primaryimage\"},\"thumbnailUrl\":\"https:\/\/static.africa-press.net\/angola\/sites\/65\/2022\/06\/img-6298b917ae025.jpg\",\"datePublished\":\"2022-06-02T10:59:35+00:00\",\"dateModified\":\"2022-06-02T13:20:46+00:00\",\"author\":{\"@id\":\"https:\/\/www.africa-press.net\/angola\/#\/schema\/person\/068c7ab4e9634ae78ec5d54ec46598bb\"},\"description\":\"The President of the Republic, Jo\u00e3o Louren\u00e7o, carried out this Wednesday, in Luanda, the inauguration of the Hospital ...\",\"breadcrumb\":{\"@id\":\"https:\/\/www.africa-press.net\/angola\/all-news\/president-of-the-republic-inaugurates-hospital-materno-infantil-dr-manuel-pedro-azancot-de-menezes-2#breadcrumb\"},\"inLanguage\":\"en-US\",\"potentialAction\":[{\"@type\":\"ReadAction\",\"target\":[\"https:\/\/www.africa-press.net\/angola\/all-news\/president-of-the-republic-inaugurates-hospital-materno-infantil-dr-manuel-pedro-azancot-de-menezes-2\"]}]},{\"@type\":\"ImageObject\",\"inLanguage\":\"en-US\",\"@id\":\"https:\/\/www.africa-press.net\/angola\/all-news\/president-of-the-republic-inaugurates-hospital-materno-infantil-dr-manuel-pedro-azancot-de-menezes-2#primaryimage\",\"url\":\"https:\/\/static.africa-press.net\/angola\/sites\/65\/2022\/06\/img-6298b917ae025.jpg\",\"contentUrl\":\"https:\/\/static.africa-press.net\/angola\/sites\/65\/2022\/06\/img-6298b917ae025.jpg\",\"width\":620,\"height\":354,\"caption\":\"President of the Republic inaugurates Hospital Materno-Infantil Dr. Manuel Pedro Azancot de Menezes\"},{\"@type\":\"BreadcrumbList\",\"@id\":\"https:\/\/www.africa-press.net\/angola\/all-news\/president-of-the-republic-inaugurates-hospital-materno-infantil-dr-manuel-pedro-azancot-de-menezes-2#breadcrumb\",\"itemListElement\":[{\"@type\":\"ListItem\",\"position\":1,\"name\":\"Home\",\"item\":\"https:\/\/www.africa-press.net\/angola\/\"},{\"@type\":\"ListItem\",\"position\":2,\"name\":\"President of the Republic inaugurates Hospital Materno-Infantil Dr. Manuel Pedro Azancot de Menezes\"}]},{\"@type\":\"WebSite\",\"@id\":\"https:\/\/www.africa-press.net\/angola\/#website\",\"url\":\"https:\/\/www.africa-press.net\/angola\/\",\"name\":\"Angola\",\"description\":\"Just another Africa News Agency Sites site\",\"potentialAction\":[{\"@type\":\"SearchAction\",\"target\":{\"@type\":\"EntryPoint\",\"urlTemplate\":\"https:\/\/www.africa-press.net\/angola\/?s={search_term_string}\"},\"query-input\":{\"@type\":\"PropertyValueSpecification\",\"valueRequired\":true,\"valueName\":\"search_term_string\"}}],\"inLanguage\":\"en-US\"},{\"@type\":\"Person\",\"@id\":\"https:\/\/www.africa-press.net\/angola\/#\/schema\/person\/068c7ab4e9634ae78ec5d54ec46598bb\",\"name\":\"cfeditoren\",\"image\":{\"@type\":\"ImageObject\",\"inLanguage\":\"en-US\",\"@id\":\"https:\/\/www.africa-press.net\/angola\/#\/schema\/person\/image\/\",\"url\":\"https:\/\/secure.gravatar.com\/avatar\/7417380fa9e23b5c57fdbfdaf3fdf92ee478f759a084addda5faa3732853e74a?s=96&d=mm&r=g\",\"contentUrl\":\"https:\/\/secure.gravatar.com\/avatar\/7417380fa9e23b5c57fdbfdaf3fdf92ee478f759a084addda5faa3732853e74a?s=96&d=mm&r=g\",\"caption\":\"cfeditoren\"}}]}<\/script>\n<!-- \/ Yoast SEO Premium plugin. -->","yoast_head_json":{"title":"President of the Republic inaugurates Hospital Materno-Infantil Dr. Manuel Pedro Azancot de Menezes - Angola","description":"The President of the Republic, Jo\u00e3o Louren\u00e7o, carried out this Wednesday, in Luanda, the inauguration of the Hospital ...","robots":{"index":"index","follow":"follow","max-snippet":"max-snippet:-1","max-image-preview":"max-image-preview:large","max-video-preview":"max-video-preview:-1"},"canonical":"https:\/\/www.africa-press.net\/angola\/all-news\/president-of-the-republic-inaugurates-hospital-materno-infantil-dr-manuel-pedro-azancot-de-menezes-2","og_locale":"en_US","og_type":"article","og_title":"President of the Republic inaugurates Hospital Materno-Infantil Dr. Manuel Pedro Azancot de Menezes","og_description":"The President of the Republic, Jo\u00e3o Louren\u00e7o, carried out this Wednesday, in Luanda, the inauguration of the Hospital ...","og_url":"https:\/\/www.africa-press.net\/angola\/all-news\/president-of-the-republic-inaugurates-hospital-materno-infantil-dr-manuel-pedro-azancot-de-menezes-2","og_site_name":"Angola","article_publisher":"https:\/\/www.facebook.com\/AfricaPressTunisiaa","article_published_time":"2022-06-02T10:59:35+00:00","article_modified_time":"2022-06-02T13:20:46+00:00","og_image":[{"width":620,"height":354,"url":"https:\/\/static.africa-press.net\/angola\/sites\/65\/2022\/06\/img-6298b917ae025.jpg","type":"image\/jpeg"}],"author":"cfeditoren","twitter_card":"summary_large_image","twitter_misc":{"Written by":"cfeditoren","Est. reading time":"1 minute"},"schema":{"@context":"https:\/\/schema.org","@graph":[{"@type":"Article","@id":"https:\/\/www.africa-press.net\/angola\/all-news\/president-of-the-republic-inaugurates-hospital-materno-infantil-dr-manuel-pedro-azancot-de-menezes-2#article","isPartOf":{"@id":"https:\/\/www.africa-press.net\/angola\/all-news\/president-of-the-republic-inaugurates-hospital-materno-infantil-dr-manuel-pedro-azancot-de-menezes-2"},"author":{"name":"cfeditoren","@id":"https:\/\/www.africa-press.net\/angola\/#\/schema\/person\/068c7ab4e9634ae78ec5d54ec46598bb"},"headline":"President of the Republic inaugurates Hospital Materno-Infantil Dr. Manuel Pedro Azancot de Menezes","datePublished":"2022-06-02T10:59:35+00:00","dateModified":"2022-06-02T13:20:46+00:00","mainEntityOfPage":{"@id":"https:\/\/www.africa-press.net\/angola\/all-news\/president-of-the-republic-inaugurates-hospital-materno-infantil-dr-manuel-pedro-azancot-de-menezes-2"},"wordCount":205,"commentCount":0,"image":{"@id":"https:\/\/www.africa-press.net\/angola\/all-news\/president-of-the-republic-inaugurates-hospital-materno-infantil-dr-manuel-pedro-azancot-de-menezes-2#primaryimage"},"thumbnailUrl":"https:\/\/static.africa-press.net\/angola\/sites\/65\/2022\/06\/img-6298b917ae025.jpg","keywords":["Africa Press","Africa Press-Angola","Angola"],"articleSection":["all news","homepage-english","policy","twitter"],"inLanguage":"en-US","potentialAction":[{"@type":"CommentAction","name":"Comment","target":["https:\/\/www.africa-press.net\/angola\/all-news\/president-of-the-republic-inaugurates-hospital-materno-infantil-dr-manuel-pedro-azancot-de-menezes-2#respond"]}]},{"@type":"WebPage","@id":"https:\/\/www.africa-press.net\/angola\/all-news\/president-of-the-republic-inaugurates-hospital-materno-infantil-dr-manuel-pedro-azancot-de-menezes-2","url":"https:\/\/www.africa-press.net\/angola\/all-news\/president-of-the-republic-inaugurates-hospital-materno-infantil-dr-manuel-pedro-azancot-de-menezes-2","name":"President of the Republic inaugurates Hospital Materno-Infantil Dr. Manuel Pedro Azancot de Menezes - Angola","isPartOf":{"@id":"https:\/\/www.africa-press.net\/angola\/#website"},"primaryImageOfPage":{"@id":"https:\/\/www.africa-press.net\/angola\/all-news\/president-of-the-republic-inaugurates-hospital-materno-infantil-dr-manuel-pedro-azancot-de-menezes-2#primaryimage"},"image":{"@id":"https:\/\/www.africa-press.net\/angola\/all-news\/president-of-the-republic-inaugurates-hospital-materno-infantil-dr-manuel-pedro-azancot-de-menezes-2#primaryimage"},"thumbnailUrl":"https:\/\/static.africa-press.net\/angola\/sites\/65\/2022\/06\/img-6298b917ae025.jpg","datePublished":"2022-06-02T10:59:35+00:00","dateModified":"2022-06-02T13:20:46+00:00","author":{"@id":"https:\/\/www.africa-press.net\/angola\/#\/schema\/person\/068c7ab4e9634ae78ec5d54ec46598bb"},"description":"The President of the Republic, Jo\u00e3o Louren\u00e7o, carried out this Wednesday, in Luanda, the inauguration of the Hospital ...","breadcrumb":{"@id":"https:\/\/www.africa-press.net\/angola\/all-news\/president-of-the-republic-inaugurates-hospital-materno-infantil-dr-manuel-pedro-azancot-de-menezes-2#breadcrumb"},"inLanguage":"en-US","potentialAction":[{"@type":"ReadAction","target":["https:\/\/www.africa-press.net\/angola\/all-news\/president-of-the-republic-inaugurates-hospital-materno-infantil-dr-manuel-pedro-azancot-de-menezes-2"]}]},{"@type":"ImageObject","inLanguage":"en-US","@id":"https:\/\/www.africa-press.net\/angola\/all-news\/president-of-the-republic-inaugurates-hospital-materno-infantil-dr-manuel-pedro-azancot-de-menezes-2#primaryimage","url":"https:\/\/static.africa-press.net\/angola\/sites\/65\/2022\/06\/img-6298b917ae025.jpg","contentUrl":"https:\/\/static.africa-press.net\/angola\/sites\/65\/2022\/06\/img-6298b917ae025.jpg","width":620,"height":354,"caption":"President of the Republic inaugurates Hospital Materno-Infantil Dr. Manuel Pedro Azancot de Menezes"},{"@type":"BreadcrumbList","@id":"https:\/\/www.africa-press.net\/angola\/all-news\/president-of-the-republic-inaugurates-hospital-materno-infantil-dr-manuel-pedro-azancot-de-menezes-2#breadcrumb","itemListElement":[{"@type":"ListItem","position":1,"name":"Home","item":"https:\/\/www.africa-press.net\/angola\/"},{"@type":"ListItem","position":2,"name":"President of the Republic inaugurates Hospital Materno-Infantil Dr. Manuel Pedro Azancot de Menezes"}]},{"@type":"WebSite","@id":"https:\/\/www.africa-press.net\/angola\/#website","url":"https:\/\/www.africa-press.net\/angola\/","name":"Angola","description":"Just another Africa News Agency Sites site","potentialAction":[{"@type":"SearchAction","target":{"@type":"EntryPoint","urlTemplate":"https:\/\/www.africa-press.net\/angola\/?s={search_term_string}"},"query-input":{"@type":"PropertyValueSpecification","valueRequired":true,"valueName":"search_term_string"}}],"inLanguage":"en-US"},{"@type":"Person","@id":"https:\/\/www.africa-press.net\/angola\/#\/schema\/person\/068c7ab4e9634ae78ec5d54ec46598bb","name":"cfeditoren","image":{"@type":"ImageObject","inLanguage":"en-US","@id":"https:\/\/www.africa-press.net\/angola\/#\/schema\/person\/image\/","url":"https:\/\/secure.gravatar.com\/avatar\/7417380fa9e23b5c57fdbfdaf3fdf92ee478f759a084addda5faa3732853e74a?s=96&d=mm&r=g","contentUrl":"https:\/\/secure.gravatar.com\/avatar\/7417380fa9e23b5c57fdbfdaf3fdf92ee478f759a084addda5faa3732853e74a?s=96&d=mm&r=g","caption":"cfeditoren"}}]}},"_links":{"self":[{"href":"https:\/\/www.africa-press.net\/angola\/wp-json\/wp\/v2\/posts\/9109","targetHints":{"allow":["GET"]}}],"collection":[{"href":"https:\/\/www.africa-press.net\/angola\/wp-json\/wp\/v2\/posts"}],"about":[{"href":"https:\/\/www.africa-press.net\/angola\/wp-json\/wp\/v2\/types\/post"}],"author":[{"embeddable":true,"href":"https:\/\/www.africa-press.net\/angola\/wp-json\/wp\/v2\/users\/84"}],"replies":[{"embeddable":true,"href":"https:\/\/www.africa-press.net\/angola\/wp-json\/wp\/v2\/comments?post=9109"}],"version-history":[{"count":0,"href":"https:\/\/www.africa-press.net\/angola\/wp-json\/wp\/v2\/posts\/9109\/revisions"}],"wp:featuredmedia":[{"embeddable":true,"href":"https:\/\/www.africa-press.net\/angola\/wp-json\/wp\/v2\/media\/9108"}],"wp:attachment":[{"href":"https:\/\/www.africa-press.net\/angola\/wp-json\/wp\/v2\/media?parent=9109"}],"wp:term":[{"taxonomy":"category","embeddable":true,"href":"https:\/\/www.africa-press.net\/angola\/wp-json\/wp\/v2\/categories?post=9109"},{"taxonomy":"post_tag","embeddable":true,"href":"https:\/\/www.africa-press.net\/angola\/wp-json\/wp\/v2\/tags?post=9109"}],"curies":[{"name":"wp","href":"https:\/\/api.w.org\/{rel}","templated":true}]}}