{"id":9124,"date":"2022-06-02T11:10:58","date_gmt":"2022-06-02T11:10:58","guid":{"rendered":"https:\/\/www.africa-press.net\/angola\/all-news\/tete-antonio-sees-the-functioning-of-the-embassy-in-sao-tome-and-principe"},"modified":"2022-06-02T13:23:39","modified_gmt":"2022-06-02T13:23:39","slug":"tete-antonio-sees-the-functioning-of-the-embassy-in-sao-tome-and-principe","status":"publish","type":"post","link":"https:\/\/www.africa-press.net\/angola\/all-news\/tete-antonio-sees-the-functioning-of-the-embassy-in-sao-tome-and-principe","title":{"rendered":"T\u00e9te Ant\u00f3nio sees the functioning of the Embassy in S\u00e3o Tom\u00e9 and Pr\u00edncipe"},"content":{"rendered":"<p><span style=\"color: #ff6600\"><strong>Africa-Press &#8211; Angola. <\/strong><\/span><b>The head of Angolan diplomacy, T\u00e9te Ant\u00f3nio, visited the Angolan Embassy in S\u00e3o Tom\u00e9 and Pr\u00edncipe, with the aim of verifying \u201cin loco\u201d, the way and functioning of that diplomatic mission.<\/b><\/p>\n<p>Minister T\u00e9te Ant\u00f3nio was in S\u00e3o Tom\u00e9 and Pr\u00edncipe, leading an Angolan multisectoral delegation that participated from 28 to 29 May in the Eighth Bilateral Commission for Cooperation between Angola and S\u00e3o Tom\u00e9 and Pr\u00edncipe.<\/p>\n<p>T\u00e9te Ant\u00f3nio, who was accompanied, in addition to the Angolan Ambassador in that country, Joaquim Duarte Pombo, the Minister of National Defense and Homeland Veterans, Jo\u00e3o Ernesto dos Santos &#8220;Liberdade&#8221;, went through all the behaviors, visiting the different sectors that make up the chancellery.<\/p>\n<p>The Diplomatic Mission of Angola in S\u00e3o Tom\u00e9 and Pr\u00edncipe is located at Avenida Kwame N`Kruma N\u00ba353, District of \u00c1gua Grande, and works with close to a dozen diplomats and an equal number of local recruiting workers.<\/p>\n<p>The Democratic Republic of S\u00e3o Tom\u00e9 and Pr\u00edncipe consists of two main islands, namely the island of &#8220;S\u00e3o Tom\u00e9&#8221; and the island of &#8220;Pr\u00edncipe&#8221;, which are about 140 km from each other and about 250 and 225 km from the northwest coast of the Gabon, respectively. The country is close to Equatorial Guinea and Cameroon.<\/p>\n<p><strong>For More News And Analysis About <a href=\"https:\/\/www.africa-press.net\/angola\">Angola<\/a> Follow <a href=\"https:\/\/www.africa-press.net\/\">Africa-Press<\/a><\/strong><\/p>\n","protected":false},"excerpt":{"rendered":"<p>Africa-Press &#8211; Angola. The head of Angolan diplomacy, T\u00e9te Ant\u00f3nio, visited the Angolan Embassy in S\u00e3o Tom\u00e9 and Pr\u00edncipe, with the aim of verifying \u201cin loco\u201d, the way and functioning of that diplomatic mission. Minister T\u00e9te Ant\u00f3nio was in S\u00e3o Tom\u00e9 and Pr\u00edncipe, leading an Angolan multisectoral delegation that participated from 28 to 29 May [&hellip;]<\/p>\n","protected":false},"author":84,"featured_media":9123,"comment_status":"open","ping_status":"open","sticky":false,"template":"","format":"standard","meta":{"footnotes":""},"categories":[2,7,8,12,16],"tags":[233,337,329],"class_list":["post-9124","post","type-post","status-publish","format-standard","has-post-thumbnail","hentry","category-all-news","category-head-lines","category-homepage-english","category-policy","category-twitter","tag-africa-press","tag-africa-press-angola","tag-angola"],"yoast_head":"<!-- This site is optimized with the Yoast SEO Premium plugin v26.1 (Yoast SEO v27.0) - https:\/\/yoast.com\/product\/yoast-seo-premium-wordpress\/ -->\n<title>T\u00e9te Ant\u00f3nio sees the functioning of the Embassy in S\u00e3o Tom\u00e9 and Pr\u00edncipe - Angola<\/title>\n<meta name=\"description\" content=\"The head of Angolan diplomacy, T\u00e9te Ant\u00f3nio, visited the Angolan Embassy in S\u00e3o Tom\u00e9 and Pr\u00edncipe, with the aim of ve ...\" \/>\n<meta name=\"robots\" content=\"index, follow, max-snippet:-1, max-image-preview:large, max-video-preview:-1\" \/>\n<link rel=\"canonical\" href=\"https:\/\/www.africa-press.net\/angola\/all-news\/tete-antonio-sees-the-functioning-of-the-embassy-in-sao-tome-and-principe\" \/>\n<meta property=\"og:locale\" content=\"en_US\" \/>\n<meta property=\"og:type\" content=\"article\" \/>\n<meta property=\"og:title\" content=\"T\u00e9te Ant\u00f3nio sees the functioning of the Embassy in S\u00e3o Tom\u00e9 and Pr\u00edncipe\" \/>\n<meta property=\"og:description\" content=\"The head of Angolan diplomacy, T\u00e9te Ant\u00f3nio, visited the Angolan Embassy in S\u00e3o Tom\u00e9 and Pr\u00edncipe, with the aim of ve ...\" \/>\n<meta property=\"og:url\" content=\"https:\/\/www.africa-press.net\/angola\/all-news\/tete-antonio-sees-the-functioning-of-the-embassy-in-sao-tome-and-principe\" \/>\n<meta property=\"og:site_name\" content=\"Angola\" \/>\n<meta property=\"article:publisher\" content=\"https:\/\/www.facebook.com\/AfricaPressTunisiaa\" \/>\n<meta property=\"article:published_time\" content=\"2022-06-02T11:10:58+00:00\" \/>\n<meta property=\"article:modified_time\" content=\"2022-06-02T13:23:39+00:00\" \/>\n<meta property=\"og:image\" content=\"https:\/\/static.africa-press.net\/angola\/sites\/65\/2022\/06\/img-6298b9c51db1c.jpg\" \/>\n\t<meta property=\"og:image:width\" content=\"620\" \/>\n\t<meta property=\"og:image:height\" content=\"354\" \/>\n\t<meta property=\"og:image:type\" content=\"image\/jpeg\" \/>\n<meta name=\"author\" content=\"cfeditoren\" \/>\n<meta name=\"twitter:card\" content=\"summary_large_image\" \/>\n<meta name=\"twitter:label1\" content=\"Written by\" \/>\n\t<meta name=\"twitter:data1\" content=\"cfeditoren\" \/>\n\t<meta name=\"twitter:label2\" content=\"Est. reading time\" \/>\n\t<meta name=\"twitter:data2\" content=\"1 minute\" \/>\n<script type=\"application\/ld+json\" class=\"yoast-schema-graph\">{\"@context\":\"https:\/\/schema.org\",\"@graph\":[{\"@type\":\"Article\",\"@id\":\"https:\/\/www.africa-press.net\/angola\/all-news\/tete-antonio-sees-the-functioning-of-the-embassy-in-sao-tome-and-principe#article\",\"isPartOf\":{\"@id\":\"https:\/\/www.africa-press.net\/angola\/all-news\/tete-antonio-sees-the-functioning-of-the-embassy-in-sao-tome-and-principe\"},\"author\":{\"name\":\"cfeditoren\",\"@id\":\"https:\/\/www.africa-press.net\/angola\/#\/schema\/person\/068c7ab4e9634ae78ec5d54ec46598bb\"},\"headline\":\"T\u00e9te Ant\u00f3nio sees the functioning of the Embassy in S\u00e3o Tom\u00e9 and Pr\u00edncipe\",\"datePublished\":\"2022-06-02T11:10:58+00:00\",\"dateModified\":\"2022-06-02T13:23:39+00:00\",\"mainEntityOfPage\":{\"@id\":\"https:\/\/www.africa-press.net\/angola\/all-news\/tete-antonio-sees-the-functioning-of-the-embassy-in-sao-tome-and-principe\"},\"wordCount\":246,\"commentCount\":0,\"image\":{\"@id\":\"https:\/\/www.africa-press.net\/angola\/all-news\/tete-antonio-sees-the-functioning-of-the-embassy-in-sao-tome-and-principe#primaryimage\"},\"thumbnailUrl\":\"https:\/\/static.africa-press.net\/angola\/sites\/65\/2022\/06\/img-6298b9c51db1c.jpg\",\"keywords\":[\"Africa Press\",\"Africa Press-Angola\",\"Angola\"],\"articleSection\":[\"all news\",\"head lines\",\"homepage-english\",\"policy\",\"twitter\"],\"inLanguage\":\"en-US\",\"potentialAction\":[{\"@type\":\"CommentAction\",\"name\":\"Comment\",\"target\":[\"https:\/\/www.africa-press.net\/angola\/all-news\/tete-antonio-sees-the-functioning-of-the-embassy-in-sao-tome-and-principe#respond\"]}]},{\"@type\":\"WebPage\",\"@id\":\"https:\/\/www.africa-press.net\/angola\/all-news\/tete-antonio-sees-the-functioning-of-the-embassy-in-sao-tome-and-principe\",\"url\":\"https:\/\/www.africa-press.net\/angola\/all-news\/tete-antonio-sees-the-functioning-of-the-embassy-in-sao-tome-and-principe\",\"name\":\"T\u00e9te Ant\u00f3nio sees the functioning of the Embassy in S\u00e3o Tom\u00e9 and Pr\u00edncipe - Angola\",\"isPartOf\":{\"@id\":\"https:\/\/www.africa-press.net\/angola\/#website\"},\"primaryImageOfPage\":{\"@id\":\"https:\/\/www.africa-press.net\/angola\/all-news\/tete-antonio-sees-the-functioning-of-the-embassy-in-sao-tome-and-principe#primaryimage\"},\"image\":{\"@id\":\"https:\/\/www.africa-press.net\/angola\/all-news\/tete-antonio-sees-the-functioning-of-the-embassy-in-sao-tome-and-principe#primaryimage\"},\"thumbnailUrl\":\"https:\/\/static.africa-press.net\/angola\/sites\/65\/2022\/06\/img-6298b9c51db1c.jpg\",\"datePublished\":\"2022-06-02T11:10:58+00:00\",\"dateModified\":\"2022-06-02T13:23:39+00:00\",\"author\":{\"@id\":\"https:\/\/www.africa-press.net\/angola\/#\/schema\/person\/068c7ab4e9634ae78ec5d54ec46598bb\"},\"description\":\"The head of Angolan diplomacy, T\u00e9te Ant\u00f3nio, visited the Angolan Embassy in S\u00e3o Tom\u00e9 and Pr\u00edncipe, with the aim of ve ...\",\"breadcrumb\":{\"@id\":\"https:\/\/www.africa-press.net\/angola\/all-news\/tete-antonio-sees-the-functioning-of-the-embassy-in-sao-tome-and-principe#breadcrumb\"},\"inLanguage\":\"en-US\",\"potentialAction\":[{\"@type\":\"ReadAction\",\"target\":[\"https:\/\/www.africa-press.net\/angola\/all-news\/tete-antonio-sees-the-functioning-of-the-embassy-in-sao-tome-and-principe\"]}]},{\"@type\":\"ImageObject\",\"inLanguage\":\"en-US\",\"@id\":\"https:\/\/www.africa-press.net\/angola\/all-news\/tete-antonio-sees-the-functioning-of-the-embassy-in-sao-tome-and-principe#primaryimage\",\"url\":\"https:\/\/static.africa-press.net\/angola\/sites\/65\/2022\/06\/img-6298b9c51db1c.jpg\",\"contentUrl\":\"https:\/\/static.africa-press.net\/angola\/sites\/65\/2022\/06\/img-6298b9c51db1c.jpg\",\"width\":620,\"height\":354,\"caption\":\"T\u00e9te Ant\u00f3nio sees the functioning of the Embassy in S\u00e3o Tom\u00e9 and Pr\u00edncipe\"},{\"@type\":\"BreadcrumbList\",\"@id\":\"https:\/\/www.africa-press.net\/angola\/all-news\/tete-antonio-sees-the-functioning-of-the-embassy-in-sao-tome-and-principe#breadcrumb\",\"itemListElement\":[{\"@type\":\"ListItem\",\"position\":1,\"name\":\"Home\",\"item\":\"https:\/\/www.africa-press.net\/angola\/\"},{\"@type\":\"ListItem\",\"position\":2,\"name\":\"T\u00e9te Ant\u00f3nio sees the functioning of the Embassy in S\u00e3o Tom\u00e9 and Pr\u00edncipe\"}]},{\"@type\":\"WebSite\",\"@id\":\"https:\/\/www.africa-press.net\/angola\/#website\",\"url\":\"https:\/\/www.africa-press.net\/angola\/\",\"name\":\"Angola\",\"description\":\"Just another Africa News Agency Sites site\",\"potentialAction\":[{\"@type\":\"SearchAction\",\"target\":{\"@type\":\"EntryPoint\",\"urlTemplate\":\"https:\/\/www.africa-press.net\/angola\/?s={search_term_string}\"},\"query-input\":{\"@type\":\"PropertyValueSpecification\",\"valueRequired\":true,\"valueName\":\"search_term_string\"}}],\"inLanguage\":\"en-US\"},{\"@type\":\"Person\",\"@id\":\"https:\/\/www.africa-press.net\/angola\/#\/schema\/person\/068c7ab4e9634ae78ec5d54ec46598bb\",\"name\":\"cfeditoren\",\"image\":{\"@type\":\"ImageObject\",\"inLanguage\":\"en-US\",\"@id\":\"https:\/\/www.africa-press.net\/angola\/#\/schema\/person\/image\/\",\"url\":\"https:\/\/secure.gravatar.com\/avatar\/7417380fa9e23b5c57fdbfdaf3fdf92ee478f759a084addda5faa3732853e74a?s=96&d=mm&r=g\",\"contentUrl\":\"https:\/\/secure.gravatar.com\/avatar\/7417380fa9e23b5c57fdbfdaf3fdf92ee478f759a084addda5faa3732853e74a?s=96&d=mm&r=g\",\"caption\":\"cfeditoren\"}}]}<\/script>\n<!-- \/ Yoast SEO Premium plugin. -->","yoast_head_json":{"title":"T\u00e9te Ant\u00f3nio sees the functioning of the Embassy in S\u00e3o Tom\u00e9 and Pr\u00edncipe - Angola","description":"The head of Angolan diplomacy, T\u00e9te Ant\u00f3nio, visited the Angolan Embassy in S\u00e3o Tom\u00e9 and Pr\u00edncipe, with the aim of ve ...","robots":{"index":"index","follow":"follow","max-snippet":"max-snippet:-1","max-image-preview":"max-image-preview:large","max-video-preview":"max-video-preview:-1"},"canonical":"https:\/\/www.africa-press.net\/angola\/all-news\/tete-antonio-sees-the-functioning-of-the-embassy-in-sao-tome-and-principe","og_locale":"en_US","og_type":"article","og_title":"T\u00e9te Ant\u00f3nio sees the functioning of the Embassy in S\u00e3o Tom\u00e9 and Pr\u00edncipe","og_description":"The head of Angolan diplomacy, T\u00e9te Ant\u00f3nio, visited the Angolan Embassy in S\u00e3o Tom\u00e9 and Pr\u00edncipe, with the aim of ve ...","og_url":"https:\/\/www.africa-press.net\/angola\/all-news\/tete-antonio-sees-the-functioning-of-the-embassy-in-sao-tome-and-principe","og_site_name":"Angola","article_publisher":"https:\/\/www.facebook.com\/AfricaPressTunisiaa","article_published_time":"2022-06-02T11:10:58+00:00","article_modified_time":"2022-06-02T13:23:39+00:00","og_image":[{"width":620,"height":354,"url":"https:\/\/static.africa-press.net\/angola\/sites\/65\/2022\/06\/img-6298b9c51db1c.jpg","type":"image\/jpeg"}],"author":"cfeditoren","twitter_card":"summary_large_image","twitter_misc":{"Written by":"cfeditoren","Est. reading time":"1 minute"},"schema":{"@context":"https:\/\/schema.org","@graph":[{"@type":"Article","@id":"https:\/\/www.africa-press.net\/angola\/all-news\/tete-antonio-sees-the-functioning-of-the-embassy-in-sao-tome-and-principe#article","isPartOf":{"@id":"https:\/\/www.africa-press.net\/angola\/all-news\/tete-antonio-sees-the-functioning-of-the-embassy-in-sao-tome-and-principe"},"author":{"name":"cfeditoren","@id":"https:\/\/www.africa-press.net\/angola\/#\/schema\/person\/068c7ab4e9634ae78ec5d54ec46598bb"},"headline":"T\u00e9te Ant\u00f3nio sees the functioning of the Embassy in S\u00e3o Tom\u00e9 and Pr\u00edncipe","datePublished":"2022-06-02T11:10:58+00:00","dateModified":"2022-06-02T13:23:39+00:00","mainEntityOfPage":{"@id":"https:\/\/www.africa-press.net\/angola\/all-news\/tete-antonio-sees-the-functioning-of-the-embassy-in-sao-tome-and-principe"},"wordCount":246,"commentCount":0,"image":{"@id":"https:\/\/www.africa-press.net\/angola\/all-news\/tete-antonio-sees-the-functioning-of-the-embassy-in-sao-tome-and-principe#primaryimage"},"thumbnailUrl":"https:\/\/static.africa-press.net\/angola\/sites\/65\/2022\/06\/img-6298b9c51db1c.jpg","keywords":["Africa Press","Africa Press-Angola","Angola"],"articleSection":["all news","head lines","homepage-english","policy","twitter"],"inLanguage":"en-US","potentialAction":[{"@type":"CommentAction","name":"Comment","target":["https:\/\/www.africa-press.net\/angola\/all-news\/tete-antonio-sees-the-functioning-of-the-embassy-in-sao-tome-and-principe#respond"]}]},{"@type":"WebPage","@id":"https:\/\/www.africa-press.net\/angola\/all-news\/tete-antonio-sees-the-functioning-of-the-embassy-in-sao-tome-and-principe","url":"https:\/\/www.africa-press.net\/angola\/all-news\/tete-antonio-sees-the-functioning-of-the-embassy-in-sao-tome-and-principe","name":"T\u00e9te Ant\u00f3nio sees the functioning of the Embassy in S\u00e3o Tom\u00e9 and Pr\u00edncipe - Angola","isPartOf":{"@id":"https:\/\/www.africa-press.net\/angola\/#website"},"primaryImageOfPage":{"@id":"https:\/\/www.africa-press.net\/angola\/all-news\/tete-antonio-sees-the-functioning-of-the-embassy-in-sao-tome-and-principe#primaryimage"},"image":{"@id":"https:\/\/www.africa-press.net\/angola\/all-news\/tete-antonio-sees-the-functioning-of-the-embassy-in-sao-tome-and-principe#primaryimage"},"thumbnailUrl":"https:\/\/static.africa-press.net\/angola\/sites\/65\/2022\/06\/img-6298b9c51db1c.jpg","datePublished":"2022-06-02T11:10:58+00:00","dateModified":"2022-06-02T13:23:39+00:00","author":{"@id":"https:\/\/www.africa-press.net\/angola\/#\/schema\/person\/068c7ab4e9634ae78ec5d54ec46598bb"},"description":"The head of Angolan diplomacy, T\u00e9te Ant\u00f3nio, visited the Angolan Embassy in S\u00e3o Tom\u00e9 and Pr\u00edncipe, with the aim of ve ...","breadcrumb":{"@id":"https:\/\/www.africa-press.net\/angola\/all-news\/tete-antonio-sees-the-functioning-of-the-embassy-in-sao-tome-and-principe#breadcrumb"},"inLanguage":"en-US","potentialAction":[{"@type":"ReadAction","target":["https:\/\/www.africa-press.net\/angola\/all-news\/tete-antonio-sees-the-functioning-of-the-embassy-in-sao-tome-and-principe"]}]},{"@type":"ImageObject","inLanguage":"en-US","@id":"https:\/\/www.africa-press.net\/angola\/all-news\/tete-antonio-sees-the-functioning-of-the-embassy-in-sao-tome-and-principe#primaryimage","url":"https:\/\/static.africa-press.net\/angola\/sites\/65\/2022\/06\/img-6298b9c51db1c.jpg","contentUrl":"https:\/\/static.africa-press.net\/angola\/sites\/65\/2022\/06\/img-6298b9c51db1c.jpg","width":620,"height":354,"caption":"T\u00e9te Ant\u00f3nio sees the functioning of the Embassy in S\u00e3o Tom\u00e9 and Pr\u00edncipe"},{"@type":"BreadcrumbList","@id":"https:\/\/www.africa-press.net\/angola\/all-news\/tete-antonio-sees-the-functioning-of-the-embassy-in-sao-tome-and-principe#breadcrumb","itemListElement":[{"@type":"ListItem","position":1,"name":"Home","item":"https:\/\/www.africa-press.net\/angola\/"},{"@type":"ListItem","position":2,"name":"T\u00e9te Ant\u00f3nio sees the functioning of the Embassy in S\u00e3o Tom\u00e9 and Pr\u00edncipe"}]},{"@type":"WebSite","@id":"https:\/\/www.africa-press.net\/angola\/#website","url":"https:\/\/www.africa-press.net\/angola\/","name":"Angola","description":"Just another Africa News Agency Sites site","potentialAction":[{"@type":"SearchAction","target":{"@type":"EntryPoint","urlTemplate":"https:\/\/www.africa-press.net\/angola\/?s={search_term_string}"},"query-input":{"@type":"PropertyValueSpecification","valueRequired":true,"valueName":"search_term_string"}}],"inLanguage":"en-US"},{"@type":"Person","@id":"https:\/\/www.africa-press.net\/angola\/#\/schema\/person\/068c7ab4e9634ae78ec5d54ec46598bb","name":"cfeditoren","image":{"@type":"ImageObject","inLanguage":"en-US","@id":"https:\/\/www.africa-press.net\/angola\/#\/schema\/person\/image\/","url":"https:\/\/secure.gravatar.com\/avatar\/7417380fa9e23b5c57fdbfdaf3fdf92ee478f759a084addda5faa3732853e74a?s=96&d=mm&r=g","contentUrl":"https:\/\/secure.gravatar.com\/avatar\/7417380fa9e23b5c57fdbfdaf3fdf92ee478f759a084addda5faa3732853e74a?s=96&d=mm&r=g","caption":"cfeditoren"}}]}},"_links":{"self":[{"href":"https:\/\/www.africa-press.net\/angola\/wp-json\/wp\/v2\/posts\/9124","targetHints":{"allow":["GET"]}}],"collection":[{"href":"https:\/\/www.africa-press.net\/angola\/wp-json\/wp\/v2\/posts"}],"about":[{"href":"https:\/\/www.africa-press.net\/angola\/wp-json\/wp\/v2\/types\/post"}],"author":[{"embeddable":true,"href":"https:\/\/www.africa-press.net\/angola\/wp-json\/wp\/v2\/users\/84"}],"replies":[{"embeddable":true,"href":"https:\/\/www.africa-press.net\/angola\/wp-json\/wp\/v2\/comments?post=9124"}],"version-history":[{"count":0,"href":"https:\/\/www.africa-press.net\/angola\/wp-json\/wp\/v2\/posts\/9124\/revisions"}],"wp:featuredmedia":[{"embeddable":true,"href":"https:\/\/www.africa-press.net\/angola\/wp-json\/wp\/v2\/media\/9123"}],"wp:attachment":[{"href":"https:\/\/www.africa-press.net\/angola\/wp-json\/wp\/v2\/media?parent=9124"}],"wp:term":[{"taxonomy":"category","embeddable":true,"href":"https:\/\/www.africa-press.net\/angola\/wp-json\/wp\/v2\/categories?post=9124"},{"taxonomy":"post_tag","embeddable":true,"href":"https:\/\/www.africa-press.net\/angola\/wp-json\/wp\/v2\/tags?post=9124"}],"curies":[{"name":"wp","href":"https:\/\/api.w.org\/{rel}","templated":true}]}}