{"id":9262,"date":"2022-06-04T14:49:07","date_gmt":"2022-06-04T14:49:07","guid":{"rendered":"https:\/\/www.africa-press.net\/angola\/all-news\/minister-tete-antonio-participates-in-the-roadmap-for-peace-meeting-in-car"},"modified":"2022-06-04T17:13:53","modified_gmt":"2022-06-04T17:13:53","slug":"minister-tete-antonio-participates-in-the-roadmap-for-peace-meeting-in-car","status":"publish","type":"post","link":"https:\/\/www.africa-press.net\/angola\/all-news\/minister-tete-antonio-participates-in-the-roadmap-for-peace-meeting-in-car","title":{"rendered":"Minister T\u00e9te Ant\u00f3nio participates in the Roadmap for Peace Meeting in CAR"},"content":{"rendered":"<p><span style=\"color: #ff6600\"><strong>Africa-Press &#8211; Angola. <\/strong><\/span><b>The Head of Angolan diplomacy, T\u00e9te Ant\u00f3nio, traveled this Saturday morning to Bangui, in the Central African Republic, to participate in the Monitoring Meeting on the Implementation of the Luanda Roadmap for Peace and Security in CAR.<\/b><\/p>\n<p>According to a statement from the Ministry of Foreign Affairs, the participation of Minister T\u00e9te Ant\u00f3nio in this event is part of the mandate given at the 3rd Mini Summit of the International Conference on the Great Lakes Region (CIRGL) dedicated to Peace and Security in CAR, held in Luanda on September 16, 2021.<\/p>\n<p>These diplomatic entities are responsible for working together, when necessary, with the authorities of CAR, as well as the CIRGL Secretariat and the ECCAS Commission in the various aspects related to the successful execution of the Joint Roadmap for Peace in CAR, in particular the creation of favorable conditions for the successful implementation of the Disarmament, Demobilization, Reinsertion and Repatriation (DDRR) process.<\/p>\n<p>Other international partners of the Central African Republic are also expected to participate in this meeting, such as the United Nations Integrated Multidimensional Mission for the Stabilization of the Central African Republic (MINUSCA), the African Union, the European Union, among others.<\/p>\n<p>The Central African Republic is a country located in central Africa, bordered on the north by Chad, on the northeast by Sudan, on the east by South Sudan, on the south by the Democratic Republic of Congo and the Republic of Congo, and on the west by Cameroon. .<\/p>\n<p><strong>For More News And Analysis About <a href=\"https:\/\/www.africa-press.net\/angola\">Angola<\/a> Follow <a href=\"https:\/\/www.africa-press.net\/\">Africa-Press<\/a><\/strong><\/p>\n","protected":false},"excerpt":{"rendered":"<p>Africa-Press &#8211; Angola. The Head of Angolan diplomacy, T\u00e9te Ant\u00f3nio, traveled this Saturday morning to Bangui, in the Central African Republic, to participate in the Monitoring Meeting on the Implementation of the Luanda Roadmap for Peace and Security in CAR. According to a statement from the Ministry of Foreign Affairs, the participation of Minister T\u00e9te [&hellip;]<\/p>\n","protected":false},"author":84,"featured_media":9261,"comment_status":"open","ping_status":"open","sticky":false,"template":"","format":"standard","meta":{"footnotes":""},"categories":[2,7,8,12,16],"tags":[233,337,329],"class_list":["post-9262","post","type-post","status-publish","format-standard","has-post-thumbnail","hentry","category-all-news","category-head-lines","category-homepage-english","category-policy","category-twitter","tag-africa-press","tag-africa-press-angola","tag-angola"],"yoast_head":"<!-- This site is optimized with the Yoast SEO Premium plugin v26.1 (Yoast SEO v27.0) - https:\/\/yoast.com\/product\/yoast-seo-premium-wordpress\/ -->\n<title>Minister T\u00e9te Ant\u00f3nio participates in the Roadmap for Peace Meeting in CAR - Angola<\/title>\n<meta name=\"description\" content=\"The Head of Angolan diplomacy, T\u00e9te Ant\u00f3nio, traveled this Saturday morning to Bangui, in the Central African Republi ...\" \/>\n<meta name=\"robots\" content=\"index, follow, max-snippet:-1, max-image-preview:large, max-video-preview:-1\" \/>\n<link rel=\"canonical\" href=\"https:\/\/www.africa-press.net\/angola\/all-news\/minister-tete-antonio-participates-in-the-roadmap-for-peace-meeting-in-car\" \/>\n<meta property=\"og:locale\" content=\"en_US\" \/>\n<meta property=\"og:type\" content=\"article\" \/>\n<meta property=\"og:title\" content=\"Minister T\u00e9te Ant\u00f3nio participates in the Roadmap for Peace Meeting in CAR\" \/>\n<meta property=\"og:description\" content=\"The Head of Angolan diplomacy, T\u00e9te Ant\u00f3nio, traveled this Saturday morning to Bangui, in the Central African Republi ...\" \/>\n<meta property=\"og:url\" content=\"https:\/\/www.africa-press.net\/angola\/all-news\/minister-tete-antonio-participates-in-the-roadmap-for-peace-meeting-in-car\" \/>\n<meta property=\"og:site_name\" content=\"Angola\" \/>\n<meta property=\"article:publisher\" content=\"https:\/\/www.facebook.com\/AfricaPressTunisiaa\" \/>\n<meta property=\"article:published_time\" content=\"2022-06-04T14:49:07+00:00\" \/>\n<meta property=\"article:modified_time\" content=\"2022-06-04T17:13:53+00:00\" \/>\n<meta property=\"og:image\" content=\"https:\/\/static.africa-press.net\/angola\/sites\/65\/2022\/06\/img-629b92bae8864.jpg\" \/>\n\t<meta property=\"og:image:width\" content=\"620\" \/>\n\t<meta property=\"og:image:height\" content=\"427\" \/>\n\t<meta property=\"og:image:type\" content=\"image\/jpeg\" \/>\n<meta name=\"author\" content=\"cfeditoren\" \/>\n<meta name=\"twitter:card\" content=\"summary_large_image\" \/>\n<meta name=\"twitter:label1\" content=\"Written by\" \/>\n\t<meta name=\"twitter:data1\" content=\"cfeditoren\" \/>\n\t<meta name=\"twitter:label2\" content=\"Est. reading time\" \/>\n\t<meta name=\"twitter:data2\" content=\"1 minute\" \/>\n<script type=\"application\/ld+json\" class=\"yoast-schema-graph\">{\"@context\":\"https:\/\/schema.org\",\"@graph\":[{\"@type\":\"Article\",\"@id\":\"https:\/\/www.africa-press.net\/angola\/all-news\/minister-tete-antonio-participates-in-the-roadmap-for-peace-meeting-in-car#article\",\"isPartOf\":{\"@id\":\"https:\/\/www.africa-press.net\/angola\/all-news\/minister-tete-antonio-participates-in-the-roadmap-for-peace-meeting-in-car\"},\"author\":{\"name\":\"cfeditoren\",\"@id\":\"https:\/\/www.africa-press.net\/angola\/#\/schema\/person\/068c7ab4e9634ae78ec5d54ec46598bb\"},\"headline\":\"Minister T\u00e9te Ant\u00f3nio participates in the Roadmap for Peace Meeting in CAR\",\"datePublished\":\"2022-06-04T14:49:07+00:00\",\"dateModified\":\"2022-06-04T17:13:53+00:00\",\"mainEntityOfPage\":{\"@id\":\"https:\/\/www.africa-press.net\/angola\/all-news\/minister-tete-antonio-participates-in-the-roadmap-for-peace-meeting-in-car\"},\"wordCount\":270,\"commentCount\":0,\"image\":{\"@id\":\"https:\/\/www.africa-press.net\/angola\/all-news\/minister-tete-antonio-participates-in-the-roadmap-for-peace-meeting-in-car#primaryimage\"},\"thumbnailUrl\":\"https:\/\/static.africa-press.net\/angola\/sites\/65\/2022\/06\/img-629b92bae8864.jpg\",\"keywords\":[\"Africa Press\",\"Africa Press-Angola\",\"Angola\"],\"articleSection\":[\"all news\",\"head lines\",\"homepage-english\",\"policy\",\"twitter\"],\"inLanguage\":\"en-US\",\"potentialAction\":[{\"@type\":\"CommentAction\",\"name\":\"Comment\",\"target\":[\"https:\/\/www.africa-press.net\/angola\/all-news\/minister-tete-antonio-participates-in-the-roadmap-for-peace-meeting-in-car#respond\"]}]},{\"@type\":\"WebPage\",\"@id\":\"https:\/\/www.africa-press.net\/angola\/all-news\/minister-tete-antonio-participates-in-the-roadmap-for-peace-meeting-in-car\",\"url\":\"https:\/\/www.africa-press.net\/angola\/all-news\/minister-tete-antonio-participates-in-the-roadmap-for-peace-meeting-in-car\",\"name\":\"Minister T\u00e9te Ant\u00f3nio participates in the Roadmap for Peace Meeting in CAR - Angola\",\"isPartOf\":{\"@id\":\"https:\/\/www.africa-press.net\/angola\/#website\"},\"primaryImageOfPage\":{\"@id\":\"https:\/\/www.africa-press.net\/angola\/all-news\/minister-tete-antonio-participates-in-the-roadmap-for-peace-meeting-in-car#primaryimage\"},\"image\":{\"@id\":\"https:\/\/www.africa-press.net\/angola\/all-news\/minister-tete-antonio-participates-in-the-roadmap-for-peace-meeting-in-car#primaryimage\"},\"thumbnailUrl\":\"https:\/\/static.africa-press.net\/angola\/sites\/65\/2022\/06\/img-629b92bae8864.jpg\",\"datePublished\":\"2022-06-04T14:49:07+00:00\",\"dateModified\":\"2022-06-04T17:13:53+00:00\",\"author\":{\"@id\":\"https:\/\/www.africa-press.net\/angola\/#\/schema\/person\/068c7ab4e9634ae78ec5d54ec46598bb\"},\"description\":\"The Head of Angolan diplomacy, T\u00e9te Ant\u00f3nio, traveled this Saturday morning to Bangui, in the Central African Republi ...\",\"breadcrumb\":{\"@id\":\"https:\/\/www.africa-press.net\/angola\/all-news\/minister-tete-antonio-participates-in-the-roadmap-for-peace-meeting-in-car#breadcrumb\"},\"inLanguage\":\"en-US\",\"potentialAction\":[{\"@type\":\"ReadAction\",\"target\":[\"https:\/\/www.africa-press.net\/angola\/all-news\/minister-tete-antonio-participates-in-the-roadmap-for-peace-meeting-in-car\"]}]},{\"@type\":\"ImageObject\",\"inLanguage\":\"en-US\",\"@id\":\"https:\/\/www.africa-press.net\/angola\/all-news\/minister-tete-antonio-participates-in-the-roadmap-for-peace-meeting-in-car#primaryimage\",\"url\":\"https:\/\/static.africa-press.net\/angola\/sites\/65\/2022\/06\/img-629b92bae8864.jpg\",\"contentUrl\":\"https:\/\/static.africa-press.net\/angola\/sites\/65\/2022\/06\/img-629b92bae8864.jpg\",\"width\":620,\"height\":427,\"caption\":\"Minister T\u00e9te Ant\u00f3nio participates in the Roadmap for Peace Meeting in CAR\"},{\"@type\":\"BreadcrumbList\",\"@id\":\"https:\/\/www.africa-press.net\/angola\/all-news\/minister-tete-antonio-participates-in-the-roadmap-for-peace-meeting-in-car#breadcrumb\",\"itemListElement\":[{\"@type\":\"ListItem\",\"position\":1,\"name\":\"Home\",\"item\":\"https:\/\/www.africa-press.net\/angola\/\"},{\"@type\":\"ListItem\",\"position\":2,\"name\":\"Minister T\u00e9te Ant\u00f3nio participates in the Roadmap for Peace Meeting in CAR\"}]},{\"@type\":\"WebSite\",\"@id\":\"https:\/\/www.africa-press.net\/angola\/#website\",\"url\":\"https:\/\/www.africa-press.net\/angola\/\",\"name\":\"Angola\",\"description\":\"Just another Africa News Agency Sites site\",\"potentialAction\":[{\"@type\":\"SearchAction\",\"target\":{\"@type\":\"EntryPoint\",\"urlTemplate\":\"https:\/\/www.africa-press.net\/angola\/?s={search_term_string}\"},\"query-input\":{\"@type\":\"PropertyValueSpecification\",\"valueRequired\":true,\"valueName\":\"search_term_string\"}}],\"inLanguage\":\"en-US\"},{\"@type\":\"Person\",\"@id\":\"https:\/\/www.africa-press.net\/angola\/#\/schema\/person\/068c7ab4e9634ae78ec5d54ec46598bb\",\"name\":\"cfeditoren\",\"image\":{\"@type\":\"ImageObject\",\"inLanguage\":\"en-US\",\"@id\":\"https:\/\/www.africa-press.net\/angola\/#\/schema\/person\/image\/\",\"url\":\"https:\/\/secure.gravatar.com\/avatar\/7417380fa9e23b5c57fdbfdaf3fdf92ee478f759a084addda5faa3732853e74a?s=96&d=mm&r=g\",\"contentUrl\":\"https:\/\/secure.gravatar.com\/avatar\/7417380fa9e23b5c57fdbfdaf3fdf92ee478f759a084addda5faa3732853e74a?s=96&d=mm&r=g\",\"caption\":\"cfeditoren\"}}]}<\/script>\n<!-- \/ Yoast SEO Premium plugin. -->","yoast_head_json":{"title":"Minister T\u00e9te Ant\u00f3nio participates in the Roadmap for Peace Meeting in CAR - Angola","description":"The Head of Angolan diplomacy, T\u00e9te Ant\u00f3nio, traveled this Saturday morning to Bangui, in the Central African Republi ...","robots":{"index":"index","follow":"follow","max-snippet":"max-snippet:-1","max-image-preview":"max-image-preview:large","max-video-preview":"max-video-preview:-1"},"canonical":"https:\/\/www.africa-press.net\/angola\/all-news\/minister-tete-antonio-participates-in-the-roadmap-for-peace-meeting-in-car","og_locale":"en_US","og_type":"article","og_title":"Minister T\u00e9te Ant\u00f3nio participates in the Roadmap for Peace Meeting in CAR","og_description":"The Head of Angolan diplomacy, T\u00e9te Ant\u00f3nio, traveled this Saturday morning to Bangui, in the Central African Republi ...","og_url":"https:\/\/www.africa-press.net\/angola\/all-news\/minister-tete-antonio-participates-in-the-roadmap-for-peace-meeting-in-car","og_site_name":"Angola","article_publisher":"https:\/\/www.facebook.com\/AfricaPressTunisiaa","article_published_time":"2022-06-04T14:49:07+00:00","article_modified_time":"2022-06-04T17:13:53+00:00","og_image":[{"width":620,"height":427,"url":"https:\/\/static.africa-press.net\/angola\/sites\/65\/2022\/06\/img-629b92bae8864.jpg","type":"image\/jpeg"}],"author":"cfeditoren","twitter_card":"summary_large_image","twitter_misc":{"Written by":"cfeditoren","Est. reading time":"1 minute"},"schema":{"@context":"https:\/\/schema.org","@graph":[{"@type":"Article","@id":"https:\/\/www.africa-press.net\/angola\/all-news\/minister-tete-antonio-participates-in-the-roadmap-for-peace-meeting-in-car#article","isPartOf":{"@id":"https:\/\/www.africa-press.net\/angola\/all-news\/minister-tete-antonio-participates-in-the-roadmap-for-peace-meeting-in-car"},"author":{"name":"cfeditoren","@id":"https:\/\/www.africa-press.net\/angola\/#\/schema\/person\/068c7ab4e9634ae78ec5d54ec46598bb"},"headline":"Minister T\u00e9te Ant\u00f3nio participates in the Roadmap for Peace Meeting in CAR","datePublished":"2022-06-04T14:49:07+00:00","dateModified":"2022-06-04T17:13:53+00:00","mainEntityOfPage":{"@id":"https:\/\/www.africa-press.net\/angola\/all-news\/minister-tete-antonio-participates-in-the-roadmap-for-peace-meeting-in-car"},"wordCount":270,"commentCount":0,"image":{"@id":"https:\/\/www.africa-press.net\/angola\/all-news\/minister-tete-antonio-participates-in-the-roadmap-for-peace-meeting-in-car#primaryimage"},"thumbnailUrl":"https:\/\/static.africa-press.net\/angola\/sites\/65\/2022\/06\/img-629b92bae8864.jpg","keywords":["Africa Press","Africa Press-Angola","Angola"],"articleSection":["all news","head lines","homepage-english","policy","twitter"],"inLanguage":"en-US","potentialAction":[{"@type":"CommentAction","name":"Comment","target":["https:\/\/www.africa-press.net\/angola\/all-news\/minister-tete-antonio-participates-in-the-roadmap-for-peace-meeting-in-car#respond"]}]},{"@type":"WebPage","@id":"https:\/\/www.africa-press.net\/angola\/all-news\/minister-tete-antonio-participates-in-the-roadmap-for-peace-meeting-in-car","url":"https:\/\/www.africa-press.net\/angola\/all-news\/minister-tete-antonio-participates-in-the-roadmap-for-peace-meeting-in-car","name":"Minister T\u00e9te Ant\u00f3nio participates in the Roadmap for Peace Meeting in CAR - Angola","isPartOf":{"@id":"https:\/\/www.africa-press.net\/angola\/#website"},"primaryImageOfPage":{"@id":"https:\/\/www.africa-press.net\/angola\/all-news\/minister-tete-antonio-participates-in-the-roadmap-for-peace-meeting-in-car#primaryimage"},"image":{"@id":"https:\/\/www.africa-press.net\/angola\/all-news\/minister-tete-antonio-participates-in-the-roadmap-for-peace-meeting-in-car#primaryimage"},"thumbnailUrl":"https:\/\/static.africa-press.net\/angola\/sites\/65\/2022\/06\/img-629b92bae8864.jpg","datePublished":"2022-06-04T14:49:07+00:00","dateModified":"2022-06-04T17:13:53+00:00","author":{"@id":"https:\/\/www.africa-press.net\/angola\/#\/schema\/person\/068c7ab4e9634ae78ec5d54ec46598bb"},"description":"The Head of Angolan diplomacy, T\u00e9te Ant\u00f3nio, traveled this Saturday morning to Bangui, in the Central African Republi ...","breadcrumb":{"@id":"https:\/\/www.africa-press.net\/angola\/all-news\/minister-tete-antonio-participates-in-the-roadmap-for-peace-meeting-in-car#breadcrumb"},"inLanguage":"en-US","potentialAction":[{"@type":"ReadAction","target":["https:\/\/www.africa-press.net\/angola\/all-news\/minister-tete-antonio-participates-in-the-roadmap-for-peace-meeting-in-car"]}]},{"@type":"ImageObject","inLanguage":"en-US","@id":"https:\/\/www.africa-press.net\/angola\/all-news\/minister-tete-antonio-participates-in-the-roadmap-for-peace-meeting-in-car#primaryimage","url":"https:\/\/static.africa-press.net\/angola\/sites\/65\/2022\/06\/img-629b92bae8864.jpg","contentUrl":"https:\/\/static.africa-press.net\/angola\/sites\/65\/2022\/06\/img-629b92bae8864.jpg","width":620,"height":427,"caption":"Minister T\u00e9te Ant\u00f3nio participates in the Roadmap for Peace Meeting in CAR"},{"@type":"BreadcrumbList","@id":"https:\/\/www.africa-press.net\/angola\/all-news\/minister-tete-antonio-participates-in-the-roadmap-for-peace-meeting-in-car#breadcrumb","itemListElement":[{"@type":"ListItem","position":1,"name":"Home","item":"https:\/\/www.africa-press.net\/angola\/"},{"@type":"ListItem","position":2,"name":"Minister T\u00e9te Ant\u00f3nio participates in the Roadmap for Peace Meeting in CAR"}]},{"@type":"WebSite","@id":"https:\/\/www.africa-press.net\/angola\/#website","url":"https:\/\/www.africa-press.net\/angola\/","name":"Angola","description":"Just another Africa News Agency Sites site","potentialAction":[{"@type":"SearchAction","target":{"@type":"EntryPoint","urlTemplate":"https:\/\/www.africa-press.net\/angola\/?s={search_term_string}"},"query-input":{"@type":"PropertyValueSpecification","valueRequired":true,"valueName":"search_term_string"}}],"inLanguage":"en-US"},{"@type":"Person","@id":"https:\/\/www.africa-press.net\/angola\/#\/schema\/person\/068c7ab4e9634ae78ec5d54ec46598bb","name":"cfeditoren","image":{"@type":"ImageObject","inLanguage":"en-US","@id":"https:\/\/www.africa-press.net\/angola\/#\/schema\/person\/image\/","url":"https:\/\/secure.gravatar.com\/avatar\/7417380fa9e23b5c57fdbfdaf3fdf92ee478f759a084addda5faa3732853e74a?s=96&d=mm&r=g","contentUrl":"https:\/\/secure.gravatar.com\/avatar\/7417380fa9e23b5c57fdbfdaf3fdf92ee478f759a084addda5faa3732853e74a?s=96&d=mm&r=g","caption":"cfeditoren"}}]}},"_links":{"self":[{"href":"https:\/\/www.africa-press.net\/angola\/wp-json\/wp\/v2\/posts\/9262","targetHints":{"allow":["GET"]}}],"collection":[{"href":"https:\/\/www.africa-press.net\/angola\/wp-json\/wp\/v2\/posts"}],"about":[{"href":"https:\/\/www.africa-press.net\/angola\/wp-json\/wp\/v2\/types\/post"}],"author":[{"embeddable":true,"href":"https:\/\/www.africa-press.net\/angola\/wp-json\/wp\/v2\/users\/84"}],"replies":[{"embeddable":true,"href":"https:\/\/www.africa-press.net\/angola\/wp-json\/wp\/v2\/comments?post=9262"}],"version-history":[{"count":0,"href":"https:\/\/www.africa-press.net\/angola\/wp-json\/wp\/v2\/posts\/9262\/revisions"}],"wp:featuredmedia":[{"embeddable":true,"href":"https:\/\/www.africa-press.net\/angola\/wp-json\/wp\/v2\/media\/9261"}],"wp:attachment":[{"href":"https:\/\/www.africa-press.net\/angola\/wp-json\/wp\/v2\/media?parent=9262"}],"wp:term":[{"taxonomy":"category","embeddable":true,"href":"https:\/\/www.africa-press.net\/angola\/wp-json\/wp\/v2\/categories?post=9262"},{"taxonomy":"post_tag","embeddable":true,"href":"https:\/\/www.africa-press.net\/angola\/wp-json\/wp\/v2\/tags?post=9262"}],"curies":[{"name":"wp","href":"https:\/\/api.w.org\/{rel}","templated":true}]}}