{"id":10229,"date":"2022-10-22T17:05:50","date_gmt":"2022-10-22T17:05:50","guid":{"rendered":"https:\/\/www.africa-press.net\/benin\/politique\/benin-les-explications-de-wilfried-leandre-houngbedji-sur-la-creation-du-fdac"},"modified":"2022-10-22T17:21:32","modified_gmt":"2022-10-22T17:21:32","slug":"benin-les-explications-de-wilfried-leandre-houngbedji-sur-la-creation-du-fdac","status":"publish","type":"post","link":"https:\/\/www.africa-press.net\/benin\/culture-et-art\/benin-les-explications-de-wilfried-leandre-houngbedji-sur-la-creation-du-fdac","title":{"rendered":"B\u00e9nin: les explications de Wilfried L\u00e9andre Houngb\u00e9dji sur la cr\u00e9ation du FDAC"},"content":{"rendered":"<p><span style=\"color: #ff6600\"><strong>Africa-Press &#8211; Benin. <\/strong><\/span>Le Directeur General de la Caisse Nationale de Se\u0301curite\u0301 Sociale (CNSS) communique.<\/p>\n<p>Il est organise\u0301 du 02 au 30 novembre 2022 un recensement syste\u0301matique des be\u0301ne\u0301ficiaires de prestations du re\u0301gime ge\u0301ne\u0301ral de se\u0301curite\u0301 sociale ge\u0301re\u0301 par la CNSS<\/p>\n<p>A cet effet, les pensionne\u0301s, les rentiers et les allocataires sont invite\u0301s a\u0300 se faire enro\u0302ler sur les diffe\u0301rents sites de l&rsquo;Agence Nationale d&rsquo;Identification des Personnes (ANIP) sur toute l\u2019e\u0301tendue du territoire national munis d\u2019une (01) photocopie de la carte d&rsquo;identite\u0301 biome\u0301trique ou une (01) copie du Certificat d\u2019Identification Personnelle (CIP) en cours de validite\u0301 ou tout autre document comportant le Nume\u0301ro Personnel d&rsquo;Identification (NPI).<\/p>\n<p>Outre cette pie\u0300ce, les inte\u0301resse\u0301s devront se munir de :<\/p>\n<p><b>Pour les pensionne\u0301s :<\/b><\/p>\n<p>&#8211; une (01) photocopie de la carte de pension ou tout autre document fourni par la CNSS comportant le nume\u0301ro de pension ;<\/p>\n<p><b>Pour les rentiers :<\/b><\/p>\n<p>&#8211; one (01) photocopie de la carte de rente ou tout autre document fourni par la CNSS comportant le nume\u0301ro de rente ;<\/p>\n<p><b>Pour les allocataires :<\/b><\/p>\n<p>&#8211; une (01) photocopie du livret d&rsquo;aI1ocataire ou du rec\u0327u de demande de prestations familiales ;<\/p>\n<p>&#8211; les photocopies des Certificat d\u2019identification Personnelle (CIP} ou tout autre document comportant le Nume\u0301ro Personnel d&rsquo;Identification [NPI) des enfants a\u0300 charge.<\/p>\n<p>La pre\u0301sente ope\u0301ration de recensement re\u0301pond au souci de modernisation de l\u2019outil de production de la CNSS et d\u2019ame\u0301lioration de la qualite\u0301 du service offert.<\/p>\n<p>La CNSS, l\u2019assurance d\u2019une meilleure protection pour la vie.<\/p>\n<p>Au cours d\u2019une rencontre tenue ce vendredi 21 octobre 2022 dans les locaux de Be\u0301nin Web TV, le Porte-parole du gouvernement a donne\u0301 des de\u0301tails sur la cre\u0301ation du Fonds de De\u0301veloppement des Arts et de la Culture (FDAC). Wilfried Le\u0301andre Houngbe\u0301dji est revenu sur les e\u0301le\u0301ments qui motivent l\u2019initiative de l\u2019exe\u0301cutif.<\/p>\n<p>Le Conseil des ministres du mercredi dernier a annonce\u0301 la cre\u0301ation du Fonds de De\u0301veloppement des Arts et de la Culture, en lieu et place du Fonds des Arts et de la Culture. \u00ab La dynamique que le Gouvernement envisage aujourd\u2019hui, c\u2019est de simplifier au mieux l\u2019administration du Fonds \u00bb, a justifie\u0301 le Porte-parole du gouvernement.<\/p>\n<p>Selon les explications de Wilfried Le\u0301andre Houngbe\u0301dji, la nouvelle formule du Fonds des Arts, s\u2019inscrit dans une vision tre\u0300s large, qui va au-dela\u0300 de \u00ab l\u2019aide \u00bb. \u00ab Il ne s\u2019agit donc plus seulement d\u2019aider. Il s\u2019agit de faire en sorte que se de\u0301veloppent ce secteur, ses acteurs, ses animateurs afin qu\u2019eux aussi vivent de plus en plus bien de ce qu\u2019ils font \u00bb, a-t-il clarifie\u0301.<\/p>\n<p>Dans l\u2019ope\u0301rationnel, le Fonds fonctionnera sur la base des travaux des comite\u0301s scientifiques et artistiques qui seront mis en place. Selon le Porte-parole, les de\u0301cisions relatives au de\u0301caissement des ressources et l\u2019examen des projets des artistes demandeurs, seront confie\u0301s aux comite\u0301s.<\/p>\n<p><strong>Pour plus d&rsquo;informations et d&rsquo;analyses sur la <a href=\"https:\/\/www.africa-press.net\/benin\">Benin<\/a>, suivez <a href=\"https:\/\/www.africa-press.net\/\">Africa-Press<\/a><\/strong><\/p>\n","protected":false},"excerpt":{"rendered":"<p>Africa-Press &#8211; Benin. Le Directeur General de la Caisse Nationale de Se\u0301curite\u0301 Sociale (CNSS) communique. Il est organise\u0301 du 02 au 30 novembre 2022 un recensement syste\u0301matique des be\u0301ne\u0301ficiaires de prestations du re\u0301gime ge\u0301ne\u0301ral de se\u0301curite\u0301 sociale ge\u0301re\u0301 par la CNSS A cet effet, les pensionne\u0301s, les rentiers et les allocataires sont invite\u0301s a\u0300 se [&hellip;]<\/p>\n","protected":false},"author":82,"featured_media":10228,"comment_status":"open","ping_status":"closed","sticky":false,"template":"","format":"standard","meta":{"footnotes":""},"categories":[5,8,10],"tags":[36,50,45],"class_list":["post-10229","post","type-post","status-publish","format-standard","has-post-thumbnail","hentry","category-culture-et-art","category-photo","category-toutes-les-actualites","tag-africa-press","tag-africa-press-benin","tag-benin"],"yoast_head":"<!-- This site is optimized with the Yoast SEO Premium plugin v26.1 (Yoast SEO v27.0) - https:\/\/yoast.com\/product\/yoast-seo-premium-wordpress\/ -->\n<title>B\u00e9nin: les explications de Wilfried L\u00e9andre Houngb\u00e9dji sur la cr\u00e9ation du FDAC - B\u00e9nin<\/title>\n<meta name=\"description\" content=\"Le Directeur General de la Caisse Nationale de Se\u0301curite\u0301 Sociale (CNSS) communique. Il est organise\u0301 du 02 au 30 novem ...\" \/>\n<meta name=\"robots\" content=\"index, follow, max-snippet:-1, max-image-preview:large, max-video-preview:-1\" \/>\n<link rel=\"canonical\" href=\"https:\/\/www.africa-press.net\/benin\/culture-et-art\/benin-les-explications-de-wilfried-leandre-houngbedji-sur-la-creation-du-fdac\" \/>\n<meta property=\"og:locale\" content=\"fr_FR\" \/>\n<meta property=\"og:type\" content=\"article\" \/>\n<meta property=\"og:title\" content=\"B\u00e9nin: les explications de Wilfried L\u00e9andre Houngb\u00e9dji sur la cr\u00e9ation du FDAC\" \/>\n<meta property=\"og:description\" content=\"Le Directeur General de la Caisse Nationale de Se\u0301curite\u0301 Sociale (CNSS) communique. Il est organise\u0301 du 02 au 30 novem ...\" \/>\n<meta property=\"og:url\" content=\"https:\/\/www.africa-press.net\/benin\/culture-et-art\/benin-les-explications-de-wilfried-leandre-houngbedji-sur-la-creation-du-fdac\" \/>\n<meta property=\"og:site_name\" content=\"B\u00e9nin\" \/>\n<meta property=\"article:published_time\" content=\"2022-10-22T17:05:50+00:00\" \/>\n<meta property=\"article:modified_time\" content=\"2022-10-22T17:21:32+00:00\" \/>\n<meta property=\"og:image\" content=\"https:\/\/static.africa-press.net\/benin\/sites\/46\/2022\/10\/postQueueImg_11-6354265a0e0be.jpg\" \/>\n\t<meta property=\"og:image:width\" content=\"720\" \/>\n\t<meta property=\"og:image:height\" content=\"480\" \/>\n\t<meta property=\"og:image:type\" content=\"image\/jpeg\" \/>\n<meta name=\"author\" content=\"cfeditorfr\" \/>\n<meta name=\"twitter:card\" content=\"summary_large_image\" \/>\n<meta name=\"twitter:label1\" content=\"\u00c9crit par\" \/>\n\t<meta name=\"twitter:data1\" content=\"cfeditorfr\" \/>\n\t<meta name=\"twitter:label2\" content=\"Dur\u00e9e de lecture estim\u00e9e\" \/>\n\t<meta name=\"twitter:data2\" content=\"3 minutes\" \/>\n<script type=\"application\/ld+json\" class=\"yoast-schema-graph\">{\"@context\":\"https:\/\/schema.org\",\"@graph\":[{\"@type\":\"Article\",\"@id\":\"https:\/\/www.africa-press.net\/benin\/culture-et-art\/benin-les-explications-de-wilfried-leandre-houngbedji-sur-la-creation-du-fdac#article\",\"isPartOf\":{\"@id\":\"https:\/\/www.africa-press.net\/benin\/culture-et-art\/benin-les-explications-de-wilfried-leandre-houngbedji-sur-la-creation-du-fdac\"},\"author\":{\"name\":\"cfeditorfr\",\"@id\":\"https:\/\/www.africa-press.net\/benin\/#\/schema\/person\/2b1cf3cd81a31e3cd26889ca66d677f1\"},\"headline\":\"B\u00e9nin: les explications de Wilfried L\u00e9andre Houngb\u00e9dji sur la cr\u00e9ation du FDAC\",\"datePublished\":\"2022-10-22T17:05:50+00:00\",\"dateModified\":\"2022-10-22T17:21:32+00:00\",\"mainEntityOfPage\":{\"@id\":\"https:\/\/www.africa-press.net\/benin\/culture-et-art\/benin-les-explications-de-wilfried-leandre-houngbedji-sur-la-creation-du-fdac\"},\"wordCount\":545,\"commentCount\":0,\"image\":{\"@id\":\"https:\/\/www.africa-press.net\/benin\/culture-et-art\/benin-les-explications-de-wilfried-leandre-houngbedji-sur-la-creation-du-fdac#primaryimage\"},\"thumbnailUrl\":\"https:\/\/static.africa-press.net\/benin\/sites\/46\/2022\/10\/postQueueImg_11-6354265a0e0be.jpg\",\"keywords\":[\"Africa Press\",\"Africa Press-Benin\",\"B\u00e9nin\"],\"articleSection\":[\"Culture et Art\",\"Photo\",\"Toutes les actualit\u00e9s\"],\"inLanguage\":\"fr-FR\",\"potentialAction\":[{\"@type\":\"CommentAction\",\"name\":\"Comment\",\"target\":[\"https:\/\/www.africa-press.net\/benin\/culture-et-art\/benin-les-explications-de-wilfried-leandre-houngbedji-sur-la-creation-du-fdac#respond\"]}]},{\"@type\":\"WebPage\",\"@id\":\"https:\/\/www.africa-press.net\/benin\/culture-et-art\/benin-les-explications-de-wilfried-leandre-houngbedji-sur-la-creation-du-fdac\",\"url\":\"https:\/\/www.africa-press.net\/benin\/culture-et-art\/benin-les-explications-de-wilfried-leandre-houngbedji-sur-la-creation-du-fdac\",\"name\":\"B\u00e9nin: les explications de Wilfried L\u00e9andre Houngb\u00e9dji sur la cr\u00e9ation du FDAC - B\u00e9nin\",\"isPartOf\":{\"@id\":\"https:\/\/www.africa-press.net\/benin\/#website\"},\"primaryImageOfPage\":{\"@id\":\"https:\/\/www.africa-press.net\/benin\/culture-et-art\/benin-les-explications-de-wilfried-leandre-houngbedji-sur-la-creation-du-fdac#primaryimage\"},\"image\":{\"@id\":\"https:\/\/www.africa-press.net\/benin\/culture-et-art\/benin-les-explications-de-wilfried-leandre-houngbedji-sur-la-creation-du-fdac#primaryimage\"},\"thumbnailUrl\":\"https:\/\/static.africa-press.net\/benin\/sites\/46\/2022\/10\/postQueueImg_11-6354265a0e0be.jpg\",\"datePublished\":\"2022-10-22T17:05:50+00:00\",\"dateModified\":\"2022-10-22T17:21:32+00:00\",\"author\":{\"@id\":\"https:\/\/www.africa-press.net\/benin\/#\/schema\/person\/2b1cf3cd81a31e3cd26889ca66d677f1\"},\"description\":\"Le Directeur General de la Caisse Nationale de Se\u0301curite\u0301 Sociale (CNSS) communique. Il est organise\u0301 du 02 au 30 novem ...\",\"breadcrumb\":{\"@id\":\"https:\/\/www.africa-press.net\/benin\/culture-et-art\/benin-les-explications-de-wilfried-leandre-houngbedji-sur-la-creation-du-fdac#breadcrumb\"},\"inLanguage\":\"fr-FR\",\"potentialAction\":[{\"@type\":\"ReadAction\",\"target\":[\"https:\/\/www.africa-press.net\/benin\/culture-et-art\/benin-les-explications-de-wilfried-leandre-houngbedji-sur-la-creation-du-fdac\"]}]},{\"@type\":\"ImageObject\",\"inLanguage\":\"fr-FR\",\"@id\":\"https:\/\/www.africa-press.net\/benin\/culture-et-art\/benin-les-explications-de-wilfried-leandre-houngbedji-sur-la-creation-du-fdac#primaryimage\",\"url\":\"https:\/\/static.africa-press.net\/benin\/sites\/46\/2022\/10\/postQueueImg_11-6354265a0e0be.jpg\",\"contentUrl\":\"https:\/\/static.africa-press.net\/benin\/sites\/46\/2022\/10\/postQueueImg_11-6354265a0e0be.jpg\",\"width\":720,\"height\":480,\"caption\":\"B\u00e9nin: les explications de Wilfried L\u00e9andre Houngb\u00e9dji sur la cr\u00e9ation du FDAC\"},{\"@type\":\"BreadcrumbList\",\"@id\":\"https:\/\/www.africa-press.net\/benin\/culture-et-art\/benin-les-explications-de-wilfried-leandre-houngbedji-sur-la-creation-du-fdac#breadcrumb\",\"itemListElement\":[{\"@type\":\"ListItem\",\"position\":1,\"name\":\"Accueil\",\"item\":\"https:\/\/www.africa-press.net\/benin\/\"},{\"@type\":\"ListItem\",\"position\":2,\"name\":\"B\u00e9nin: les explications de Wilfried L\u00e9andre Houngb\u00e9dji sur la cr\u00e9ation du FDAC\"}]},{\"@type\":\"WebSite\",\"@id\":\"https:\/\/www.africa-press.net\/benin\/#website\",\"url\":\"https:\/\/www.africa-press.net\/benin\/\",\"name\":\"B\u00e9nin\",\"description\":\"Just another Africa News Agency Sites site\",\"potentialAction\":[{\"@type\":\"SearchAction\",\"target\":{\"@type\":\"EntryPoint\",\"urlTemplate\":\"https:\/\/www.africa-press.net\/benin\/?s={search_term_string}\"},\"query-input\":{\"@type\":\"PropertyValueSpecification\",\"valueRequired\":true,\"valueName\":\"search_term_string\"}}],\"inLanguage\":\"fr-FR\"},{\"@type\":\"Person\",\"@id\":\"https:\/\/www.africa-press.net\/benin\/#\/schema\/person\/2b1cf3cd81a31e3cd26889ca66d677f1\",\"name\":\"cfeditorfr\"}]}<\/script>\n<!-- \/ Yoast SEO Premium plugin. -->","yoast_head_json":{"title":"B\u00e9nin: les explications de Wilfried L\u00e9andre Houngb\u00e9dji sur la cr\u00e9ation du FDAC - B\u00e9nin","description":"Le Directeur General de la Caisse Nationale de Se\u0301curite\u0301 Sociale (CNSS) communique. Il est organise\u0301 du 02 au 30 novem ...","robots":{"index":"index","follow":"follow","max-snippet":"max-snippet:-1","max-image-preview":"max-image-preview:large","max-video-preview":"max-video-preview:-1"},"canonical":"https:\/\/www.africa-press.net\/benin\/culture-et-art\/benin-les-explications-de-wilfried-leandre-houngbedji-sur-la-creation-du-fdac","og_locale":"fr_FR","og_type":"article","og_title":"B\u00e9nin: les explications de Wilfried L\u00e9andre Houngb\u00e9dji sur la cr\u00e9ation du FDAC","og_description":"Le Directeur General de la Caisse Nationale de Se\u0301curite\u0301 Sociale (CNSS) communique. Il est organise\u0301 du 02 au 30 novem ...","og_url":"https:\/\/www.africa-press.net\/benin\/culture-et-art\/benin-les-explications-de-wilfried-leandre-houngbedji-sur-la-creation-du-fdac","og_site_name":"B\u00e9nin","article_published_time":"2022-10-22T17:05:50+00:00","article_modified_time":"2022-10-22T17:21:32+00:00","og_image":[{"width":720,"height":480,"url":"https:\/\/static.africa-press.net\/benin\/sites\/46\/2022\/10\/postQueueImg_11-6354265a0e0be.jpg","type":"image\/jpeg"}],"author":"cfeditorfr","twitter_card":"summary_large_image","twitter_misc":{"\u00c9crit par":"cfeditorfr","Dur\u00e9e de lecture estim\u00e9e":"3 minutes"},"schema":{"@context":"https:\/\/schema.org","@graph":[{"@type":"Article","@id":"https:\/\/www.africa-press.net\/benin\/culture-et-art\/benin-les-explications-de-wilfried-leandre-houngbedji-sur-la-creation-du-fdac#article","isPartOf":{"@id":"https:\/\/www.africa-press.net\/benin\/culture-et-art\/benin-les-explications-de-wilfried-leandre-houngbedji-sur-la-creation-du-fdac"},"author":{"name":"cfeditorfr","@id":"https:\/\/www.africa-press.net\/benin\/#\/schema\/person\/2b1cf3cd81a31e3cd26889ca66d677f1"},"headline":"B\u00e9nin: les explications de Wilfried L\u00e9andre Houngb\u00e9dji sur la cr\u00e9ation du FDAC","datePublished":"2022-10-22T17:05:50+00:00","dateModified":"2022-10-22T17:21:32+00:00","mainEntityOfPage":{"@id":"https:\/\/www.africa-press.net\/benin\/culture-et-art\/benin-les-explications-de-wilfried-leandre-houngbedji-sur-la-creation-du-fdac"},"wordCount":545,"commentCount":0,"image":{"@id":"https:\/\/www.africa-press.net\/benin\/culture-et-art\/benin-les-explications-de-wilfried-leandre-houngbedji-sur-la-creation-du-fdac#primaryimage"},"thumbnailUrl":"https:\/\/static.africa-press.net\/benin\/sites\/46\/2022\/10\/postQueueImg_11-6354265a0e0be.jpg","keywords":["Africa Press","Africa Press-Benin","B\u00e9nin"],"articleSection":["Culture et Art","Photo","Toutes les actualit\u00e9s"],"inLanguage":"fr-FR","potentialAction":[{"@type":"CommentAction","name":"Comment","target":["https:\/\/www.africa-press.net\/benin\/culture-et-art\/benin-les-explications-de-wilfried-leandre-houngbedji-sur-la-creation-du-fdac#respond"]}]},{"@type":"WebPage","@id":"https:\/\/www.africa-press.net\/benin\/culture-et-art\/benin-les-explications-de-wilfried-leandre-houngbedji-sur-la-creation-du-fdac","url":"https:\/\/www.africa-press.net\/benin\/culture-et-art\/benin-les-explications-de-wilfried-leandre-houngbedji-sur-la-creation-du-fdac","name":"B\u00e9nin: les explications de Wilfried L\u00e9andre Houngb\u00e9dji sur la cr\u00e9ation du FDAC - B\u00e9nin","isPartOf":{"@id":"https:\/\/www.africa-press.net\/benin\/#website"},"primaryImageOfPage":{"@id":"https:\/\/www.africa-press.net\/benin\/culture-et-art\/benin-les-explications-de-wilfried-leandre-houngbedji-sur-la-creation-du-fdac#primaryimage"},"image":{"@id":"https:\/\/www.africa-press.net\/benin\/culture-et-art\/benin-les-explications-de-wilfried-leandre-houngbedji-sur-la-creation-du-fdac#primaryimage"},"thumbnailUrl":"https:\/\/static.africa-press.net\/benin\/sites\/46\/2022\/10\/postQueueImg_11-6354265a0e0be.jpg","datePublished":"2022-10-22T17:05:50+00:00","dateModified":"2022-10-22T17:21:32+00:00","author":{"@id":"https:\/\/www.africa-press.net\/benin\/#\/schema\/person\/2b1cf3cd81a31e3cd26889ca66d677f1"},"description":"Le Directeur General de la Caisse Nationale de Se\u0301curite\u0301 Sociale (CNSS) communique. Il est organise\u0301 du 02 au 30 novem ...","breadcrumb":{"@id":"https:\/\/www.africa-press.net\/benin\/culture-et-art\/benin-les-explications-de-wilfried-leandre-houngbedji-sur-la-creation-du-fdac#breadcrumb"},"inLanguage":"fr-FR","potentialAction":[{"@type":"ReadAction","target":["https:\/\/www.africa-press.net\/benin\/culture-et-art\/benin-les-explications-de-wilfried-leandre-houngbedji-sur-la-creation-du-fdac"]}]},{"@type":"ImageObject","inLanguage":"fr-FR","@id":"https:\/\/www.africa-press.net\/benin\/culture-et-art\/benin-les-explications-de-wilfried-leandre-houngbedji-sur-la-creation-du-fdac#primaryimage","url":"https:\/\/static.africa-press.net\/benin\/sites\/46\/2022\/10\/postQueueImg_11-6354265a0e0be.jpg","contentUrl":"https:\/\/static.africa-press.net\/benin\/sites\/46\/2022\/10\/postQueueImg_11-6354265a0e0be.jpg","width":720,"height":480,"caption":"B\u00e9nin: les explications de Wilfried L\u00e9andre Houngb\u00e9dji sur la cr\u00e9ation du FDAC"},{"@type":"BreadcrumbList","@id":"https:\/\/www.africa-press.net\/benin\/culture-et-art\/benin-les-explications-de-wilfried-leandre-houngbedji-sur-la-creation-du-fdac#breadcrumb","itemListElement":[{"@type":"ListItem","position":1,"name":"Accueil","item":"https:\/\/www.africa-press.net\/benin\/"},{"@type":"ListItem","position":2,"name":"B\u00e9nin: les explications de Wilfried L\u00e9andre Houngb\u00e9dji sur la cr\u00e9ation du FDAC"}]},{"@type":"WebSite","@id":"https:\/\/www.africa-press.net\/benin\/#website","url":"https:\/\/www.africa-press.net\/benin\/","name":"B\u00e9nin","description":"Just another Africa News Agency Sites site","potentialAction":[{"@type":"SearchAction","target":{"@type":"EntryPoint","urlTemplate":"https:\/\/www.africa-press.net\/benin\/?s={search_term_string}"},"query-input":{"@type":"PropertyValueSpecification","valueRequired":true,"valueName":"search_term_string"}}],"inLanguage":"fr-FR"},{"@type":"Person","@id":"https:\/\/www.africa-press.net\/benin\/#\/schema\/person\/2b1cf3cd81a31e3cd26889ca66d677f1","name":"cfeditorfr"}]}},"_links":{"self":[{"href":"https:\/\/www.africa-press.net\/benin\/wp-json\/wp\/v2\/posts\/10229","targetHints":{"allow":["GET"]}}],"collection":[{"href":"https:\/\/www.africa-press.net\/benin\/wp-json\/wp\/v2\/posts"}],"about":[{"href":"https:\/\/www.africa-press.net\/benin\/wp-json\/wp\/v2\/types\/post"}],"author":[{"embeddable":true,"href":"https:\/\/www.africa-press.net\/benin\/wp-json\/wp\/v2\/users\/82"}],"replies":[{"embeddable":true,"href":"https:\/\/www.africa-press.net\/benin\/wp-json\/wp\/v2\/comments?post=10229"}],"version-history":[{"count":0,"href":"https:\/\/www.africa-press.net\/benin\/wp-json\/wp\/v2\/posts\/10229\/revisions"}],"wp:featuredmedia":[{"embeddable":true,"href":"https:\/\/www.africa-press.net\/benin\/wp-json\/wp\/v2\/media\/10228"}],"wp:attachment":[{"href":"https:\/\/www.africa-press.net\/benin\/wp-json\/wp\/v2\/media?parent=10229"}],"wp:term":[{"taxonomy":"category","embeddable":true,"href":"https:\/\/www.africa-press.net\/benin\/wp-json\/wp\/v2\/categories?post=10229"},{"taxonomy":"post_tag","embeddable":true,"href":"https:\/\/www.africa-press.net\/benin\/wp-json\/wp\/v2\/tags?post=10229"}],"curies":[{"name":"wp","href":"https:\/\/api.w.org\/{rel}","templated":true}]}}