{"id":13362,"date":"2023-01-26T19:25:21","date_gmt":"2023-01-26T19:25:21","guid":{"rendered":"https:\/\/www.africa-press.net\/benin\/politique\/benin-ainsi-va-la-vie-lhonorable-nazaire-sado-quitte-tristement-le-parlement"},"modified":"2023-01-26T20:44:30","modified_gmt":"2023-01-26T20:44:30","slug":"benin-ainsi-va-la-vie-lhonorable-nazaire-sado-quitte-tristement-le-parlement","status":"publish","type":"post","link":"https:\/\/www.africa-press.net\/benin\/politique\/benin-ainsi-va-la-vie-lhonorable-nazaire-sado-quitte-tristement-le-parlement","title":{"rendered":"B\u00e9nin: \u00ab\u00a0Ainsi va la vie!\u00a0\u00bb, l\u2019honorable Nazaire Sado quitte tristement le parlement"},"content":{"rendered":"<p><span style=\"color: #ff6600\"><strong>Africa-Press &#8211; Benin. <\/strong><\/span>Le de\u0301sormais ex-de\u0301pute\u0301 Nazaire Sado a adresse\u0301 un message a\u0300 ses mandants pour marquer son de\u0301part du parlement. Dans ce message d\u2019au revoir, l\u2019ancien parlementaire a fait un bref bilan de son parcours a\u0300 l\u2019he\u0301micycle.<\/p>\n<p>De\u0301pute\u0301 de la 8e le\u0301gislature, e\u0301lu sur la liste du Bloc Re\u0301publicain, Nazaire Sado est contraint de libe\u0301rer son sie\u0300ge au parlement. Un de\u0301part force\u0301 qui laisse sans doute un gou\u0302t amer chez l\u2019ex-parlementaire et son entourage. Mais comme toute chose concourt au bien de celui qui aime Dieu, Nazaire Sado laisse tout entre les mains du Seigneur.<\/p>\n<p>L\u2019ancien e\u0301lu de la 23e circonscription prend les choses sportivement. \u00ab Ainsi va la vie! Grossomodo, je pars du Parlement avec beaucoup d\u2019 expe\u0301riences et de satisfaction. Que Dieu nous pre\u0302te vie \u00bb.<\/p>\n<p>Tombe\u0301 sans aller au front&#8230;<\/p>\n<p>Contrairement a\u0300 certains de ses colle\u0300gues de la 8e le\u0301gislature qui sont tombe\u0301s sur le champ de bataille, Nazaire Sado n\u2019a me\u0302me pas eu la chance d\u2019aller de\u0301fendre son fauteuil parlementaire avant de le perdre. Souvent positionne\u0301 supple\u0301ant de Luc Atrokpo, le de\u0301pute\u0301 habitue\u0301 aux propositions de loi a\u0300 pole\u0301mique, aurait pu e\u0302tre cette fois-ci te\u0302te de liste, Luc Atrokpo n\u2019e\u0301tant plus dans la 23e circonscription. Mais les choses ont mal tourne\u0301.<\/p>\n<p>En effet, pris dans l\u2019e\u0301tau des fiscs, il s\u2019est heurte\u0301 a\u0300 la muraille du quitus fiscal. De\u0301pourvu de ce pre\u0301cieux document, avec une faible probabilite\u0301 de l\u2019avoir dans les de\u0301lais, Nazaire Sado a e\u0301te\u0301 de\u0301barque\u0301 de la liste de candidature du Bloc Re\u0301publicain dont il devrait porter les couleurs dans la 23e circonscription pour le compte des e\u0301lections le\u0301gislatives de janvier 2023.<\/p>\n<p><strong>Pour plus d&rsquo;informations et d&rsquo;analyses sur la <a href=\"https:\/\/www.africa-press.net\/benin\">Benin<\/a>, suivez <a href=\"https:\/\/www.africa-press.net\/\">Africa-Press<\/a><\/strong><\/p>\n","protected":false},"excerpt":{"rendered":"<p>Africa-Press &#8211; Benin. Le de\u0301sormais ex-de\u0301pute\u0301 Nazaire Sado a adresse\u0301 un message a\u0300 ses mandants pour marquer son de\u0301part du parlement. Dans ce message d\u2019au revoir, l\u2019ancien parlementaire a fait un bref bilan de son parcours a\u0300 l\u2019he\u0301micycle. De\u0301pute\u0301 de la 8e le\u0301gislature, e\u0301lu sur la liste du Bloc Re\u0301publicain, Nazaire Sado est contraint de [&hellip;]<\/p>\n","protected":false},"author":82,"featured_media":13361,"comment_status":"open","ping_status":"closed","sticky":false,"template":"","format":"standard","meta":{"footnotes":""},"categories":[2,10],"tags":[36,50,45],"class_list":["post-13362","post","type-post","status-publish","format-standard","has-post-thumbnail","hentry","category-politique","category-toutes-les-actualites","tag-africa-press","tag-africa-press-benin","tag-benin"],"yoast_head":"<!-- This site is optimized with the Yoast SEO Premium plugin v26.1 (Yoast SEO v27.0) - https:\/\/yoast.com\/product\/yoast-seo-premium-wordpress\/ -->\n<title>B\u00e9nin: \u00ab\u00a0Ainsi va la vie!\u00a0\u00bb, l\u2019honorable Nazaire Sado quitte tristement le parlement - B\u00e9nin<\/title>\n<meta name=\"description\" content=\"Le de\u0301sormais ex-de\u0301pute\u0301 Nazaire Sado a adresse\u0301 un message a\u0300 ses mandants pour marquer son de\u0301part du parlement. Dans ...\" \/>\n<meta name=\"robots\" content=\"index, follow, max-snippet:-1, max-image-preview:large, max-video-preview:-1\" \/>\n<link rel=\"canonical\" href=\"https:\/\/www.africa-press.net\/benin\/politique\/benin-ainsi-va-la-vie-lhonorable-nazaire-sado-quitte-tristement-le-parlement\" \/>\n<meta property=\"og:locale\" content=\"fr_FR\" \/>\n<meta property=\"og:type\" content=\"article\" \/>\n<meta property=\"og:title\" content=\"B\u00e9nin: \u00ab\u00a0Ainsi va la vie!\u00a0\u00bb, l\u2019honorable Nazaire Sado quitte tristement le parlement\" \/>\n<meta property=\"og:description\" content=\"Le de\u0301sormais ex-de\u0301pute\u0301 Nazaire Sado a adresse\u0301 un message a\u0300 ses mandants pour marquer son de\u0301part du parlement. Dans ...\" \/>\n<meta property=\"og:url\" content=\"https:\/\/www.africa-press.net\/benin\/politique\/benin-ainsi-va-la-vie-lhonorable-nazaire-sado-quitte-tristement-le-parlement\" \/>\n<meta property=\"og:site_name\" content=\"B\u00e9nin\" \/>\n<meta property=\"article:published_time\" content=\"2023-01-26T19:25:21+00:00\" \/>\n<meta property=\"article:modified_time\" content=\"2023-01-26T20:44:30+00:00\" \/>\n<meta property=\"og:image\" content=\"https:\/\/static.africa-press.net\/benin\/sites\/46\/2023\/01\/postQueueImg_1674748526.67.jpg\" \/>\n\t<meta property=\"og:image:width\" content=\"1200\" \/>\n\t<meta property=\"og:image:height\" content=\"600\" \/>\n\t<meta property=\"og:image:type\" content=\"image\/jpeg\" \/>\n<meta name=\"author\" content=\"cfeditorfr\" \/>\n<meta name=\"twitter:card\" content=\"summary_large_image\" \/>\n<meta name=\"twitter:label1\" content=\"\u00c9crit par\" \/>\n\t<meta name=\"twitter:data1\" content=\"cfeditorfr\" \/>\n\t<meta name=\"twitter:label2\" content=\"Dur\u00e9e de lecture estim\u00e9e\" \/>\n\t<meta name=\"twitter:data2\" content=\"2 minutes\" \/>\n<script type=\"application\/ld+json\" class=\"yoast-schema-graph\">{\"@context\":\"https:\/\/schema.org\",\"@graph\":[{\"@type\":\"Article\",\"@id\":\"https:\/\/www.africa-press.net\/benin\/politique\/benin-ainsi-va-la-vie-lhonorable-nazaire-sado-quitte-tristement-le-parlement#article\",\"isPartOf\":{\"@id\":\"https:\/\/www.africa-press.net\/benin\/politique\/benin-ainsi-va-la-vie-lhonorable-nazaire-sado-quitte-tristement-le-parlement\"},\"author\":{\"name\":\"cfeditorfr\",\"@id\":\"https:\/\/www.africa-press.net\/benin\/#\/schema\/person\/2b1cf3cd81a31e3cd26889ca66d677f1\"},\"headline\":\"B\u00e9nin: \u00ab\u00a0Ainsi va la vie!\u00a0\u00bb, l\u2019honorable Nazaire Sado quitte tristement le parlement\",\"datePublished\":\"2023-01-26T19:25:21+00:00\",\"dateModified\":\"2023-01-26T20:44:30+00:00\",\"mainEntityOfPage\":{\"@id\":\"https:\/\/www.africa-press.net\/benin\/politique\/benin-ainsi-va-la-vie-lhonorable-nazaire-sado-quitte-tristement-le-parlement\"},\"wordCount\":337,\"commentCount\":0,\"image\":{\"@id\":\"https:\/\/www.africa-press.net\/benin\/politique\/benin-ainsi-va-la-vie-lhonorable-nazaire-sado-quitte-tristement-le-parlement#primaryimage\"},\"thumbnailUrl\":\"https:\/\/static.africa-press.net\/benin\/sites\/46\/2023\/01\/postQueueImg_1674748526.67.jpg\",\"keywords\":[\"Africa Press\",\"Africa Press-Benin\",\"B\u00e9nin\"],\"articleSection\":[\"Politique\",\"Toutes les actualit\u00e9s\"],\"inLanguage\":\"fr-FR\",\"potentialAction\":[{\"@type\":\"CommentAction\",\"name\":\"Comment\",\"target\":[\"https:\/\/www.africa-press.net\/benin\/politique\/benin-ainsi-va-la-vie-lhonorable-nazaire-sado-quitte-tristement-le-parlement#respond\"]}]},{\"@type\":\"WebPage\",\"@id\":\"https:\/\/www.africa-press.net\/benin\/politique\/benin-ainsi-va-la-vie-lhonorable-nazaire-sado-quitte-tristement-le-parlement\",\"url\":\"https:\/\/www.africa-press.net\/benin\/politique\/benin-ainsi-va-la-vie-lhonorable-nazaire-sado-quitte-tristement-le-parlement\",\"name\":\"B\u00e9nin: \u00ab\u00a0Ainsi va la vie!\u00a0\u00bb, l\u2019honorable Nazaire Sado quitte tristement le parlement - B\u00e9nin\",\"isPartOf\":{\"@id\":\"https:\/\/www.africa-press.net\/benin\/#website\"},\"primaryImageOfPage\":{\"@id\":\"https:\/\/www.africa-press.net\/benin\/politique\/benin-ainsi-va-la-vie-lhonorable-nazaire-sado-quitte-tristement-le-parlement#primaryimage\"},\"image\":{\"@id\":\"https:\/\/www.africa-press.net\/benin\/politique\/benin-ainsi-va-la-vie-lhonorable-nazaire-sado-quitte-tristement-le-parlement#primaryimage\"},\"thumbnailUrl\":\"https:\/\/static.africa-press.net\/benin\/sites\/46\/2023\/01\/postQueueImg_1674748526.67.jpg\",\"datePublished\":\"2023-01-26T19:25:21+00:00\",\"dateModified\":\"2023-01-26T20:44:30+00:00\",\"author\":{\"@id\":\"https:\/\/www.africa-press.net\/benin\/#\/schema\/person\/2b1cf3cd81a31e3cd26889ca66d677f1\"},\"description\":\"Le de\u0301sormais ex-de\u0301pute\u0301 Nazaire Sado a adresse\u0301 un message a\u0300 ses mandants pour marquer son de\u0301part du parlement. Dans ...\",\"breadcrumb\":{\"@id\":\"https:\/\/www.africa-press.net\/benin\/politique\/benin-ainsi-va-la-vie-lhonorable-nazaire-sado-quitte-tristement-le-parlement#breadcrumb\"},\"inLanguage\":\"fr-FR\",\"potentialAction\":[{\"@type\":\"ReadAction\",\"target\":[\"https:\/\/www.africa-press.net\/benin\/politique\/benin-ainsi-va-la-vie-lhonorable-nazaire-sado-quitte-tristement-le-parlement\"]}]},{\"@type\":\"ImageObject\",\"inLanguage\":\"fr-FR\",\"@id\":\"https:\/\/www.africa-press.net\/benin\/politique\/benin-ainsi-va-la-vie-lhonorable-nazaire-sado-quitte-tristement-le-parlement#primaryimage\",\"url\":\"https:\/\/static.africa-press.net\/benin\/sites\/46\/2023\/01\/postQueueImg_1674748526.67.jpg\",\"contentUrl\":\"https:\/\/static.africa-press.net\/benin\/sites\/46\/2023\/01\/postQueueImg_1674748526.67.jpg\",\"width\":1200,\"height\":600,\"caption\":\"B\u00e9nin: \u00ab\u00a0Ainsi va la vie!\u00a0\u00bb, l\u2019honorable Nazaire Sado quitte tristement le parlement\"},{\"@type\":\"BreadcrumbList\",\"@id\":\"https:\/\/www.africa-press.net\/benin\/politique\/benin-ainsi-va-la-vie-lhonorable-nazaire-sado-quitte-tristement-le-parlement#breadcrumb\",\"itemListElement\":[{\"@type\":\"ListItem\",\"position\":1,\"name\":\"Accueil\",\"item\":\"https:\/\/www.africa-press.net\/benin\/\"},{\"@type\":\"ListItem\",\"position\":2,\"name\":\"B\u00e9nin: \u00ab\u00a0Ainsi va la vie!\u00a0\u00bb, l\u2019honorable Nazaire Sado quitte tristement le parlement\"}]},{\"@type\":\"WebSite\",\"@id\":\"https:\/\/www.africa-press.net\/benin\/#website\",\"url\":\"https:\/\/www.africa-press.net\/benin\/\",\"name\":\"B\u00e9nin\",\"description\":\"Just another Africa News Agency Sites site\",\"potentialAction\":[{\"@type\":\"SearchAction\",\"target\":{\"@type\":\"EntryPoint\",\"urlTemplate\":\"https:\/\/www.africa-press.net\/benin\/?s={search_term_string}\"},\"query-input\":{\"@type\":\"PropertyValueSpecification\",\"valueRequired\":true,\"valueName\":\"search_term_string\"}}],\"inLanguage\":\"fr-FR\"},{\"@type\":\"Person\",\"@id\":\"https:\/\/www.africa-press.net\/benin\/#\/schema\/person\/2b1cf3cd81a31e3cd26889ca66d677f1\",\"name\":\"cfeditorfr\"}]}<\/script>\n<!-- \/ Yoast SEO Premium plugin. -->","yoast_head_json":{"title":"B\u00e9nin: \u00ab\u00a0Ainsi va la vie!\u00a0\u00bb, l\u2019honorable Nazaire Sado quitte tristement le parlement - B\u00e9nin","description":"Le de\u0301sormais ex-de\u0301pute\u0301 Nazaire Sado a adresse\u0301 un message a\u0300 ses mandants pour marquer son de\u0301part du parlement. Dans ...","robots":{"index":"index","follow":"follow","max-snippet":"max-snippet:-1","max-image-preview":"max-image-preview:large","max-video-preview":"max-video-preview:-1"},"canonical":"https:\/\/www.africa-press.net\/benin\/politique\/benin-ainsi-va-la-vie-lhonorable-nazaire-sado-quitte-tristement-le-parlement","og_locale":"fr_FR","og_type":"article","og_title":"B\u00e9nin: \u00ab\u00a0Ainsi va la vie!\u00a0\u00bb, l\u2019honorable Nazaire Sado quitte tristement le parlement","og_description":"Le de\u0301sormais ex-de\u0301pute\u0301 Nazaire Sado a adresse\u0301 un message a\u0300 ses mandants pour marquer son de\u0301part du parlement. Dans ...","og_url":"https:\/\/www.africa-press.net\/benin\/politique\/benin-ainsi-va-la-vie-lhonorable-nazaire-sado-quitte-tristement-le-parlement","og_site_name":"B\u00e9nin","article_published_time":"2023-01-26T19:25:21+00:00","article_modified_time":"2023-01-26T20:44:30+00:00","og_image":[{"width":1200,"height":600,"url":"https:\/\/static.africa-press.net\/benin\/sites\/46\/2023\/01\/postQueueImg_1674748526.67.jpg","type":"image\/jpeg"}],"author":"cfeditorfr","twitter_card":"summary_large_image","twitter_misc":{"\u00c9crit par":"cfeditorfr","Dur\u00e9e de lecture estim\u00e9e":"2 minutes"},"schema":{"@context":"https:\/\/schema.org","@graph":[{"@type":"Article","@id":"https:\/\/www.africa-press.net\/benin\/politique\/benin-ainsi-va-la-vie-lhonorable-nazaire-sado-quitte-tristement-le-parlement#article","isPartOf":{"@id":"https:\/\/www.africa-press.net\/benin\/politique\/benin-ainsi-va-la-vie-lhonorable-nazaire-sado-quitte-tristement-le-parlement"},"author":{"name":"cfeditorfr","@id":"https:\/\/www.africa-press.net\/benin\/#\/schema\/person\/2b1cf3cd81a31e3cd26889ca66d677f1"},"headline":"B\u00e9nin: \u00ab\u00a0Ainsi va la vie!\u00a0\u00bb, l\u2019honorable Nazaire Sado quitte tristement le parlement","datePublished":"2023-01-26T19:25:21+00:00","dateModified":"2023-01-26T20:44:30+00:00","mainEntityOfPage":{"@id":"https:\/\/www.africa-press.net\/benin\/politique\/benin-ainsi-va-la-vie-lhonorable-nazaire-sado-quitte-tristement-le-parlement"},"wordCount":337,"commentCount":0,"image":{"@id":"https:\/\/www.africa-press.net\/benin\/politique\/benin-ainsi-va-la-vie-lhonorable-nazaire-sado-quitte-tristement-le-parlement#primaryimage"},"thumbnailUrl":"https:\/\/static.africa-press.net\/benin\/sites\/46\/2023\/01\/postQueueImg_1674748526.67.jpg","keywords":["Africa Press","Africa Press-Benin","B\u00e9nin"],"articleSection":["Politique","Toutes les actualit\u00e9s"],"inLanguage":"fr-FR","potentialAction":[{"@type":"CommentAction","name":"Comment","target":["https:\/\/www.africa-press.net\/benin\/politique\/benin-ainsi-va-la-vie-lhonorable-nazaire-sado-quitte-tristement-le-parlement#respond"]}]},{"@type":"WebPage","@id":"https:\/\/www.africa-press.net\/benin\/politique\/benin-ainsi-va-la-vie-lhonorable-nazaire-sado-quitte-tristement-le-parlement","url":"https:\/\/www.africa-press.net\/benin\/politique\/benin-ainsi-va-la-vie-lhonorable-nazaire-sado-quitte-tristement-le-parlement","name":"B\u00e9nin: \u00ab\u00a0Ainsi va la vie!\u00a0\u00bb, l\u2019honorable Nazaire Sado quitte tristement le parlement - B\u00e9nin","isPartOf":{"@id":"https:\/\/www.africa-press.net\/benin\/#website"},"primaryImageOfPage":{"@id":"https:\/\/www.africa-press.net\/benin\/politique\/benin-ainsi-va-la-vie-lhonorable-nazaire-sado-quitte-tristement-le-parlement#primaryimage"},"image":{"@id":"https:\/\/www.africa-press.net\/benin\/politique\/benin-ainsi-va-la-vie-lhonorable-nazaire-sado-quitte-tristement-le-parlement#primaryimage"},"thumbnailUrl":"https:\/\/static.africa-press.net\/benin\/sites\/46\/2023\/01\/postQueueImg_1674748526.67.jpg","datePublished":"2023-01-26T19:25:21+00:00","dateModified":"2023-01-26T20:44:30+00:00","author":{"@id":"https:\/\/www.africa-press.net\/benin\/#\/schema\/person\/2b1cf3cd81a31e3cd26889ca66d677f1"},"description":"Le de\u0301sormais ex-de\u0301pute\u0301 Nazaire Sado a adresse\u0301 un message a\u0300 ses mandants pour marquer son de\u0301part du parlement. Dans ...","breadcrumb":{"@id":"https:\/\/www.africa-press.net\/benin\/politique\/benin-ainsi-va-la-vie-lhonorable-nazaire-sado-quitte-tristement-le-parlement#breadcrumb"},"inLanguage":"fr-FR","potentialAction":[{"@type":"ReadAction","target":["https:\/\/www.africa-press.net\/benin\/politique\/benin-ainsi-va-la-vie-lhonorable-nazaire-sado-quitte-tristement-le-parlement"]}]},{"@type":"ImageObject","inLanguage":"fr-FR","@id":"https:\/\/www.africa-press.net\/benin\/politique\/benin-ainsi-va-la-vie-lhonorable-nazaire-sado-quitte-tristement-le-parlement#primaryimage","url":"https:\/\/static.africa-press.net\/benin\/sites\/46\/2023\/01\/postQueueImg_1674748526.67.jpg","contentUrl":"https:\/\/static.africa-press.net\/benin\/sites\/46\/2023\/01\/postQueueImg_1674748526.67.jpg","width":1200,"height":600,"caption":"B\u00e9nin: \u00ab\u00a0Ainsi va la vie!\u00a0\u00bb, l\u2019honorable Nazaire Sado quitte tristement le parlement"},{"@type":"BreadcrumbList","@id":"https:\/\/www.africa-press.net\/benin\/politique\/benin-ainsi-va-la-vie-lhonorable-nazaire-sado-quitte-tristement-le-parlement#breadcrumb","itemListElement":[{"@type":"ListItem","position":1,"name":"Accueil","item":"https:\/\/www.africa-press.net\/benin\/"},{"@type":"ListItem","position":2,"name":"B\u00e9nin: \u00ab\u00a0Ainsi va la vie!\u00a0\u00bb, l\u2019honorable Nazaire Sado quitte tristement le parlement"}]},{"@type":"WebSite","@id":"https:\/\/www.africa-press.net\/benin\/#website","url":"https:\/\/www.africa-press.net\/benin\/","name":"B\u00e9nin","description":"Just another Africa News Agency Sites site","potentialAction":[{"@type":"SearchAction","target":{"@type":"EntryPoint","urlTemplate":"https:\/\/www.africa-press.net\/benin\/?s={search_term_string}"},"query-input":{"@type":"PropertyValueSpecification","valueRequired":true,"valueName":"search_term_string"}}],"inLanguage":"fr-FR"},{"@type":"Person","@id":"https:\/\/www.africa-press.net\/benin\/#\/schema\/person\/2b1cf3cd81a31e3cd26889ca66d677f1","name":"cfeditorfr"}]}},"_links":{"self":[{"href":"https:\/\/www.africa-press.net\/benin\/wp-json\/wp\/v2\/posts\/13362","targetHints":{"allow":["GET"]}}],"collection":[{"href":"https:\/\/www.africa-press.net\/benin\/wp-json\/wp\/v2\/posts"}],"about":[{"href":"https:\/\/www.africa-press.net\/benin\/wp-json\/wp\/v2\/types\/post"}],"author":[{"embeddable":true,"href":"https:\/\/www.africa-press.net\/benin\/wp-json\/wp\/v2\/users\/82"}],"replies":[{"embeddable":true,"href":"https:\/\/www.africa-press.net\/benin\/wp-json\/wp\/v2\/comments?post=13362"}],"version-history":[{"count":0,"href":"https:\/\/www.africa-press.net\/benin\/wp-json\/wp\/v2\/posts\/13362\/revisions"}],"wp:featuredmedia":[{"embeddable":true,"href":"https:\/\/www.africa-press.net\/benin\/wp-json\/wp\/v2\/media\/13361"}],"wp:attachment":[{"href":"https:\/\/www.africa-press.net\/benin\/wp-json\/wp\/v2\/media?parent=13362"}],"wp:term":[{"taxonomy":"category","embeddable":true,"href":"https:\/\/www.africa-press.net\/benin\/wp-json\/wp\/v2\/categories?post=13362"},{"taxonomy":"post_tag","embeddable":true,"href":"https:\/\/www.africa-press.net\/benin\/wp-json\/wp\/v2\/tags?post=13362"}],"curies":[{"name":"wp","href":"https:\/\/api.w.org\/{rel}","templated":true}]}}