{"id":23641,"date":"2023-12-19T12:54:23","date_gmt":"2023-12-19T12:54:23","guid":{"rendered":"https:\/\/www.africa-press.net\/benin\/politique\/africa-korede-awards-2023-louis-vlavonou-recoit-le-prix-or-special"},"modified":"2023-12-19T13:58:32","modified_gmt":"2023-12-19T13:58:32","slug":"africa-korede-awards-2023-louis-vlavonou-recoit-le-prix-or-special","status":"publish","type":"post","link":"https:\/\/www.africa-press.net\/benin\/politique\/africa-korede-awards-2023-louis-vlavonou-recoit-le-prix-or-special","title":{"rendered":"Africa Kor\u00e9d\u00e9 Awards 2023: Louis Vlavonou re\u00e7oit le prix Or sp\u00e9cial"},"content":{"rendered":"<p><span style=\"color: #ff6600\"><strong>Africa-Press &#8211; Benin. <\/strong><\/span>Louis Gbe\u0300hounou Vlavonou, le pre\u0301sident de l\u2019Assemble\u0301e Nationale du Be\u0301nin a e\u0301te\u0301 honore\u0301 au cours de la sixie\u0300me e\u0301dition des Africa Kore\u0301de\u0301 Awards.<\/p>\n<p>La salle bleue du Palais des Congre\u0300s de Cotonou a abrite\u0301 ce dimanche 17 de\u0301cembre 2023 la grande soire\u0301e de distinction \u00ab Africa Kore\u0301de\u0301 Awards \u00bb. Plusieurs personnalite\u0301s venues du monde universitaire, du secteur de la dynamique sociale et du prive\u0301 ont pris part a\u0300 cette 6eme e\u0301dition des \u00ab Africa Kore\u0301de\u0301 Awards \u00bb, qui est de\u0301die\u0301e a\u0300 l\u2019innovation et a\u0300 la recherche en me\u0301decine traditionnelle.<\/p>\n<p>A en croire docteur Rodrigue Akote\u0300gnon Azonwakin, pre\u0301sident du Comite\u0301 Scientifique et du Comite\u0301 d\u2019Organisation, cette distinction permet de reconnaitre le me\u0301rite de 18 personnalite\u0301s, qui de par leurs \u0153uvres, ont force\u0301 l\u2019admiration des initiateurs. \u00ab Chacun des laure\u0301ats que nous honorons aujourd\u2019hui incarne la re\u0301ussite, la perse\u0301ve\u0301rance et l\u2019engagement envers l\u2019excellence. Leurs histoires nous inspirent. Leurs re\u0301alisations motivent. Et leur de\u0301vouement e\u0301claire le chemin d\u2019une Afrique plus prospe\u0300re et e\u0301panouie \u00bb, a explique\u0301 Dr Rodrigue Akote\u0300gnon Azonwakin.<\/p>\n<p>L\u2019objectif de cette ce\u0301le\u0301bration est aussi de susciter une motivation au sein de la jeunesse. \u00ab Au-dela\u0300 d\u2019une simple ce\u0301le\u0301bration, les Africa Kore\u0301de\u0301 Awards constituent une invitation a\u0300 la motivation, a\u0300 suivre les traces de nos ai\u0302ne\u0301s exceptionnels, a\u0300 innover dans tous les secteurs et a\u0300 contribuer au de\u0301veloppement de la Nation be\u0301ninoise et de l\u2019Afrique \u00bb, fait-il savoir.<\/p>\n<p>Le choix donc porte\u0301 sur le pre\u0301sident de l\u2019Assemble\u0301e Nationale, Louis Gbe\u0300hounou Vlavonou, n\u2019est pas du hasard, selon le Pre\u0301sident Fondateur de Kore\u0301de\u0301 Africa Culture International, Olouroun Kossoun Rogatien Ode\u0300. \u00ab Louis Gbe\u0300hounou Vlavonou est un homme bien qui me\u0301rite bien les honneurs qui lui sont faits aujourd\u2019hui. Ceci, pour tout ce qu\u2019il fait pour l\u2019enracinement de la de\u0301mocratie dans notre pays et aussi pour son esprit d\u2019ouverture \u00bb, a pre\u0301cise\u0301 le Pre\u0301sident Fondateur.<\/p>\n<p>Outre le Pre\u0301sident Louis Gbe\u0300hounou Vlavonou, les responsables de Africa Kore\u0301de\u0301 Culture International ont aussi reconnu le me\u0301rite de l\u2019honorable Cakpo Mahougnon, Premier secre\u0301taire parlementaire de l\u2019Assemble\u0301e nationale du Be\u0301nin.<\/p>\n<p>Par ailleurs, e\u0301tant empe\u0302che\u0301, Louis Vlavonou a e\u0301te\u0301 repre\u0301sente\u0301 par Mathieu Ahouansou, son directeur de cabinet.<\/p>\n\r\n                <style type=\"text\/css\">\r\n                    \r\n                    #td_uid_1_69f1af483c0c0  .td-doubleSlider-2 .td-item1 {\r\n                        background: url(https:\/\/static.africa-press.net\/benin\/sites\/46\/2023\/12\/sm_1702981398.622798-80x60.jpg) 0 0 no-repeat;\r\n                    }\r\n                    #td_uid_1_69f1af483c0c0  .td-doubleSlider-2 .td-item2 {\r\n                        background: url(https:\/\/static.africa-press.net\/benin\/sites\/46\/2023\/12\/sm_1702981412.730254-80x60.jpg) 0 0 no-repeat;\r\n                    }\r\n                    #td_uid_1_69f1af483c0c0  .td-doubleSlider-2 .td-item3 {\r\n                        background: url(https:\/\/static.africa-press.net\/benin\/sites\/46\/2023\/12\/sm_1702981422.811698-80x60.jpg) 0 0 no-repeat;\r\n                    }\r\n                    #td_uid_1_69f1af483c0c0  .td-doubleSlider-2 .td-item4 {\r\n                        background: url(https:\/\/static.africa-press.net\/benin\/sites\/46\/2023\/12\/sm_1702981434.370198-80x60.jpg) 0 0 no-repeat;\r\n                    }\r\n                <\/style>\r\n\r\n                <div id=\"td_uid_1_69f1af483c0c0\" class=\"td-gallery td-slide-on-2-columns\">\r\n                    <div class=\"post_td_gallery\">\r\n                        <div class=\"td-gallery-slide-top\">\r\n                           <div class=\"td-gallery-title\"><\/div>\r\n\r\n                            <div class=\"td-gallery-controls-wrapper\">\r\n                                <div class=\"td-gallery-slide-count\"><span class=\"td-gallery-slide-item-focus\">1<\/span> de 4<\/div>\r\n                                <div class=\"td-gallery-slide-prev-next-but\">\r\n                                    <i class = \"td-icon-left doubleSliderPrevButton\"><\/i>\r\n                                    <i class = \"td-icon-right doubleSliderNextButton\"><\/i>\r\n                                <\/div>\r\n                            <\/div>\r\n                        <\/div>\r\n\r\n                        <div class = \"td-doubleSlider-1 \">\r\n                            <div class = \"td-slider\">\r\n                                \r\n                    <div class = \"td-slide-item td-item1\">\r\n                        <figure class=\"td-slide-galery-figure td-slide-popup-gallery\">\r\n                            <a class=\"slide-gallery-image-link\" href=\"https:\/\/static.africa-press.net\/benin\/sites\/46\/2023\/12\/sm_1702981398.622798.jpg\" title=\"sm_1702981398.622798\"  data-caption=\"\"  data-description=\"\">\r\n                                <img decoding=\"async\" src=\"https:\/\/static.africa-press.net\/benin\/sites\/46\/2023\/12\/sm_1702981398.622798.jpg\" srcset=\"https:\/\/static.africa-press.net\/benin\/sites\/46\/2023\/12\/sm_1702981398.622798.jpg 664w, https:\/\/static.africa-press.net\/benin\/sites\/46\/2023\/12\/sm_1702981398.622798-214x300.jpg 214w\" sizes=\"(max-width: 664px) 100vw, 664px\" alt=\"\">\r\n                            <\/a>\r\n                            \r\n                        <\/figure>\r\n                    <\/div>\r\n                    <div class = \"td-slide-item td-item2\">\r\n                        <figure class=\"td-slide-galery-figure td-slide-popup-gallery\">\r\n                            <a class=\"slide-gallery-image-link\" href=\"https:\/\/static.africa-press.net\/benin\/sites\/46\/2023\/12\/sm_1702981412.730254.jpg\" title=\"sm_1702981412.730254\"  data-caption=\"\"  data-description=\"\">\r\n                                <img decoding=\"async\" src=\"https:\/\/static.africa-press.net\/benin\/sites\/46\/2023\/12\/sm_1702981412.730254.jpg\" srcset=\"https:\/\/static.africa-press.net\/benin\/sites\/46\/2023\/12\/sm_1702981412.730254.jpg 705w, https:\/\/static.africa-press.net\/benin\/sites\/46\/2023\/12\/sm_1702981412.730254-214x300.jpg 214w\" sizes=\"(max-width: 705px) 100vw, 705px\" alt=\"\">\r\n                            <\/a>\r\n                            \r\n                        <\/figure>\r\n                    <\/div>\r\n                    <div class = \"td-slide-item td-item3\">\r\n                        <figure class=\"td-slide-galery-figure td-slide-popup-gallery\">\r\n                            <a class=\"slide-gallery-image-link\" href=\"https:\/\/static.africa-press.net\/benin\/sites\/46\/2023\/12\/sm_1702981422.811698.jpg\" title=\"sm_1702981422.811698\"  data-caption=\"\"  data-description=\"\">\r\n                                <img decoding=\"async\" src=\"https:\/\/static.africa-press.net\/benin\/sites\/46\/2023\/12\/sm_1702981422.811698.jpg\" srcset=\"https:\/\/static.africa-press.net\/benin\/sites\/46\/2023\/12\/sm_1702981422.811698.jpg 1080w, https:\/\/static.africa-press.net\/benin\/sites\/46\/2023\/12\/sm_1702981422.811698-300x214.jpg 300w, https:\/\/static.africa-press.net\/benin\/sites\/46\/2023\/12\/sm_1702981422.811698-1024x731.jpg 1024w, https:\/\/static.africa-press.net\/benin\/sites\/46\/2023\/12\/sm_1702981422.811698-768x548.jpg 768w, https:\/\/static.africa-press.net\/benin\/sites\/46\/2023\/12\/sm_1702981422.811698-100x70.jpg 100w\" sizes=\"(max-width: 1080px) 100vw, 1080px\" alt=\"\">\r\n                            <\/a>\r\n                            \r\n                        <\/figure>\r\n                    <\/div>\r\n                    <div class = \"td-slide-item td-item4\">\r\n                        <figure class=\"td-slide-galery-figure td-slide-popup-gallery\">\r\n                            <a class=\"slide-gallery-image-link\" href=\"https:\/\/static.africa-press.net\/benin\/sites\/46\/2023\/12\/sm_1702981434.370198.jpg\" title=\"sm_1702981434.370198\"  data-caption=\"\"  data-description=\"\">\r\n                                <img decoding=\"async\" src=\"https:\/\/static.africa-press.net\/benin\/sites\/46\/2023\/12\/sm_1702981434.370198.jpg\" srcset=\"https:\/\/static.africa-press.net\/benin\/sites\/46\/2023\/12\/sm_1702981434.370198.jpg 1080w, https:\/\/static.africa-press.net\/benin\/sites\/46\/2023\/12\/sm_1702981434.370198-300x214.jpg 300w, https:\/\/static.africa-press.net\/benin\/sites\/46\/2023\/12\/sm_1702981434.370198-1024x731.jpg 1024w, https:\/\/static.africa-press.net\/benin\/sites\/46\/2023\/12\/sm_1702981434.370198-768x548.jpg 768w, https:\/\/static.africa-press.net\/benin\/sites\/46\/2023\/12\/sm_1702981434.370198-100x70.jpg 100w\" sizes=\"(max-width: 1080px) 100vw, 1080px\" alt=\"\">\r\n                            <\/a>\r\n                            \r\n                        <\/figure>\r\n                    <\/div>\r\n                            <\/div>\r\n                        <\/div>\r\n\r\n                        <div class = \"td-doubleSlider-2\">\r\n                            <div class = \"td-slider\">\r\n                                \r\n                    <div class = \"td-button td-item1\">\r\n                        <div class = \"td-border\"><\/div>\r\n                    <\/div>\r\n                    <div class = \"td-button td-item2\">\r\n                        <div class = \"td-border\"><\/div>\r\n                    <\/div>\r\n                    <div class = \"td-button td-item3\">\r\n                        <div class = \"td-border\"><\/div>\r\n                    <\/div>\r\n                    <div class = \"td-button td-item4\">\r\n                        <div class = \"td-border\"><\/div>\r\n                    <\/div>\r\n                            <\/div>\r\n                        <\/div>\r\n\r\n                    <\/div>\r\n\r\n                <\/div>\r\n                \n<p><strong>Pour plus d&rsquo;informations et d&rsquo;analyses sur la <a href=\"https:\/\/www.africa-press.net\/benin\">Benin<\/a>, suivez <a href=\"https:\/\/www.africa-press.net\/\">Africa-Press<\/a><\/strong><\/p>\n","protected":false},"excerpt":{"rendered":"<p>Africa-Press &#8211; Benin. Louis Gbe\u0300hounou Vlavonou, le pre\u0301sident de l\u2019Assemble\u0301e Nationale du Be\u0301nin a e\u0301te\u0301 honore\u0301 au cours de la sixie\u0300me e\u0301dition des Africa Kore\u0301de\u0301 Awards. La salle bleue du Palais des Congre\u0300s de Cotonou a abrite\u0301 ce dimanche 17 de\u0301cembre 2023 la grande soire\u0301e de distinction \u00ab Africa Kore\u0301de\u0301 Awards \u00bb. Plusieurs personnalite\u0301s venues [&hellip;]<\/p>\n","protected":false},"author":82,"featured_media":23640,"comment_status":"open","ping_status":"closed","sticky":false,"template":"","format":"standard","meta":{"footnotes":""},"categories":[8,2,10],"tags":[36,50,45],"class_list":["post-23641","post","type-post","status-publish","format-standard","has-post-thumbnail","hentry","category-photo","category-politique","category-toutes-les-actualites","tag-africa-press","tag-africa-press-benin","tag-benin"],"yoast_head":"<!-- This site is optimized with the Yoast SEO Premium plugin v26.1 (Yoast SEO v27.0) - https:\/\/yoast.com\/product\/yoast-seo-premium-wordpress\/ -->\n<title>Africa Kor\u00e9d\u00e9 Awards 2023: Louis Vlavonou re\u00e7oit le prix Or sp\u00e9cial - B\u00e9nin<\/title>\n<meta name=\"description\" content=\"Louis Gbe\u0300hounou Vlavonou, le pre\u0301sident de l\u2019Assemble\u0301e Nationale du Be\u0301nin a e\u0301te\u0301 honore\u0301 au cours de la sixie\u0300me e\u0301d ...\" \/>\n<meta name=\"robots\" content=\"index, follow, max-snippet:-1, max-image-preview:large, max-video-preview:-1\" \/>\n<link rel=\"canonical\" href=\"https:\/\/www.africa-press.net\/benin\/politique\/africa-korede-awards-2023-louis-vlavonou-recoit-le-prix-or-special\" \/>\n<meta property=\"og:locale\" content=\"fr_FR\" \/>\n<meta property=\"og:type\" content=\"article\" \/>\n<meta property=\"og:title\" content=\"Africa Kor\u00e9d\u00e9 Awards 2023: Louis Vlavonou re\u00e7oit le prix Or sp\u00e9cial\" \/>\n<meta property=\"og:description\" content=\"Louis Gbe\u0300hounou Vlavonou, le pre\u0301sident de l\u2019Assemble\u0301e Nationale du Be\u0301nin a e\u0301te\u0301 honore\u0301 au cours de la sixie\u0300me e\u0301d ...\" \/>\n<meta property=\"og:url\" content=\"https:\/\/www.africa-press.net\/benin\/politique\/africa-korede-awards-2023-louis-vlavonou-recoit-le-prix-or-special\" \/>\n<meta property=\"og:site_name\" content=\"B\u00e9nin\" \/>\n<meta property=\"article:published_time\" content=\"2023-12-19T12:54:23+00:00\" \/>\n<meta property=\"article:modified_time\" content=\"2023-12-19T13:58:32+00:00\" \/>\n<meta property=\"og:image\" content=\"https:\/\/static.africa-press.net\/benin\/sites\/46\/2023\/12\/sm_1702981447.980767.jpg\" \/>\n\t<meta property=\"og:image:width\" content=\"1300\" \/>\n\t<meta property=\"og:image:height\" content=\"929\" \/>\n\t<meta property=\"og:image:type\" content=\"image\/jpeg\" \/>\n<meta name=\"author\" content=\"cfeditorfr\" \/>\n<meta name=\"twitter:card\" content=\"summary_large_image\" \/>\n<meta name=\"twitter:label1\" content=\"\u00c9crit par\" \/>\n\t<meta name=\"twitter:data1\" content=\"cfeditorfr\" \/>\n\t<meta name=\"twitter:label2\" content=\"Dur\u00e9e de lecture estim\u00e9e\" \/>\n\t<meta name=\"twitter:data2\" content=\"2 minutes\" \/>\n<script type=\"application\/ld+json\" class=\"yoast-schema-graph\">{\"@context\":\"https:\/\/schema.org\",\"@graph\":[{\"@type\":\"Article\",\"@id\":\"https:\/\/www.africa-press.net\/benin\/politique\/africa-korede-awards-2023-louis-vlavonou-recoit-le-prix-or-special#article\",\"isPartOf\":{\"@id\":\"https:\/\/www.africa-press.net\/benin\/politique\/africa-korede-awards-2023-louis-vlavonou-recoit-le-prix-or-special\"},\"author\":{\"name\":\"cfeditorfr\",\"@id\":\"https:\/\/www.africa-press.net\/benin\/#\/schema\/person\/2b1cf3cd81a31e3cd26889ca66d677f1\"},\"headline\":\"Africa Kor\u00e9d\u00e9 Awards 2023: Louis Vlavonou re\u00e7oit le prix Or sp\u00e9cial\",\"datePublished\":\"2023-12-19T12:54:23+00:00\",\"dateModified\":\"2023-12-19T13:58:32+00:00\",\"mainEntityOfPage\":{\"@id\":\"https:\/\/www.africa-press.net\/benin\/politique\/africa-korede-awards-2023-louis-vlavonou-recoit-le-prix-or-special\"},\"wordCount\":452,\"commentCount\":0,\"image\":{\"@id\":\"https:\/\/www.africa-press.net\/benin\/politique\/africa-korede-awards-2023-louis-vlavonou-recoit-le-prix-or-special#primaryimage\"},\"thumbnailUrl\":\"https:\/\/static.africa-press.net\/benin\/sites\/46\/2023\/12\/sm_1702981447.980767.jpg\",\"keywords\":[\"Africa Press\",\"Africa Press-Benin\",\"B\u00e9nin\"],\"articleSection\":[\"Photo\",\"Politique\",\"Toutes les actualit\u00e9s\"],\"inLanguage\":\"fr-FR\",\"potentialAction\":[{\"@type\":\"CommentAction\",\"name\":\"Comment\",\"target\":[\"https:\/\/www.africa-press.net\/benin\/politique\/africa-korede-awards-2023-louis-vlavonou-recoit-le-prix-or-special#respond\"]}]},{\"@type\":\"WebPage\",\"@id\":\"https:\/\/www.africa-press.net\/benin\/politique\/africa-korede-awards-2023-louis-vlavonou-recoit-le-prix-or-special\",\"url\":\"https:\/\/www.africa-press.net\/benin\/politique\/africa-korede-awards-2023-louis-vlavonou-recoit-le-prix-or-special\",\"name\":\"Africa Kor\u00e9d\u00e9 Awards 2023: Louis Vlavonou re\u00e7oit le prix Or sp\u00e9cial - B\u00e9nin\",\"isPartOf\":{\"@id\":\"https:\/\/www.africa-press.net\/benin\/#website\"},\"primaryImageOfPage\":{\"@id\":\"https:\/\/www.africa-press.net\/benin\/politique\/africa-korede-awards-2023-louis-vlavonou-recoit-le-prix-or-special#primaryimage\"},\"image\":{\"@id\":\"https:\/\/www.africa-press.net\/benin\/politique\/africa-korede-awards-2023-louis-vlavonou-recoit-le-prix-or-special#primaryimage\"},\"thumbnailUrl\":\"https:\/\/static.africa-press.net\/benin\/sites\/46\/2023\/12\/sm_1702981447.980767.jpg\",\"datePublished\":\"2023-12-19T12:54:23+00:00\",\"dateModified\":\"2023-12-19T13:58:32+00:00\",\"author\":{\"@id\":\"https:\/\/www.africa-press.net\/benin\/#\/schema\/person\/2b1cf3cd81a31e3cd26889ca66d677f1\"},\"description\":\"Louis Gbe\u0300hounou Vlavonou, le pre\u0301sident de l\u2019Assemble\u0301e Nationale du Be\u0301nin a e\u0301te\u0301 honore\u0301 au cours de la sixie\u0300me e\u0301d ...\",\"breadcrumb\":{\"@id\":\"https:\/\/www.africa-press.net\/benin\/politique\/africa-korede-awards-2023-louis-vlavonou-recoit-le-prix-or-special#breadcrumb\"},\"inLanguage\":\"fr-FR\",\"potentialAction\":[{\"@type\":\"ReadAction\",\"target\":[\"https:\/\/www.africa-press.net\/benin\/politique\/africa-korede-awards-2023-louis-vlavonou-recoit-le-prix-or-special\"]}]},{\"@type\":\"ImageObject\",\"inLanguage\":\"fr-FR\",\"@id\":\"https:\/\/www.africa-press.net\/benin\/politique\/africa-korede-awards-2023-louis-vlavonou-recoit-le-prix-or-special#primaryimage\",\"url\":\"https:\/\/static.africa-press.net\/benin\/sites\/46\/2023\/12\/sm_1702981447.980767.jpg\",\"contentUrl\":\"https:\/\/static.africa-press.net\/benin\/sites\/46\/2023\/12\/sm_1702981447.980767.jpg\",\"width\":1300,\"height\":929,\"caption\":\"Africa Kor\u00e9d\u00e9 Awards 2023: Louis Vlavonou re\u00e7oit le prix Or sp\u00e9cial\"},{\"@type\":\"BreadcrumbList\",\"@id\":\"https:\/\/www.africa-press.net\/benin\/politique\/africa-korede-awards-2023-louis-vlavonou-recoit-le-prix-or-special#breadcrumb\",\"itemListElement\":[{\"@type\":\"ListItem\",\"position\":1,\"name\":\"Accueil\",\"item\":\"https:\/\/www.africa-press.net\/benin\/\"},{\"@type\":\"ListItem\",\"position\":2,\"name\":\"Africa Kor\u00e9d\u00e9 Awards 2023: Louis Vlavonou re\u00e7oit le prix Or sp\u00e9cial\"}]},{\"@type\":\"WebSite\",\"@id\":\"https:\/\/www.africa-press.net\/benin\/#website\",\"url\":\"https:\/\/www.africa-press.net\/benin\/\",\"name\":\"B\u00e9nin\",\"description\":\"Just another Africa News Agency Sites site\",\"potentialAction\":[{\"@type\":\"SearchAction\",\"target\":{\"@type\":\"EntryPoint\",\"urlTemplate\":\"https:\/\/www.africa-press.net\/benin\/?s={search_term_string}\"},\"query-input\":{\"@type\":\"PropertyValueSpecification\",\"valueRequired\":true,\"valueName\":\"search_term_string\"}}],\"inLanguage\":\"fr-FR\"},{\"@type\":\"Person\",\"@id\":\"https:\/\/www.africa-press.net\/benin\/#\/schema\/person\/2b1cf3cd81a31e3cd26889ca66d677f1\",\"name\":\"cfeditorfr\"}]}<\/script>\n<!-- \/ Yoast SEO Premium plugin. -->","yoast_head_json":{"title":"Africa Kor\u00e9d\u00e9 Awards 2023: Louis Vlavonou re\u00e7oit le prix Or sp\u00e9cial - B\u00e9nin","description":"Louis Gbe\u0300hounou Vlavonou, le pre\u0301sident de l\u2019Assemble\u0301e Nationale du Be\u0301nin a e\u0301te\u0301 honore\u0301 au cours de la sixie\u0300me e\u0301d ...","robots":{"index":"index","follow":"follow","max-snippet":"max-snippet:-1","max-image-preview":"max-image-preview:large","max-video-preview":"max-video-preview:-1"},"canonical":"https:\/\/www.africa-press.net\/benin\/politique\/africa-korede-awards-2023-louis-vlavonou-recoit-le-prix-or-special","og_locale":"fr_FR","og_type":"article","og_title":"Africa Kor\u00e9d\u00e9 Awards 2023: Louis Vlavonou re\u00e7oit le prix Or sp\u00e9cial","og_description":"Louis Gbe\u0300hounou Vlavonou, le pre\u0301sident de l\u2019Assemble\u0301e Nationale du Be\u0301nin a e\u0301te\u0301 honore\u0301 au cours de la sixie\u0300me e\u0301d ...","og_url":"https:\/\/www.africa-press.net\/benin\/politique\/africa-korede-awards-2023-louis-vlavonou-recoit-le-prix-or-special","og_site_name":"B\u00e9nin","article_published_time":"2023-12-19T12:54:23+00:00","article_modified_time":"2023-12-19T13:58:32+00:00","og_image":[{"width":1300,"height":929,"url":"https:\/\/static.africa-press.net\/benin\/sites\/46\/2023\/12\/sm_1702981447.980767.jpg","type":"image\/jpeg"}],"author":"cfeditorfr","twitter_card":"summary_large_image","twitter_misc":{"\u00c9crit par":"cfeditorfr","Dur\u00e9e de lecture estim\u00e9e":"2 minutes"},"schema":{"@context":"https:\/\/schema.org","@graph":[{"@type":"Article","@id":"https:\/\/www.africa-press.net\/benin\/politique\/africa-korede-awards-2023-louis-vlavonou-recoit-le-prix-or-special#article","isPartOf":{"@id":"https:\/\/www.africa-press.net\/benin\/politique\/africa-korede-awards-2023-louis-vlavonou-recoit-le-prix-or-special"},"author":{"name":"cfeditorfr","@id":"https:\/\/www.africa-press.net\/benin\/#\/schema\/person\/2b1cf3cd81a31e3cd26889ca66d677f1"},"headline":"Africa Kor\u00e9d\u00e9 Awards 2023: Louis Vlavonou re\u00e7oit le prix Or sp\u00e9cial","datePublished":"2023-12-19T12:54:23+00:00","dateModified":"2023-12-19T13:58:32+00:00","mainEntityOfPage":{"@id":"https:\/\/www.africa-press.net\/benin\/politique\/africa-korede-awards-2023-louis-vlavonou-recoit-le-prix-or-special"},"wordCount":452,"commentCount":0,"image":{"@id":"https:\/\/www.africa-press.net\/benin\/politique\/africa-korede-awards-2023-louis-vlavonou-recoit-le-prix-or-special#primaryimage"},"thumbnailUrl":"https:\/\/static.africa-press.net\/benin\/sites\/46\/2023\/12\/sm_1702981447.980767.jpg","keywords":["Africa Press","Africa Press-Benin","B\u00e9nin"],"articleSection":["Photo","Politique","Toutes les actualit\u00e9s"],"inLanguage":"fr-FR","potentialAction":[{"@type":"CommentAction","name":"Comment","target":["https:\/\/www.africa-press.net\/benin\/politique\/africa-korede-awards-2023-louis-vlavonou-recoit-le-prix-or-special#respond"]}]},{"@type":"WebPage","@id":"https:\/\/www.africa-press.net\/benin\/politique\/africa-korede-awards-2023-louis-vlavonou-recoit-le-prix-or-special","url":"https:\/\/www.africa-press.net\/benin\/politique\/africa-korede-awards-2023-louis-vlavonou-recoit-le-prix-or-special","name":"Africa Kor\u00e9d\u00e9 Awards 2023: Louis Vlavonou re\u00e7oit le prix Or sp\u00e9cial - B\u00e9nin","isPartOf":{"@id":"https:\/\/www.africa-press.net\/benin\/#website"},"primaryImageOfPage":{"@id":"https:\/\/www.africa-press.net\/benin\/politique\/africa-korede-awards-2023-louis-vlavonou-recoit-le-prix-or-special#primaryimage"},"image":{"@id":"https:\/\/www.africa-press.net\/benin\/politique\/africa-korede-awards-2023-louis-vlavonou-recoit-le-prix-or-special#primaryimage"},"thumbnailUrl":"https:\/\/static.africa-press.net\/benin\/sites\/46\/2023\/12\/sm_1702981447.980767.jpg","datePublished":"2023-12-19T12:54:23+00:00","dateModified":"2023-12-19T13:58:32+00:00","author":{"@id":"https:\/\/www.africa-press.net\/benin\/#\/schema\/person\/2b1cf3cd81a31e3cd26889ca66d677f1"},"description":"Louis Gbe\u0300hounou Vlavonou, le pre\u0301sident de l\u2019Assemble\u0301e Nationale du Be\u0301nin a e\u0301te\u0301 honore\u0301 au cours de la sixie\u0300me e\u0301d ...","breadcrumb":{"@id":"https:\/\/www.africa-press.net\/benin\/politique\/africa-korede-awards-2023-louis-vlavonou-recoit-le-prix-or-special#breadcrumb"},"inLanguage":"fr-FR","potentialAction":[{"@type":"ReadAction","target":["https:\/\/www.africa-press.net\/benin\/politique\/africa-korede-awards-2023-louis-vlavonou-recoit-le-prix-or-special"]}]},{"@type":"ImageObject","inLanguage":"fr-FR","@id":"https:\/\/www.africa-press.net\/benin\/politique\/africa-korede-awards-2023-louis-vlavonou-recoit-le-prix-or-special#primaryimage","url":"https:\/\/static.africa-press.net\/benin\/sites\/46\/2023\/12\/sm_1702981447.980767.jpg","contentUrl":"https:\/\/static.africa-press.net\/benin\/sites\/46\/2023\/12\/sm_1702981447.980767.jpg","width":1300,"height":929,"caption":"Africa Kor\u00e9d\u00e9 Awards 2023: Louis Vlavonou re\u00e7oit le prix Or sp\u00e9cial"},{"@type":"BreadcrumbList","@id":"https:\/\/www.africa-press.net\/benin\/politique\/africa-korede-awards-2023-louis-vlavonou-recoit-le-prix-or-special#breadcrumb","itemListElement":[{"@type":"ListItem","position":1,"name":"Accueil","item":"https:\/\/www.africa-press.net\/benin\/"},{"@type":"ListItem","position":2,"name":"Africa Kor\u00e9d\u00e9 Awards 2023: Louis Vlavonou re\u00e7oit le prix Or sp\u00e9cial"}]},{"@type":"WebSite","@id":"https:\/\/www.africa-press.net\/benin\/#website","url":"https:\/\/www.africa-press.net\/benin\/","name":"B\u00e9nin","description":"Just another Africa News Agency Sites site","potentialAction":[{"@type":"SearchAction","target":{"@type":"EntryPoint","urlTemplate":"https:\/\/www.africa-press.net\/benin\/?s={search_term_string}"},"query-input":{"@type":"PropertyValueSpecification","valueRequired":true,"valueName":"search_term_string"}}],"inLanguage":"fr-FR"},{"@type":"Person","@id":"https:\/\/www.africa-press.net\/benin\/#\/schema\/person\/2b1cf3cd81a31e3cd26889ca66d677f1","name":"cfeditorfr"}]}},"_links":{"self":[{"href":"https:\/\/www.africa-press.net\/benin\/wp-json\/wp\/v2\/posts\/23641","targetHints":{"allow":["GET"]}}],"collection":[{"href":"https:\/\/www.africa-press.net\/benin\/wp-json\/wp\/v2\/posts"}],"about":[{"href":"https:\/\/www.africa-press.net\/benin\/wp-json\/wp\/v2\/types\/post"}],"author":[{"embeddable":true,"href":"https:\/\/www.africa-press.net\/benin\/wp-json\/wp\/v2\/users\/82"}],"replies":[{"embeddable":true,"href":"https:\/\/www.africa-press.net\/benin\/wp-json\/wp\/v2\/comments?post=23641"}],"version-history":[{"count":0,"href":"https:\/\/www.africa-press.net\/benin\/wp-json\/wp\/v2\/posts\/23641\/revisions"}],"wp:featuredmedia":[{"embeddable":true,"href":"https:\/\/www.africa-press.net\/benin\/wp-json\/wp\/v2\/media\/23640"}],"wp:attachment":[{"href":"https:\/\/www.africa-press.net\/benin\/wp-json\/wp\/v2\/media?parent=23641"}],"wp:term":[{"taxonomy":"category","embeddable":true,"href":"https:\/\/www.africa-press.net\/benin\/wp-json\/wp\/v2\/categories?post=23641"},{"taxonomy":"post_tag","embeddable":true,"href":"https:\/\/www.africa-press.net\/benin\/wp-json\/wp\/v2\/tags?post=23641"}],"curies":[{"name":"wp","href":"https:\/\/api.w.org\/{rel}","templated":true}]}}