{"id":28883,"date":"2024-06-06T10:01:01","date_gmt":"2024-06-06T10:01:01","guid":{"rendered":"https:\/\/www.africa-press.net\/benin\/?p=28883"},"modified":"2024-06-06T08:51:40","modified_gmt":"2024-06-06T08:51:40","slug":"questions-sur-la-ligne-de-front-face-au-terrorisme-au-benin","status":"publish","type":"post","link":"https:\/\/www.africa-press.net\/benin\/dossiers\/questions-sur-la-ligne-de-front-face-au-terrorisme-au-benin","title":{"rendered":"Questions sur la ligne de front face au terrorisme au B\u00e9nin"},"content":{"rendered":"<p><span style=\"color: #ff6600\"><strong>Africa-Press &#8211; Benin. <\/strong><\/span>Le vent d\u2019une attaque terroriste a souffle\u0301 et laisse\u0301 un vide lugubre. 7 soldats, pris dans une embuscade sont passe\u0301s de vie a\u0300 tre\u0301pas sur le champ d\u2019honneur ce mardi 4 juin. Pris au de\u0301pourvu, alors en patrouille dans le parc de la Pendjari.<\/p>\n<p>Les assaillants ont frappe\u0301 pour faire mal, tre\u0300s mal. Tanguie\u0301ta est reste\u0301e sans voix et le Be\u0301nin dans le de\u0301sarroi. Pour de\u0301fendre la patrie, de\u0301ploye\u0301s sur un champ de bataille face a\u0300 un ennemi diffus, l\u2019arme en bandoulie\u0300re, ils ont e\u0301te\u0301 emporte\u0301s par la faucheuse.<\/p>\n<p>La Nation leur sera reconnaissante a\u0300 tout jamais. Ces he\u0301ros qu\u2019he\u0301las on ne ce\u0301le\u0300bre parfois qu\u2019a\u0300 titre posthume. La noblesse de leur mission pre\u0301disposant a\u0300 ce sort. A leurs a\u0302mes ; Paix ! Condole\u0301ances a\u0300 leur fre\u0300res d\u2019armes, familles, et a\u0300 la Nation toute entie\u0300re !<\/p>\n<p><b>Curieuse coi\u0308ncidence ou effet du hasard ?<\/b><\/p>\n<p>La veille de cette triste nouvelle, dans un bilan dresse\u0301 dans des me\u0301dias, des exploits sont pre\u0301sente\u0301s dans la lutte contre le terrorisme au Be\u0301nin. Juste pour le compte du mois de mai 2024, des chiffres e\u0301logieux sont dresse\u0301s de\u0301montrant l\u2019efficacite\u0301 de l\u2019ope\u0301ration \u00ab Mirador \u00bb initie\u0301e par la hie\u0301rarchie militaire. Au compteur, 50 terroristes neutralise\u0301s, une vingtaine de suspects appartenant a\u0300 des groupes arme\u0301s mis aux arre\u0302ts et des mate\u0301riels de guerre saisis lors des ope\u0301rations organise\u0301es dans les communes de Karimama, Malanville, Mate\u0301ri et Ke\u0301rou.<\/p>\n<p>Egalement est-il annonce\u0301 le de\u0301mante\u0300lement de plusieurs re\u0301seaux de ravitaillement des terroristes. De quoi se frotter les mains sur la veille se\u0301curitaire contre le terrorisme au Be\u0301nin, avant d\u2019e\u0302tre re\u0301veille\u0301 brutalement de son sommeil.<\/p>\n<p><b>Que peut-on attendre de militaires a\u0300 moto face aux terroristes ?<\/b><\/p>\n<p>La mobilite\u0301 de la moto peut laisser croire qu\u2019il reste en certaines circonstances le moyen ade\u0301quat de de\u0301placement. Mais a\u0300 la ve\u0301rite\u0301, il reste le moyen qui expose le mieux, pour e\u0302tre pris au de\u0301pourvu sans possibilite\u0301 d\u2019action. Me\u0302me si en terme du cou\u0302t du moyen qui pourrait e\u0302tre endommage\u0301 lorsque c\u2019est un ve\u0301hicule roulant a\u0300 quatre roues qui est attaque\u0301 lors d\u2019une embuscade, sauf cas d\u2019explosion, la possibilite\u0301 de riposte est probablement assure\u0301e, bien que des e\u0301le\u0301ments de l\u2019unite\u0301 puissent e\u0302tre mortellement atteints.<\/p>\n<p>Les e\u0301le\u0301ments de l\u2019arme\u0301e e\u0301tant identifiables, a\u0300 moto ils repre\u0301sentent une proie facile pour les assaillants. Ce qui n\u2019est pas le cas des terroristes dissimule\u0301s au sein de la population ou assimile\u0301e a\u0300 elle qui dans leur mode ope\u0301ratoire font des attaques par surprise.<\/p>\n<p>Du drame qui s\u2019est produit dans la matine\u0301e de ce mardi 4 juin 2024 aux environs de 11 heures dans le parc de la Pendjari, il est rapporte\u0301 que les soldats n\u2019ont pas eu le temps de se servir de leurs armes. Et du mate\u0301riel militaire a e\u0301te\u0301 emporte\u0301 comme trophe\u0301e.<\/p>\n<p>A moins d\u2019e\u0302tre face a\u0300 de snipers, en de\u0301coudre avec 7 soldats d\u2019une patrouille sans de\u0301ga\u0302ts collate\u0301raux n\u2019est pas chose e\u0301vidente avec un engin roulant a\u0300 quatre roues. Au mois de fe\u0301vrier 2024, rapporte-t-on, une embuscade similaire avait fait 04 morts dans le rang de l\u2019arme\u0301e be\u0301ninoise. Un bilan qui peut mettre la puce a\u0300 l\u2019oreille sur l\u2019efficacite\u0301 de ce type de dispositif de patrouille face au terrorisme.<\/p>\n<p><b>Des attaques anonymes aux revendications que comprendre ?<\/b><\/p>\n<p>C\u2019est un indicateur majeur. Si de l\u2019avis de spe\u0301cialistes du phe\u0301nome\u0300ne terroriste, les revendications rele\u0300vent aussi d\u2019une que\u0302te d\u2019he\u0301ge\u0301monie entre groupes rivaux ou allie\u0301s, la propension des revendications est e\u0301vocatrice.<\/p>\n<p>A observer la dynamique du phe\u0301nome\u0300ne terroriste au Be\u0301nin, la re\u0301currence des revendications, comme c\u2019est le cas de cette embuscade de ce mardi revendique\u0301e par le Groupe de soutien a\u0300 l\u2019islam et aux musulmans (GSIM, affilie\u0301 a\u0300 al-Qai\u0308da), qui commence par avoir pion sur rue dans un territoire convoite\u0301 comme celui du Be\u0301nin, soit pour avoir commandite\u0301 le coup ou par opportunisme, ce qui n\u2019e\u0301tait pas fre\u0301quent auparavant, laisse entrevoir que le phe\u0301nome\u0300ne est en train de s\u2019enraciner. Si ce n\u2019est en intensite\u0301 ce serait en le\u0301gitimite\u0301. Ou du moins n\u2019avance plus cagoule\u0301 et laisse entrevoir qui sont les instigateurs de ces de\u0301fiances de la souverainete\u0301 territoriale du pays. Ce, dans un espace ou ope\u0300re e\u0301galement des combattants affilie\u0301s a\u0300 l\u2019E\u0301tat islamique (Daech).<\/p>\n<p>Une dynamique qui interpelle a\u0300 ne plus rester calque\u0301 au tout militaire, et sans toutefois baisser la garde sur la ne\u0301cessite\u0301 d\u2019une pre\u0301sence frontale e\u0302tre au c\u0153ur des communaute\u0301s. Car derrie\u0300re les attaques il y a toute une chaine d\u2019acteurs, parfois les moins soupc\u0327onne\u0301s ; mais aussi des situations socioe\u0301conomiques qui font le terreau du terrorisme.<\/p>\n<p><b>Alors que faire face a\u0300 la situation ?<\/b><\/p>\n<p>De ses observations il ressort que passe\u0301 les actes isole\u0301s, le phe\u0301nome\u0300ne se fait de plus en plus structure\u0301. En effet, la premie\u0300re attaque sur le territoire Be\u0301ninois remonte a\u0300 2019. Depuis lors, le phe\u0301nome\u0300ne va crescendo. La connotation d\u2019Individus Arme\u0301s Non Identifie\u0301s (IANI) semble avoir e\u0301te\u0301 pour quelque chose, puisqu\u2019il faut pouvoir diagnostiquer clairement un mal, pour pouvoir mettre en place la the\u0301rapie ade\u0301quate.<\/p>\n<p>A cela s\u2019ajoute les bandits de grand chemin et des auteurs d\u2019enle\u0300vements avec des demandes de ranc\u0327ons qui complexifient la re\u0301alite\u0301 et qui me\u0301ritent d\u2019e\u0302tre pre\u0301sente\u0301s pour ce qu\u2019ils sont sans amalgame afin de permettre d\u2019avoir une vue claire sur le maillage se\u0301curitaire. Mais aussi, rassurer les populations ainsi que les soldats au front sur des strate\u0301gies plus efficaces et peu fragilisant qui fouettent la bravoure de ceux-ci.<\/p>\n<p>La bataille contre le phe\u0301nome\u0300ne ne saurait e\u0302tre gagne\u0301e pour la population sans elle ni les forces de de\u0301fense de se\u0301curite\u0301 avec des moyens adapte\u0301s et une collaboration main dans la main, \u00ab prudence est me\u0300re de su\u0302rete\u0301 \u00bb.<\/p>\n<p><strong>Pour plus d&rsquo;informations et d&rsquo;analyses sur la Benin, suivez Africa-Press<\/strong><\/p>\n","protected":false},"excerpt":{"rendered":"<p>Africa-Press &#8211; Benin. Le vent d\u2019une attaque terroriste a souffle\u0301 et laisse\u0301 un vide lugubre. 7 soldats, pris dans une embuscade sont passe\u0301s de vie a\u0300 tre\u0301pas sur le champ d\u2019honneur ce mardi 4 juin. Pris au de\u0301pourvu, alors en patrouille dans le parc de la Pendjari. Les assaillants ont frappe\u0301 pour faire mal, tre\u0300s [&hellip;]<\/p>\n","protected":false},"author":82,"featured_media":28882,"comment_status":"open","ping_status":"closed","sticky":false,"template":"","format":"standard","meta":{"footnotes":""},"categories":[7,10],"tags":[45],"class_list":["post-28883","post","type-post","status-publish","format-standard","has-post-thumbnail","hentry","category-dossiers","category-toutes-les-actualites","tag-benin"],"yoast_head":"<!-- This site is optimized with the Yoast SEO Premium plugin v26.1 (Yoast SEO v27.0) - https:\/\/yoast.com\/product\/yoast-seo-premium-wordpress\/ -->\n<title>Questions sur la ligne de front face au terrorisme au B\u00e9nin - B\u00e9nin<\/title>\n<meta name=\"description\" content=\"Le vent d\u2019une attaque terroriste a souffle\u0301 et laisse\u0301 un vide lugubre. 7 soldats, pris dans une embuscade sont passe\u0301s ...\" \/>\n<meta name=\"robots\" content=\"index, follow, max-snippet:-1, max-image-preview:large, max-video-preview:-1\" \/>\n<link rel=\"canonical\" href=\"https:\/\/www.africa-press.net\/benin\/dossiers\/questions-sur-la-ligne-de-front-face-au-terrorisme-au-benin\" \/>\n<meta property=\"og:locale\" content=\"fr_FR\" \/>\n<meta property=\"og:type\" content=\"article\" \/>\n<meta property=\"og:title\" content=\"Questions sur la ligne de front face au terrorisme au B\u00e9nin\" \/>\n<meta property=\"og:description\" content=\"Le vent d\u2019une attaque terroriste a souffle\u0301 et laisse\u0301 un vide lugubre. 7 soldats, pris dans une embuscade sont passe\u0301s ...\" \/>\n<meta property=\"og:url\" content=\"https:\/\/www.africa-press.net\/benin\/dossiers\/questions-sur-la-ligne-de-front-face-au-terrorisme-au-benin\" \/>\n<meta property=\"og:site_name\" content=\"B\u00e9nin\" \/>\n<meta property=\"article:published_time\" content=\"2024-06-06T10:01:01+00:00\" \/>\n<meta property=\"og:image\" content=\"https:\/\/static.africa-press.net\/benin\/sites\/46\/2024\/06\/sm_1717651131.888091.jpg\" \/>\n\t<meta property=\"og:image:width\" content=\"1300\" \/>\n\t<meta property=\"og:image:height\" content=\"800\" \/>\n\t<meta property=\"og:image:type\" content=\"image\/jpeg\" \/>\n<meta name=\"author\" content=\"cfeditorfr\" \/>\n<meta name=\"twitter:card\" content=\"summary_large_image\" \/>\n<meta name=\"twitter:label1\" content=\"\u00c9crit par\" \/>\n\t<meta name=\"twitter:data1\" content=\"cfeditorfr\" \/>\n\t<meta name=\"twitter:label2\" content=\"Dur\u00e9e de lecture estim\u00e9e\" \/>\n\t<meta name=\"twitter:data2\" content=\"6 minutes\" \/>\n<script type=\"application\/ld+json\" class=\"yoast-schema-graph\">{\"@context\":\"https:\/\/schema.org\",\"@graph\":[{\"@type\":\"Article\",\"@id\":\"https:\/\/www.africa-press.net\/benin\/dossiers\/questions-sur-la-ligne-de-front-face-au-terrorisme-au-benin#article\",\"isPartOf\":{\"@id\":\"https:\/\/www.africa-press.net\/benin\/dossiers\/questions-sur-la-ligne-de-front-face-au-terrorisme-au-benin\"},\"author\":{\"name\":\"cfeditorfr\",\"@id\":\"https:\/\/www.africa-press.net\/benin\/#\/schema\/person\/2b1cf3cd81a31e3cd26889ca66d677f1\"},\"headline\":\"Questions sur la ligne de front face au terrorisme au B\u00e9nin\",\"datePublished\":\"2024-06-06T10:01:01+00:00\",\"mainEntityOfPage\":{\"@id\":\"https:\/\/www.africa-press.net\/benin\/dossiers\/questions-sur-la-ligne-de-front-face-au-terrorisme-au-benin\"},\"wordCount\":1115,\"commentCount\":0,\"image\":{\"@id\":\"https:\/\/www.africa-press.net\/benin\/dossiers\/questions-sur-la-ligne-de-front-face-au-terrorisme-au-benin#primaryimage\"},\"thumbnailUrl\":\"https:\/\/static.africa-press.net\/benin\/sites\/46\/2024\/06\/sm_1717651131.888091.jpg\",\"keywords\":[\"B\u00e9nin\"],\"articleSection\":[\"Dossiers\",\"Toutes les actualit\u00e9s\"],\"inLanguage\":\"fr-FR\",\"potentialAction\":[{\"@type\":\"CommentAction\",\"name\":\"Comment\",\"target\":[\"https:\/\/www.africa-press.net\/benin\/dossiers\/questions-sur-la-ligne-de-front-face-au-terrorisme-au-benin#respond\"]}]},{\"@type\":\"WebPage\",\"@id\":\"https:\/\/www.africa-press.net\/benin\/dossiers\/questions-sur-la-ligne-de-front-face-au-terrorisme-au-benin\",\"url\":\"https:\/\/www.africa-press.net\/benin\/dossiers\/questions-sur-la-ligne-de-front-face-au-terrorisme-au-benin\",\"name\":\"Questions sur la ligne de front face au terrorisme au B\u00e9nin - B\u00e9nin\",\"isPartOf\":{\"@id\":\"https:\/\/www.africa-press.net\/benin\/#website\"},\"primaryImageOfPage\":{\"@id\":\"https:\/\/www.africa-press.net\/benin\/dossiers\/questions-sur-la-ligne-de-front-face-au-terrorisme-au-benin#primaryimage\"},\"image\":{\"@id\":\"https:\/\/www.africa-press.net\/benin\/dossiers\/questions-sur-la-ligne-de-front-face-au-terrorisme-au-benin#primaryimage\"},\"thumbnailUrl\":\"https:\/\/static.africa-press.net\/benin\/sites\/46\/2024\/06\/sm_1717651131.888091.jpg\",\"datePublished\":\"2024-06-06T10:01:01+00:00\",\"author\":{\"@id\":\"https:\/\/www.africa-press.net\/benin\/#\/schema\/person\/2b1cf3cd81a31e3cd26889ca66d677f1\"},\"description\":\"Le vent d\u2019une attaque terroriste a souffle\u0301 et laisse\u0301 un vide lugubre. 7 soldats, pris dans une embuscade sont passe\u0301s ...\",\"breadcrumb\":{\"@id\":\"https:\/\/www.africa-press.net\/benin\/dossiers\/questions-sur-la-ligne-de-front-face-au-terrorisme-au-benin#breadcrumb\"},\"inLanguage\":\"fr-FR\",\"potentialAction\":[{\"@type\":\"ReadAction\",\"target\":[\"https:\/\/www.africa-press.net\/benin\/dossiers\/questions-sur-la-ligne-de-front-face-au-terrorisme-au-benin\"]}]},{\"@type\":\"ImageObject\",\"inLanguage\":\"fr-FR\",\"@id\":\"https:\/\/www.africa-press.net\/benin\/dossiers\/questions-sur-la-ligne-de-front-face-au-terrorisme-au-benin#primaryimage\",\"url\":\"https:\/\/static.africa-press.net\/benin\/sites\/46\/2024\/06\/sm_1717651131.888091.jpg\",\"contentUrl\":\"https:\/\/static.africa-press.net\/benin\/sites\/46\/2024\/06\/sm_1717651131.888091.jpg\",\"width\":1300,\"height\":800,\"caption\":\"Questions sur la ligne de front face au terrorisme au B\u00e9nin\"},{\"@type\":\"BreadcrumbList\",\"@id\":\"https:\/\/www.africa-press.net\/benin\/dossiers\/questions-sur-la-ligne-de-front-face-au-terrorisme-au-benin#breadcrumb\",\"itemListElement\":[{\"@type\":\"ListItem\",\"position\":1,\"name\":\"Accueil\",\"item\":\"https:\/\/www.africa-press.net\/benin\/\"},{\"@type\":\"ListItem\",\"position\":2,\"name\":\"Questions sur la ligne de front face au terrorisme au B\u00e9nin\"}]},{\"@type\":\"WebSite\",\"@id\":\"https:\/\/www.africa-press.net\/benin\/#website\",\"url\":\"https:\/\/www.africa-press.net\/benin\/\",\"name\":\"B\u00e9nin\",\"description\":\"Just another Africa News Agency Sites site\",\"potentialAction\":[{\"@type\":\"SearchAction\",\"target\":{\"@type\":\"EntryPoint\",\"urlTemplate\":\"https:\/\/www.africa-press.net\/benin\/?s={search_term_string}\"},\"query-input\":{\"@type\":\"PropertyValueSpecification\",\"valueRequired\":true,\"valueName\":\"search_term_string\"}}],\"inLanguage\":\"fr-FR\"},{\"@type\":\"Person\",\"@id\":\"https:\/\/www.africa-press.net\/benin\/#\/schema\/person\/2b1cf3cd81a31e3cd26889ca66d677f1\",\"name\":\"cfeditorfr\"}]}<\/script>\n<!-- \/ Yoast SEO Premium plugin. -->","yoast_head_json":{"title":"Questions sur la ligne de front face au terrorisme au B\u00e9nin - B\u00e9nin","description":"Le vent d\u2019une attaque terroriste a souffle\u0301 et laisse\u0301 un vide lugubre. 7 soldats, pris dans une embuscade sont passe\u0301s ...","robots":{"index":"index","follow":"follow","max-snippet":"max-snippet:-1","max-image-preview":"max-image-preview:large","max-video-preview":"max-video-preview:-1"},"canonical":"https:\/\/www.africa-press.net\/benin\/dossiers\/questions-sur-la-ligne-de-front-face-au-terrorisme-au-benin","og_locale":"fr_FR","og_type":"article","og_title":"Questions sur la ligne de front face au terrorisme au B\u00e9nin","og_description":"Le vent d\u2019une attaque terroriste a souffle\u0301 et laisse\u0301 un vide lugubre. 7 soldats, pris dans une embuscade sont passe\u0301s ...","og_url":"https:\/\/www.africa-press.net\/benin\/dossiers\/questions-sur-la-ligne-de-front-face-au-terrorisme-au-benin","og_site_name":"B\u00e9nin","article_published_time":"2024-06-06T10:01:01+00:00","og_image":[{"width":1300,"height":800,"url":"https:\/\/static.africa-press.net\/benin\/sites\/46\/2024\/06\/sm_1717651131.888091.jpg","type":"image\/jpeg"}],"author":"cfeditorfr","twitter_card":"summary_large_image","twitter_misc":{"\u00c9crit par":"cfeditorfr","Dur\u00e9e de lecture estim\u00e9e":"6 minutes"},"schema":{"@context":"https:\/\/schema.org","@graph":[{"@type":"Article","@id":"https:\/\/www.africa-press.net\/benin\/dossiers\/questions-sur-la-ligne-de-front-face-au-terrorisme-au-benin#article","isPartOf":{"@id":"https:\/\/www.africa-press.net\/benin\/dossiers\/questions-sur-la-ligne-de-front-face-au-terrorisme-au-benin"},"author":{"name":"cfeditorfr","@id":"https:\/\/www.africa-press.net\/benin\/#\/schema\/person\/2b1cf3cd81a31e3cd26889ca66d677f1"},"headline":"Questions sur la ligne de front face au terrorisme au B\u00e9nin","datePublished":"2024-06-06T10:01:01+00:00","mainEntityOfPage":{"@id":"https:\/\/www.africa-press.net\/benin\/dossiers\/questions-sur-la-ligne-de-front-face-au-terrorisme-au-benin"},"wordCount":1115,"commentCount":0,"image":{"@id":"https:\/\/www.africa-press.net\/benin\/dossiers\/questions-sur-la-ligne-de-front-face-au-terrorisme-au-benin#primaryimage"},"thumbnailUrl":"https:\/\/static.africa-press.net\/benin\/sites\/46\/2024\/06\/sm_1717651131.888091.jpg","keywords":["B\u00e9nin"],"articleSection":["Dossiers","Toutes les actualit\u00e9s"],"inLanguage":"fr-FR","potentialAction":[{"@type":"CommentAction","name":"Comment","target":["https:\/\/www.africa-press.net\/benin\/dossiers\/questions-sur-la-ligne-de-front-face-au-terrorisme-au-benin#respond"]}]},{"@type":"WebPage","@id":"https:\/\/www.africa-press.net\/benin\/dossiers\/questions-sur-la-ligne-de-front-face-au-terrorisme-au-benin","url":"https:\/\/www.africa-press.net\/benin\/dossiers\/questions-sur-la-ligne-de-front-face-au-terrorisme-au-benin","name":"Questions sur la ligne de front face au terrorisme au B\u00e9nin - B\u00e9nin","isPartOf":{"@id":"https:\/\/www.africa-press.net\/benin\/#website"},"primaryImageOfPage":{"@id":"https:\/\/www.africa-press.net\/benin\/dossiers\/questions-sur-la-ligne-de-front-face-au-terrorisme-au-benin#primaryimage"},"image":{"@id":"https:\/\/www.africa-press.net\/benin\/dossiers\/questions-sur-la-ligne-de-front-face-au-terrorisme-au-benin#primaryimage"},"thumbnailUrl":"https:\/\/static.africa-press.net\/benin\/sites\/46\/2024\/06\/sm_1717651131.888091.jpg","datePublished":"2024-06-06T10:01:01+00:00","author":{"@id":"https:\/\/www.africa-press.net\/benin\/#\/schema\/person\/2b1cf3cd81a31e3cd26889ca66d677f1"},"description":"Le vent d\u2019une attaque terroriste a souffle\u0301 et laisse\u0301 un vide lugubre. 7 soldats, pris dans une embuscade sont passe\u0301s ...","breadcrumb":{"@id":"https:\/\/www.africa-press.net\/benin\/dossiers\/questions-sur-la-ligne-de-front-face-au-terrorisme-au-benin#breadcrumb"},"inLanguage":"fr-FR","potentialAction":[{"@type":"ReadAction","target":["https:\/\/www.africa-press.net\/benin\/dossiers\/questions-sur-la-ligne-de-front-face-au-terrorisme-au-benin"]}]},{"@type":"ImageObject","inLanguage":"fr-FR","@id":"https:\/\/www.africa-press.net\/benin\/dossiers\/questions-sur-la-ligne-de-front-face-au-terrorisme-au-benin#primaryimage","url":"https:\/\/static.africa-press.net\/benin\/sites\/46\/2024\/06\/sm_1717651131.888091.jpg","contentUrl":"https:\/\/static.africa-press.net\/benin\/sites\/46\/2024\/06\/sm_1717651131.888091.jpg","width":1300,"height":800,"caption":"Questions sur la ligne de front face au terrorisme au B\u00e9nin"},{"@type":"BreadcrumbList","@id":"https:\/\/www.africa-press.net\/benin\/dossiers\/questions-sur-la-ligne-de-front-face-au-terrorisme-au-benin#breadcrumb","itemListElement":[{"@type":"ListItem","position":1,"name":"Accueil","item":"https:\/\/www.africa-press.net\/benin\/"},{"@type":"ListItem","position":2,"name":"Questions sur la ligne de front face au terrorisme au B\u00e9nin"}]},{"@type":"WebSite","@id":"https:\/\/www.africa-press.net\/benin\/#website","url":"https:\/\/www.africa-press.net\/benin\/","name":"B\u00e9nin","description":"Just another Africa News Agency Sites site","potentialAction":[{"@type":"SearchAction","target":{"@type":"EntryPoint","urlTemplate":"https:\/\/www.africa-press.net\/benin\/?s={search_term_string}"},"query-input":{"@type":"PropertyValueSpecification","valueRequired":true,"valueName":"search_term_string"}}],"inLanguage":"fr-FR"},{"@type":"Person","@id":"https:\/\/www.africa-press.net\/benin\/#\/schema\/person\/2b1cf3cd81a31e3cd26889ca66d677f1","name":"cfeditorfr"}]}},"_links":{"self":[{"href":"https:\/\/www.africa-press.net\/benin\/wp-json\/wp\/v2\/posts\/28883","targetHints":{"allow":["GET"]}}],"collection":[{"href":"https:\/\/www.africa-press.net\/benin\/wp-json\/wp\/v2\/posts"}],"about":[{"href":"https:\/\/www.africa-press.net\/benin\/wp-json\/wp\/v2\/types\/post"}],"author":[{"embeddable":true,"href":"https:\/\/www.africa-press.net\/benin\/wp-json\/wp\/v2\/users\/82"}],"replies":[{"embeddable":true,"href":"https:\/\/www.africa-press.net\/benin\/wp-json\/wp\/v2\/comments?post=28883"}],"version-history":[{"count":0,"href":"https:\/\/www.africa-press.net\/benin\/wp-json\/wp\/v2\/posts\/28883\/revisions"}],"wp:featuredmedia":[{"embeddable":true,"href":"https:\/\/www.africa-press.net\/benin\/wp-json\/wp\/v2\/media\/28882"}],"wp:attachment":[{"href":"https:\/\/www.africa-press.net\/benin\/wp-json\/wp\/v2\/media?parent=28883"}],"wp:term":[{"taxonomy":"category","embeddable":true,"href":"https:\/\/www.africa-press.net\/benin\/wp-json\/wp\/v2\/categories?post=28883"},{"taxonomy":"post_tag","embeddable":true,"href":"https:\/\/www.africa-press.net\/benin\/wp-json\/wp\/v2\/tags?post=28883"}],"curies":[{"name":"wp","href":"https:\/\/api.w.org\/{rel}","templated":true}]}}