{"id":29336,"date":"2024-06-19T18:18:22","date_gmt":"2024-06-19T18:18:22","guid":{"rendered":"https:\/\/www.africa-press.net\/benin\/politique\/benin-pleniere-au-palais-des-gouverneurs-point-complet-des-16-projets-de-loi-en-examen"},"modified":"2024-06-19T18:51:13","modified_gmt":"2024-06-19T18:51:13","slug":"benin-pleniere-au-palais-des-gouverneurs-point-complet-des-16-projets-de-loi-en-examen","status":"publish","type":"post","link":"https:\/\/www.africa-press.net\/benin\/politique\/benin-pleniere-au-palais-des-gouverneurs-point-complet-des-16-projets-de-loi-en-examen","title":{"rendered":"B\u00e9nin-Pl\u00e9ni\u00e8re au palais des gouverneurs: point complet des 16 projets de loi en examen"},"content":{"rendered":"<p><span style=\"color: #ff6600\"><strong>Africa-Press &#8211; Benin. <\/strong><\/span>Sur invitation de Louis Vlavonou, pre\u0301sident de l\u2019Assemble\u0301e nationale, les de\u0301pute\u0301s de la neuvie\u0300me le\u0301gislature vont participer a\u0300 partir de ce mercredi a\u0300 deux jours de travaux en ple\u0301nie\u0300re.<\/p>\n<p>Au cours des deux jours, les parlementaires vont examiner plusieurs projets de loi et des de\u0301crets de ratification. Nous pre\u0301sentons ici le point de\u0301taille\u0301 des textes le\u0301gislatifs a\u0300 examiner ce mercredi et demain jeudi.<\/p>\n<p><b>Point des dossiers en examen<\/b><\/p>\n<p>Les de\u0301pute\u0301s de l\u2019assemble\u0301e nationale reprennent a\u0300 compter de ce jour le chemin de l\u2019he\u0301micycle. Selon la lettre d\u2019invitation du pre\u0301sident Louis Vlavonou, les deux jours de travaux seront assez charge\u0301s.<\/p>\n<p>Les diffe\u0301rends dossiers ou projets de loi qui feront l\u2019objet de ces deux jours de se\u0301ance ple\u0301nie\u0300re se pre\u0301sentent comme suit:<\/p>\n<p><b>Journe\u0301e du mercredi<\/b><\/p>\n<p>1- Examen du projet de loi portant dispositions transitoires et de\u0301rogatoires aux dispositions organisant le plan de carrie\u0300re des magistrats pour les nominations dans les juridictions de fond<\/p>\n<p>2- Examen du projet de loi portant autorisation de ratification de la Constitution de la Commission africaine de l\u2019Aviation civile, signe\u0301e le 16 de\u0301cembre 2009 et de l\u2019instruction d\u2019amendement de l\u2019article 10 (4) de la Constitution de la Commission africaine de l\u2019Aviation civile de 2009<\/p>\n<p>3- Examen du projet de loi portant autorisation de ratification de la Convention portant statut du fleuve Mono et cre\u0301ation de l\u2019autorite\u0301 du bassin du Mono, signe\u0301e a\u0300 Cotonou, le 30 de\u0301cembre 2014<\/p>\n<p>4- Examen du projet de loi sur l\u2019urbanisme en Re\u0301publique du Be\u0301nin<\/p>\n<p>5- Examen du projet de loi portant loi organique sur le Conseil e\u0301conomique et social<\/p>\n<p>6- Examen du projet de loi portant cre\u0301ation des ordres nationaux du Be\u0301nin<\/p>\n<p>7- Examen du projet de loi relatif a\u0300 la Commission be\u0301ninoise des droits de l\u2019homme<\/p>\n<p>8- Examen du projet de loi portant mai\u0302trise d\u2019ouvrage publique en Re\u0301publique du Be\u0301nin<\/p>\n<p>9- Examen du projet de loi portant dispositions spe\u0301ciales de proce\u0301dures relatives a\u0300 l\u2019organisation de la de\u0301fense des inte\u0301re\u0302ts de l\u2019Etat devant les juridictions et portant cre\u0301ation de l\u2019Agence judiciaire de l\u2019E\u0301tat<\/p>\n<p>10- Examen du projet de loi relatif a\u0300 l\u2019alimentation scolaire en Re\u0301publique du Be\u0301nin<\/p>\n<p>11- Examen du projet de loi portant organisation de l\u2019exercice en cliente\u0300le prive\u0301e des professions me\u0301dicales et parame\u0301dicales de sante\u0301 humaine en Re\u0301publique du Be\u0301nin<\/p>\n<p>12- Examen du de\u0301cret portant ratification de l\u2019accord signe\u0301 a\u0300 Cotonou, le 19 janvier 2024, entre la Re\u0301publique du Be\u0301nin et la Banque africaine de De\u0301veloppement (BAD), agissant en qualite\u0301 d\u2019administratrice du Fonds spe\u0301cial Africain Growing Together Fund, dans le cadre du financement du Projet de De\u0301veloppement des Compe\u0301tences pour l\u2019Emploi dans les Secteurs Prioritaires phase I (PDCESP)<\/p>\n<p>13- Examen du de\u0301cret portant ratification de la convention de cre\u0301dit signe\u0301 a\u0300 Paris le 05 juin 2023 entre la Re\u0301publique du Be\u0301nin et l\u2019Agence franc\u0327aise de De\u0301veloppement (AFD), dans le cadre du financement du projet d\u2019appui au de\u0301veloppement et aux investissements agricoles productifs (PADIAP).<\/p>\n<p><b>Journe\u0301e du jeudi<\/b><\/p>\n<p>1- Matine\u0301e a\u0300 10 heures: Poursuite de l\u2019examen des projets de loi: Apre\u0300s-midi a\u0300 14 heures: 1- Examen de la question d\u2019actualite\u0301 relative a\u0300 l\u2019acquisition de la nationalite\u0301 be\u0301ninoise par naturalisation au profit des afro-descendants<\/p>\n<p>2- Examen de la question orale avec de\u0301bat relative a\u0300 la de\u0301localisation des institutions judiciaires de Porto-Novo<\/p>\n<p>3- Examen de la question orale avec de\u0301bat relative a\u0300 l\u2019e\u0301tat de l\u2019Ho\u0302pital d\u2019instruction des arme\u0301es de Parakou.<\/p>\n<p><strong>Pour plus d&rsquo;informations et d&rsquo;analyses sur la <span style=\"color: #ff6600\">Benin<\/span>, suivez <span style=\"color: #ff6600\">Africa-Press<\/span><\/strong><\/p>\n","protected":false},"excerpt":{"rendered":"<p>Africa-Press &#8211; Benin. Sur invitation de Louis Vlavonou, pre\u0301sident de l\u2019Assemble\u0301e nationale, les de\u0301pute\u0301s de la neuvie\u0300me le\u0301gislature vont participer a\u0300 partir de ce mercredi a\u0300 deux jours de travaux en ple\u0301nie\u0300re. Au cours des deux jours, les parlementaires vont examiner plusieurs projets de loi et des de\u0301crets de ratification. Nous pre\u0301sentons ici le point [&hellip;]<\/p>\n","protected":false},"author":82,"featured_media":29335,"comment_status":"open","ping_status":"closed","sticky":false,"template":"","format":"standard","meta":{"footnotes":""},"categories":[2,10],"tags":[45],"class_list":["post-29336","post","type-post","status-publish","format-standard","has-post-thumbnail","hentry","category-politique","category-toutes-les-actualites","tag-benin"],"yoast_head":"<!-- This site is optimized with the Yoast SEO Premium plugin v26.1 (Yoast SEO v27.0) - https:\/\/yoast.com\/product\/yoast-seo-premium-wordpress\/ -->\n<title>B\u00e9nin-Pl\u00e9ni\u00e8re au palais des gouverneurs: point complet des 16 projets de loi en examen - B\u00e9nin<\/title>\n<meta name=\"description\" content=\"Sur invitation de Louis Vlavonou, pre\u0301sident de l\u2019Assemble\u0301e nationale, les de\u0301pute\u0301s de la neuvie\u0300me le\u0301gislature vont ...\" \/>\n<meta name=\"robots\" content=\"index, follow, max-snippet:-1, max-image-preview:large, max-video-preview:-1\" \/>\n<link rel=\"canonical\" href=\"https:\/\/www.africa-press.net\/benin\/politique\/benin-pleniere-au-palais-des-gouverneurs-point-complet-des-16-projets-de-loi-en-examen\" \/>\n<meta property=\"og:locale\" content=\"fr_FR\" \/>\n<meta property=\"og:type\" content=\"article\" \/>\n<meta property=\"og:title\" content=\"B\u00e9nin-Pl\u00e9ni\u00e8re au palais des gouverneurs: point complet des 16 projets de loi en examen\" \/>\n<meta property=\"og:description\" content=\"Sur invitation de Louis Vlavonou, pre\u0301sident de l\u2019Assemble\u0301e nationale, les de\u0301pute\u0301s de la neuvie\u0300me le\u0301gislature vont ...\" \/>\n<meta property=\"og:url\" content=\"https:\/\/www.africa-press.net\/benin\/politique\/benin-pleniere-au-palais-des-gouverneurs-point-complet-des-16-projets-de-loi-en-examen\" \/>\n<meta property=\"og:site_name\" content=\"B\u00e9nin\" \/>\n<meta property=\"article:published_time\" content=\"2024-06-19T18:18:22+00:00\" \/>\n<meta property=\"article:modified_time\" content=\"2024-06-19T18:51:13+00:00\" \/>\n<meta property=\"og:image\" content=\"https:\/\/static.africa-press.net\/benin\/sites\/46\/2024\/06\/sm_1718809895.094869.jpg\" \/>\n\t<meta property=\"og:image:width\" content=\"1280\" \/>\n\t<meta property=\"og:image:height\" content=\"791\" \/>\n\t<meta property=\"og:image:type\" content=\"image\/jpeg\" \/>\n<meta name=\"author\" content=\"cfeditorfr\" \/>\n<meta name=\"twitter:card\" content=\"summary_large_image\" \/>\n<meta name=\"twitter:label1\" content=\"\u00c9crit par\" \/>\n\t<meta name=\"twitter:data1\" content=\"cfeditorfr\" \/>\n\t<meta name=\"twitter:label2\" content=\"Dur\u00e9e de lecture estim\u00e9e\" \/>\n\t<meta name=\"twitter:data2\" content=\"4 minutes\" \/>\n<script type=\"application\/ld+json\" class=\"yoast-schema-graph\">{\"@context\":\"https:\/\/schema.org\",\"@graph\":[{\"@type\":\"Article\",\"@id\":\"https:\/\/www.africa-press.net\/benin\/politique\/benin-pleniere-au-palais-des-gouverneurs-point-complet-des-16-projets-de-loi-en-examen#article\",\"isPartOf\":{\"@id\":\"https:\/\/www.africa-press.net\/benin\/politique\/benin-pleniere-au-palais-des-gouverneurs-point-complet-des-16-projets-de-loi-en-examen\"},\"author\":{\"name\":\"cfeditorfr\",\"@id\":\"https:\/\/www.africa-press.net\/benin\/#\/schema\/person\/2b1cf3cd81a31e3cd26889ca66d677f1\"},\"headline\":\"B\u00e9nin-Pl\u00e9ni\u00e8re au palais des gouverneurs: point complet des 16 projets de loi en examen\",\"datePublished\":\"2024-06-19T18:18:22+00:00\",\"dateModified\":\"2024-06-19T18:51:13+00:00\",\"mainEntityOfPage\":{\"@id\":\"https:\/\/www.africa-press.net\/benin\/politique\/benin-pleniere-au-palais-des-gouverneurs-point-complet-des-16-projets-de-loi-en-examen\"},\"wordCount\":673,\"commentCount\":0,\"image\":{\"@id\":\"https:\/\/www.africa-press.net\/benin\/politique\/benin-pleniere-au-palais-des-gouverneurs-point-complet-des-16-projets-de-loi-en-examen#primaryimage\"},\"thumbnailUrl\":\"https:\/\/static.africa-press.net\/benin\/sites\/46\/2024\/06\/sm_1718809895.094869.jpg\",\"keywords\":[\"B\u00e9nin\"],\"articleSection\":[\"Politique\",\"Toutes les actualit\u00e9s\"],\"inLanguage\":\"fr-FR\",\"potentialAction\":[{\"@type\":\"CommentAction\",\"name\":\"Comment\",\"target\":[\"https:\/\/www.africa-press.net\/benin\/politique\/benin-pleniere-au-palais-des-gouverneurs-point-complet-des-16-projets-de-loi-en-examen#respond\"]}]},{\"@type\":\"WebPage\",\"@id\":\"https:\/\/www.africa-press.net\/benin\/politique\/benin-pleniere-au-palais-des-gouverneurs-point-complet-des-16-projets-de-loi-en-examen\",\"url\":\"https:\/\/www.africa-press.net\/benin\/politique\/benin-pleniere-au-palais-des-gouverneurs-point-complet-des-16-projets-de-loi-en-examen\",\"name\":\"B\u00e9nin-Pl\u00e9ni\u00e8re au palais des gouverneurs: point complet des 16 projets de loi en examen - B\u00e9nin\",\"isPartOf\":{\"@id\":\"https:\/\/www.africa-press.net\/benin\/#website\"},\"primaryImageOfPage\":{\"@id\":\"https:\/\/www.africa-press.net\/benin\/politique\/benin-pleniere-au-palais-des-gouverneurs-point-complet-des-16-projets-de-loi-en-examen#primaryimage\"},\"image\":{\"@id\":\"https:\/\/www.africa-press.net\/benin\/politique\/benin-pleniere-au-palais-des-gouverneurs-point-complet-des-16-projets-de-loi-en-examen#primaryimage\"},\"thumbnailUrl\":\"https:\/\/static.africa-press.net\/benin\/sites\/46\/2024\/06\/sm_1718809895.094869.jpg\",\"datePublished\":\"2024-06-19T18:18:22+00:00\",\"dateModified\":\"2024-06-19T18:51:13+00:00\",\"author\":{\"@id\":\"https:\/\/www.africa-press.net\/benin\/#\/schema\/person\/2b1cf3cd81a31e3cd26889ca66d677f1\"},\"description\":\"Sur invitation de Louis Vlavonou, pre\u0301sident de l\u2019Assemble\u0301e nationale, les de\u0301pute\u0301s de la neuvie\u0300me le\u0301gislature vont ...\",\"breadcrumb\":{\"@id\":\"https:\/\/www.africa-press.net\/benin\/politique\/benin-pleniere-au-palais-des-gouverneurs-point-complet-des-16-projets-de-loi-en-examen#breadcrumb\"},\"inLanguage\":\"fr-FR\",\"potentialAction\":[{\"@type\":\"ReadAction\",\"target\":[\"https:\/\/www.africa-press.net\/benin\/politique\/benin-pleniere-au-palais-des-gouverneurs-point-complet-des-16-projets-de-loi-en-examen\"]}]},{\"@type\":\"ImageObject\",\"inLanguage\":\"fr-FR\",\"@id\":\"https:\/\/www.africa-press.net\/benin\/politique\/benin-pleniere-au-palais-des-gouverneurs-point-complet-des-16-projets-de-loi-en-examen#primaryimage\",\"url\":\"https:\/\/static.africa-press.net\/benin\/sites\/46\/2024\/06\/sm_1718809895.094869.jpg\",\"contentUrl\":\"https:\/\/static.africa-press.net\/benin\/sites\/46\/2024\/06\/sm_1718809895.094869.jpg\",\"width\":1280,\"height\":791,\"caption\":\"B\u00e9nin-Pl\u00e9ni\u00e8re au palais des gouverneurs: point complet des 16 projets de loi en examen\"},{\"@type\":\"BreadcrumbList\",\"@id\":\"https:\/\/www.africa-press.net\/benin\/politique\/benin-pleniere-au-palais-des-gouverneurs-point-complet-des-16-projets-de-loi-en-examen#breadcrumb\",\"itemListElement\":[{\"@type\":\"ListItem\",\"position\":1,\"name\":\"Accueil\",\"item\":\"https:\/\/www.africa-press.net\/benin\/\"},{\"@type\":\"ListItem\",\"position\":2,\"name\":\"B\u00e9nin-Pl\u00e9ni\u00e8re au palais des gouverneurs: point complet des 16 projets de loi en examen\"}]},{\"@type\":\"WebSite\",\"@id\":\"https:\/\/www.africa-press.net\/benin\/#website\",\"url\":\"https:\/\/www.africa-press.net\/benin\/\",\"name\":\"B\u00e9nin\",\"description\":\"Just another Africa News Agency Sites site\",\"potentialAction\":[{\"@type\":\"SearchAction\",\"target\":{\"@type\":\"EntryPoint\",\"urlTemplate\":\"https:\/\/www.africa-press.net\/benin\/?s={search_term_string}\"},\"query-input\":{\"@type\":\"PropertyValueSpecification\",\"valueRequired\":true,\"valueName\":\"search_term_string\"}}],\"inLanguage\":\"fr-FR\"},{\"@type\":\"Person\",\"@id\":\"https:\/\/www.africa-press.net\/benin\/#\/schema\/person\/2b1cf3cd81a31e3cd26889ca66d677f1\",\"name\":\"cfeditorfr\"}]}<\/script>\n<!-- \/ Yoast SEO Premium plugin. -->","yoast_head_json":{"title":"B\u00e9nin-Pl\u00e9ni\u00e8re au palais des gouverneurs: point complet des 16 projets de loi en examen - B\u00e9nin","description":"Sur invitation de Louis Vlavonou, pre\u0301sident de l\u2019Assemble\u0301e nationale, les de\u0301pute\u0301s de la neuvie\u0300me le\u0301gislature vont ...","robots":{"index":"index","follow":"follow","max-snippet":"max-snippet:-1","max-image-preview":"max-image-preview:large","max-video-preview":"max-video-preview:-1"},"canonical":"https:\/\/www.africa-press.net\/benin\/politique\/benin-pleniere-au-palais-des-gouverneurs-point-complet-des-16-projets-de-loi-en-examen","og_locale":"fr_FR","og_type":"article","og_title":"B\u00e9nin-Pl\u00e9ni\u00e8re au palais des gouverneurs: point complet des 16 projets de loi en examen","og_description":"Sur invitation de Louis Vlavonou, pre\u0301sident de l\u2019Assemble\u0301e nationale, les de\u0301pute\u0301s de la neuvie\u0300me le\u0301gislature vont ...","og_url":"https:\/\/www.africa-press.net\/benin\/politique\/benin-pleniere-au-palais-des-gouverneurs-point-complet-des-16-projets-de-loi-en-examen","og_site_name":"B\u00e9nin","article_published_time":"2024-06-19T18:18:22+00:00","article_modified_time":"2024-06-19T18:51:13+00:00","og_image":[{"width":1280,"height":791,"url":"https:\/\/static.africa-press.net\/benin\/sites\/46\/2024\/06\/sm_1718809895.094869.jpg","type":"image\/jpeg"}],"author":"cfeditorfr","twitter_card":"summary_large_image","twitter_misc":{"\u00c9crit par":"cfeditorfr","Dur\u00e9e de lecture estim\u00e9e":"4 minutes"},"schema":{"@context":"https:\/\/schema.org","@graph":[{"@type":"Article","@id":"https:\/\/www.africa-press.net\/benin\/politique\/benin-pleniere-au-palais-des-gouverneurs-point-complet-des-16-projets-de-loi-en-examen#article","isPartOf":{"@id":"https:\/\/www.africa-press.net\/benin\/politique\/benin-pleniere-au-palais-des-gouverneurs-point-complet-des-16-projets-de-loi-en-examen"},"author":{"name":"cfeditorfr","@id":"https:\/\/www.africa-press.net\/benin\/#\/schema\/person\/2b1cf3cd81a31e3cd26889ca66d677f1"},"headline":"B\u00e9nin-Pl\u00e9ni\u00e8re au palais des gouverneurs: point complet des 16 projets de loi en examen","datePublished":"2024-06-19T18:18:22+00:00","dateModified":"2024-06-19T18:51:13+00:00","mainEntityOfPage":{"@id":"https:\/\/www.africa-press.net\/benin\/politique\/benin-pleniere-au-palais-des-gouverneurs-point-complet-des-16-projets-de-loi-en-examen"},"wordCount":673,"commentCount":0,"image":{"@id":"https:\/\/www.africa-press.net\/benin\/politique\/benin-pleniere-au-palais-des-gouverneurs-point-complet-des-16-projets-de-loi-en-examen#primaryimage"},"thumbnailUrl":"https:\/\/static.africa-press.net\/benin\/sites\/46\/2024\/06\/sm_1718809895.094869.jpg","keywords":["B\u00e9nin"],"articleSection":["Politique","Toutes les actualit\u00e9s"],"inLanguage":"fr-FR","potentialAction":[{"@type":"CommentAction","name":"Comment","target":["https:\/\/www.africa-press.net\/benin\/politique\/benin-pleniere-au-palais-des-gouverneurs-point-complet-des-16-projets-de-loi-en-examen#respond"]}]},{"@type":"WebPage","@id":"https:\/\/www.africa-press.net\/benin\/politique\/benin-pleniere-au-palais-des-gouverneurs-point-complet-des-16-projets-de-loi-en-examen","url":"https:\/\/www.africa-press.net\/benin\/politique\/benin-pleniere-au-palais-des-gouverneurs-point-complet-des-16-projets-de-loi-en-examen","name":"B\u00e9nin-Pl\u00e9ni\u00e8re au palais des gouverneurs: point complet des 16 projets de loi en examen - B\u00e9nin","isPartOf":{"@id":"https:\/\/www.africa-press.net\/benin\/#website"},"primaryImageOfPage":{"@id":"https:\/\/www.africa-press.net\/benin\/politique\/benin-pleniere-au-palais-des-gouverneurs-point-complet-des-16-projets-de-loi-en-examen#primaryimage"},"image":{"@id":"https:\/\/www.africa-press.net\/benin\/politique\/benin-pleniere-au-palais-des-gouverneurs-point-complet-des-16-projets-de-loi-en-examen#primaryimage"},"thumbnailUrl":"https:\/\/static.africa-press.net\/benin\/sites\/46\/2024\/06\/sm_1718809895.094869.jpg","datePublished":"2024-06-19T18:18:22+00:00","dateModified":"2024-06-19T18:51:13+00:00","author":{"@id":"https:\/\/www.africa-press.net\/benin\/#\/schema\/person\/2b1cf3cd81a31e3cd26889ca66d677f1"},"description":"Sur invitation de Louis Vlavonou, pre\u0301sident de l\u2019Assemble\u0301e nationale, les de\u0301pute\u0301s de la neuvie\u0300me le\u0301gislature vont ...","breadcrumb":{"@id":"https:\/\/www.africa-press.net\/benin\/politique\/benin-pleniere-au-palais-des-gouverneurs-point-complet-des-16-projets-de-loi-en-examen#breadcrumb"},"inLanguage":"fr-FR","potentialAction":[{"@type":"ReadAction","target":["https:\/\/www.africa-press.net\/benin\/politique\/benin-pleniere-au-palais-des-gouverneurs-point-complet-des-16-projets-de-loi-en-examen"]}]},{"@type":"ImageObject","inLanguage":"fr-FR","@id":"https:\/\/www.africa-press.net\/benin\/politique\/benin-pleniere-au-palais-des-gouverneurs-point-complet-des-16-projets-de-loi-en-examen#primaryimage","url":"https:\/\/static.africa-press.net\/benin\/sites\/46\/2024\/06\/sm_1718809895.094869.jpg","contentUrl":"https:\/\/static.africa-press.net\/benin\/sites\/46\/2024\/06\/sm_1718809895.094869.jpg","width":1280,"height":791,"caption":"B\u00e9nin-Pl\u00e9ni\u00e8re au palais des gouverneurs: point complet des 16 projets de loi en examen"},{"@type":"BreadcrumbList","@id":"https:\/\/www.africa-press.net\/benin\/politique\/benin-pleniere-au-palais-des-gouverneurs-point-complet-des-16-projets-de-loi-en-examen#breadcrumb","itemListElement":[{"@type":"ListItem","position":1,"name":"Accueil","item":"https:\/\/www.africa-press.net\/benin\/"},{"@type":"ListItem","position":2,"name":"B\u00e9nin-Pl\u00e9ni\u00e8re au palais des gouverneurs: point complet des 16 projets de loi en examen"}]},{"@type":"WebSite","@id":"https:\/\/www.africa-press.net\/benin\/#website","url":"https:\/\/www.africa-press.net\/benin\/","name":"B\u00e9nin","description":"Just another Africa News Agency Sites site","potentialAction":[{"@type":"SearchAction","target":{"@type":"EntryPoint","urlTemplate":"https:\/\/www.africa-press.net\/benin\/?s={search_term_string}"},"query-input":{"@type":"PropertyValueSpecification","valueRequired":true,"valueName":"search_term_string"}}],"inLanguage":"fr-FR"},{"@type":"Person","@id":"https:\/\/www.africa-press.net\/benin\/#\/schema\/person\/2b1cf3cd81a31e3cd26889ca66d677f1","name":"cfeditorfr"}]}},"_links":{"self":[{"href":"https:\/\/www.africa-press.net\/benin\/wp-json\/wp\/v2\/posts\/29336","targetHints":{"allow":["GET"]}}],"collection":[{"href":"https:\/\/www.africa-press.net\/benin\/wp-json\/wp\/v2\/posts"}],"about":[{"href":"https:\/\/www.africa-press.net\/benin\/wp-json\/wp\/v2\/types\/post"}],"author":[{"embeddable":true,"href":"https:\/\/www.africa-press.net\/benin\/wp-json\/wp\/v2\/users\/82"}],"replies":[{"embeddable":true,"href":"https:\/\/www.africa-press.net\/benin\/wp-json\/wp\/v2\/comments?post=29336"}],"version-history":[{"count":0,"href":"https:\/\/www.africa-press.net\/benin\/wp-json\/wp\/v2\/posts\/29336\/revisions"}],"wp:featuredmedia":[{"embeddable":true,"href":"https:\/\/www.africa-press.net\/benin\/wp-json\/wp\/v2\/media\/29335"}],"wp:attachment":[{"href":"https:\/\/www.africa-press.net\/benin\/wp-json\/wp\/v2\/media?parent=29336"}],"wp:term":[{"taxonomy":"category","embeddable":true,"href":"https:\/\/www.africa-press.net\/benin\/wp-json\/wp\/v2\/categories?post=29336"},{"taxonomy":"post_tag","embeddable":true,"href":"https:\/\/www.africa-press.net\/benin\/wp-json\/wp\/v2\/tags?post=29336"}],"curies":[{"name":"wp","href":"https:\/\/api.w.org\/{rel}","templated":true}]}}