{"id":29402,"date":"2024-06-21T22:45:37","date_gmt":"2024-06-21T22:45:37","guid":{"rendered":"https:\/\/www.africa-press.net\/benin\/politique\/la-reponse-du-gouvernement-aux-deputes-sur-loctroi-de-nationalite-aux-afro-descendants"},"modified":"2024-06-22T02:02:12","modified_gmt":"2024-06-22T02:02:12","slug":"la-reponse-du-gouvernement-aux-deputes-sur-loctroi-de-nationalite-aux-afro-descendants","status":"publish","type":"post","link":"https:\/\/www.africa-press.net\/benin\/politique\/la-reponse-du-gouvernement-aux-deputes-sur-loctroi-de-nationalite-aux-afro-descendants","title":{"rendered":"la r\u00e9ponse du gouvernement aux d\u00e9put\u00e9s sur l\u2019octroi de nationalit\u00e9 aux afro-descendants"},"content":{"rendered":"<p><span style=\"color: #ff6600\"><strong>Africa-Press &#8211; Benin. <\/strong><\/span>Le gouvernement du pre\u0301sident Talon repre\u0301sente\u0301 par le Garde des sceaux, ministre de la justice et de la le\u0301gislation, Yvon De\u0301tche\u0301nou, s\u2019est pre\u0301sente\u0301 au Parlement ce jeudi 20 juin 2024 pour re\u0301pondre a\u0300 une question d\u2019actualite\u0301 pose\u0301e par le de\u0301pute\u0301 Eric Hounde\u0301te\u0301 concernant l\u2019annonce de l\u2019octroi de la nationalite\u0301 be\u0301ninoise aux afro-descendants.<\/p>\n<p>Quatre questions d\u2019actualite\u0301 adresse\u0301e\u0301s au gouvernement dont la question relative a\u0300 l\u2019octroi de nationalite\u0301 be\u0301ninoise aux afro-descendants ont meuble\u0301 la se\u0301ance ple\u0301nie\u0300re de l\u2019Assemble\u0301e nationale du jeudi 20 Juin.<\/p>\n<p>C\u2019est le de\u0301pute\u0301 Eric Houndete\u0301 qui avait interpelle\u0301 le gouvernement apre\u0300s que le pre\u0301sident de la Re\u0301publique, Patrice Talon lors de la visite qu\u2019il a effectue\u0301e au Bre\u0301sil du 22 au 26 mai 2024 a officiellement fait cette annonce.<\/p>\n<p>Dans sa re\u0301ponse, le ministre Yvon De\u0301tche\u0301nou a fait savoir que la de\u0301cision du pre\u0301sident Patrice Talon est une question de politique publique(dont il est investi par la constitution) soutenue en bonne et due forme par un projet de loi dont l\u2019Assemble\u0301e nationale est de\u0301ja\u0300 saisie. Lire ci-dessous l\u2019inte\u0301gralite\u0301 de la re\u0301ponse du ministre.<\/p>\n<p><b>La re\u0301ponse du gouvernement aux de\u0301pute\u0301s<\/b><\/p>\n<p>Monsieur le Pre\u0301sident de l\u2019Assemble\u0301e Nationale,<\/p>\n<p>Honorables de\u0301pute\u0301s,<\/p>\n<p>Il est effectif que lors de sa visite officielle au Bre\u0301sil, le Chef de l\u2019Etat s\u2019est exprime\u0301 en annonc\u0327ant que la Re\u0301publique du Be\u0301nin, permettrait biento\u0302t aux Bre\u0301siliens et a\u0300 toutes les personnes reconnues Afro-descendants, d\u2019acque\u0301rir la nationalite\u0301 be\u0301ninoise par reconnaissance.<\/p>\n<p>Premie\u0300rement, il convient de pre\u0301ciser que l\u2019annonce faite par le Pre\u0301sident de la Re\u0301publique s\u2019inscrit dans la droite ligne du projet de loi relative a\u0300 la reconnaissance de la nationalite\u0301 be\u0301ninoise aux Afro-descendants en Re\u0301publique du Be\u0301nin.<\/p>\n<p>L\u2019Assemble\u0301e nationale a en effet e\u0301te\u0301 saisie par le de\u0301cret n\u00b02024-955 du 08 mai 2024 portant transmission a\u0300 l\u2019Assemble\u0301e nationale du projet de loi relative a\u0300 la reconnaissance de la nationalite\u0301 be\u0301ninoise aux Afro-descendants en Re\u0301publique du Be\u0301nin.<\/p>\n<p>Ce projet de loi a e\u0301te\u0301 introduit au Parlement en vertu de l\u2019article 57 aline\u0301a 1 de la Constitution, confe\u0301rant l\u2019initiative parlementaire au Pre\u0301sident de la Re\u0301publique concurremment avec les membres de l\u2019Assemble\u0301e nationale.<\/p>\n<p>Le projet de loi motive\u0301 par des conside\u0301rations historiques et culturelles apparait comme un moyen de re\u0301tablir les liens a\u0300 l\u2019e\u0301gard des descendants des esclaves africains de\u0301porte\u0301s, avec la terre africaine, dont le Be\u0301nin est le socle.<\/p>\n<p>En effet, malgre\u0301 toutes les politiques visant a\u0300 les de\u0301pouiller de leurs identite\u0301s, les descendants d\u2019esclaves de\u0301porte\u0301s de nos co\u0302tes sont reste\u0301s par l\u2019histoire, les arts, les cultes, la me\u0301moire, dans une re\u0301elle que\u0302te de leurs origines africaines.<\/p>\n<p>Corre\u0301lativement, ils expriment a\u0300 l\u2019endroit de nos E\u0301tats, le de\u0301sir de la reconnaissance de leur afro-descendance et leur appartenance aux peuples dont leurs ascendants ont e\u0301te\u0301 arrache\u0301s.<\/p>\n<p>La naturalisation ne permet pas en l\u2019e\u0301tat de traduire juridiquement ces liens entre les peuples d\u2019origine des victimes de la de\u0301portation, de la traite ne\u0301grie\u0300re et de l\u2019esclavage et leurs descendants. Elle comporte par ailleurs des effets dont l\u2019octroi ou le be\u0301ne\u0301fice implique une de\u0301marche d\u2019inte\u0301gration.<\/p>\n<p>En tout e\u0301tat de cause, les motivations de la loi et les dispositions projete\u0301es seront discute\u0301es par les membres de la repre\u0301sentation nationale, en commission comme en ple\u0301nie\u0300re au moment opportun. Celle-ci appre\u0301ciera alors leur pertinence et pourra, souverainement en de\u0301libe\u0301rer.<\/p>\n<p>Deuxie\u0300mement, en application de l\u2019article 54 aline\u0301a 1 de la Constitution be\u0301ninoise, le Pre\u0301sident de la Re\u0301publique est le chef du Gouvernement et a\u0300 ce titre, il de\u0301termine et conduit la politique de la Nation.<\/p>\n<p>Dans le cadre de l\u2019exercice de cette pre\u0301rogative, le Chef de l\u2019Etat met en \u0153uvre la politique ge\u0301ne\u0301rale de l\u2019Etat. Le projet de loi relative a\u0300 la reconnaissance de la nationalite\u0301 be\u0301ninoise aux Afro-descendants en Re\u0301publique du Be\u0301nin s\u2019inscrit justement dans le cadre de cette politique ge\u0301ne\u0301rale de l\u2019Etat.<\/p>\n<p>C\u2019est ce qui justifie le fait que le Chef de l\u2019Etat se soit exprime\u0301 sur la question qui au demeurant n\u2019est pas une annonce fallacieuse, sans fondement mais pluto\u0302t une question de politique publique soutenue en bonne et due forme par un projet de loi dont l\u2019Assemble\u0301e nationale est de\u0301ja\u0300 saisie depuis le 22 mai 2024.<\/p>\n<p><strong>Pour plus d&rsquo;informations et d&rsquo;analyses sur la <span style=\"color: #ff6600\">Benin<\/span>, suivez <span style=\"color: #ff6600\">Africa-Press<\/span><\/strong><\/p>\n","protected":false},"excerpt":{"rendered":"<p>Africa-Press &#8211; Benin. Le gouvernement du pre\u0301sident Talon repre\u0301sente\u0301 par le Garde des sceaux, ministre de la justice et de la le\u0301gislation, Yvon De\u0301tche\u0301nou, s\u2019est pre\u0301sente\u0301 au Parlement ce jeudi 20 juin 2024 pour re\u0301pondre a\u0300 une question d\u2019actualite\u0301 pose\u0301e par le de\u0301pute\u0301 Eric Hounde\u0301te\u0301 concernant l\u2019annonce de l\u2019octroi de la nationalite\u0301 be\u0301ninoise aux afro-descendants. [&hellip;]<\/p>\n","protected":false},"author":82,"featured_media":29401,"comment_status":"open","ping_status":"closed","sticky":false,"template":"","format":"standard","meta":{"footnotes":""},"categories":[2,10],"tags":[45],"class_list":["post-29402","post","type-post","status-publish","format-standard","has-post-thumbnail","hentry","category-politique","category-toutes-les-actualites","tag-benin"],"yoast_head":"<!-- This site is optimized with the Yoast SEO Premium plugin v26.1 (Yoast SEO v27.0) - https:\/\/yoast.com\/product\/yoast-seo-premium-wordpress\/ -->\n<title>la r\u00e9ponse du gouvernement aux d\u00e9put\u00e9s sur l\u2019octroi de nationalit\u00e9 aux afro-descendants - B\u00e9nin<\/title>\n<meta name=\"description\" content=\"Le gouvernement du pre\u0301sident Talon repre\u0301sente\u0301 par le Garde des sceaux, ministre de la justice et de la le\u0301gislation, ...\" \/>\n<meta name=\"robots\" content=\"index, follow, max-snippet:-1, max-image-preview:large, max-video-preview:-1\" \/>\n<link rel=\"canonical\" href=\"https:\/\/www.africa-press.net\/benin\/politique\/la-reponse-du-gouvernement-aux-deputes-sur-loctroi-de-nationalite-aux-afro-descendants\" \/>\n<meta property=\"og:locale\" content=\"fr_FR\" \/>\n<meta property=\"og:type\" content=\"article\" \/>\n<meta property=\"og:title\" content=\"la r\u00e9ponse du gouvernement aux d\u00e9put\u00e9s sur l\u2019octroi de nationalit\u00e9 aux afro-descendants\" \/>\n<meta property=\"og:description\" content=\"Le gouvernement du pre\u0301sident Talon repre\u0301sente\u0301 par le Garde des sceaux, ministre de la justice et de la le\u0301gislation, ...\" \/>\n<meta property=\"og:url\" content=\"https:\/\/www.africa-press.net\/benin\/politique\/la-reponse-du-gouvernement-aux-deputes-sur-loctroi-de-nationalite-aux-afro-descendants\" \/>\n<meta property=\"og:site_name\" content=\"B\u00e9nin\" \/>\n<meta property=\"article:published_time\" content=\"2024-06-21T22:45:37+00:00\" \/>\n<meta property=\"article:modified_time\" content=\"2024-06-22T02:02:12+00:00\" \/>\n<meta property=\"og:image\" content=\"https:\/\/static.africa-press.net\/benin\/sites\/46\/2024\/06\/sm_1719008855.303634.jpg\" \/>\n\t<meta property=\"og:image:width\" content=\"842\" \/>\n\t<meta property=\"og:image:height\" content=\"480\" \/>\n\t<meta property=\"og:image:type\" content=\"image\/jpeg\" \/>\n<meta name=\"author\" content=\"cfeditorfr\" \/>\n<meta name=\"twitter:card\" content=\"summary_large_image\" \/>\n<meta name=\"twitter:label1\" content=\"\u00c9crit par\" \/>\n\t<meta name=\"twitter:data1\" content=\"cfeditorfr\" \/>\n\t<meta name=\"twitter:label2\" content=\"Dur\u00e9e de lecture estim\u00e9e\" \/>\n\t<meta name=\"twitter:data2\" content=\"4 minutes\" \/>\n<script type=\"application\/ld+json\" class=\"yoast-schema-graph\">{\"@context\":\"https:\/\/schema.org\",\"@graph\":[{\"@type\":\"Article\",\"@id\":\"https:\/\/www.africa-press.net\/benin\/politique\/la-reponse-du-gouvernement-aux-deputes-sur-loctroi-de-nationalite-aux-afro-descendants#article\",\"isPartOf\":{\"@id\":\"https:\/\/www.africa-press.net\/benin\/politique\/la-reponse-du-gouvernement-aux-deputes-sur-loctroi-de-nationalite-aux-afro-descendants\"},\"author\":{\"name\":\"cfeditorfr\",\"@id\":\"https:\/\/www.africa-press.net\/benin\/#\/schema\/person\/2b1cf3cd81a31e3cd26889ca66d677f1\"},\"headline\":\"la r\u00e9ponse du gouvernement aux d\u00e9put\u00e9s sur l\u2019octroi de nationalit\u00e9 aux afro-descendants\",\"datePublished\":\"2024-06-21T22:45:37+00:00\",\"dateModified\":\"2024-06-22T02:02:12+00:00\",\"mainEntityOfPage\":{\"@id\":\"https:\/\/www.africa-press.net\/benin\/politique\/la-reponse-du-gouvernement-aux-deputes-sur-loctroi-de-nationalite-aux-afro-descendants\"},\"wordCount\":849,\"commentCount\":0,\"image\":{\"@id\":\"https:\/\/www.africa-press.net\/benin\/politique\/la-reponse-du-gouvernement-aux-deputes-sur-loctroi-de-nationalite-aux-afro-descendants#primaryimage\"},\"thumbnailUrl\":\"https:\/\/static.africa-press.net\/benin\/sites\/46\/2024\/06\/sm_1719008855.303634.jpg\",\"keywords\":[\"B\u00e9nin\"],\"articleSection\":[\"Politique\",\"Toutes les actualit\u00e9s\"],\"inLanguage\":\"fr-FR\",\"potentialAction\":[{\"@type\":\"CommentAction\",\"name\":\"Comment\",\"target\":[\"https:\/\/www.africa-press.net\/benin\/politique\/la-reponse-du-gouvernement-aux-deputes-sur-loctroi-de-nationalite-aux-afro-descendants#respond\"]}]},{\"@type\":\"WebPage\",\"@id\":\"https:\/\/www.africa-press.net\/benin\/politique\/la-reponse-du-gouvernement-aux-deputes-sur-loctroi-de-nationalite-aux-afro-descendants\",\"url\":\"https:\/\/www.africa-press.net\/benin\/politique\/la-reponse-du-gouvernement-aux-deputes-sur-loctroi-de-nationalite-aux-afro-descendants\",\"name\":\"la r\u00e9ponse du gouvernement aux d\u00e9put\u00e9s sur l\u2019octroi de nationalit\u00e9 aux afro-descendants - B\u00e9nin\",\"isPartOf\":{\"@id\":\"https:\/\/www.africa-press.net\/benin\/#website\"},\"primaryImageOfPage\":{\"@id\":\"https:\/\/www.africa-press.net\/benin\/politique\/la-reponse-du-gouvernement-aux-deputes-sur-loctroi-de-nationalite-aux-afro-descendants#primaryimage\"},\"image\":{\"@id\":\"https:\/\/www.africa-press.net\/benin\/politique\/la-reponse-du-gouvernement-aux-deputes-sur-loctroi-de-nationalite-aux-afro-descendants#primaryimage\"},\"thumbnailUrl\":\"https:\/\/static.africa-press.net\/benin\/sites\/46\/2024\/06\/sm_1719008855.303634.jpg\",\"datePublished\":\"2024-06-21T22:45:37+00:00\",\"dateModified\":\"2024-06-22T02:02:12+00:00\",\"author\":{\"@id\":\"https:\/\/www.africa-press.net\/benin\/#\/schema\/person\/2b1cf3cd81a31e3cd26889ca66d677f1\"},\"description\":\"Le gouvernement du pre\u0301sident Talon repre\u0301sente\u0301 par le Garde des sceaux, ministre de la justice et de la le\u0301gislation, ...\",\"breadcrumb\":{\"@id\":\"https:\/\/www.africa-press.net\/benin\/politique\/la-reponse-du-gouvernement-aux-deputes-sur-loctroi-de-nationalite-aux-afro-descendants#breadcrumb\"},\"inLanguage\":\"fr-FR\",\"potentialAction\":[{\"@type\":\"ReadAction\",\"target\":[\"https:\/\/www.africa-press.net\/benin\/politique\/la-reponse-du-gouvernement-aux-deputes-sur-loctroi-de-nationalite-aux-afro-descendants\"]}]},{\"@type\":\"ImageObject\",\"inLanguage\":\"fr-FR\",\"@id\":\"https:\/\/www.africa-press.net\/benin\/politique\/la-reponse-du-gouvernement-aux-deputes-sur-loctroi-de-nationalite-aux-afro-descendants#primaryimage\",\"url\":\"https:\/\/static.africa-press.net\/benin\/sites\/46\/2024\/06\/sm_1719008855.303634.jpg\",\"contentUrl\":\"https:\/\/static.africa-press.net\/benin\/sites\/46\/2024\/06\/sm_1719008855.303634.jpg\",\"width\":842,\"height\":480,\"caption\":\"la r\u00e9ponse du gouvernement aux d\u00e9put\u00e9s sur l\u2019octroi de nationalit\u00e9 aux afro-descendants\"},{\"@type\":\"BreadcrumbList\",\"@id\":\"https:\/\/www.africa-press.net\/benin\/politique\/la-reponse-du-gouvernement-aux-deputes-sur-loctroi-de-nationalite-aux-afro-descendants#breadcrumb\",\"itemListElement\":[{\"@type\":\"ListItem\",\"position\":1,\"name\":\"Accueil\",\"item\":\"https:\/\/www.africa-press.net\/benin\/\"},{\"@type\":\"ListItem\",\"position\":2,\"name\":\"la r\u00e9ponse du gouvernement aux d\u00e9put\u00e9s sur l\u2019octroi de nationalit\u00e9 aux afro-descendants\"}]},{\"@type\":\"WebSite\",\"@id\":\"https:\/\/www.africa-press.net\/benin\/#website\",\"url\":\"https:\/\/www.africa-press.net\/benin\/\",\"name\":\"B\u00e9nin\",\"description\":\"Just another Africa News Agency Sites site\",\"potentialAction\":[{\"@type\":\"SearchAction\",\"target\":{\"@type\":\"EntryPoint\",\"urlTemplate\":\"https:\/\/www.africa-press.net\/benin\/?s={search_term_string}\"},\"query-input\":{\"@type\":\"PropertyValueSpecification\",\"valueRequired\":true,\"valueName\":\"search_term_string\"}}],\"inLanguage\":\"fr-FR\"},{\"@type\":\"Person\",\"@id\":\"https:\/\/www.africa-press.net\/benin\/#\/schema\/person\/2b1cf3cd81a31e3cd26889ca66d677f1\",\"name\":\"cfeditorfr\"}]}<\/script>\n<!-- \/ Yoast SEO Premium plugin. -->","yoast_head_json":{"title":"la r\u00e9ponse du gouvernement aux d\u00e9put\u00e9s sur l\u2019octroi de nationalit\u00e9 aux afro-descendants - B\u00e9nin","description":"Le gouvernement du pre\u0301sident Talon repre\u0301sente\u0301 par le Garde des sceaux, ministre de la justice et de la le\u0301gislation, ...","robots":{"index":"index","follow":"follow","max-snippet":"max-snippet:-1","max-image-preview":"max-image-preview:large","max-video-preview":"max-video-preview:-1"},"canonical":"https:\/\/www.africa-press.net\/benin\/politique\/la-reponse-du-gouvernement-aux-deputes-sur-loctroi-de-nationalite-aux-afro-descendants","og_locale":"fr_FR","og_type":"article","og_title":"la r\u00e9ponse du gouvernement aux d\u00e9put\u00e9s sur l\u2019octroi de nationalit\u00e9 aux afro-descendants","og_description":"Le gouvernement du pre\u0301sident Talon repre\u0301sente\u0301 par le Garde des sceaux, ministre de la justice et de la le\u0301gislation, ...","og_url":"https:\/\/www.africa-press.net\/benin\/politique\/la-reponse-du-gouvernement-aux-deputes-sur-loctroi-de-nationalite-aux-afro-descendants","og_site_name":"B\u00e9nin","article_published_time":"2024-06-21T22:45:37+00:00","article_modified_time":"2024-06-22T02:02:12+00:00","og_image":[{"width":842,"height":480,"url":"https:\/\/static.africa-press.net\/benin\/sites\/46\/2024\/06\/sm_1719008855.303634.jpg","type":"image\/jpeg"}],"author":"cfeditorfr","twitter_card":"summary_large_image","twitter_misc":{"\u00c9crit par":"cfeditorfr","Dur\u00e9e de lecture estim\u00e9e":"4 minutes"},"schema":{"@context":"https:\/\/schema.org","@graph":[{"@type":"Article","@id":"https:\/\/www.africa-press.net\/benin\/politique\/la-reponse-du-gouvernement-aux-deputes-sur-loctroi-de-nationalite-aux-afro-descendants#article","isPartOf":{"@id":"https:\/\/www.africa-press.net\/benin\/politique\/la-reponse-du-gouvernement-aux-deputes-sur-loctroi-de-nationalite-aux-afro-descendants"},"author":{"name":"cfeditorfr","@id":"https:\/\/www.africa-press.net\/benin\/#\/schema\/person\/2b1cf3cd81a31e3cd26889ca66d677f1"},"headline":"la r\u00e9ponse du gouvernement aux d\u00e9put\u00e9s sur l\u2019octroi de nationalit\u00e9 aux afro-descendants","datePublished":"2024-06-21T22:45:37+00:00","dateModified":"2024-06-22T02:02:12+00:00","mainEntityOfPage":{"@id":"https:\/\/www.africa-press.net\/benin\/politique\/la-reponse-du-gouvernement-aux-deputes-sur-loctroi-de-nationalite-aux-afro-descendants"},"wordCount":849,"commentCount":0,"image":{"@id":"https:\/\/www.africa-press.net\/benin\/politique\/la-reponse-du-gouvernement-aux-deputes-sur-loctroi-de-nationalite-aux-afro-descendants#primaryimage"},"thumbnailUrl":"https:\/\/static.africa-press.net\/benin\/sites\/46\/2024\/06\/sm_1719008855.303634.jpg","keywords":["B\u00e9nin"],"articleSection":["Politique","Toutes les actualit\u00e9s"],"inLanguage":"fr-FR","potentialAction":[{"@type":"CommentAction","name":"Comment","target":["https:\/\/www.africa-press.net\/benin\/politique\/la-reponse-du-gouvernement-aux-deputes-sur-loctroi-de-nationalite-aux-afro-descendants#respond"]}]},{"@type":"WebPage","@id":"https:\/\/www.africa-press.net\/benin\/politique\/la-reponse-du-gouvernement-aux-deputes-sur-loctroi-de-nationalite-aux-afro-descendants","url":"https:\/\/www.africa-press.net\/benin\/politique\/la-reponse-du-gouvernement-aux-deputes-sur-loctroi-de-nationalite-aux-afro-descendants","name":"la r\u00e9ponse du gouvernement aux d\u00e9put\u00e9s sur l\u2019octroi de nationalit\u00e9 aux afro-descendants - B\u00e9nin","isPartOf":{"@id":"https:\/\/www.africa-press.net\/benin\/#website"},"primaryImageOfPage":{"@id":"https:\/\/www.africa-press.net\/benin\/politique\/la-reponse-du-gouvernement-aux-deputes-sur-loctroi-de-nationalite-aux-afro-descendants#primaryimage"},"image":{"@id":"https:\/\/www.africa-press.net\/benin\/politique\/la-reponse-du-gouvernement-aux-deputes-sur-loctroi-de-nationalite-aux-afro-descendants#primaryimage"},"thumbnailUrl":"https:\/\/static.africa-press.net\/benin\/sites\/46\/2024\/06\/sm_1719008855.303634.jpg","datePublished":"2024-06-21T22:45:37+00:00","dateModified":"2024-06-22T02:02:12+00:00","author":{"@id":"https:\/\/www.africa-press.net\/benin\/#\/schema\/person\/2b1cf3cd81a31e3cd26889ca66d677f1"},"description":"Le gouvernement du pre\u0301sident Talon repre\u0301sente\u0301 par le Garde des sceaux, ministre de la justice et de la le\u0301gislation, ...","breadcrumb":{"@id":"https:\/\/www.africa-press.net\/benin\/politique\/la-reponse-du-gouvernement-aux-deputes-sur-loctroi-de-nationalite-aux-afro-descendants#breadcrumb"},"inLanguage":"fr-FR","potentialAction":[{"@type":"ReadAction","target":["https:\/\/www.africa-press.net\/benin\/politique\/la-reponse-du-gouvernement-aux-deputes-sur-loctroi-de-nationalite-aux-afro-descendants"]}]},{"@type":"ImageObject","inLanguage":"fr-FR","@id":"https:\/\/www.africa-press.net\/benin\/politique\/la-reponse-du-gouvernement-aux-deputes-sur-loctroi-de-nationalite-aux-afro-descendants#primaryimage","url":"https:\/\/static.africa-press.net\/benin\/sites\/46\/2024\/06\/sm_1719008855.303634.jpg","contentUrl":"https:\/\/static.africa-press.net\/benin\/sites\/46\/2024\/06\/sm_1719008855.303634.jpg","width":842,"height":480,"caption":"la r\u00e9ponse du gouvernement aux d\u00e9put\u00e9s sur l\u2019octroi de nationalit\u00e9 aux afro-descendants"},{"@type":"BreadcrumbList","@id":"https:\/\/www.africa-press.net\/benin\/politique\/la-reponse-du-gouvernement-aux-deputes-sur-loctroi-de-nationalite-aux-afro-descendants#breadcrumb","itemListElement":[{"@type":"ListItem","position":1,"name":"Accueil","item":"https:\/\/www.africa-press.net\/benin\/"},{"@type":"ListItem","position":2,"name":"la r\u00e9ponse du gouvernement aux d\u00e9put\u00e9s sur l\u2019octroi de nationalit\u00e9 aux afro-descendants"}]},{"@type":"WebSite","@id":"https:\/\/www.africa-press.net\/benin\/#website","url":"https:\/\/www.africa-press.net\/benin\/","name":"B\u00e9nin","description":"Just another Africa News Agency Sites site","potentialAction":[{"@type":"SearchAction","target":{"@type":"EntryPoint","urlTemplate":"https:\/\/www.africa-press.net\/benin\/?s={search_term_string}"},"query-input":{"@type":"PropertyValueSpecification","valueRequired":true,"valueName":"search_term_string"}}],"inLanguage":"fr-FR"},{"@type":"Person","@id":"https:\/\/www.africa-press.net\/benin\/#\/schema\/person\/2b1cf3cd81a31e3cd26889ca66d677f1","name":"cfeditorfr"}]}},"_links":{"self":[{"href":"https:\/\/www.africa-press.net\/benin\/wp-json\/wp\/v2\/posts\/29402","targetHints":{"allow":["GET"]}}],"collection":[{"href":"https:\/\/www.africa-press.net\/benin\/wp-json\/wp\/v2\/posts"}],"about":[{"href":"https:\/\/www.africa-press.net\/benin\/wp-json\/wp\/v2\/types\/post"}],"author":[{"embeddable":true,"href":"https:\/\/www.africa-press.net\/benin\/wp-json\/wp\/v2\/users\/82"}],"replies":[{"embeddable":true,"href":"https:\/\/www.africa-press.net\/benin\/wp-json\/wp\/v2\/comments?post=29402"}],"version-history":[{"count":0,"href":"https:\/\/www.africa-press.net\/benin\/wp-json\/wp\/v2\/posts\/29402\/revisions"}],"wp:featuredmedia":[{"embeddable":true,"href":"https:\/\/www.africa-press.net\/benin\/wp-json\/wp\/v2\/media\/29401"}],"wp:attachment":[{"href":"https:\/\/www.africa-press.net\/benin\/wp-json\/wp\/v2\/media?parent=29402"}],"wp:term":[{"taxonomy":"category","embeddable":true,"href":"https:\/\/www.africa-press.net\/benin\/wp-json\/wp\/v2\/categories?post=29402"},{"taxonomy":"post_tag","embeddable":true,"href":"https:\/\/www.africa-press.net\/benin\/wp-json\/wp\/v2\/tags?post=29402"}],"curies":[{"name":"wp","href":"https:\/\/api.w.org\/{rel}","templated":true}]}}