{"id":31135,"date":"2024-08-03T21:12:24","date_gmt":"2024-08-03T21:12:24","guid":{"rendered":"https:\/\/www.africa-press.net\/benin\/politique\/patrice-talon-accorde-la-grace-presidentielle-a-464-prisonniers-listes"},"modified":"2024-08-03T21:25:54","modified_gmt":"2024-08-03T21:25:54","slug":"patrice-talon-accorde-la-grace-presidentielle-a-464-prisonniers-listes","status":"publish","type":"post","link":"https:\/\/www.africa-press.net\/benin\/politique\/patrice-talon-accorde-la-grace-presidentielle-a-464-prisonniers-listes","title":{"rendered":"Patrice Talon Accorde la Gr\u00e2ce Pr\u00e9sidentielle \u00e0 464 Prisonniers (Listes)"},"content":{"rendered":"<p><span style=\"color: #ff6600\"><strong>Africa-Press &#8211; Benin. <\/strong><\/span>Le pre\u0301sident Patrice Talon a accorde\u0301 la gra\u0302ce pre\u0301sidentielle a\u0300 464 prisonniers condamne\u0301es a\u0300 des peines criminelles ou correctionnelles. La gra\u0302ce pre\u0301sidentielle a e\u0301te\u0301 prononce\u0301e a\u0300 la veille de la ce\u0301le\u0301bration des 64 ans de l\u2019accession du Be\u0301nin a\u0300 la souverainete\u0301 nationale et internationale a\u0300 travers deux de\u0301crets pre\u0301sidentiels.<\/p>\n<p>464 de\u0301tenus sont be\u0301ne\u0301ficiaires de la de\u0301cision pre\u0301sidentielle accorde\u0301e par le pre\u0301sident PatriceTalon dans deux de\u0301crets pris ce vendredi 2 aou\u0302t 2024. Il s\u2019agit d\u2019une mesure prise en faveur de deux cate\u0301gories de prisonniers condamne\u0301es par les juridictions de la Re\u0301publique du Be\u0301nin.<\/p>\n<p>Il ressort du premier de\u0301cret que 27 personnes implique\u0301es dans les e\u0301ve\u0301nements de 2019 et 2021 et condamne\u0301es par la Criet pour diverses infractions telles que \u00ab tentative d\u2019atteinte a\u0300 l\u2019inte\u0301grite\u0301 du territoire national \u00bb et \u00ab provocation et participation a\u0300 un attroupement arme\u0301 \u00bb sont gracie\u0301es.<\/p>\n<p>Dans le second de\u0301cret, le pre\u0301sident Patrice Talon a accorde\u0301 la gra\u0302ce pre\u0301sidentielle a\u0300 437 prisonniers. Cette cate\u0301gorie concerne des personnes condamne\u0301es a\u0300 des peines criminelles ou correctionnelles par une de\u0301cision de\u0301finitive des juridictions de la Re\u0301publique du Be\u0301nin au 31 juillet 2024 et de\u0301tenues pour des charges telles que vol, coups et blessures volontaires, abus de confiance, escroquerie, tentative de vol, exercice ille\u0301gal de la me\u0301decine, entre autres.<\/p>\n<p>Il est toutefois pre\u0301cise\u0301 que les be\u0301ne\u0301ficiaires condamne\u0301s \u00ab pour des faits d\u2019escroquerie en tontine, de de\u0301tournement de deniers publics ou pour des infractions ayant mis en pe\u0301ril les deniers de l\u2019E\u0301tat \u00bb sont tenus de rembourser la totalite\u0301 des sommes de\u0301tourne\u0301es ou mises en pe\u0301ril, ainsi que de payer les amendes et les frais de justice.<\/p>\n<p><strong>Pour plus d&rsquo;informations et d&rsquo;analyses sur la <span style=\"color: #ff6600\">Benin<\/span>, suivez <span style=\"color: #ff6600\">Africa-Press<\/span><\/strong><\/p>\n","protected":false},"excerpt":{"rendered":"<p>Africa-Press &#8211; Benin. Le pre\u0301sident Patrice Talon a accorde\u0301 la gra\u0302ce pre\u0301sidentielle a\u0300 464 prisonniers condamne\u0301es a\u0300 des peines criminelles ou correctionnelles. La gra\u0302ce pre\u0301sidentielle a e\u0301te\u0301 prononce\u0301e a\u0300 la veille de la ce\u0301le\u0301bration des 64 ans de l\u2019accession du Be\u0301nin a\u0300 la souverainete\u0301 nationale et internationale a\u0300 travers deux de\u0301crets pre\u0301sidentiels. 464 de\u0301tenus sont [&hellip;]<\/p>\n","protected":false},"author":82,"featured_media":31134,"comment_status":"open","ping_status":"closed","sticky":false,"template":"","format":"standard","meta":{"footnotes":""},"categories":[2,10],"tags":[45],"class_list":["post-31135","post","type-post","status-publish","format-standard","has-post-thumbnail","hentry","category-politique","category-toutes-les-actualites","tag-benin"],"yoast_head":"<!-- This site is optimized with the Yoast SEO Premium plugin v26.1 (Yoast SEO v27.0) - https:\/\/yoast.com\/product\/yoast-seo-premium-wordpress\/ -->\n<title>Patrice Talon Accorde la Gr\u00e2ce Pr\u00e9sidentielle \u00e0 464 Prisonniers (Listes) - B\u00e9nin<\/title>\n<meta name=\"description\" content=\"Le pre\u0301sident Patrice Talon a accorde\u0301 la gra\u0302ce pre\u0301sidentielle a\u0300 464 prisonniers condamne\u0301es a\u0300 des peines criminelle ...\" \/>\n<meta name=\"robots\" content=\"index, follow, max-snippet:-1, max-image-preview:large, max-video-preview:-1\" \/>\n<link rel=\"canonical\" href=\"https:\/\/www.africa-press.net\/benin\/politique\/patrice-talon-accorde-la-grace-presidentielle-a-464-prisonniers-listes\" \/>\n<meta property=\"og:locale\" content=\"fr_FR\" \/>\n<meta property=\"og:type\" content=\"article\" \/>\n<meta property=\"og:title\" content=\"Patrice Talon Accorde la Gr\u00e2ce Pr\u00e9sidentielle \u00e0 464 Prisonniers (Listes)\" \/>\n<meta property=\"og:description\" content=\"Le pre\u0301sident Patrice Talon a accorde\u0301 la gra\u0302ce pre\u0301sidentielle a\u0300 464 prisonniers condamne\u0301es a\u0300 des peines criminelle ...\" \/>\n<meta property=\"og:url\" content=\"https:\/\/www.africa-press.net\/benin\/politique\/patrice-talon-accorde-la-grace-presidentielle-a-464-prisonniers-listes\" \/>\n<meta property=\"og:site_name\" content=\"B\u00e9nin\" \/>\n<meta property=\"article:published_time\" content=\"2024-08-03T21:12:24+00:00\" \/>\n<meta property=\"article:modified_time\" content=\"2024-08-03T21:25:54+00:00\" \/>\n<meta property=\"og:image\" content=\"https:\/\/static.africa-press.net\/benin\/sites\/46\/2024\/08\/sm_1722707675.718206.jpg\" \/>\n\t<meta property=\"og:image:width\" content=\"1221\" \/>\n\t<meta property=\"og:image:height\" content=\"732\" \/>\n\t<meta property=\"og:image:type\" content=\"image\/jpeg\" \/>\n<meta name=\"author\" content=\"cfeditorfr\" \/>\n<meta name=\"twitter:card\" content=\"summary_large_image\" \/>\n<meta name=\"twitter:label1\" content=\"\u00c9crit par\" \/>\n\t<meta name=\"twitter:data1\" content=\"cfeditorfr\" \/>\n\t<meta name=\"twitter:label2\" content=\"Dur\u00e9e de lecture estim\u00e9e\" \/>\n\t<meta name=\"twitter:data2\" content=\"2 minutes\" \/>\n<script type=\"application\/ld+json\" class=\"yoast-schema-graph\">{\"@context\":\"https:\/\/schema.org\",\"@graph\":[{\"@type\":\"Article\",\"@id\":\"https:\/\/www.africa-press.net\/benin\/politique\/patrice-talon-accorde-la-grace-presidentielle-a-464-prisonniers-listes#article\",\"isPartOf\":{\"@id\":\"https:\/\/www.africa-press.net\/benin\/politique\/patrice-talon-accorde-la-grace-presidentielle-a-464-prisonniers-listes\"},\"author\":{\"name\":\"cfeditorfr\",\"@id\":\"https:\/\/www.africa-press.net\/benin\/#\/schema\/person\/2b1cf3cd81a31e3cd26889ca66d677f1\"},\"headline\":\"Patrice Talon Accorde la Gr\u00e2ce Pr\u00e9sidentielle \u00e0 464 Prisonniers (Listes)\",\"datePublished\":\"2024-08-03T21:12:24+00:00\",\"dateModified\":\"2024-08-03T21:25:54+00:00\",\"mainEntityOfPage\":{\"@id\":\"https:\/\/www.africa-press.net\/benin\/politique\/patrice-talon-accorde-la-grace-presidentielle-a-464-prisonniers-listes\"},\"wordCount\":336,\"commentCount\":0,\"image\":{\"@id\":\"https:\/\/www.africa-press.net\/benin\/politique\/patrice-talon-accorde-la-grace-presidentielle-a-464-prisonniers-listes#primaryimage\"},\"thumbnailUrl\":\"https:\/\/static.africa-press.net\/benin\/sites\/46\/2024\/08\/sm_1722707675.718206.jpg\",\"keywords\":[\"B\u00e9nin\"],\"articleSection\":[\"Politique\",\"Toutes les actualit\u00e9s\"],\"inLanguage\":\"fr-FR\",\"potentialAction\":[{\"@type\":\"CommentAction\",\"name\":\"Comment\",\"target\":[\"https:\/\/www.africa-press.net\/benin\/politique\/patrice-talon-accorde-la-grace-presidentielle-a-464-prisonniers-listes#respond\"]}]},{\"@type\":\"WebPage\",\"@id\":\"https:\/\/www.africa-press.net\/benin\/politique\/patrice-talon-accorde-la-grace-presidentielle-a-464-prisonniers-listes\",\"url\":\"https:\/\/www.africa-press.net\/benin\/politique\/patrice-talon-accorde-la-grace-presidentielle-a-464-prisonniers-listes\",\"name\":\"Patrice Talon Accorde la Gr\u00e2ce Pr\u00e9sidentielle \u00e0 464 Prisonniers (Listes) - B\u00e9nin\",\"isPartOf\":{\"@id\":\"https:\/\/www.africa-press.net\/benin\/#website\"},\"primaryImageOfPage\":{\"@id\":\"https:\/\/www.africa-press.net\/benin\/politique\/patrice-talon-accorde-la-grace-presidentielle-a-464-prisonniers-listes#primaryimage\"},\"image\":{\"@id\":\"https:\/\/www.africa-press.net\/benin\/politique\/patrice-talon-accorde-la-grace-presidentielle-a-464-prisonniers-listes#primaryimage\"},\"thumbnailUrl\":\"https:\/\/static.africa-press.net\/benin\/sites\/46\/2024\/08\/sm_1722707675.718206.jpg\",\"datePublished\":\"2024-08-03T21:12:24+00:00\",\"dateModified\":\"2024-08-03T21:25:54+00:00\",\"author\":{\"@id\":\"https:\/\/www.africa-press.net\/benin\/#\/schema\/person\/2b1cf3cd81a31e3cd26889ca66d677f1\"},\"description\":\"Le pre\u0301sident Patrice Talon a accorde\u0301 la gra\u0302ce pre\u0301sidentielle a\u0300 464 prisonniers condamne\u0301es a\u0300 des peines criminelle ...\",\"breadcrumb\":{\"@id\":\"https:\/\/www.africa-press.net\/benin\/politique\/patrice-talon-accorde-la-grace-presidentielle-a-464-prisonniers-listes#breadcrumb\"},\"inLanguage\":\"fr-FR\",\"potentialAction\":[{\"@type\":\"ReadAction\",\"target\":[\"https:\/\/www.africa-press.net\/benin\/politique\/patrice-talon-accorde-la-grace-presidentielle-a-464-prisonniers-listes\"]}]},{\"@type\":\"ImageObject\",\"inLanguage\":\"fr-FR\",\"@id\":\"https:\/\/www.africa-press.net\/benin\/politique\/patrice-talon-accorde-la-grace-presidentielle-a-464-prisonniers-listes#primaryimage\",\"url\":\"https:\/\/static.africa-press.net\/benin\/sites\/46\/2024\/08\/sm_1722707675.718206.jpg\",\"contentUrl\":\"https:\/\/static.africa-press.net\/benin\/sites\/46\/2024\/08\/sm_1722707675.718206.jpg\",\"width\":1221,\"height\":732,\"caption\":\"Patrice Talon Accorde la Gr\u00e2ce Pr\u00e9sidentielle \u00e0 464 Prisonniers (Listes)\"},{\"@type\":\"BreadcrumbList\",\"@id\":\"https:\/\/www.africa-press.net\/benin\/politique\/patrice-talon-accorde-la-grace-presidentielle-a-464-prisonniers-listes#breadcrumb\",\"itemListElement\":[{\"@type\":\"ListItem\",\"position\":1,\"name\":\"Accueil\",\"item\":\"https:\/\/www.africa-press.net\/benin\/\"},{\"@type\":\"ListItem\",\"position\":2,\"name\":\"Patrice Talon Accorde la Gr\u00e2ce Pr\u00e9sidentielle \u00e0 464 Prisonniers (Listes)\"}]},{\"@type\":\"WebSite\",\"@id\":\"https:\/\/www.africa-press.net\/benin\/#website\",\"url\":\"https:\/\/www.africa-press.net\/benin\/\",\"name\":\"B\u00e9nin\",\"description\":\"Just another Africa News Agency Sites site\",\"potentialAction\":[{\"@type\":\"SearchAction\",\"target\":{\"@type\":\"EntryPoint\",\"urlTemplate\":\"https:\/\/www.africa-press.net\/benin\/?s={search_term_string}\"},\"query-input\":{\"@type\":\"PropertyValueSpecification\",\"valueRequired\":true,\"valueName\":\"search_term_string\"}}],\"inLanguage\":\"fr-FR\"},{\"@type\":\"Person\",\"@id\":\"https:\/\/www.africa-press.net\/benin\/#\/schema\/person\/2b1cf3cd81a31e3cd26889ca66d677f1\",\"name\":\"cfeditorfr\"}]}<\/script>\n<!-- \/ Yoast SEO Premium plugin. -->","yoast_head_json":{"title":"Patrice Talon Accorde la Gr\u00e2ce Pr\u00e9sidentielle \u00e0 464 Prisonniers (Listes) - B\u00e9nin","description":"Le pre\u0301sident Patrice Talon a accorde\u0301 la gra\u0302ce pre\u0301sidentielle a\u0300 464 prisonniers condamne\u0301es a\u0300 des peines criminelle ...","robots":{"index":"index","follow":"follow","max-snippet":"max-snippet:-1","max-image-preview":"max-image-preview:large","max-video-preview":"max-video-preview:-1"},"canonical":"https:\/\/www.africa-press.net\/benin\/politique\/patrice-talon-accorde-la-grace-presidentielle-a-464-prisonniers-listes","og_locale":"fr_FR","og_type":"article","og_title":"Patrice Talon Accorde la Gr\u00e2ce Pr\u00e9sidentielle \u00e0 464 Prisonniers (Listes)","og_description":"Le pre\u0301sident Patrice Talon a accorde\u0301 la gra\u0302ce pre\u0301sidentielle a\u0300 464 prisonniers condamne\u0301es a\u0300 des peines criminelle ...","og_url":"https:\/\/www.africa-press.net\/benin\/politique\/patrice-talon-accorde-la-grace-presidentielle-a-464-prisonniers-listes","og_site_name":"B\u00e9nin","article_published_time":"2024-08-03T21:12:24+00:00","article_modified_time":"2024-08-03T21:25:54+00:00","og_image":[{"width":1221,"height":732,"url":"https:\/\/static.africa-press.net\/benin\/sites\/46\/2024\/08\/sm_1722707675.718206.jpg","type":"image\/jpeg"}],"author":"cfeditorfr","twitter_card":"summary_large_image","twitter_misc":{"\u00c9crit par":"cfeditorfr","Dur\u00e9e de lecture estim\u00e9e":"2 minutes"},"schema":{"@context":"https:\/\/schema.org","@graph":[{"@type":"Article","@id":"https:\/\/www.africa-press.net\/benin\/politique\/patrice-talon-accorde-la-grace-presidentielle-a-464-prisonniers-listes#article","isPartOf":{"@id":"https:\/\/www.africa-press.net\/benin\/politique\/patrice-talon-accorde-la-grace-presidentielle-a-464-prisonniers-listes"},"author":{"name":"cfeditorfr","@id":"https:\/\/www.africa-press.net\/benin\/#\/schema\/person\/2b1cf3cd81a31e3cd26889ca66d677f1"},"headline":"Patrice Talon Accorde la Gr\u00e2ce Pr\u00e9sidentielle \u00e0 464 Prisonniers (Listes)","datePublished":"2024-08-03T21:12:24+00:00","dateModified":"2024-08-03T21:25:54+00:00","mainEntityOfPage":{"@id":"https:\/\/www.africa-press.net\/benin\/politique\/patrice-talon-accorde-la-grace-presidentielle-a-464-prisonniers-listes"},"wordCount":336,"commentCount":0,"image":{"@id":"https:\/\/www.africa-press.net\/benin\/politique\/patrice-talon-accorde-la-grace-presidentielle-a-464-prisonniers-listes#primaryimage"},"thumbnailUrl":"https:\/\/static.africa-press.net\/benin\/sites\/46\/2024\/08\/sm_1722707675.718206.jpg","keywords":["B\u00e9nin"],"articleSection":["Politique","Toutes les actualit\u00e9s"],"inLanguage":"fr-FR","potentialAction":[{"@type":"CommentAction","name":"Comment","target":["https:\/\/www.africa-press.net\/benin\/politique\/patrice-talon-accorde-la-grace-presidentielle-a-464-prisonniers-listes#respond"]}]},{"@type":"WebPage","@id":"https:\/\/www.africa-press.net\/benin\/politique\/patrice-talon-accorde-la-grace-presidentielle-a-464-prisonniers-listes","url":"https:\/\/www.africa-press.net\/benin\/politique\/patrice-talon-accorde-la-grace-presidentielle-a-464-prisonniers-listes","name":"Patrice Talon Accorde la Gr\u00e2ce Pr\u00e9sidentielle \u00e0 464 Prisonniers (Listes) - B\u00e9nin","isPartOf":{"@id":"https:\/\/www.africa-press.net\/benin\/#website"},"primaryImageOfPage":{"@id":"https:\/\/www.africa-press.net\/benin\/politique\/patrice-talon-accorde-la-grace-presidentielle-a-464-prisonniers-listes#primaryimage"},"image":{"@id":"https:\/\/www.africa-press.net\/benin\/politique\/patrice-talon-accorde-la-grace-presidentielle-a-464-prisonniers-listes#primaryimage"},"thumbnailUrl":"https:\/\/static.africa-press.net\/benin\/sites\/46\/2024\/08\/sm_1722707675.718206.jpg","datePublished":"2024-08-03T21:12:24+00:00","dateModified":"2024-08-03T21:25:54+00:00","author":{"@id":"https:\/\/www.africa-press.net\/benin\/#\/schema\/person\/2b1cf3cd81a31e3cd26889ca66d677f1"},"description":"Le pre\u0301sident Patrice Talon a accorde\u0301 la gra\u0302ce pre\u0301sidentielle a\u0300 464 prisonniers condamne\u0301es a\u0300 des peines criminelle ...","breadcrumb":{"@id":"https:\/\/www.africa-press.net\/benin\/politique\/patrice-talon-accorde-la-grace-presidentielle-a-464-prisonniers-listes#breadcrumb"},"inLanguage":"fr-FR","potentialAction":[{"@type":"ReadAction","target":["https:\/\/www.africa-press.net\/benin\/politique\/patrice-talon-accorde-la-grace-presidentielle-a-464-prisonniers-listes"]}]},{"@type":"ImageObject","inLanguage":"fr-FR","@id":"https:\/\/www.africa-press.net\/benin\/politique\/patrice-talon-accorde-la-grace-presidentielle-a-464-prisonniers-listes#primaryimage","url":"https:\/\/static.africa-press.net\/benin\/sites\/46\/2024\/08\/sm_1722707675.718206.jpg","contentUrl":"https:\/\/static.africa-press.net\/benin\/sites\/46\/2024\/08\/sm_1722707675.718206.jpg","width":1221,"height":732,"caption":"Patrice Talon Accorde la Gr\u00e2ce Pr\u00e9sidentielle \u00e0 464 Prisonniers (Listes)"},{"@type":"BreadcrumbList","@id":"https:\/\/www.africa-press.net\/benin\/politique\/patrice-talon-accorde-la-grace-presidentielle-a-464-prisonniers-listes#breadcrumb","itemListElement":[{"@type":"ListItem","position":1,"name":"Accueil","item":"https:\/\/www.africa-press.net\/benin\/"},{"@type":"ListItem","position":2,"name":"Patrice Talon Accorde la Gr\u00e2ce Pr\u00e9sidentielle \u00e0 464 Prisonniers (Listes)"}]},{"@type":"WebSite","@id":"https:\/\/www.africa-press.net\/benin\/#website","url":"https:\/\/www.africa-press.net\/benin\/","name":"B\u00e9nin","description":"Just another Africa News Agency Sites site","potentialAction":[{"@type":"SearchAction","target":{"@type":"EntryPoint","urlTemplate":"https:\/\/www.africa-press.net\/benin\/?s={search_term_string}"},"query-input":{"@type":"PropertyValueSpecification","valueRequired":true,"valueName":"search_term_string"}}],"inLanguage":"fr-FR"},{"@type":"Person","@id":"https:\/\/www.africa-press.net\/benin\/#\/schema\/person\/2b1cf3cd81a31e3cd26889ca66d677f1","name":"cfeditorfr"}]}},"_links":{"self":[{"href":"https:\/\/www.africa-press.net\/benin\/wp-json\/wp\/v2\/posts\/31135","targetHints":{"allow":["GET"]}}],"collection":[{"href":"https:\/\/www.africa-press.net\/benin\/wp-json\/wp\/v2\/posts"}],"about":[{"href":"https:\/\/www.africa-press.net\/benin\/wp-json\/wp\/v2\/types\/post"}],"author":[{"embeddable":true,"href":"https:\/\/www.africa-press.net\/benin\/wp-json\/wp\/v2\/users\/82"}],"replies":[{"embeddable":true,"href":"https:\/\/www.africa-press.net\/benin\/wp-json\/wp\/v2\/comments?post=31135"}],"version-history":[{"count":0,"href":"https:\/\/www.africa-press.net\/benin\/wp-json\/wp\/v2\/posts\/31135\/revisions"}],"wp:featuredmedia":[{"embeddable":true,"href":"https:\/\/www.africa-press.net\/benin\/wp-json\/wp\/v2\/media\/31134"}],"wp:attachment":[{"href":"https:\/\/www.africa-press.net\/benin\/wp-json\/wp\/v2\/media?parent=31135"}],"wp:term":[{"taxonomy":"category","embeddable":true,"href":"https:\/\/www.africa-press.net\/benin\/wp-json\/wp\/v2\/categories?post=31135"},{"taxonomy":"post_tag","embeddable":true,"href":"https:\/\/www.africa-press.net\/benin\/wp-json\/wp\/v2\/tags?post=31135"}],"curies":[{"name":"wp","href":"https:\/\/api.w.org\/{rel}","templated":true}]}}