{"id":32625,"date":"2024-09-17T22:47:31","date_gmt":"2024-09-17T22:47:31","guid":{"rendered":"https:\/\/www.africa-press.net\/benin\/politique\/vers-le-recrutement-de-146-fonctionnaires-au-profit-du-ministere-de-la-justice"},"modified":"2024-09-18T01:05:01","modified_gmt":"2024-09-18T01:05:01","slug":"vers-le-recrutement-de-146-fonctionnaires-au-profit-du-ministere-de-la-justice","status":"publish","type":"post","link":"https:\/\/www.africa-press.net\/benin\/toutes-les-actualites\/vers-le-recrutement-de-146-fonctionnaires-au-profit-du-ministere-de-la-justice","title":{"rendered":"vers le recrutement de 146 fonctionnaires au profit du minist\u00e8re de la justice"},"content":{"rendered":"<p><span style=\"color: #ff6600\"><strong>Africa-Press &#8211; Benin. <\/strong><\/span>Il sera proce\u0301de\u0301 les jours a\u0300 venir d\u2019un recrutement de 146 fonctionnaires au profit du ministe\u0300re de la justice.<\/p>\n<p>Pour renforcer l\u2019effectif des travailleurs au profit du ministe\u0300re de la justice, il est annonce\u0301 le recrutement de 146 fonctionnaires. L\u2019annonce e\u0301mane de madame Mathys Adidjatou, ministre de la fonction publique et du travail.<\/p>\n<p>Le communique\u0301 rendu public ce mardi 17 septembre 2024 par le ministe\u0300re du travail, spe\u0301cifie qu\u2019il s\u2019agit du recrutement de 100 auditeurs de justice et de 46 autres agents dont 17 personnes en situation de handicap.<\/p>\n<p>Les conditions et autres modalite\u0301s d\u2019organisation de ce concours de recrutement sont pre\u0301cise\u0301es dans ledit communique\u0301.<\/p>\n<p><b>Communique\u0301 du ministe\u0300re du travail<\/b><\/p>\n<p><strong>Pour plus d&rsquo;informations et d&rsquo;analyses sur la <span style=\"color: #ff6600\">Benin<\/span>, suivez <span style=\"color: #ff6600\">Africa-Press<\/span><\/strong><\/p>\n","protected":false},"excerpt":{"rendered":"<p>Africa-Press &#8211; Benin. Il sera proce\u0301de\u0301 les jours a\u0300 venir d\u2019un recrutement de 146 fonctionnaires au profit du ministe\u0300re de la justice. Pour renforcer l\u2019effectif des travailleurs au profit du ministe\u0300re de la justice, il est annonce\u0301 le recrutement de 146 fonctionnaires. L\u2019annonce e\u0301mane de madame Mathys Adidjatou, ministre de la fonction publique et du [&hellip;]<\/p>\n","protected":false},"author":82,"featured_media":32623,"comment_status":"open","ping_status":"closed","sticky":false,"template":"","format":"standard","meta":{"footnotes":""},"categories":[21,10],"tags":[45],"class_list":["post-32625","post","type-post","status-publish","format-standard","has-post-thumbnail","hentry","category-communaute","category-toutes-les-actualites","tag-benin"],"yoast_head":"<!-- This site is optimized with the Yoast SEO Premium plugin v26.1 (Yoast SEO v27.0) - https:\/\/yoast.com\/product\/yoast-seo-premium-wordpress\/ -->\n<title>vers le recrutement de 146 fonctionnaires au profit du minist\u00e8re de la justice - B\u00e9nin<\/title>\n<meta name=\"description\" content=\"Il sera proce\u0301de\u0301 les jours a\u0300 venir d\u2019un recrutement de 146 fonctionnaires au profit du ministe\u0300re de la justice. Pour ...\" \/>\n<meta name=\"robots\" content=\"index, follow, max-snippet:-1, max-image-preview:large, max-video-preview:-1\" \/>\n<link rel=\"canonical\" href=\"https:\/\/www.africa-press.net\/benin\/toutes-les-actualites\/vers-le-recrutement-de-146-fonctionnaires-au-profit-du-ministere-de-la-justice\" \/>\n<meta property=\"og:locale\" content=\"fr_FR\" \/>\n<meta property=\"og:type\" content=\"article\" \/>\n<meta property=\"og:title\" content=\"vers le recrutement de 146 fonctionnaires au profit du minist\u00e8re de la justice\" \/>\n<meta property=\"og:description\" content=\"Il sera proce\u0301de\u0301 les jours a\u0300 venir d\u2019un recrutement de 146 fonctionnaires au profit du ministe\u0300re de la justice. Pour ...\" \/>\n<meta property=\"og:url\" content=\"https:\/\/www.africa-press.net\/benin\/toutes-les-actualites\/vers-le-recrutement-de-146-fonctionnaires-au-profit-du-ministere-de-la-justice\" \/>\n<meta property=\"og:site_name\" content=\"B\u00e9nin\" \/>\n<meta property=\"article:published_time\" content=\"2024-09-17T22:47:31+00:00\" \/>\n<meta property=\"article:modified_time\" content=\"2024-09-18T01:05:01+00:00\" \/>\n<meta property=\"og:image\" content=\"https:\/\/static.africa-press.net\/benin\/sites\/46\/2024\/09\/sm_1726608866.19255.jpg\" \/>\n\t<meta property=\"og:image:width\" content=\"1200\" \/>\n\t<meta property=\"og:image:height\" content=\"504\" \/>\n\t<meta property=\"og:image:type\" content=\"image\/jpeg\" \/>\n<meta name=\"author\" content=\"cfeditorfr\" \/>\n<meta name=\"twitter:card\" content=\"summary_large_image\" \/>\n<meta name=\"twitter:label1\" content=\"\u00c9crit par\" \/>\n\t<meta name=\"twitter:data1\" content=\"cfeditorfr\" \/>\n\t<meta name=\"twitter:label2\" content=\"Dur\u00e9e de lecture estim\u00e9e\" \/>\n\t<meta name=\"twitter:data2\" content=\"1 minute\" \/>\n<script type=\"application\/ld+json\" class=\"yoast-schema-graph\">{\"@context\":\"https:\/\/schema.org\",\"@graph\":[{\"@type\":\"Article\",\"@id\":\"https:\/\/www.africa-press.net\/benin\/toutes-les-actualites\/vers-le-recrutement-de-146-fonctionnaires-au-profit-du-ministere-de-la-justice#article\",\"isPartOf\":{\"@id\":\"https:\/\/www.africa-press.net\/benin\/toutes-les-actualites\/vers-le-recrutement-de-146-fonctionnaires-au-profit-du-ministere-de-la-justice\"},\"author\":{\"name\":\"cfeditorfr\",\"@id\":\"https:\/\/www.africa-press.net\/benin\/#\/schema\/person\/2b1cf3cd81a31e3cd26889ca66d677f1\"},\"headline\":\"vers le recrutement de 146 fonctionnaires au profit du minist\u00e8re de la justice\",\"datePublished\":\"2024-09-17T22:47:31+00:00\",\"dateModified\":\"2024-09-18T01:05:01+00:00\",\"mainEntityOfPage\":{\"@id\":\"https:\/\/www.africa-press.net\/benin\/toutes-les-actualites\/vers-le-recrutement-de-146-fonctionnaires-au-profit-du-ministere-de-la-justice\"},\"wordCount\":147,\"commentCount\":0,\"image\":{\"@id\":\"https:\/\/www.africa-press.net\/benin\/toutes-les-actualites\/vers-le-recrutement-de-146-fonctionnaires-au-profit-du-ministere-de-la-justice#primaryimage\"},\"thumbnailUrl\":\"https:\/\/static.africa-press.net\/benin\/sites\/46\/2024\/09\/sm_1726608866.19255.jpg\",\"keywords\":[\"B\u00e9nin\"],\"articleSection\":[\"Communaut\u00e9\",\"Toutes les actualit\u00e9s\"],\"inLanguage\":\"fr-FR\",\"potentialAction\":[{\"@type\":\"CommentAction\",\"name\":\"Comment\",\"target\":[\"https:\/\/www.africa-press.net\/benin\/toutes-les-actualites\/vers-le-recrutement-de-146-fonctionnaires-au-profit-du-ministere-de-la-justice#respond\"]}]},{\"@type\":\"WebPage\",\"@id\":\"https:\/\/www.africa-press.net\/benin\/toutes-les-actualites\/vers-le-recrutement-de-146-fonctionnaires-au-profit-du-ministere-de-la-justice\",\"url\":\"https:\/\/www.africa-press.net\/benin\/toutes-les-actualites\/vers-le-recrutement-de-146-fonctionnaires-au-profit-du-ministere-de-la-justice\",\"name\":\"vers le recrutement de 146 fonctionnaires au profit du minist\u00e8re de la justice - B\u00e9nin\",\"isPartOf\":{\"@id\":\"https:\/\/www.africa-press.net\/benin\/#website\"},\"primaryImageOfPage\":{\"@id\":\"https:\/\/www.africa-press.net\/benin\/toutes-les-actualites\/vers-le-recrutement-de-146-fonctionnaires-au-profit-du-ministere-de-la-justice#primaryimage\"},\"image\":{\"@id\":\"https:\/\/www.africa-press.net\/benin\/toutes-les-actualites\/vers-le-recrutement-de-146-fonctionnaires-au-profit-du-ministere-de-la-justice#primaryimage\"},\"thumbnailUrl\":\"https:\/\/static.africa-press.net\/benin\/sites\/46\/2024\/09\/sm_1726608866.19255.jpg\",\"datePublished\":\"2024-09-17T22:47:31+00:00\",\"dateModified\":\"2024-09-18T01:05:01+00:00\",\"author\":{\"@id\":\"https:\/\/www.africa-press.net\/benin\/#\/schema\/person\/2b1cf3cd81a31e3cd26889ca66d677f1\"},\"description\":\"Il sera proce\u0301de\u0301 les jours a\u0300 venir d\u2019un recrutement de 146 fonctionnaires au profit du ministe\u0300re de la justice. Pour ...\",\"breadcrumb\":{\"@id\":\"https:\/\/www.africa-press.net\/benin\/toutes-les-actualites\/vers-le-recrutement-de-146-fonctionnaires-au-profit-du-ministere-de-la-justice#breadcrumb\"},\"inLanguage\":\"fr-FR\",\"potentialAction\":[{\"@type\":\"ReadAction\",\"target\":[\"https:\/\/www.africa-press.net\/benin\/toutes-les-actualites\/vers-le-recrutement-de-146-fonctionnaires-au-profit-du-ministere-de-la-justice\"]}]},{\"@type\":\"ImageObject\",\"inLanguage\":\"fr-FR\",\"@id\":\"https:\/\/www.africa-press.net\/benin\/toutes-les-actualites\/vers-le-recrutement-de-146-fonctionnaires-au-profit-du-ministere-de-la-justice#primaryimage\",\"url\":\"https:\/\/static.africa-press.net\/benin\/sites\/46\/2024\/09\/sm_1726608866.19255.jpg\",\"contentUrl\":\"https:\/\/static.africa-press.net\/benin\/sites\/46\/2024\/09\/sm_1726608866.19255.jpg\",\"width\":1200,\"height\":504,\"caption\":\"vers le recrutement de 146 fonctionnaires au profit du minist\u00e8re de la justice\"},{\"@type\":\"BreadcrumbList\",\"@id\":\"https:\/\/www.africa-press.net\/benin\/toutes-les-actualites\/vers-le-recrutement-de-146-fonctionnaires-au-profit-du-ministere-de-la-justice#breadcrumb\",\"itemListElement\":[{\"@type\":\"ListItem\",\"position\":1,\"name\":\"Accueil\",\"item\":\"https:\/\/www.africa-press.net\/benin\/\"},{\"@type\":\"ListItem\",\"position\":2,\"name\":\"vers le recrutement de 146 fonctionnaires au profit du minist\u00e8re de la justice\"}]},{\"@type\":\"WebSite\",\"@id\":\"https:\/\/www.africa-press.net\/benin\/#website\",\"url\":\"https:\/\/www.africa-press.net\/benin\/\",\"name\":\"B\u00e9nin\",\"description\":\"Just another Africa News Agency Sites site\",\"potentialAction\":[{\"@type\":\"SearchAction\",\"target\":{\"@type\":\"EntryPoint\",\"urlTemplate\":\"https:\/\/www.africa-press.net\/benin\/?s={search_term_string}\"},\"query-input\":{\"@type\":\"PropertyValueSpecification\",\"valueRequired\":true,\"valueName\":\"search_term_string\"}}],\"inLanguage\":\"fr-FR\"},{\"@type\":\"Person\",\"@id\":\"https:\/\/www.africa-press.net\/benin\/#\/schema\/person\/2b1cf3cd81a31e3cd26889ca66d677f1\",\"name\":\"cfeditorfr\"}]}<\/script>\n<!-- \/ Yoast SEO Premium plugin. -->","yoast_head_json":{"title":"vers le recrutement de 146 fonctionnaires au profit du minist\u00e8re de la justice - B\u00e9nin","description":"Il sera proce\u0301de\u0301 les jours a\u0300 venir d\u2019un recrutement de 146 fonctionnaires au profit du ministe\u0300re de la justice. Pour ...","robots":{"index":"index","follow":"follow","max-snippet":"max-snippet:-1","max-image-preview":"max-image-preview:large","max-video-preview":"max-video-preview:-1"},"canonical":"https:\/\/www.africa-press.net\/benin\/toutes-les-actualites\/vers-le-recrutement-de-146-fonctionnaires-au-profit-du-ministere-de-la-justice","og_locale":"fr_FR","og_type":"article","og_title":"vers le recrutement de 146 fonctionnaires au profit du minist\u00e8re de la justice","og_description":"Il sera proce\u0301de\u0301 les jours a\u0300 venir d\u2019un recrutement de 146 fonctionnaires au profit du ministe\u0300re de la justice. Pour ...","og_url":"https:\/\/www.africa-press.net\/benin\/toutes-les-actualites\/vers-le-recrutement-de-146-fonctionnaires-au-profit-du-ministere-de-la-justice","og_site_name":"B\u00e9nin","article_published_time":"2024-09-17T22:47:31+00:00","article_modified_time":"2024-09-18T01:05:01+00:00","og_image":[{"width":1200,"height":504,"url":"https:\/\/static.africa-press.net\/benin\/sites\/46\/2024\/09\/sm_1726608866.19255.jpg","type":"image\/jpeg"}],"author":"cfeditorfr","twitter_card":"summary_large_image","twitter_misc":{"\u00c9crit par":"cfeditorfr","Dur\u00e9e de lecture estim\u00e9e":"1 minute"},"schema":{"@context":"https:\/\/schema.org","@graph":[{"@type":"Article","@id":"https:\/\/www.africa-press.net\/benin\/toutes-les-actualites\/vers-le-recrutement-de-146-fonctionnaires-au-profit-du-ministere-de-la-justice#article","isPartOf":{"@id":"https:\/\/www.africa-press.net\/benin\/toutes-les-actualites\/vers-le-recrutement-de-146-fonctionnaires-au-profit-du-ministere-de-la-justice"},"author":{"name":"cfeditorfr","@id":"https:\/\/www.africa-press.net\/benin\/#\/schema\/person\/2b1cf3cd81a31e3cd26889ca66d677f1"},"headline":"vers le recrutement de 146 fonctionnaires au profit du minist\u00e8re de la justice","datePublished":"2024-09-17T22:47:31+00:00","dateModified":"2024-09-18T01:05:01+00:00","mainEntityOfPage":{"@id":"https:\/\/www.africa-press.net\/benin\/toutes-les-actualites\/vers-le-recrutement-de-146-fonctionnaires-au-profit-du-ministere-de-la-justice"},"wordCount":147,"commentCount":0,"image":{"@id":"https:\/\/www.africa-press.net\/benin\/toutes-les-actualites\/vers-le-recrutement-de-146-fonctionnaires-au-profit-du-ministere-de-la-justice#primaryimage"},"thumbnailUrl":"https:\/\/static.africa-press.net\/benin\/sites\/46\/2024\/09\/sm_1726608866.19255.jpg","keywords":["B\u00e9nin"],"articleSection":["Communaut\u00e9","Toutes les actualit\u00e9s"],"inLanguage":"fr-FR","potentialAction":[{"@type":"CommentAction","name":"Comment","target":["https:\/\/www.africa-press.net\/benin\/toutes-les-actualites\/vers-le-recrutement-de-146-fonctionnaires-au-profit-du-ministere-de-la-justice#respond"]}]},{"@type":"WebPage","@id":"https:\/\/www.africa-press.net\/benin\/toutes-les-actualites\/vers-le-recrutement-de-146-fonctionnaires-au-profit-du-ministere-de-la-justice","url":"https:\/\/www.africa-press.net\/benin\/toutes-les-actualites\/vers-le-recrutement-de-146-fonctionnaires-au-profit-du-ministere-de-la-justice","name":"vers le recrutement de 146 fonctionnaires au profit du minist\u00e8re de la justice - B\u00e9nin","isPartOf":{"@id":"https:\/\/www.africa-press.net\/benin\/#website"},"primaryImageOfPage":{"@id":"https:\/\/www.africa-press.net\/benin\/toutes-les-actualites\/vers-le-recrutement-de-146-fonctionnaires-au-profit-du-ministere-de-la-justice#primaryimage"},"image":{"@id":"https:\/\/www.africa-press.net\/benin\/toutes-les-actualites\/vers-le-recrutement-de-146-fonctionnaires-au-profit-du-ministere-de-la-justice#primaryimage"},"thumbnailUrl":"https:\/\/static.africa-press.net\/benin\/sites\/46\/2024\/09\/sm_1726608866.19255.jpg","datePublished":"2024-09-17T22:47:31+00:00","dateModified":"2024-09-18T01:05:01+00:00","author":{"@id":"https:\/\/www.africa-press.net\/benin\/#\/schema\/person\/2b1cf3cd81a31e3cd26889ca66d677f1"},"description":"Il sera proce\u0301de\u0301 les jours a\u0300 venir d\u2019un recrutement de 146 fonctionnaires au profit du ministe\u0300re de la justice. Pour ...","breadcrumb":{"@id":"https:\/\/www.africa-press.net\/benin\/toutes-les-actualites\/vers-le-recrutement-de-146-fonctionnaires-au-profit-du-ministere-de-la-justice#breadcrumb"},"inLanguage":"fr-FR","potentialAction":[{"@type":"ReadAction","target":["https:\/\/www.africa-press.net\/benin\/toutes-les-actualites\/vers-le-recrutement-de-146-fonctionnaires-au-profit-du-ministere-de-la-justice"]}]},{"@type":"ImageObject","inLanguage":"fr-FR","@id":"https:\/\/www.africa-press.net\/benin\/toutes-les-actualites\/vers-le-recrutement-de-146-fonctionnaires-au-profit-du-ministere-de-la-justice#primaryimage","url":"https:\/\/static.africa-press.net\/benin\/sites\/46\/2024\/09\/sm_1726608866.19255.jpg","contentUrl":"https:\/\/static.africa-press.net\/benin\/sites\/46\/2024\/09\/sm_1726608866.19255.jpg","width":1200,"height":504,"caption":"vers le recrutement de 146 fonctionnaires au profit du minist\u00e8re de la justice"},{"@type":"BreadcrumbList","@id":"https:\/\/www.africa-press.net\/benin\/toutes-les-actualites\/vers-le-recrutement-de-146-fonctionnaires-au-profit-du-ministere-de-la-justice#breadcrumb","itemListElement":[{"@type":"ListItem","position":1,"name":"Accueil","item":"https:\/\/www.africa-press.net\/benin\/"},{"@type":"ListItem","position":2,"name":"vers le recrutement de 146 fonctionnaires au profit du minist\u00e8re de la justice"}]},{"@type":"WebSite","@id":"https:\/\/www.africa-press.net\/benin\/#website","url":"https:\/\/www.africa-press.net\/benin\/","name":"B\u00e9nin","description":"Just another Africa News Agency Sites site","potentialAction":[{"@type":"SearchAction","target":{"@type":"EntryPoint","urlTemplate":"https:\/\/www.africa-press.net\/benin\/?s={search_term_string}"},"query-input":{"@type":"PropertyValueSpecification","valueRequired":true,"valueName":"search_term_string"}}],"inLanguage":"fr-FR"},{"@type":"Person","@id":"https:\/\/www.africa-press.net\/benin\/#\/schema\/person\/2b1cf3cd81a31e3cd26889ca66d677f1","name":"cfeditorfr"}]}},"_links":{"self":[{"href":"https:\/\/www.africa-press.net\/benin\/wp-json\/wp\/v2\/posts\/32625","targetHints":{"allow":["GET"]}}],"collection":[{"href":"https:\/\/www.africa-press.net\/benin\/wp-json\/wp\/v2\/posts"}],"about":[{"href":"https:\/\/www.africa-press.net\/benin\/wp-json\/wp\/v2\/types\/post"}],"author":[{"embeddable":true,"href":"https:\/\/www.africa-press.net\/benin\/wp-json\/wp\/v2\/users\/82"}],"replies":[{"embeddable":true,"href":"https:\/\/www.africa-press.net\/benin\/wp-json\/wp\/v2\/comments?post=32625"}],"version-history":[{"count":0,"href":"https:\/\/www.africa-press.net\/benin\/wp-json\/wp\/v2\/posts\/32625\/revisions"}],"wp:featuredmedia":[{"embeddable":true,"href":"https:\/\/www.africa-press.net\/benin\/wp-json\/wp\/v2\/media\/32623"}],"wp:attachment":[{"href":"https:\/\/www.africa-press.net\/benin\/wp-json\/wp\/v2\/media?parent=32625"}],"wp:term":[{"taxonomy":"category","embeddable":true,"href":"https:\/\/www.africa-press.net\/benin\/wp-json\/wp\/v2\/categories?post=32625"},{"taxonomy":"post_tag","embeddable":true,"href":"https:\/\/www.africa-press.net\/benin\/wp-json\/wp\/v2\/tags?post=32625"}],"curies":[{"name":"wp","href":"https:\/\/api.w.org\/{rel}","templated":true}]}}