{"id":32644,"date":"2024-09-17T22:48:13","date_gmt":"2024-09-17T22:48:13","guid":{"rendered":"https:\/\/www.africa-press.net\/benin\/politique\/recue-par-talon-une-delegation-de-femmes-leaders-politiques-annonce-un-evenement"},"modified":"2024-09-18T01:06:38","modified_gmt":"2024-09-18T01:06:38","slug":"recue-par-talon-une-delegation-de-femmes-leaders-politiques-annonce-un-evenement","status":"publish","type":"post","link":"https:\/\/www.africa-press.net\/benin\/politique\/recue-par-talon-une-delegation-de-femmes-leaders-politiques-annonce-un-evenement","title":{"rendered":"re\u00e7ue par Talon, une d\u00e9l\u00e9gation de femmes leaders politiques annonce un \u00e9v\u00e8nement"},"content":{"rendered":"<p><span style=\"color: #ff6600\"><strong>Africa-Press &#8211; Benin. <\/strong><\/span>Le Pre\u0301sident de la Re\u0301publique du Be\u0301nin, Patrice Talon, et la Vice-pre\u0301sidente Mariam Chabi Talata ont rec\u0327u une de\u0301le\u0301gation des femmes leaders politiques du pays au Palais de la Marina. La rencontre visait a\u0300 promouvoir une plus grande participation des femmes dans les instances de de\u0301cision, avec un accent sur les jeunes ge\u0301ne\u0301rations et la sante\u0301.<\/p>\n<p>La Pre\u0301sidente de l\u2019Institut national des Femmes (INF), Huguette Bokpe\u0300 Gnancadja qui a fait le point de la rencontre, a souligne\u0301 que lors de la re\u0301union, l\u2019accent a e\u0301te\u0301 mis sur la ne\u0301cessite\u0301 de renforcer la repre\u0301sentativite\u0301 des femmes dans les instances de\u0301cisionnelles.<\/p>\n<p>Des propositions de re\u0301formes ont e\u0301te\u0301 pre\u0301sente\u0301es au chef de l\u2019E\u0301tat et a\u0300 la vice-pre\u0301sidente en vue d\u2019ame\u0301liorer la pre\u0301sence des femmes dans les de\u0301cisions politiques, tant au niveau national que local. En outre, l\u2019importance de la sante\u0301 a e\u0301te\u0301 aborde\u0301e, ainsi que l\u2019aspiration a\u0300 orienter les rencontres nationales interge\u0301ne\u0301rationnelles.<\/p>\n<p>Un aspect marquant de cette initiative est de faire des rencontres nationales un ve\u0301ritable lieu de re\u0301flexion, de partage d\u2019expe\u0301rience et d\u2019ancrage identitaire. La pre\u0301sidente de l\u2019INF a souligne\u0301 l\u2019importance de la re\u0301habilitation des figures fe\u0301minines historiques comme la Reine Hangbe\u0301 et les Amazones du Dahomey.<\/p>\n<p>\u00ab Nous souhaitons ancrer cette tradition fe\u0301minine historique dans le pre\u0301sent, en faisant de ces rencontres un espace de re\u0301flexion sur le pouvoir politique fe\u0301minin, qui existe depuis plus de cinq sie\u0300cles \u00bb, a-t-elle affirme\u0301.<\/p>\n<p>Elle a e\u0301galement souligne\u0301 que cette de\u0301marche s\u2019inscrit dans la continuite\u0301 des actions entreprises par la Vice-pre\u0301sidente du Be\u0301nin, Mariam Chabi Talata. Il est crucial de reconnai\u0302tre le me\u0301rite a\u0300 qui de droit. \u00ab Cette initiative est ne\u0301e de la vision de la Vice-pre\u0301sidente, et nous la soutenons depuis l\u2019anne\u0301e dernie\u0300re. Nous l\u2019avons accompagne\u0301e l\u2019anne\u0301e dernie\u0300re, et nous sommes encore a\u0300 ses co\u0302te\u0301s cette anne\u0301e. \u00bb, -t-elle souligne\u0301.<\/p>\n<p>Le pre\u0301sident Patrice Talon a fe\u0301licite\u0301 la de\u0301le\u0301gation pour ses efforts et partage\u0301 des ide\u0301es pour renforcer la porte\u0301e des assises. Il a souligne\u0301 l\u2019importance de former les jeunes femmes inte\u0301resse\u0301es par une carrie\u0300re politique, et l\u2019audience a permis d\u2019esquisser des strate\u0301gies pour pe\u0301renniser cette de\u0301marche.<\/p>\n<p>\u00ab Le chef de l\u2019E\u0301tat nous a non seulement encourage\u0301s, mais il a e\u0301galement partage\u0301 des ide\u0301es pour faire de ces assises un ve\u0301ritable outil, allant jusqu\u2019a\u0300 envisager une formation spe\u0301cifique pour les jeunes femmes qui entreront en politique \u00bb, a rapporte\u0301 la pre\u0301sidente de l\u2019INF.<\/p>\n<p>La pre\u0301sidente de l\u2019INF a indique\u0301 que les 19, 20 et 21 septembre seront de\u0301die\u0301s aux communications et aux e\u0301changes. Le point culminant de ces rencontres sera la ce\u0301le\u0301bration de la fe\u0302te de la Gaani Gnon Kogui, dans l\u2019apre\u0300s-midi du 21 septembre. Cet e\u0301ve\u0301nement constituera un moment fort de re\u0301flexion et de ce\u0301le\u0301bration de la place des femmes dans la tradition et la politique be\u0301ninoises.<\/p>\n<p><strong>Pour plus d&rsquo;informations et d&rsquo;analyses sur la <span style=\"color: #ff6600\">Benin<\/span>, suivez <span style=\"color: #ff6600\">Africa-Press<\/span><\/strong><\/p>\n","protected":false},"excerpt":{"rendered":"<p>Africa-Press &#8211; Benin. Le Pre\u0301sident de la Re\u0301publique du Be\u0301nin, Patrice Talon, et la Vice-pre\u0301sidente Mariam Chabi Talata ont rec\u0327u une de\u0301le\u0301gation des femmes leaders politiques du pays au Palais de la Marina. La rencontre visait a\u0300 promouvoir une plus grande participation des femmes dans les instances de de\u0301cision, avec un accent sur les jeunes [&hellip;]<\/p>\n","protected":false},"author":82,"featured_media":32642,"comment_status":"open","ping_status":"closed","sticky":false,"template":"","format":"standard","meta":{"footnotes":""},"categories":[2,10],"tags":[45],"class_list":["post-32644","post","type-post","status-publish","format-standard","has-post-thumbnail","hentry","category-politique","category-toutes-les-actualites","tag-benin"],"yoast_head":"<!-- This site is optimized with the Yoast SEO Premium plugin v26.1 (Yoast SEO v27.0) - https:\/\/yoast.com\/product\/yoast-seo-premium-wordpress\/ -->\n<title>re\u00e7ue par Talon, une d\u00e9l\u00e9gation de femmes leaders politiques annonce un \u00e9v\u00e8nement - B\u00e9nin<\/title>\n<meta name=\"description\" content=\"Le Pre\u0301sident de la Re\u0301publique du Be\u0301nin, Patrice Talon, et la Vice-pre\u0301sidente Mariam Chabi Talata ont rec\u0327u une de\u0301le ...\" \/>\n<meta name=\"robots\" content=\"index, follow, max-snippet:-1, max-image-preview:large, max-video-preview:-1\" \/>\n<link rel=\"canonical\" href=\"https:\/\/www.africa-press.net\/benin\/politique\/recue-par-talon-une-delegation-de-femmes-leaders-politiques-annonce-un-evenement\" \/>\n<meta property=\"og:locale\" content=\"fr_FR\" \/>\n<meta property=\"og:type\" content=\"article\" \/>\n<meta property=\"og:title\" content=\"re\u00e7ue par Talon, une d\u00e9l\u00e9gation de femmes leaders politiques annonce un \u00e9v\u00e8nement\" \/>\n<meta property=\"og:description\" content=\"Le Pre\u0301sident de la Re\u0301publique du Be\u0301nin, Patrice Talon, et la Vice-pre\u0301sidente Mariam Chabi Talata ont rec\u0327u une de\u0301le ...\" \/>\n<meta property=\"og:url\" content=\"https:\/\/www.africa-press.net\/benin\/politique\/recue-par-talon-une-delegation-de-femmes-leaders-politiques-annonce-un-evenement\" \/>\n<meta property=\"og:site_name\" content=\"B\u00e9nin\" \/>\n<meta property=\"article:published_time\" content=\"2024-09-17T22:48:13+00:00\" \/>\n<meta property=\"article:modified_time\" content=\"2024-09-18T01:06:38+00:00\" \/>\n<meta property=\"og:image\" content=\"https:\/\/static.africa-press.net\/benin\/sites\/46\/2024\/09\/sm_1726608960.40092.jpg\" \/>\n\t<meta property=\"og:image:width\" content=\"1500\" \/>\n\t<meta property=\"og:image:height\" content=\"800\" \/>\n\t<meta property=\"og:image:type\" content=\"image\/jpeg\" \/>\n<meta name=\"author\" content=\"cfeditorfr\" \/>\n<meta name=\"twitter:card\" content=\"summary_large_image\" \/>\n<meta name=\"twitter:label1\" content=\"\u00c9crit par\" \/>\n\t<meta name=\"twitter:data1\" content=\"cfeditorfr\" \/>\n\t<meta name=\"twitter:label2\" content=\"Dur\u00e9e de lecture estim\u00e9e\" \/>\n\t<meta name=\"twitter:data2\" content=\"3 minutes\" \/>\n<script type=\"application\/ld+json\" class=\"yoast-schema-graph\">{\"@context\":\"https:\/\/schema.org\",\"@graph\":[{\"@type\":\"Article\",\"@id\":\"https:\/\/www.africa-press.net\/benin\/politique\/recue-par-talon-une-delegation-de-femmes-leaders-politiques-annonce-un-evenement#article\",\"isPartOf\":{\"@id\":\"https:\/\/www.africa-press.net\/benin\/politique\/recue-par-talon-une-delegation-de-femmes-leaders-politiques-annonce-un-evenement\"},\"author\":{\"name\":\"cfeditorfr\",\"@id\":\"https:\/\/www.africa-press.net\/benin\/#\/schema\/person\/2b1cf3cd81a31e3cd26889ca66d677f1\"},\"headline\":\"re\u00e7ue par Talon, une d\u00e9l\u00e9gation de femmes leaders politiques annonce un \u00e9v\u00e8nement\",\"datePublished\":\"2024-09-17T22:48:13+00:00\",\"dateModified\":\"2024-09-18T01:06:38+00:00\",\"mainEntityOfPage\":{\"@id\":\"https:\/\/www.africa-press.net\/benin\/politique\/recue-par-talon-une-delegation-de-femmes-leaders-politiques-annonce-un-evenement\"},\"wordCount\":587,\"commentCount\":0,\"image\":{\"@id\":\"https:\/\/www.africa-press.net\/benin\/politique\/recue-par-talon-une-delegation-de-femmes-leaders-politiques-annonce-un-evenement#primaryimage\"},\"thumbnailUrl\":\"https:\/\/static.africa-press.net\/benin\/sites\/46\/2024\/09\/sm_1726608960.40092.jpg\",\"keywords\":[\"B\u00e9nin\"],\"articleSection\":[\"Politique\",\"Toutes les actualit\u00e9s\"],\"inLanguage\":\"fr-FR\",\"potentialAction\":[{\"@type\":\"CommentAction\",\"name\":\"Comment\",\"target\":[\"https:\/\/www.africa-press.net\/benin\/politique\/recue-par-talon-une-delegation-de-femmes-leaders-politiques-annonce-un-evenement#respond\"]}]},{\"@type\":\"WebPage\",\"@id\":\"https:\/\/www.africa-press.net\/benin\/politique\/recue-par-talon-une-delegation-de-femmes-leaders-politiques-annonce-un-evenement\",\"url\":\"https:\/\/www.africa-press.net\/benin\/politique\/recue-par-talon-une-delegation-de-femmes-leaders-politiques-annonce-un-evenement\",\"name\":\"re\u00e7ue par Talon, une d\u00e9l\u00e9gation de femmes leaders politiques annonce un \u00e9v\u00e8nement - B\u00e9nin\",\"isPartOf\":{\"@id\":\"https:\/\/www.africa-press.net\/benin\/#website\"},\"primaryImageOfPage\":{\"@id\":\"https:\/\/www.africa-press.net\/benin\/politique\/recue-par-talon-une-delegation-de-femmes-leaders-politiques-annonce-un-evenement#primaryimage\"},\"image\":{\"@id\":\"https:\/\/www.africa-press.net\/benin\/politique\/recue-par-talon-une-delegation-de-femmes-leaders-politiques-annonce-un-evenement#primaryimage\"},\"thumbnailUrl\":\"https:\/\/static.africa-press.net\/benin\/sites\/46\/2024\/09\/sm_1726608960.40092.jpg\",\"datePublished\":\"2024-09-17T22:48:13+00:00\",\"dateModified\":\"2024-09-18T01:06:38+00:00\",\"author\":{\"@id\":\"https:\/\/www.africa-press.net\/benin\/#\/schema\/person\/2b1cf3cd81a31e3cd26889ca66d677f1\"},\"description\":\"Le Pre\u0301sident de la Re\u0301publique du Be\u0301nin, Patrice Talon, et la Vice-pre\u0301sidente Mariam Chabi Talata ont rec\u0327u une de\u0301le ...\",\"breadcrumb\":{\"@id\":\"https:\/\/www.africa-press.net\/benin\/politique\/recue-par-talon-une-delegation-de-femmes-leaders-politiques-annonce-un-evenement#breadcrumb\"},\"inLanguage\":\"fr-FR\",\"potentialAction\":[{\"@type\":\"ReadAction\",\"target\":[\"https:\/\/www.africa-press.net\/benin\/politique\/recue-par-talon-une-delegation-de-femmes-leaders-politiques-annonce-un-evenement\"]}]},{\"@type\":\"ImageObject\",\"inLanguage\":\"fr-FR\",\"@id\":\"https:\/\/www.africa-press.net\/benin\/politique\/recue-par-talon-une-delegation-de-femmes-leaders-politiques-annonce-un-evenement#primaryimage\",\"url\":\"https:\/\/static.africa-press.net\/benin\/sites\/46\/2024\/09\/sm_1726608960.40092.jpg\",\"contentUrl\":\"https:\/\/static.africa-press.net\/benin\/sites\/46\/2024\/09\/sm_1726608960.40092.jpg\",\"width\":1500,\"height\":800,\"caption\":\"re\u00e7ue par Talon, une d\u00e9l\u00e9gation de femmes leaders politiques annonce un \u00e9v\u00e8nement\"},{\"@type\":\"BreadcrumbList\",\"@id\":\"https:\/\/www.africa-press.net\/benin\/politique\/recue-par-talon-une-delegation-de-femmes-leaders-politiques-annonce-un-evenement#breadcrumb\",\"itemListElement\":[{\"@type\":\"ListItem\",\"position\":1,\"name\":\"Accueil\",\"item\":\"https:\/\/www.africa-press.net\/benin\/\"},{\"@type\":\"ListItem\",\"position\":2,\"name\":\"re\u00e7ue par Talon, une d\u00e9l\u00e9gation de femmes leaders politiques annonce un \u00e9v\u00e8nement\"}]},{\"@type\":\"WebSite\",\"@id\":\"https:\/\/www.africa-press.net\/benin\/#website\",\"url\":\"https:\/\/www.africa-press.net\/benin\/\",\"name\":\"B\u00e9nin\",\"description\":\"Just another Africa News Agency Sites site\",\"potentialAction\":[{\"@type\":\"SearchAction\",\"target\":{\"@type\":\"EntryPoint\",\"urlTemplate\":\"https:\/\/www.africa-press.net\/benin\/?s={search_term_string}\"},\"query-input\":{\"@type\":\"PropertyValueSpecification\",\"valueRequired\":true,\"valueName\":\"search_term_string\"}}],\"inLanguage\":\"fr-FR\"},{\"@type\":\"Person\",\"@id\":\"https:\/\/www.africa-press.net\/benin\/#\/schema\/person\/2b1cf3cd81a31e3cd26889ca66d677f1\",\"name\":\"cfeditorfr\"}]}<\/script>\n<!-- \/ Yoast SEO Premium plugin. -->","yoast_head_json":{"title":"re\u00e7ue par Talon, une d\u00e9l\u00e9gation de femmes leaders politiques annonce un \u00e9v\u00e8nement - B\u00e9nin","description":"Le Pre\u0301sident de la Re\u0301publique du Be\u0301nin, Patrice Talon, et la Vice-pre\u0301sidente Mariam Chabi Talata ont rec\u0327u une de\u0301le ...","robots":{"index":"index","follow":"follow","max-snippet":"max-snippet:-1","max-image-preview":"max-image-preview:large","max-video-preview":"max-video-preview:-1"},"canonical":"https:\/\/www.africa-press.net\/benin\/politique\/recue-par-talon-une-delegation-de-femmes-leaders-politiques-annonce-un-evenement","og_locale":"fr_FR","og_type":"article","og_title":"re\u00e7ue par Talon, une d\u00e9l\u00e9gation de femmes leaders politiques annonce un \u00e9v\u00e8nement","og_description":"Le Pre\u0301sident de la Re\u0301publique du Be\u0301nin, Patrice Talon, et la Vice-pre\u0301sidente Mariam Chabi Talata ont rec\u0327u une de\u0301le ...","og_url":"https:\/\/www.africa-press.net\/benin\/politique\/recue-par-talon-une-delegation-de-femmes-leaders-politiques-annonce-un-evenement","og_site_name":"B\u00e9nin","article_published_time":"2024-09-17T22:48:13+00:00","article_modified_time":"2024-09-18T01:06:38+00:00","og_image":[{"width":1500,"height":800,"url":"https:\/\/static.africa-press.net\/benin\/sites\/46\/2024\/09\/sm_1726608960.40092.jpg","type":"image\/jpeg"}],"author":"cfeditorfr","twitter_card":"summary_large_image","twitter_misc":{"\u00c9crit par":"cfeditorfr","Dur\u00e9e de lecture estim\u00e9e":"3 minutes"},"schema":{"@context":"https:\/\/schema.org","@graph":[{"@type":"Article","@id":"https:\/\/www.africa-press.net\/benin\/politique\/recue-par-talon-une-delegation-de-femmes-leaders-politiques-annonce-un-evenement#article","isPartOf":{"@id":"https:\/\/www.africa-press.net\/benin\/politique\/recue-par-talon-une-delegation-de-femmes-leaders-politiques-annonce-un-evenement"},"author":{"name":"cfeditorfr","@id":"https:\/\/www.africa-press.net\/benin\/#\/schema\/person\/2b1cf3cd81a31e3cd26889ca66d677f1"},"headline":"re\u00e7ue par Talon, une d\u00e9l\u00e9gation de femmes leaders politiques annonce un \u00e9v\u00e8nement","datePublished":"2024-09-17T22:48:13+00:00","dateModified":"2024-09-18T01:06:38+00:00","mainEntityOfPage":{"@id":"https:\/\/www.africa-press.net\/benin\/politique\/recue-par-talon-une-delegation-de-femmes-leaders-politiques-annonce-un-evenement"},"wordCount":587,"commentCount":0,"image":{"@id":"https:\/\/www.africa-press.net\/benin\/politique\/recue-par-talon-une-delegation-de-femmes-leaders-politiques-annonce-un-evenement#primaryimage"},"thumbnailUrl":"https:\/\/static.africa-press.net\/benin\/sites\/46\/2024\/09\/sm_1726608960.40092.jpg","keywords":["B\u00e9nin"],"articleSection":["Politique","Toutes les actualit\u00e9s"],"inLanguage":"fr-FR","potentialAction":[{"@type":"CommentAction","name":"Comment","target":["https:\/\/www.africa-press.net\/benin\/politique\/recue-par-talon-une-delegation-de-femmes-leaders-politiques-annonce-un-evenement#respond"]}]},{"@type":"WebPage","@id":"https:\/\/www.africa-press.net\/benin\/politique\/recue-par-talon-une-delegation-de-femmes-leaders-politiques-annonce-un-evenement","url":"https:\/\/www.africa-press.net\/benin\/politique\/recue-par-talon-une-delegation-de-femmes-leaders-politiques-annonce-un-evenement","name":"re\u00e7ue par Talon, une d\u00e9l\u00e9gation de femmes leaders politiques annonce un \u00e9v\u00e8nement - B\u00e9nin","isPartOf":{"@id":"https:\/\/www.africa-press.net\/benin\/#website"},"primaryImageOfPage":{"@id":"https:\/\/www.africa-press.net\/benin\/politique\/recue-par-talon-une-delegation-de-femmes-leaders-politiques-annonce-un-evenement#primaryimage"},"image":{"@id":"https:\/\/www.africa-press.net\/benin\/politique\/recue-par-talon-une-delegation-de-femmes-leaders-politiques-annonce-un-evenement#primaryimage"},"thumbnailUrl":"https:\/\/static.africa-press.net\/benin\/sites\/46\/2024\/09\/sm_1726608960.40092.jpg","datePublished":"2024-09-17T22:48:13+00:00","dateModified":"2024-09-18T01:06:38+00:00","author":{"@id":"https:\/\/www.africa-press.net\/benin\/#\/schema\/person\/2b1cf3cd81a31e3cd26889ca66d677f1"},"description":"Le Pre\u0301sident de la Re\u0301publique du Be\u0301nin, Patrice Talon, et la Vice-pre\u0301sidente Mariam Chabi Talata ont rec\u0327u une de\u0301le ...","breadcrumb":{"@id":"https:\/\/www.africa-press.net\/benin\/politique\/recue-par-talon-une-delegation-de-femmes-leaders-politiques-annonce-un-evenement#breadcrumb"},"inLanguage":"fr-FR","potentialAction":[{"@type":"ReadAction","target":["https:\/\/www.africa-press.net\/benin\/politique\/recue-par-talon-une-delegation-de-femmes-leaders-politiques-annonce-un-evenement"]}]},{"@type":"ImageObject","inLanguage":"fr-FR","@id":"https:\/\/www.africa-press.net\/benin\/politique\/recue-par-talon-une-delegation-de-femmes-leaders-politiques-annonce-un-evenement#primaryimage","url":"https:\/\/static.africa-press.net\/benin\/sites\/46\/2024\/09\/sm_1726608960.40092.jpg","contentUrl":"https:\/\/static.africa-press.net\/benin\/sites\/46\/2024\/09\/sm_1726608960.40092.jpg","width":1500,"height":800,"caption":"re\u00e7ue par Talon, une d\u00e9l\u00e9gation de femmes leaders politiques annonce un \u00e9v\u00e8nement"},{"@type":"BreadcrumbList","@id":"https:\/\/www.africa-press.net\/benin\/politique\/recue-par-talon-une-delegation-de-femmes-leaders-politiques-annonce-un-evenement#breadcrumb","itemListElement":[{"@type":"ListItem","position":1,"name":"Accueil","item":"https:\/\/www.africa-press.net\/benin\/"},{"@type":"ListItem","position":2,"name":"re\u00e7ue par Talon, une d\u00e9l\u00e9gation de femmes leaders politiques annonce un \u00e9v\u00e8nement"}]},{"@type":"WebSite","@id":"https:\/\/www.africa-press.net\/benin\/#website","url":"https:\/\/www.africa-press.net\/benin\/","name":"B\u00e9nin","description":"Just another Africa News Agency Sites site","potentialAction":[{"@type":"SearchAction","target":{"@type":"EntryPoint","urlTemplate":"https:\/\/www.africa-press.net\/benin\/?s={search_term_string}"},"query-input":{"@type":"PropertyValueSpecification","valueRequired":true,"valueName":"search_term_string"}}],"inLanguage":"fr-FR"},{"@type":"Person","@id":"https:\/\/www.africa-press.net\/benin\/#\/schema\/person\/2b1cf3cd81a31e3cd26889ca66d677f1","name":"cfeditorfr"}]}},"_links":{"self":[{"href":"https:\/\/www.africa-press.net\/benin\/wp-json\/wp\/v2\/posts\/32644","targetHints":{"allow":["GET"]}}],"collection":[{"href":"https:\/\/www.africa-press.net\/benin\/wp-json\/wp\/v2\/posts"}],"about":[{"href":"https:\/\/www.africa-press.net\/benin\/wp-json\/wp\/v2\/types\/post"}],"author":[{"embeddable":true,"href":"https:\/\/www.africa-press.net\/benin\/wp-json\/wp\/v2\/users\/82"}],"replies":[{"embeddable":true,"href":"https:\/\/www.africa-press.net\/benin\/wp-json\/wp\/v2\/comments?post=32644"}],"version-history":[{"count":0,"href":"https:\/\/www.africa-press.net\/benin\/wp-json\/wp\/v2\/posts\/32644\/revisions"}],"wp:featuredmedia":[{"embeddable":true,"href":"https:\/\/www.africa-press.net\/benin\/wp-json\/wp\/v2\/media\/32642"}],"wp:attachment":[{"href":"https:\/\/www.africa-press.net\/benin\/wp-json\/wp\/v2\/media?parent=32644"}],"wp:term":[{"taxonomy":"category","embeddable":true,"href":"https:\/\/www.africa-press.net\/benin\/wp-json\/wp\/v2\/categories?post=32644"},{"taxonomy":"post_tag","embeddable":true,"href":"https:\/\/www.africa-press.net\/benin\/wp-json\/wp\/v2\/tags?post=32644"}],"curies":[{"name":"wp","href":"https:\/\/api.w.org\/{rel}","templated":true}]}}