{"id":37640,"date":"2025-01-09T22:12:38","date_gmt":"2025-01-09T22:12:38","guid":{"rendered":"https:\/\/www.africa-press.net\/benin\/politique\/officiel-samson-akinyoola-eligible-pour-representer-le-benin"},"modified":"2025-01-18T00:34:01","modified_gmt":"2025-01-18T00:34:01","slug":"officiel-samson-akinyoola-eligible-pour-representer-le-benin","status":"publish","type":"post","link":"https:\/\/www.africa-press.net\/benin\/sports\/officiel-samson-akinyoola-eligible-pour-representer-le-benin","title":{"rendered":"Officiel: Samson Akinyoola \u00e9ligible pour repr\u00e9senter le B\u00e9nin"},"content":{"rendered":"<p><span style=\"color: #ff6600\"><strong>Africa-Press &#8211; Benin. <\/strong><\/span>Longtemps recale\u0301 pour les formalite\u0301s administratives, Samson Akinyoola peut de\u0301sormais porter les couleurs de l\u2019e\u0301quipe nationale du Be\u0301nin. La FIFA a confirme\u0301 l\u2019e\u0301ligibilite\u0301 de l\u2019attaquant qui va pouvoir disputer les prochaines compe\u0301titions avec les Gue\u0301pards.<\/p>\n<p>L\u2019attente aura e\u0301te\u0301 longue mais c\u2019est de\u0301sormais chose faite. Samson Akinyoola est officiellement un international be\u0301ninois. Longtemps empe\u0302che\u0301 a\u0300 repre\u0301senter son pays en raison de proble\u0300me lie\u0301 a\u0300 sa nationalite\u0301 sportive, l\u2019attaquant a finalement obtenu le feu vert de la FIFA. L\u2019instance fai\u0302tie\u0300re du football mondial a en effet confirme\u0301 l\u2019e\u0301ligibilite\u0301 du joueur de 24 ans qui pourra de\u0301sormais porter le maillot des Gue\u0301pards.<\/p>\n<p>Une bonne nouvelle pour l\u2019avant-centre mais surtout pour le se\u0301lectionneur national Gernot Rohr qui va pouvoir compter sur les services d\u2019Akinyoola pour les prochains rendez-vous, les e\u0301liminatoires de la Coupe du monde 2026 et la phase finale de la CAN 2025 au Maroc. Pour rappel, Samson Akinyoola est un attaquant qui e\u0301volue au Kazma SC au Kowei\u0308t.<\/p>\n<p><strong>Pour plus d&rsquo;informations et d&rsquo;analyses sur la <span style=\"color: #ff6600\">Benin<\/span>, suivez <span style=\"color: #ff6600\">Africa-Press<\/span><\/strong><\/p>\n","protected":false},"excerpt":{"rendered":"<p>Africa-Press &#8211; Benin. Longtemps recale\u0301 pour les formalite\u0301s administratives, Samson Akinyoola peut de\u0301sormais porter les couleurs de l\u2019e\u0301quipe nationale du Be\u0301nin. La FIFA a confirme\u0301 l\u2019e\u0301ligibilite\u0301 de l\u2019attaquant qui va pouvoir disputer les prochaines compe\u0301titions avec les Gue\u0301pards. L\u2019attente aura e\u0301te\u0301 longue mais c\u2019est de\u0301sormais chose faite. Samson Akinyoola est officiellement un international be\u0301ninois. Longtemps [&hellip;]<\/p>\n","protected":false},"author":82,"featured_media":37639,"comment_status":"open","ping_status":"closed","sticky":false,"template":"","format":"standard","meta":{"footnotes":""},"categories":[6,10],"tags":[45],"class_list":["post-37640","post","type-post","status-publish","format-standard","has-post-thumbnail","hentry","category-sports","category-toutes-les-actualites","tag-benin"],"yoast_head":"<!-- This site is optimized with the Yoast SEO Premium plugin v26.1 (Yoast SEO v27.0) - https:\/\/yoast.com\/product\/yoast-seo-premium-wordpress\/ -->\n<title>Officiel: Samson Akinyoola \u00e9ligible pour repr\u00e9senter le B\u00e9nin - B\u00e9nin<\/title>\n<meta name=\"description\" content=\"Longtemps recale\u0301 pour les formalite\u0301s administratives, Samson Akinyoola peut de\u0301sormais porter les couleurs de l\u2019e\u0301quip ...\" \/>\n<meta name=\"robots\" content=\"index, follow, max-snippet:-1, max-image-preview:large, max-video-preview:-1\" \/>\n<link rel=\"canonical\" href=\"https:\/\/www.africa-press.net\/benin\/sports\/officiel-samson-akinyoola-eligible-pour-representer-le-benin\" \/>\n<meta property=\"og:locale\" content=\"fr_FR\" \/>\n<meta property=\"og:type\" content=\"article\" \/>\n<meta property=\"og:title\" content=\"Officiel: Samson Akinyoola \u00e9ligible pour repr\u00e9senter le B\u00e9nin\" \/>\n<meta property=\"og:description\" content=\"Longtemps recale\u0301 pour les formalite\u0301s administratives, Samson Akinyoola peut de\u0301sormais porter les couleurs de l\u2019e\u0301quip ...\" \/>\n<meta property=\"og:url\" content=\"https:\/\/www.africa-press.net\/benin\/sports\/officiel-samson-akinyoola-eligible-pour-representer-le-benin\" \/>\n<meta property=\"og:site_name\" content=\"B\u00e9nin\" \/>\n<meta property=\"article:published_time\" content=\"2025-01-09T22:12:38+00:00\" \/>\n<meta property=\"article:modified_time\" content=\"2025-01-18T00:34:01+00:00\" \/>\n<meta property=\"og:image\" content=\"https:\/\/static.africa-press.net\/benin\/sites\/46\/2025\/01\/sm_1736449728.710309.jpg\" \/>\n\t<meta property=\"og:image:width\" content=\"1710\" \/>\n\t<meta property=\"og:image:height\" content=\"1139\" \/>\n\t<meta property=\"og:image:type\" content=\"image\/jpeg\" \/>\n<meta name=\"author\" content=\"cfeditorfr\" \/>\n<meta name=\"twitter:card\" content=\"summary_large_image\" \/>\n<meta name=\"twitter:label1\" content=\"\u00c9crit par\" \/>\n\t<meta name=\"twitter:data1\" content=\"cfeditorfr\" \/>\n\t<meta name=\"twitter:label2\" content=\"Dur\u00e9e de lecture estim\u00e9e\" \/>\n\t<meta name=\"twitter:data2\" content=\"1 minute\" \/>\n<script type=\"application\/ld+json\" class=\"yoast-schema-graph\">{\"@context\":\"https:\/\/schema.org\",\"@graph\":[{\"@type\":\"Article\",\"@id\":\"https:\/\/www.africa-press.net\/benin\/sports\/officiel-samson-akinyoola-eligible-pour-representer-le-benin#article\",\"isPartOf\":{\"@id\":\"https:\/\/www.africa-press.net\/benin\/sports\/officiel-samson-akinyoola-eligible-pour-representer-le-benin\"},\"author\":{\"name\":\"cfeditorfr\",\"@id\":\"https:\/\/www.africa-press.net\/benin\/#\/schema\/person\/2b1cf3cd81a31e3cd26889ca66d677f1\"},\"headline\":\"Officiel: Samson Akinyoola \u00e9ligible pour repr\u00e9senter le B\u00e9nin\",\"datePublished\":\"2025-01-09T22:12:38+00:00\",\"dateModified\":\"2025-01-18T00:34:01+00:00\",\"mainEntityOfPage\":{\"@id\":\"https:\/\/www.africa-press.net\/benin\/sports\/officiel-samson-akinyoola-eligible-pour-representer-le-benin\"},\"wordCount\":210,\"commentCount\":0,\"image\":{\"@id\":\"https:\/\/www.africa-press.net\/benin\/sports\/officiel-samson-akinyoola-eligible-pour-representer-le-benin#primaryimage\"},\"thumbnailUrl\":\"https:\/\/static.africa-press.net\/benin\/sites\/46\/2025\/01\/sm_1736449728.710309.jpg\",\"keywords\":[\"B\u00e9nin\"],\"articleSection\":[\"Sports\",\"Toutes les actualit\u00e9s\"],\"inLanguage\":\"fr-FR\",\"potentialAction\":[{\"@type\":\"CommentAction\",\"name\":\"Comment\",\"target\":[\"https:\/\/www.africa-press.net\/benin\/sports\/officiel-samson-akinyoola-eligible-pour-representer-le-benin#respond\"]}]},{\"@type\":\"WebPage\",\"@id\":\"https:\/\/www.africa-press.net\/benin\/sports\/officiel-samson-akinyoola-eligible-pour-representer-le-benin\",\"url\":\"https:\/\/www.africa-press.net\/benin\/sports\/officiel-samson-akinyoola-eligible-pour-representer-le-benin\",\"name\":\"Officiel: Samson Akinyoola \u00e9ligible pour repr\u00e9senter le B\u00e9nin - B\u00e9nin\",\"isPartOf\":{\"@id\":\"https:\/\/www.africa-press.net\/benin\/#website\"},\"primaryImageOfPage\":{\"@id\":\"https:\/\/www.africa-press.net\/benin\/sports\/officiel-samson-akinyoola-eligible-pour-representer-le-benin#primaryimage\"},\"image\":{\"@id\":\"https:\/\/www.africa-press.net\/benin\/sports\/officiel-samson-akinyoola-eligible-pour-representer-le-benin#primaryimage\"},\"thumbnailUrl\":\"https:\/\/static.africa-press.net\/benin\/sites\/46\/2025\/01\/sm_1736449728.710309.jpg\",\"datePublished\":\"2025-01-09T22:12:38+00:00\",\"dateModified\":\"2025-01-18T00:34:01+00:00\",\"author\":{\"@id\":\"https:\/\/www.africa-press.net\/benin\/#\/schema\/person\/2b1cf3cd81a31e3cd26889ca66d677f1\"},\"description\":\"Longtemps recale\u0301 pour les formalite\u0301s administratives, Samson Akinyoola peut de\u0301sormais porter les couleurs de l\u2019e\u0301quip ...\",\"breadcrumb\":{\"@id\":\"https:\/\/www.africa-press.net\/benin\/sports\/officiel-samson-akinyoola-eligible-pour-representer-le-benin#breadcrumb\"},\"inLanguage\":\"fr-FR\",\"potentialAction\":[{\"@type\":\"ReadAction\",\"target\":[\"https:\/\/www.africa-press.net\/benin\/sports\/officiel-samson-akinyoola-eligible-pour-representer-le-benin\"]}]},{\"@type\":\"ImageObject\",\"inLanguage\":\"fr-FR\",\"@id\":\"https:\/\/www.africa-press.net\/benin\/sports\/officiel-samson-akinyoola-eligible-pour-representer-le-benin#primaryimage\",\"url\":\"https:\/\/static.africa-press.net\/benin\/sites\/46\/2025\/01\/sm_1736449728.710309.jpg\",\"contentUrl\":\"https:\/\/static.africa-press.net\/benin\/sites\/46\/2025\/01\/sm_1736449728.710309.jpg\",\"width\":1710,\"height\":1139,\"caption\":\"Officiel: Samson Akinyoola \u00e9ligible pour repr\u00e9senter le B\u00e9nin\"},{\"@type\":\"BreadcrumbList\",\"@id\":\"https:\/\/www.africa-press.net\/benin\/sports\/officiel-samson-akinyoola-eligible-pour-representer-le-benin#breadcrumb\",\"itemListElement\":[{\"@type\":\"ListItem\",\"position\":1,\"name\":\"Accueil\",\"item\":\"https:\/\/www.africa-press.net\/benin\/\"},{\"@type\":\"ListItem\",\"position\":2,\"name\":\"Officiel: Samson Akinyoola \u00e9ligible pour repr\u00e9senter le B\u00e9nin\"}]},{\"@type\":\"WebSite\",\"@id\":\"https:\/\/www.africa-press.net\/benin\/#website\",\"url\":\"https:\/\/www.africa-press.net\/benin\/\",\"name\":\"B\u00e9nin\",\"description\":\"Just another Africa News Agency Sites site\",\"potentialAction\":[{\"@type\":\"SearchAction\",\"target\":{\"@type\":\"EntryPoint\",\"urlTemplate\":\"https:\/\/www.africa-press.net\/benin\/?s={search_term_string}\"},\"query-input\":{\"@type\":\"PropertyValueSpecification\",\"valueRequired\":true,\"valueName\":\"search_term_string\"}}],\"inLanguage\":\"fr-FR\"},{\"@type\":\"Person\",\"@id\":\"https:\/\/www.africa-press.net\/benin\/#\/schema\/person\/2b1cf3cd81a31e3cd26889ca66d677f1\",\"name\":\"cfeditorfr\"}]}<\/script>\n<!-- \/ Yoast SEO Premium plugin. -->","yoast_head_json":{"title":"Officiel: Samson Akinyoola \u00e9ligible pour repr\u00e9senter le B\u00e9nin - B\u00e9nin","description":"Longtemps recale\u0301 pour les formalite\u0301s administratives, Samson Akinyoola peut de\u0301sormais porter les couleurs de l\u2019e\u0301quip ...","robots":{"index":"index","follow":"follow","max-snippet":"max-snippet:-1","max-image-preview":"max-image-preview:large","max-video-preview":"max-video-preview:-1"},"canonical":"https:\/\/www.africa-press.net\/benin\/sports\/officiel-samson-akinyoola-eligible-pour-representer-le-benin","og_locale":"fr_FR","og_type":"article","og_title":"Officiel: Samson Akinyoola \u00e9ligible pour repr\u00e9senter le B\u00e9nin","og_description":"Longtemps recale\u0301 pour les formalite\u0301s administratives, Samson Akinyoola peut de\u0301sormais porter les couleurs de l\u2019e\u0301quip ...","og_url":"https:\/\/www.africa-press.net\/benin\/sports\/officiel-samson-akinyoola-eligible-pour-representer-le-benin","og_site_name":"B\u00e9nin","article_published_time":"2025-01-09T22:12:38+00:00","article_modified_time":"2025-01-18T00:34:01+00:00","og_image":[{"width":1710,"height":1139,"url":"https:\/\/static.africa-press.net\/benin\/sites\/46\/2025\/01\/sm_1736449728.710309.jpg","type":"image\/jpeg"}],"author":"cfeditorfr","twitter_card":"summary_large_image","twitter_misc":{"\u00c9crit par":"cfeditorfr","Dur\u00e9e de lecture estim\u00e9e":"1 minute"},"schema":{"@context":"https:\/\/schema.org","@graph":[{"@type":"Article","@id":"https:\/\/www.africa-press.net\/benin\/sports\/officiel-samson-akinyoola-eligible-pour-representer-le-benin#article","isPartOf":{"@id":"https:\/\/www.africa-press.net\/benin\/sports\/officiel-samson-akinyoola-eligible-pour-representer-le-benin"},"author":{"name":"cfeditorfr","@id":"https:\/\/www.africa-press.net\/benin\/#\/schema\/person\/2b1cf3cd81a31e3cd26889ca66d677f1"},"headline":"Officiel: Samson Akinyoola \u00e9ligible pour repr\u00e9senter le B\u00e9nin","datePublished":"2025-01-09T22:12:38+00:00","dateModified":"2025-01-18T00:34:01+00:00","mainEntityOfPage":{"@id":"https:\/\/www.africa-press.net\/benin\/sports\/officiel-samson-akinyoola-eligible-pour-representer-le-benin"},"wordCount":210,"commentCount":0,"image":{"@id":"https:\/\/www.africa-press.net\/benin\/sports\/officiel-samson-akinyoola-eligible-pour-representer-le-benin#primaryimage"},"thumbnailUrl":"https:\/\/static.africa-press.net\/benin\/sites\/46\/2025\/01\/sm_1736449728.710309.jpg","keywords":["B\u00e9nin"],"articleSection":["Sports","Toutes les actualit\u00e9s"],"inLanguage":"fr-FR","potentialAction":[{"@type":"CommentAction","name":"Comment","target":["https:\/\/www.africa-press.net\/benin\/sports\/officiel-samson-akinyoola-eligible-pour-representer-le-benin#respond"]}]},{"@type":"WebPage","@id":"https:\/\/www.africa-press.net\/benin\/sports\/officiel-samson-akinyoola-eligible-pour-representer-le-benin","url":"https:\/\/www.africa-press.net\/benin\/sports\/officiel-samson-akinyoola-eligible-pour-representer-le-benin","name":"Officiel: Samson Akinyoola \u00e9ligible pour repr\u00e9senter le B\u00e9nin - B\u00e9nin","isPartOf":{"@id":"https:\/\/www.africa-press.net\/benin\/#website"},"primaryImageOfPage":{"@id":"https:\/\/www.africa-press.net\/benin\/sports\/officiel-samson-akinyoola-eligible-pour-representer-le-benin#primaryimage"},"image":{"@id":"https:\/\/www.africa-press.net\/benin\/sports\/officiel-samson-akinyoola-eligible-pour-representer-le-benin#primaryimage"},"thumbnailUrl":"https:\/\/static.africa-press.net\/benin\/sites\/46\/2025\/01\/sm_1736449728.710309.jpg","datePublished":"2025-01-09T22:12:38+00:00","dateModified":"2025-01-18T00:34:01+00:00","author":{"@id":"https:\/\/www.africa-press.net\/benin\/#\/schema\/person\/2b1cf3cd81a31e3cd26889ca66d677f1"},"description":"Longtemps recale\u0301 pour les formalite\u0301s administratives, Samson Akinyoola peut de\u0301sormais porter les couleurs de l\u2019e\u0301quip ...","breadcrumb":{"@id":"https:\/\/www.africa-press.net\/benin\/sports\/officiel-samson-akinyoola-eligible-pour-representer-le-benin#breadcrumb"},"inLanguage":"fr-FR","potentialAction":[{"@type":"ReadAction","target":["https:\/\/www.africa-press.net\/benin\/sports\/officiel-samson-akinyoola-eligible-pour-representer-le-benin"]}]},{"@type":"ImageObject","inLanguage":"fr-FR","@id":"https:\/\/www.africa-press.net\/benin\/sports\/officiel-samson-akinyoola-eligible-pour-representer-le-benin#primaryimage","url":"https:\/\/static.africa-press.net\/benin\/sites\/46\/2025\/01\/sm_1736449728.710309.jpg","contentUrl":"https:\/\/static.africa-press.net\/benin\/sites\/46\/2025\/01\/sm_1736449728.710309.jpg","width":1710,"height":1139,"caption":"Officiel: Samson Akinyoola \u00e9ligible pour repr\u00e9senter le B\u00e9nin"},{"@type":"BreadcrumbList","@id":"https:\/\/www.africa-press.net\/benin\/sports\/officiel-samson-akinyoola-eligible-pour-representer-le-benin#breadcrumb","itemListElement":[{"@type":"ListItem","position":1,"name":"Accueil","item":"https:\/\/www.africa-press.net\/benin\/"},{"@type":"ListItem","position":2,"name":"Officiel: Samson Akinyoola \u00e9ligible pour repr\u00e9senter le B\u00e9nin"}]},{"@type":"WebSite","@id":"https:\/\/www.africa-press.net\/benin\/#website","url":"https:\/\/www.africa-press.net\/benin\/","name":"B\u00e9nin","description":"Just another Africa News Agency Sites site","potentialAction":[{"@type":"SearchAction","target":{"@type":"EntryPoint","urlTemplate":"https:\/\/www.africa-press.net\/benin\/?s={search_term_string}"},"query-input":{"@type":"PropertyValueSpecification","valueRequired":true,"valueName":"search_term_string"}}],"inLanguage":"fr-FR"},{"@type":"Person","@id":"https:\/\/www.africa-press.net\/benin\/#\/schema\/person\/2b1cf3cd81a31e3cd26889ca66d677f1","name":"cfeditorfr"}]}},"_links":{"self":[{"href":"https:\/\/www.africa-press.net\/benin\/wp-json\/wp\/v2\/posts\/37640","targetHints":{"allow":["GET"]}}],"collection":[{"href":"https:\/\/www.africa-press.net\/benin\/wp-json\/wp\/v2\/posts"}],"about":[{"href":"https:\/\/www.africa-press.net\/benin\/wp-json\/wp\/v2\/types\/post"}],"author":[{"embeddable":true,"href":"https:\/\/www.africa-press.net\/benin\/wp-json\/wp\/v2\/users\/82"}],"replies":[{"embeddable":true,"href":"https:\/\/www.africa-press.net\/benin\/wp-json\/wp\/v2\/comments?post=37640"}],"version-history":[{"count":0,"href":"https:\/\/www.africa-press.net\/benin\/wp-json\/wp\/v2\/posts\/37640\/revisions"}],"wp:featuredmedia":[{"embeddable":true,"href":"https:\/\/www.africa-press.net\/benin\/wp-json\/wp\/v2\/media\/37639"}],"wp:attachment":[{"href":"https:\/\/www.africa-press.net\/benin\/wp-json\/wp\/v2\/media?parent=37640"}],"wp:term":[{"taxonomy":"category","embeddable":true,"href":"https:\/\/www.africa-press.net\/benin\/wp-json\/wp\/v2\/categories?post=37640"},{"taxonomy":"post_tag","embeddable":true,"href":"https:\/\/www.africa-press.net\/benin\/wp-json\/wp\/v2\/tags?post=37640"}],"curies":[{"name":"wp","href":"https:\/\/api.w.org\/{rel}","templated":true}]}}