{"id":37972,"date":"2025-01-19T00:27:23","date_gmt":"2025-01-19T00:27:23","guid":{"rendered":"https:\/\/www.africa-press.net\/benin\/politique\/rugby-yacouba-camara-renonce-a-lequipe-de-france-pour-la-selection-malienne-et-le-rugby-africain"},"modified":"2025-04-04T02:14:04","modified_gmt":"2025-04-04T02:14:04","slug":"rugby-yacouba-camara-renonce-a-lequipe-de-france-pour-la-selection-malienne-et-le-rugby-africain","status":"publish","type":"post","link":"https:\/\/www.africa-press.net\/benin\/sports\/rugby-yacouba-camara-renonce-a-lequipe-de-france-pour-la-selection-malienne-et-le-rugby-africain","title":{"rendered":"Rugby: Yacouba Camara renonce \u00e0 l&rsquo;\u00e9quipe de France pour la s\u00e9lection malienne et le rugby africain"},"content":{"rendered":"<p><span style=\"color: #ff6600\"><strong>Africa-Press &#8211; Benin. <\/strong><\/span><b>Yacouba Camara, qui avait l&rsquo;occasion de retrouver l&rsquo;e\u0301quipe de France de rugby pour la premie\u0300re fois depuis 2019, a finalement dit \u00ab non merci \u00bb. Le joueur de Montpellier, dont les parents sont ne\u0301s au Mali, pre\u0301fe\u0300rerait de\u0301sormais se consacrer a\u0300 la se\u0301lection malienne et au de\u0301veloppement du rugby africain.<\/b><\/p>\n<p>Tout n&rsquo;est pas encore fait, World Rugby doit encore valider le transfert de nationalite\u0301 sportive de Yacouba Camara, ce qui est faisable puisque ses parents sont ne\u0301s au Mali et qu&rsquo;il n&rsquo;a pas e\u0301te\u0301 se\u0301lectionne\u0301 en e\u0301quipe de France depuis plus de trois ans et la Coupe du monde 2019. Mais le joueur ne\u0301 a\u0300 Aubervilliers, qui a aujourd&rsquo;hui 30 ans, a de\u0301sormais l&rsquo;Afrique cheville\u0301e au corps.<\/p>\n<p>Alors qu&rsquo;il est auteur d&rsquo;un bon de\u0301but de saison sous les couleurs de Montpellier en Top 14, le nom du deuxie\u0300me ou troisie\u0300me ligne circulait pour faire partie du groupe de 42 appele\u0301s pour pre\u0301parer le Tournoi des Six Nations qui commencera le 31 janvier prochain pour le XV de France face au pays de Galles. L&rsquo;appel des Bleus ne lui a pas fait tourner la te\u0302te, selon les informations de L&rsquo;E\u0301quipe, l&rsquo;homme a fait savoir a\u0300 Fabien Galthie\u0301, deux jours avant la publication de la liste, qu&rsquo;il pre\u0301fe\u0301rerait dore\u0301navant se tourner vers la se\u0301lection malienne, qu&rsquo;il souhaite aider a\u0300 se de\u0301velopper, tout comme le rugby africain en ge\u0301ne\u0301ral.<\/p>\n<p>Un projet ambitieux qui n&rsquo;a pas grand-chose de la crise de la trentaine. En effet, cette de\u0301cision s&rsquo;inscrit dans la droite ligne de l&rsquo;attachement progressif de Yacouba Camara au Mali de ses parents et au continent africain. En 2016, alors qu&rsquo;il n&rsquo;avait mis les pieds en Afrique qu&rsquo;une fois, en Afrique du Sud a\u0300 l&rsquo;occasion d&rsquo;un voyage organise\u0301 par son e\u0301cole de rugby, il se lance dans un long voyage entre le Burkina Faso et le Mali, le temps de se remettre d&rsquo;une lourde blessure au genou et pour travailler a\u0300 sa re\u0301e\u0301ducation. Un ve\u0301ritable tournant pour le joueur qui e\u0301voluait alors au Stade Toulousain, qui de\u0301couvre toute une culture et qui voit de nouveaux projets nai\u0302tre en lui: \u00ab Plus tard, quand j&rsquo;aurai termine\u0301 ma carrie\u0300re, je travaillerai dans l&rsquo;humanitaire. J&rsquo;aimerais commencer par cre\u0301er un orphelinat au Mali, a\u0300 Bamako \u00bb, expliquait-il a\u0300 l&rsquo;e\u0301poque dans les colonnes de L&rsquo;E\u0301quipe.<\/p>\n<p>Depuis, il s&rsquo;est engage\u0301 aux co\u0302te\u0301s de l&rsquo;association Lekoli, qui \u0153uvre pour la construction d&rsquo;une e\u0301cole pour les enfants en situation de handicap a\u0300 Bamako. Il pre\u0302te notamment son image et sa signature pour la cre\u0301ation d&rsquo;un t-shirt sur lequel est imprime\u0301 \u00ab Je vous dis qu&rsquo;il faut regarder tous les hommes comme nos fre\u0300res \u00bb, dont une partie de l&rsquo;argent des ventes revient a\u0300 l&rsquo;association. En attendant son \u00ab Transfert pour Droit de naissance \u00bb, qui sera de\u0301cide\u0301 par World Rugby, ou non, Yacouba Camara a de\u0301ja\u0300 du travail sur le sol malien.<\/p>\n<p><strong>Pour plus d&rsquo;informations et d&rsquo;analyses sur la <span style=\"color: #ff6600\">Benin<\/span>, suivez <span style=\"color: #ff6600\">Africa-Press<\/span><\/strong><\/p>\n","protected":false},"excerpt":{"rendered":"<p>Africa-Press &#8211; Benin. Yacouba Camara, qui avait l&rsquo;occasion de retrouver l&rsquo;e\u0301quipe de France de rugby pour la premie\u0300re fois depuis 2019, a finalement dit \u00ab non merci \u00bb. Le joueur de Montpellier, dont les parents sont ne\u0301s au Mali, pre\u0301fe\u0300rerait de\u0301sormais se consacrer a\u0300 la se\u0301lection malienne et au de\u0301veloppement du rugby africain. Tout n&rsquo;est [&hellip;]<\/p>\n","protected":false},"author":82,"featured_media":37971,"comment_status":"open","ping_status":"closed","sticky":false,"template":"","format":"standard","meta":{"footnotes":""},"categories":[6,10],"tags":[45],"class_list":["post-37972","post","type-post","status-publish","format-standard","has-post-thumbnail","hentry","category-sports","category-toutes-les-actualites","tag-benin"],"yoast_head":"<!-- This site is optimized with the Yoast SEO Premium plugin v26.1 (Yoast SEO v27.0) - https:\/\/yoast.com\/product\/yoast-seo-premium-wordpress\/ -->\n<title>Rugby: Yacouba Camara renonce \u00e0 l&#039;\u00e9quipe de France pour la s\u00e9lection malienne et le rugby africain - B\u00e9nin<\/title>\n<meta name=\"description\" content=\"Yacouba Camara, qui avait l&#039;occasion de retrouver l&#039;e\u0301quipe de France de rugby pour la premie\u0300re fois depuis 2019, a ...\" \/>\n<meta name=\"robots\" content=\"index, follow, max-snippet:-1, max-image-preview:large, max-video-preview:-1\" \/>\n<link rel=\"canonical\" href=\"https:\/\/www.africa-press.net\/benin\/sports\/rugby-yacouba-camara-renonce-a-lequipe-de-france-pour-la-selection-malienne-et-le-rugby-africain\" \/>\n<meta property=\"og:locale\" content=\"fr_FR\" \/>\n<meta property=\"og:type\" content=\"article\" \/>\n<meta property=\"og:title\" content=\"Rugby: Yacouba Camara renonce \u00e0 l&#039;\u00e9quipe de France pour la s\u00e9lection malienne et le rugby africain\" \/>\n<meta property=\"og:description\" content=\"Yacouba Camara, qui avait l&#039;occasion de retrouver l&#039;e\u0301quipe de France de rugby pour la premie\u0300re fois depuis 2019, a ...\" \/>\n<meta property=\"og:url\" content=\"https:\/\/www.africa-press.net\/benin\/sports\/rugby-yacouba-camara-renonce-a-lequipe-de-france-pour-la-selection-malienne-et-le-rugby-africain\" \/>\n<meta property=\"og:site_name\" content=\"B\u00e9nin\" \/>\n<meta property=\"article:published_time\" content=\"2025-01-19T00:27:23+00:00\" \/>\n<meta property=\"article:modified_time\" content=\"2025-04-04T02:14:04+00:00\" \/>\n<meta property=\"og:image\" content=\"https:\/\/static.africa-press.net\/benin\/sites\/46\/2025\/01\/sm_1737234495.70668.jpg\" \/>\n\t<meta property=\"og:image:width\" content=\"720\" \/>\n\t<meta property=\"og:image:height\" content=\"404\" \/>\n\t<meta property=\"og:image:type\" content=\"image\/jpeg\" \/>\n<meta name=\"author\" content=\"cfeditorfr\" \/>\n<meta name=\"twitter:card\" content=\"summary_large_image\" \/>\n<meta name=\"twitter:label1\" content=\"\u00c9crit par\" \/>\n\t<meta name=\"twitter:data1\" content=\"cfeditorfr\" \/>\n\t<meta name=\"twitter:label2\" content=\"Dur\u00e9e de lecture estim\u00e9e\" \/>\n\t<meta name=\"twitter:data2\" content=\"3 minutes\" \/>\n<script type=\"application\/ld+json\" class=\"yoast-schema-graph\">{\"@context\":\"https:\/\/schema.org\",\"@graph\":[{\"@type\":\"Article\",\"@id\":\"https:\/\/www.africa-press.net\/benin\/sports\/rugby-yacouba-camara-renonce-a-lequipe-de-france-pour-la-selection-malienne-et-le-rugby-africain#article\",\"isPartOf\":{\"@id\":\"https:\/\/www.africa-press.net\/benin\/sports\/rugby-yacouba-camara-renonce-a-lequipe-de-france-pour-la-selection-malienne-et-le-rugby-africain\"},\"author\":{\"name\":\"cfeditorfr\",\"@id\":\"https:\/\/www.africa-press.net\/benin\/#\/schema\/person\/2b1cf3cd81a31e3cd26889ca66d677f1\"},\"headline\":\"Rugby: Yacouba Camara renonce \u00e0 l&rsquo;\u00e9quipe de France pour la s\u00e9lection malienne et le rugby africain\",\"datePublished\":\"2025-01-19T00:27:23+00:00\",\"dateModified\":\"2025-04-04T02:14:04+00:00\",\"mainEntityOfPage\":{\"@id\":\"https:\/\/www.africa-press.net\/benin\/sports\/rugby-yacouba-camara-renonce-a-lequipe-de-france-pour-la-selection-malienne-et-le-rugby-africain\"},\"wordCount\":570,\"commentCount\":0,\"image\":{\"@id\":\"https:\/\/www.africa-press.net\/benin\/sports\/rugby-yacouba-camara-renonce-a-lequipe-de-france-pour-la-selection-malienne-et-le-rugby-africain#primaryimage\"},\"thumbnailUrl\":\"https:\/\/static.africa-press.net\/benin\/sites\/46\/2025\/01\/sm_1737234495.70668.jpg\",\"keywords\":[\"B\u00e9nin\"],\"articleSection\":[\"Sports\",\"Toutes les actualit\u00e9s\"],\"inLanguage\":\"fr-FR\",\"potentialAction\":[{\"@type\":\"CommentAction\",\"name\":\"Comment\",\"target\":[\"https:\/\/www.africa-press.net\/benin\/sports\/rugby-yacouba-camara-renonce-a-lequipe-de-france-pour-la-selection-malienne-et-le-rugby-africain#respond\"]}]},{\"@type\":\"WebPage\",\"@id\":\"https:\/\/www.africa-press.net\/benin\/sports\/rugby-yacouba-camara-renonce-a-lequipe-de-france-pour-la-selection-malienne-et-le-rugby-africain\",\"url\":\"https:\/\/www.africa-press.net\/benin\/sports\/rugby-yacouba-camara-renonce-a-lequipe-de-france-pour-la-selection-malienne-et-le-rugby-africain\",\"name\":\"Rugby: Yacouba Camara renonce \u00e0 l'\u00e9quipe de France pour la s\u00e9lection malienne et le rugby africain - B\u00e9nin\",\"isPartOf\":{\"@id\":\"https:\/\/www.africa-press.net\/benin\/#website\"},\"primaryImageOfPage\":{\"@id\":\"https:\/\/www.africa-press.net\/benin\/sports\/rugby-yacouba-camara-renonce-a-lequipe-de-france-pour-la-selection-malienne-et-le-rugby-africain#primaryimage\"},\"image\":{\"@id\":\"https:\/\/www.africa-press.net\/benin\/sports\/rugby-yacouba-camara-renonce-a-lequipe-de-france-pour-la-selection-malienne-et-le-rugby-africain#primaryimage\"},\"thumbnailUrl\":\"https:\/\/static.africa-press.net\/benin\/sites\/46\/2025\/01\/sm_1737234495.70668.jpg\",\"datePublished\":\"2025-01-19T00:27:23+00:00\",\"dateModified\":\"2025-04-04T02:14:04+00:00\",\"author\":{\"@id\":\"https:\/\/www.africa-press.net\/benin\/#\/schema\/person\/2b1cf3cd81a31e3cd26889ca66d677f1\"},\"description\":\"Yacouba Camara, qui avait l'occasion de retrouver l'e\u0301quipe de France de rugby pour la premie\u0300re fois depuis 2019, a ...\",\"breadcrumb\":{\"@id\":\"https:\/\/www.africa-press.net\/benin\/sports\/rugby-yacouba-camara-renonce-a-lequipe-de-france-pour-la-selection-malienne-et-le-rugby-africain#breadcrumb\"},\"inLanguage\":\"fr-FR\",\"potentialAction\":[{\"@type\":\"ReadAction\",\"target\":[\"https:\/\/www.africa-press.net\/benin\/sports\/rugby-yacouba-camara-renonce-a-lequipe-de-france-pour-la-selection-malienne-et-le-rugby-africain\"]}]},{\"@type\":\"ImageObject\",\"inLanguage\":\"fr-FR\",\"@id\":\"https:\/\/www.africa-press.net\/benin\/sports\/rugby-yacouba-camara-renonce-a-lequipe-de-france-pour-la-selection-malienne-et-le-rugby-africain#primaryimage\",\"url\":\"https:\/\/static.africa-press.net\/benin\/sites\/46\/2025\/01\/sm_1737234495.70668.jpg\",\"contentUrl\":\"https:\/\/static.africa-press.net\/benin\/sites\/46\/2025\/01\/sm_1737234495.70668.jpg\",\"width\":720,\"height\":404,\"caption\":\"Rugby: Yacouba Camara renonce \u00e0 l'\u00e9quipe de France pour la s\u00e9lection malienne et le rugby africain\"},{\"@type\":\"BreadcrumbList\",\"@id\":\"https:\/\/www.africa-press.net\/benin\/sports\/rugby-yacouba-camara-renonce-a-lequipe-de-france-pour-la-selection-malienne-et-le-rugby-africain#breadcrumb\",\"itemListElement\":[{\"@type\":\"ListItem\",\"position\":1,\"name\":\"Accueil\",\"item\":\"https:\/\/www.africa-press.net\/benin\/\"},{\"@type\":\"ListItem\",\"position\":2,\"name\":\"Rugby: Yacouba Camara renonce \u00e0 l&rsquo;\u00e9quipe de France pour la s\u00e9lection malienne et le rugby africain\"}]},{\"@type\":\"WebSite\",\"@id\":\"https:\/\/www.africa-press.net\/benin\/#website\",\"url\":\"https:\/\/www.africa-press.net\/benin\/\",\"name\":\"B\u00e9nin\",\"description\":\"Just another Africa News Agency Sites site\",\"potentialAction\":[{\"@type\":\"SearchAction\",\"target\":{\"@type\":\"EntryPoint\",\"urlTemplate\":\"https:\/\/www.africa-press.net\/benin\/?s={search_term_string}\"},\"query-input\":{\"@type\":\"PropertyValueSpecification\",\"valueRequired\":true,\"valueName\":\"search_term_string\"}}],\"inLanguage\":\"fr-FR\"},{\"@type\":\"Person\",\"@id\":\"https:\/\/www.africa-press.net\/benin\/#\/schema\/person\/2b1cf3cd81a31e3cd26889ca66d677f1\",\"name\":\"cfeditorfr\"}]}<\/script>\n<!-- \/ Yoast SEO Premium plugin. -->","yoast_head_json":{"title":"Rugby: Yacouba Camara renonce \u00e0 l'\u00e9quipe de France pour la s\u00e9lection malienne et le rugby africain - B\u00e9nin","description":"Yacouba Camara, qui avait l'occasion de retrouver l'e\u0301quipe de France de rugby pour la premie\u0300re fois depuis 2019, a ...","robots":{"index":"index","follow":"follow","max-snippet":"max-snippet:-1","max-image-preview":"max-image-preview:large","max-video-preview":"max-video-preview:-1"},"canonical":"https:\/\/www.africa-press.net\/benin\/sports\/rugby-yacouba-camara-renonce-a-lequipe-de-france-pour-la-selection-malienne-et-le-rugby-africain","og_locale":"fr_FR","og_type":"article","og_title":"Rugby: Yacouba Camara renonce \u00e0 l'\u00e9quipe de France pour la s\u00e9lection malienne et le rugby africain","og_description":"Yacouba Camara, qui avait l'occasion de retrouver l'e\u0301quipe de France de rugby pour la premie\u0300re fois depuis 2019, a ...","og_url":"https:\/\/www.africa-press.net\/benin\/sports\/rugby-yacouba-camara-renonce-a-lequipe-de-france-pour-la-selection-malienne-et-le-rugby-africain","og_site_name":"B\u00e9nin","article_published_time":"2025-01-19T00:27:23+00:00","article_modified_time":"2025-04-04T02:14:04+00:00","og_image":[{"width":720,"height":404,"url":"https:\/\/static.africa-press.net\/benin\/sites\/46\/2025\/01\/sm_1737234495.70668.jpg","type":"image\/jpeg"}],"author":"cfeditorfr","twitter_card":"summary_large_image","twitter_misc":{"\u00c9crit par":"cfeditorfr","Dur\u00e9e de lecture estim\u00e9e":"3 minutes"},"schema":{"@context":"https:\/\/schema.org","@graph":[{"@type":"Article","@id":"https:\/\/www.africa-press.net\/benin\/sports\/rugby-yacouba-camara-renonce-a-lequipe-de-france-pour-la-selection-malienne-et-le-rugby-africain#article","isPartOf":{"@id":"https:\/\/www.africa-press.net\/benin\/sports\/rugby-yacouba-camara-renonce-a-lequipe-de-france-pour-la-selection-malienne-et-le-rugby-africain"},"author":{"name":"cfeditorfr","@id":"https:\/\/www.africa-press.net\/benin\/#\/schema\/person\/2b1cf3cd81a31e3cd26889ca66d677f1"},"headline":"Rugby: Yacouba Camara renonce \u00e0 l&rsquo;\u00e9quipe de France pour la s\u00e9lection malienne et le rugby africain","datePublished":"2025-01-19T00:27:23+00:00","dateModified":"2025-04-04T02:14:04+00:00","mainEntityOfPage":{"@id":"https:\/\/www.africa-press.net\/benin\/sports\/rugby-yacouba-camara-renonce-a-lequipe-de-france-pour-la-selection-malienne-et-le-rugby-africain"},"wordCount":570,"commentCount":0,"image":{"@id":"https:\/\/www.africa-press.net\/benin\/sports\/rugby-yacouba-camara-renonce-a-lequipe-de-france-pour-la-selection-malienne-et-le-rugby-africain#primaryimage"},"thumbnailUrl":"https:\/\/static.africa-press.net\/benin\/sites\/46\/2025\/01\/sm_1737234495.70668.jpg","keywords":["B\u00e9nin"],"articleSection":["Sports","Toutes les actualit\u00e9s"],"inLanguage":"fr-FR","potentialAction":[{"@type":"CommentAction","name":"Comment","target":["https:\/\/www.africa-press.net\/benin\/sports\/rugby-yacouba-camara-renonce-a-lequipe-de-france-pour-la-selection-malienne-et-le-rugby-africain#respond"]}]},{"@type":"WebPage","@id":"https:\/\/www.africa-press.net\/benin\/sports\/rugby-yacouba-camara-renonce-a-lequipe-de-france-pour-la-selection-malienne-et-le-rugby-africain","url":"https:\/\/www.africa-press.net\/benin\/sports\/rugby-yacouba-camara-renonce-a-lequipe-de-france-pour-la-selection-malienne-et-le-rugby-africain","name":"Rugby: Yacouba Camara renonce \u00e0 l'\u00e9quipe de France pour la s\u00e9lection malienne et le rugby africain - B\u00e9nin","isPartOf":{"@id":"https:\/\/www.africa-press.net\/benin\/#website"},"primaryImageOfPage":{"@id":"https:\/\/www.africa-press.net\/benin\/sports\/rugby-yacouba-camara-renonce-a-lequipe-de-france-pour-la-selection-malienne-et-le-rugby-africain#primaryimage"},"image":{"@id":"https:\/\/www.africa-press.net\/benin\/sports\/rugby-yacouba-camara-renonce-a-lequipe-de-france-pour-la-selection-malienne-et-le-rugby-africain#primaryimage"},"thumbnailUrl":"https:\/\/static.africa-press.net\/benin\/sites\/46\/2025\/01\/sm_1737234495.70668.jpg","datePublished":"2025-01-19T00:27:23+00:00","dateModified":"2025-04-04T02:14:04+00:00","author":{"@id":"https:\/\/www.africa-press.net\/benin\/#\/schema\/person\/2b1cf3cd81a31e3cd26889ca66d677f1"},"description":"Yacouba Camara, qui avait l'occasion de retrouver l'e\u0301quipe de France de rugby pour la premie\u0300re fois depuis 2019, a ...","breadcrumb":{"@id":"https:\/\/www.africa-press.net\/benin\/sports\/rugby-yacouba-camara-renonce-a-lequipe-de-france-pour-la-selection-malienne-et-le-rugby-africain#breadcrumb"},"inLanguage":"fr-FR","potentialAction":[{"@type":"ReadAction","target":["https:\/\/www.africa-press.net\/benin\/sports\/rugby-yacouba-camara-renonce-a-lequipe-de-france-pour-la-selection-malienne-et-le-rugby-africain"]}]},{"@type":"ImageObject","inLanguage":"fr-FR","@id":"https:\/\/www.africa-press.net\/benin\/sports\/rugby-yacouba-camara-renonce-a-lequipe-de-france-pour-la-selection-malienne-et-le-rugby-africain#primaryimage","url":"https:\/\/static.africa-press.net\/benin\/sites\/46\/2025\/01\/sm_1737234495.70668.jpg","contentUrl":"https:\/\/static.africa-press.net\/benin\/sites\/46\/2025\/01\/sm_1737234495.70668.jpg","width":720,"height":404,"caption":"Rugby: Yacouba Camara renonce \u00e0 l'\u00e9quipe de France pour la s\u00e9lection malienne et le rugby africain"},{"@type":"BreadcrumbList","@id":"https:\/\/www.africa-press.net\/benin\/sports\/rugby-yacouba-camara-renonce-a-lequipe-de-france-pour-la-selection-malienne-et-le-rugby-africain#breadcrumb","itemListElement":[{"@type":"ListItem","position":1,"name":"Accueil","item":"https:\/\/www.africa-press.net\/benin\/"},{"@type":"ListItem","position":2,"name":"Rugby: Yacouba Camara renonce \u00e0 l&rsquo;\u00e9quipe de France pour la s\u00e9lection malienne et le rugby africain"}]},{"@type":"WebSite","@id":"https:\/\/www.africa-press.net\/benin\/#website","url":"https:\/\/www.africa-press.net\/benin\/","name":"B\u00e9nin","description":"Just another Africa News Agency Sites site","potentialAction":[{"@type":"SearchAction","target":{"@type":"EntryPoint","urlTemplate":"https:\/\/www.africa-press.net\/benin\/?s={search_term_string}"},"query-input":{"@type":"PropertyValueSpecification","valueRequired":true,"valueName":"search_term_string"}}],"inLanguage":"fr-FR"},{"@type":"Person","@id":"https:\/\/www.africa-press.net\/benin\/#\/schema\/person\/2b1cf3cd81a31e3cd26889ca66d677f1","name":"cfeditorfr"}]}},"_links":{"self":[{"href":"https:\/\/www.africa-press.net\/benin\/wp-json\/wp\/v2\/posts\/37972","targetHints":{"allow":["GET"]}}],"collection":[{"href":"https:\/\/www.africa-press.net\/benin\/wp-json\/wp\/v2\/posts"}],"about":[{"href":"https:\/\/www.africa-press.net\/benin\/wp-json\/wp\/v2\/types\/post"}],"author":[{"embeddable":true,"href":"https:\/\/www.africa-press.net\/benin\/wp-json\/wp\/v2\/users\/82"}],"replies":[{"embeddable":true,"href":"https:\/\/www.africa-press.net\/benin\/wp-json\/wp\/v2\/comments?post=37972"}],"version-history":[{"count":0,"href":"https:\/\/www.africa-press.net\/benin\/wp-json\/wp\/v2\/posts\/37972\/revisions"}],"wp:featuredmedia":[{"embeddable":true,"href":"https:\/\/www.africa-press.net\/benin\/wp-json\/wp\/v2\/media\/37971"}],"wp:attachment":[{"href":"https:\/\/www.africa-press.net\/benin\/wp-json\/wp\/v2\/media?parent=37972"}],"wp:term":[{"taxonomy":"category","embeddable":true,"href":"https:\/\/www.africa-press.net\/benin\/wp-json\/wp\/v2\/categories?post=37972"},{"taxonomy":"post_tag","embeddable":true,"href":"https:\/\/www.africa-press.net\/benin\/wp-json\/wp\/v2\/tags?post=37972"}],"curies":[{"name":"wp","href":"https:\/\/api.w.org\/{rel}","templated":true}]}}