{"id":44546,"date":"2025-07-03T19:41:13","date_gmt":"2025-07-03T19:41:13","guid":{"rendered":"https:\/\/www.africa-press.net\/benin\/politique\/boni-yayi-et-adrien-houngbedji-pacte-politique-en-vue"},"modified":"2025-07-03T20:11:27","modified_gmt":"2025-07-03T20:11:27","slug":"boni-yayi-et-adrien-houngbedji-pacte-politique-en-vue","status":"publish","type":"post","link":"https:\/\/www.africa-press.net\/benin\/politique\/boni-yayi-et-adrien-houngbedji-pacte-politique-en-vue","title":{"rendered":"Boni Yayi Et Adrien Houngb\u00e9dji Pacte Politique En Vue"},"content":{"rendered":"<p><span style=\"color: #ff6600\"><strong>Africa-Press &#8211; Benin. <\/strong><\/span>Depuis le de\u0301but de l\u2019anne\u0301e 2025, les rencontres entre Boni Yayi et Adrien Houngbe\u0301dji, deux figures majeures de la classe politique be\u0301ninoise, intriguent observateurs et analystes.<\/p>\n<p>Si la premie\u0300re a e\u0301te\u0301 qualifie\u0301e de \u00ab visite de courtoisie \u00bb, les suivantes, re\u0301pe\u0301te\u0301es et de plus en plus rapproche\u0301es, semblent obe\u0301ir a\u0300 une autre logique. Dans un contexte de pre\u0301-campagne et a\u0300 moins d\u2019un an de la pre\u0301sidentielle de 2026, ces e\u0301changes alimentent une question centrale: s\u2019agit-il de simples retrouvailles d\u2019anciens adversaires ou de la pre\u0301paration d\u2019une alliance e\u0301lectorale ine\u0301dite?<\/p>\n<p>Longtemps oppose\u0301s notamment lors de la pre\u0301sidentielle de 2011, Adrien Houngbe\u0301dji et Boni Yayi ont connu des trajectoires politiques paralle\u0300les, marque\u0301es par des rivalite\u0301s, puis par des choix d\u2019alliances contraste\u0301s. Si Houngbe\u0301dji a rallie\u0301 Patrice Talon en 2016, devenant une figure tute\u0301laire de la mouvance pre\u0301sidentielle, Boni Yayi est reste\u0301 un pilier de l\u2019opposition, de\u0301sormais a\u0300 la te\u0302te du parti Les De\u0301mocrates.<\/p>\n<p>Or, les critiques de plus en plus franches formule\u0301es par Houngbe\u0301dji a\u0300 l\u2019encontre du pouvoir actuel, ajoute\u0301es a\u0300 la crise qui secoue l\u2019Union Progressiste le Renouveau (UPR), nourrissent l\u2019ide\u0301e d\u2019un glissement progressif du leader PRD vers une posture plus inde\u0301pendante, voire de rapprochement avec Les De\u0301mocrates. D\u2019autant que dans la ville de Porto-Novo, bastion historique du PRD, les frustrations grandissent au sein d\u2019une base militante qui se sent trahie par la fusion UP\u2013PRD, juge\u0301e pre\u0301cipite\u0301e et de\u0301se\u0301quilibre\u0301e.<\/p>\n<p>Mais juridiquement, une telle hypothe\u0300se se heurte a\u0300 plusieurs obstacles de taille. Selon la position officielle du gouvernement, la fusion entre l\u2019Union Progressiste et le PRD a e\u0301te\u0301 non seulement acte\u0301e mais valide\u0301e par la Cour constitutionnelle. Ce qui signifie, sur le plan le\u0301gal, que le PRD n\u2019existe plus en tant qu\u2019entite\u0301 politique autonome.<\/p>\n<p>Dans ces conditions, le PRD ne saurait engager un quelconque accord politique avec un autre parti, en l\u2019occurrence Les De\u0301mocrates, comme cela est sugge\u0301re\u0301 dans certains milieux. Mieux, la nouvelle charte des partis politiques, adopte\u0301e dans le cadre des re\u0301formes du syste\u0300me partisan, n\u2019autorise pas les \u00ab alliances politiques \u00bb en tant que telles. Ce sont de\u0301sormais des me\u0301canismes d\u2019absorption ou de disparition qui s\u2019appliquent, impliquant la fin de l\u2019existence le\u0301gale d\u2019un des partis ou d\u2019un accord politique de gouvernance. Mais dans le cas d\u2019espace, l\u2019existence le\u0301gale du PRD est sujet a\u0300 de\u0301bat. Le parti de Me Adrien Houngbe\u0301dji, a\u0300 moins qu\u2019il gagne un combat juridique, n\u2019a point beaucoup de marge de man\u0153uvre, il est de\u0301sormais prisonnier de son rapprochement avec l\u2019UP.<\/p>\n<p>Ainsi, si certains militants ou cadres nostalgiques du PRD se revendiquent encore de cette formation, ils n\u2019ont plus, en droit, de base partisane distincte de l\u2019UPR.<\/p>\n<p>Face a\u0300 cette re\u0301alite\u0301, toute tentative d\u2019accord ou de rapprochement ne pourrait e\u0302tre porte\u0301e que par des personnalite\u0301s politiques individuelles, et non au nom du PRD en tant que structure. Cela rend d\u2019autant plus sensible l\u2019interpre\u0301tation des rencontres entre Boni Yayi et Adrien Houngbe\u0301dji. Sont-elles le pre\u0301lude a\u0300 une reconversion personnelle de Houngbe\u0301dji dans l\u2019opposition? Ou simplement un jeu d\u2019influence pour repositionner sa base a\u0300 l\u2019inte\u0301rieur me\u0302me de la mouvance pre\u0301sidentielle?<\/p>\n<p>La re\u0301ponse reste a\u0300 venir. Mais ces rendez-vous re\u0301pe\u0301te\u0301s signalent clairement une recomposition en cours, en coulisse, dans un paysage politique ou\u0300 la frontie\u0300re entre alliances et affrontements reste mouvante.<\/p>\n<p>Avec la fin annonce\u0301e du mandat du pre\u0301sident Patrice Talon, les grandes man\u0153uvres s\u2019intensifient. Derrie\u0300re les sourires de fac\u0327ade et les silences calcule\u0301s, la classe politique be\u0301ninoise se redessine, entre fide\u0301lite\u0301s re\u0301ajuste\u0301es et ambitions relance\u0301es.<\/p>\n<p>Et si les rencontres Yayi\u2013Houngbe\u0301dji n\u2019annonc\u0327aient pas un front commun&#8230; elles pourraient bien dessiner les nouvelles lignes de fracture d\u2019un Be\u0301nin politique en pleine mutation.<\/p>\n<p><strong>Pour plus d&rsquo;informations et d&rsquo;analyses sur la <span style=\"color: #ff6600\">Benin<\/span>, suivez <span style=\"color: #ff6600\">Africa-Press<\/span><\/strong><\/p>\n","protected":false},"excerpt":{"rendered":"<p>Africa-Press &#8211; Benin. Depuis le de\u0301but de l\u2019anne\u0301e 2025, les rencontres entre Boni Yayi et Adrien Houngbe\u0301dji, deux figures majeures de la classe politique be\u0301ninoise, intriguent observateurs et analystes. Si la premie\u0300re a e\u0301te\u0301 qualifie\u0301e de \u00ab visite de courtoisie \u00bb, les suivantes, re\u0301pe\u0301te\u0301es et de plus en plus rapproche\u0301es, semblent obe\u0301ir a\u0300 une autre [&hellip;]<\/p>\n","protected":false},"author":82,"featured_media":44545,"comment_status":"open","ping_status":"closed","sticky":false,"template":"","format":"standard","meta":{"footnotes":""},"categories":[7,2,10],"tags":[45],"class_list":["post-44546","post","type-post","status-publish","format-standard","has-post-thumbnail","hentry","category-dossiers","category-politique","category-toutes-les-actualites","tag-benin"],"yoast_head":"<!-- This site is optimized with the Yoast SEO Premium plugin v26.1 (Yoast SEO v27.0) - https:\/\/yoast.com\/product\/yoast-seo-premium-wordpress\/ -->\n<title>Boni Yayi Et Adrien Houngb\u00e9dji Pacte Politique En Vue - B\u00e9nin<\/title>\n<meta name=\"description\" content=\"Depuis le de\u0301but de l\u2019anne\u0301e 2025, les rencontres entre Boni Yayi et Adrien Houngbe\u0301dji, deux figures majeures de la cla ...\" \/>\n<meta name=\"robots\" content=\"index, follow, max-snippet:-1, max-image-preview:large, max-video-preview:-1\" \/>\n<link rel=\"canonical\" href=\"https:\/\/www.africa-press.net\/benin\/politique\/boni-yayi-et-adrien-houngbedji-pacte-politique-en-vue\" \/>\n<meta property=\"og:locale\" content=\"fr_FR\" \/>\n<meta property=\"og:type\" content=\"article\" \/>\n<meta property=\"og:title\" content=\"Boni Yayi Et Adrien Houngb\u00e9dji Pacte Politique En Vue\" \/>\n<meta property=\"og:description\" content=\"Depuis le de\u0301but de l\u2019anne\u0301e 2025, les rencontres entre Boni Yayi et Adrien Houngbe\u0301dji, deux figures majeures de la cla ...\" \/>\n<meta property=\"og:url\" content=\"https:\/\/www.africa-press.net\/benin\/politique\/boni-yayi-et-adrien-houngbedji-pacte-politique-en-vue\" \/>\n<meta property=\"og:site_name\" content=\"B\u00e9nin\" \/>\n<meta property=\"article:published_time\" content=\"2025-07-03T19:41:13+00:00\" \/>\n<meta property=\"article:modified_time\" content=\"2025-07-03T20:11:27+00:00\" \/>\n<meta property=\"og:image\" content=\"https:\/\/static.africa-press.net\/benin\/sites\/46\/2025\/07\/sm_1751560768.44108.jpg\" \/>\n\t<meta property=\"og:image:width\" content=\"1300\" \/>\n\t<meta property=\"og:image:height\" content=\"732\" \/>\n\t<meta property=\"og:image:type\" content=\"image\/jpeg\" \/>\n<meta name=\"author\" content=\"cfeditorfr\" \/>\n<meta name=\"twitter:card\" content=\"summary_large_image\" \/>\n<meta name=\"twitter:label1\" content=\"\u00c9crit par\" \/>\n\t<meta name=\"twitter:data1\" content=\"cfeditorfr\" \/>\n\t<meta name=\"twitter:label2\" content=\"Dur\u00e9e de lecture estim\u00e9e\" \/>\n\t<meta name=\"twitter:data2\" content=\"4 minutes\" \/>\n<script type=\"application\/ld+json\" class=\"yoast-schema-graph\">{\"@context\":\"https:\/\/schema.org\",\"@graph\":[{\"@type\":\"Article\",\"@id\":\"https:\/\/www.africa-press.net\/benin\/politique\/boni-yayi-et-adrien-houngbedji-pacte-politique-en-vue#article\",\"isPartOf\":{\"@id\":\"https:\/\/www.africa-press.net\/benin\/politique\/boni-yayi-et-adrien-houngbedji-pacte-politique-en-vue\"},\"author\":{\"name\":\"cfeditorfr\",\"@id\":\"https:\/\/www.africa-press.net\/benin\/#\/schema\/person\/2b1cf3cd81a31e3cd26889ca66d677f1\"},\"headline\":\"Boni Yayi Et Adrien Houngb\u00e9dji Pacte Politique En Vue\",\"datePublished\":\"2025-07-03T19:41:13+00:00\",\"dateModified\":\"2025-07-03T20:11:27+00:00\",\"mainEntityOfPage\":{\"@id\":\"https:\/\/www.africa-press.net\/benin\/politique\/boni-yayi-et-adrien-houngbedji-pacte-politique-en-vue\"},\"wordCount\":740,\"commentCount\":0,\"image\":{\"@id\":\"https:\/\/www.africa-press.net\/benin\/politique\/boni-yayi-et-adrien-houngbedji-pacte-politique-en-vue#primaryimage\"},\"thumbnailUrl\":\"https:\/\/static.africa-press.net\/benin\/sites\/46\/2025\/07\/sm_1751560768.44108.jpg\",\"keywords\":[\"B\u00e9nin\"],\"articleSection\":[\"Dossiers\",\"Politique\",\"Toutes les actualit\u00e9s\"],\"inLanguage\":\"fr-FR\",\"potentialAction\":[{\"@type\":\"CommentAction\",\"name\":\"Comment\",\"target\":[\"https:\/\/www.africa-press.net\/benin\/politique\/boni-yayi-et-adrien-houngbedji-pacte-politique-en-vue#respond\"]}]},{\"@type\":\"WebPage\",\"@id\":\"https:\/\/www.africa-press.net\/benin\/politique\/boni-yayi-et-adrien-houngbedji-pacte-politique-en-vue\",\"url\":\"https:\/\/www.africa-press.net\/benin\/politique\/boni-yayi-et-adrien-houngbedji-pacte-politique-en-vue\",\"name\":\"Boni Yayi Et Adrien Houngb\u00e9dji Pacte Politique En Vue - B\u00e9nin\",\"isPartOf\":{\"@id\":\"https:\/\/www.africa-press.net\/benin\/#website\"},\"primaryImageOfPage\":{\"@id\":\"https:\/\/www.africa-press.net\/benin\/politique\/boni-yayi-et-adrien-houngbedji-pacte-politique-en-vue#primaryimage\"},\"image\":{\"@id\":\"https:\/\/www.africa-press.net\/benin\/politique\/boni-yayi-et-adrien-houngbedji-pacte-politique-en-vue#primaryimage\"},\"thumbnailUrl\":\"https:\/\/static.africa-press.net\/benin\/sites\/46\/2025\/07\/sm_1751560768.44108.jpg\",\"datePublished\":\"2025-07-03T19:41:13+00:00\",\"dateModified\":\"2025-07-03T20:11:27+00:00\",\"author\":{\"@id\":\"https:\/\/www.africa-press.net\/benin\/#\/schema\/person\/2b1cf3cd81a31e3cd26889ca66d677f1\"},\"description\":\"Depuis le de\u0301but de l\u2019anne\u0301e 2025, les rencontres entre Boni Yayi et Adrien Houngbe\u0301dji, deux figures majeures de la cla ...\",\"breadcrumb\":{\"@id\":\"https:\/\/www.africa-press.net\/benin\/politique\/boni-yayi-et-adrien-houngbedji-pacte-politique-en-vue#breadcrumb\"},\"inLanguage\":\"fr-FR\",\"potentialAction\":[{\"@type\":\"ReadAction\",\"target\":[\"https:\/\/www.africa-press.net\/benin\/politique\/boni-yayi-et-adrien-houngbedji-pacte-politique-en-vue\"]}]},{\"@type\":\"ImageObject\",\"inLanguage\":\"fr-FR\",\"@id\":\"https:\/\/www.africa-press.net\/benin\/politique\/boni-yayi-et-adrien-houngbedji-pacte-politique-en-vue#primaryimage\",\"url\":\"https:\/\/static.africa-press.net\/benin\/sites\/46\/2025\/07\/sm_1751560768.44108.jpg\",\"contentUrl\":\"https:\/\/static.africa-press.net\/benin\/sites\/46\/2025\/07\/sm_1751560768.44108.jpg\",\"width\":1300,\"height\":732,\"caption\":\"Boni Yayi Et Adrien Houngb\u00e9dji Pacte Politique En Vue\"},{\"@type\":\"BreadcrumbList\",\"@id\":\"https:\/\/www.africa-press.net\/benin\/politique\/boni-yayi-et-adrien-houngbedji-pacte-politique-en-vue#breadcrumb\",\"itemListElement\":[{\"@type\":\"ListItem\",\"position\":1,\"name\":\"Accueil\",\"item\":\"https:\/\/www.africa-press.net\/benin\/\"},{\"@type\":\"ListItem\",\"position\":2,\"name\":\"Boni Yayi Et Adrien Houngb\u00e9dji Pacte Politique En Vue\"}]},{\"@type\":\"WebSite\",\"@id\":\"https:\/\/www.africa-press.net\/benin\/#website\",\"url\":\"https:\/\/www.africa-press.net\/benin\/\",\"name\":\"B\u00e9nin\",\"description\":\"Just another Africa News Agency Sites site\",\"potentialAction\":[{\"@type\":\"SearchAction\",\"target\":{\"@type\":\"EntryPoint\",\"urlTemplate\":\"https:\/\/www.africa-press.net\/benin\/?s={search_term_string}\"},\"query-input\":{\"@type\":\"PropertyValueSpecification\",\"valueRequired\":true,\"valueName\":\"search_term_string\"}}],\"inLanguage\":\"fr-FR\"},{\"@type\":\"Person\",\"@id\":\"https:\/\/www.africa-press.net\/benin\/#\/schema\/person\/2b1cf3cd81a31e3cd26889ca66d677f1\",\"name\":\"cfeditorfr\"}]}<\/script>\n<!-- \/ Yoast SEO Premium plugin. -->","yoast_head_json":{"title":"Boni Yayi Et Adrien Houngb\u00e9dji Pacte Politique En Vue - B\u00e9nin","description":"Depuis le de\u0301but de l\u2019anne\u0301e 2025, les rencontres entre Boni Yayi et Adrien Houngbe\u0301dji, deux figures majeures de la cla ...","robots":{"index":"index","follow":"follow","max-snippet":"max-snippet:-1","max-image-preview":"max-image-preview:large","max-video-preview":"max-video-preview:-1"},"canonical":"https:\/\/www.africa-press.net\/benin\/politique\/boni-yayi-et-adrien-houngbedji-pacte-politique-en-vue","og_locale":"fr_FR","og_type":"article","og_title":"Boni Yayi Et Adrien Houngb\u00e9dji Pacte Politique En Vue","og_description":"Depuis le de\u0301but de l\u2019anne\u0301e 2025, les rencontres entre Boni Yayi et Adrien Houngbe\u0301dji, deux figures majeures de la cla ...","og_url":"https:\/\/www.africa-press.net\/benin\/politique\/boni-yayi-et-adrien-houngbedji-pacte-politique-en-vue","og_site_name":"B\u00e9nin","article_published_time":"2025-07-03T19:41:13+00:00","article_modified_time":"2025-07-03T20:11:27+00:00","og_image":[{"width":1300,"height":732,"url":"https:\/\/static.africa-press.net\/benin\/sites\/46\/2025\/07\/sm_1751560768.44108.jpg","type":"image\/jpeg"}],"author":"cfeditorfr","twitter_card":"summary_large_image","twitter_misc":{"\u00c9crit par":"cfeditorfr","Dur\u00e9e de lecture estim\u00e9e":"4 minutes"},"schema":{"@context":"https:\/\/schema.org","@graph":[{"@type":"Article","@id":"https:\/\/www.africa-press.net\/benin\/politique\/boni-yayi-et-adrien-houngbedji-pacte-politique-en-vue#article","isPartOf":{"@id":"https:\/\/www.africa-press.net\/benin\/politique\/boni-yayi-et-adrien-houngbedji-pacte-politique-en-vue"},"author":{"name":"cfeditorfr","@id":"https:\/\/www.africa-press.net\/benin\/#\/schema\/person\/2b1cf3cd81a31e3cd26889ca66d677f1"},"headline":"Boni Yayi Et Adrien Houngb\u00e9dji Pacte Politique En Vue","datePublished":"2025-07-03T19:41:13+00:00","dateModified":"2025-07-03T20:11:27+00:00","mainEntityOfPage":{"@id":"https:\/\/www.africa-press.net\/benin\/politique\/boni-yayi-et-adrien-houngbedji-pacte-politique-en-vue"},"wordCount":740,"commentCount":0,"image":{"@id":"https:\/\/www.africa-press.net\/benin\/politique\/boni-yayi-et-adrien-houngbedji-pacte-politique-en-vue#primaryimage"},"thumbnailUrl":"https:\/\/static.africa-press.net\/benin\/sites\/46\/2025\/07\/sm_1751560768.44108.jpg","keywords":["B\u00e9nin"],"articleSection":["Dossiers","Politique","Toutes les actualit\u00e9s"],"inLanguage":"fr-FR","potentialAction":[{"@type":"CommentAction","name":"Comment","target":["https:\/\/www.africa-press.net\/benin\/politique\/boni-yayi-et-adrien-houngbedji-pacte-politique-en-vue#respond"]}]},{"@type":"WebPage","@id":"https:\/\/www.africa-press.net\/benin\/politique\/boni-yayi-et-adrien-houngbedji-pacte-politique-en-vue","url":"https:\/\/www.africa-press.net\/benin\/politique\/boni-yayi-et-adrien-houngbedji-pacte-politique-en-vue","name":"Boni Yayi Et Adrien Houngb\u00e9dji Pacte Politique En Vue - B\u00e9nin","isPartOf":{"@id":"https:\/\/www.africa-press.net\/benin\/#website"},"primaryImageOfPage":{"@id":"https:\/\/www.africa-press.net\/benin\/politique\/boni-yayi-et-adrien-houngbedji-pacte-politique-en-vue#primaryimage"},"image":{"@id":"https:\/\/www.africa-press.net\/benin\/politique\/boni-yayi-et-adrien-houngbedji-pacte-politique-en-vue#primaryimage"},"thumbnailUrl":"https:\/\/static.africa-press.net\/benin\/sites\/46\/2025\/07\/sm_1751560768.44108.jpg","datePublished":"2025-07-03T19:41:13+00:00","dateModified":"2025-07-03T20:11:27+00:00","author":{"@id":"https:\/\/www.africa-press.net\/benin\/#\/schema\/person\/2b1cf3cd81a31e3cd26889ca66d677f1"},"description":"Depuis le de\u0301but de l\u2019anne\u0301e 2025, les rencontres entre Boni Yayi et Adrien Houngbe\u0301dji, deux figures majeures de la cla ...","breadcrumb":{"@id":"https:\/\/www.africa-press.net\/benin\/politique\/boni-yayi-et-adrien-houngbedji-pacte-politique-en-vue#breadcrumb"},"inLanguage":"fr-FR","potentialAction":[{"@type":"ReadAction","target":["https:\/\/www.africa-press.net\/benin\/politique\/boni-yayi-et-adrien-houngbedji-pacte-politique-en-vue"]}]},{"@type":"ImageObject","inLanguage":"fr-FR","@id":"https:\/\/www.africa-press.net\/benin\/politique\/boni-yayi-et-adrien-houngbedji-pacte-politique-en-vue#primaryimage","url":"https:\/\/static.africa-press.net\/benin\/sites\/46\/2025\/07\/sm_1751560768.44108.jpg","contentUrl":"https:\/\/static.africa-press.net\/benin\/sites\/46\/2025\/07\/sm_1751560768.44108.jpg","width":1300,"height":732,"caption":"Boni Yayi Et Adrien Houngb\u00e9dji Pacte Politique En Vue"},{"@type":"BreadcrumbList","@id":"https:\/\/www.africa-press.net\/benin\/politique\/boni-yayi-et-adrien-houngbedji-pacte-politique-en-vue#breadcrumb","itemListElement":[{"@type":"ListItem","position":1,"name":"Accueil","item":"https:\/\/www.africa-press.net\/benin\/"},{"@type":"ListItem","position":2,"name":"Boni Yayi Et Adrien Houngb\u00e9dji Pacte Politique En Vue"}]},{"@type":"WebSite","@id":"https:\/\/www.africa-press.net\/benin\/#website","url":"https:\/\/www.africa-press.net\/benin\/","name":"B\u00e9nin","description":"Just another Africa News Agency Sites site","potentialAction":[{"@type":"SearchAction","target":{"@type":"EntryPoint","urlTemplate":"https:\/\/www.africa-press.net\/benin\/?s={search_term_string}"},"query-input":{"@type":"PropertyValueSpecification","valueRequired":true,"valueName":"search_term_string"}}],"inLanguage":"fr-FR"},{"@type":"Person","@id":"https:\/\/www.africa-press.net\/benin\/#\/schema\/person\/2b1cf3cd81a31e3cd26889ca66d677f1","name":"cfeditorfr"}]}},"_links":{"self":[{"href":"https:\/\/www.africa-press.net\/benin\/wp-json\/wp\/v2\/posts\/44546","targetHints":{"allow":["GET"]}}],"collection":[{"href":"https:\/\/www.africa-press.net\/benin\/wp-json\/wp\/v2\/posts"}],"about":[{"href":"https:\/\/www.africa-press.net\/benin\/wp-json\/wp\/v2\/types\/post"}],"author":[{"embeddable":true,"href":"https:\/\/www.africa-press.net\/benin\/wp-json\/wp\/v2\/users\/82"}],"replies":[{"embeddable":true,"href":"https:\/\/www.africa-press.net\/benin\/wp-json\/wp\/v2\/comments?post=44546"}],"version-history":[{"count":0,"href":"https:\/\/www.africa-press.net\/benin\/wp-json\/wp\/v2\/posts\/44546\/revisions"}],"wp:featuredmedia":[{"embeddable":true,"href":"https:\/\/www.africa-press.net\/benin\/wp-json\/wp\/v2\/media\/44545"}],"wp:attachment":[{"href":"https:\/\/www.africa-press.net\/benin\/wp-json\/wp\/v2\/media?parent=44546"}],"wp:term":[{"taxonomy":"category","embeddable":true,"href":"https:\/\/www.africa-press.net\/benin\/wp-json\/wp\/v2\/categories?post=44546"},{"taxonomy":"post_tag","embeddable":true,"href":"https:\/\/www.africa-press.net\/benin\/wp-json\/wp\/v2\/tags?post=44546"}],"curies":[{"name":"wp","href":"https:\/\/api.w.org\/{rel}","templated":true}]}}